{"id":108625,"date":"2024-10-21T08:41:20","date_gmt":"2024-10-21T11:41:20","guid":{"rendered":"https:\/\/www.noticiasradioreflejos.com.ar\/2021\/?p=108625"},"modified":"2024-10-21T08:43:23","modified_gmt":"2024-10-21T11:43:23","slug":"maternidad-indicadores-criticos-reflejan-las-desigualdades-que-enfrentan-las-madres-en-contextos-de-vulnerabilidad","status":"publish","type":"post","link":"https:\/\/www.noticiasradioreflejos.com.ar\/2021\/maternidad-indicadores-criticos-reflejan-las-desigualdades-que-enfrentan-las-madres-en-contextos-de-vulnerabilidad\/","title":{"rendered":"Maternidad: indicadores cr\u00edticos reflejan las desigualdades que enfrentan las madres en contextos de vulnerabilidad"},"content":{"rendered":"<p>El nuevo informe de la Universidad Austral, toma como base un reciente estudio cient\u00edfico propio de fuente primaria de madres argentinas en sectores vulnerables y no vulnerables, de acuerdo a los quintiles socioecon\u00f3micos y niveles educativos.<\/p>\n<p><!--more-->El estudio, adem\u00e1s,\u00a0<em>visibiliza la desigualdad de condiciones en las que maternan las mujeres y como estas incrementan sus niveles de estr\u00e9s<\/em><em>. Los datos obtenidos fueron complementados con datos nacionales del Ministerio de Econom\u00eda (2020-2021), del Ministerio de Salud (2022) y de Unicef (2020).<\/em><\/p>\n<p><em>Entre los datos m\u00e1s relevantes se destacan que el 20% de las madres del nivel socioecon<\/em><em>\u00f3mico m\u00e1s bajo tiene\u00a0<\/em><em>entre 15 y 19 a\u00f1os, mientras que en nivel m\u00e1s alto es de 1,3%. Casi el triple de las madres del sector vulnerable ejerce el castigo f\u00edsico a sus hijos, en relaci\u00f3n a las madres del sector no vulnerable. Adem\u00e1s, 8 de cada 10 hogares son monoparentales maternos.<\/em><\/p>\n<table border=\"0\" width=\"100%\" cellspacing=\"0\" cellpadding=\"0\">\n<tbody>\n<tr>\n<td align=\"center\">\n<div><img decoding=\"async\" class=\"CToWUd a6T\" tabindex=\"0\" src=\"https:\/\/ci3.googleusercontent.com\/meips\/ADKq_Na-g1hZ-zcmTh1srUUKmFsY5hCSL4oc8zHW1_gAoMCS1B7Zy5cmcg90RMqMExOY8r4bGDhVic2qPnEJ3YbA5xKPq25v_Yv6bFv8a6J71h6QPffTxQd4FqFHfYRojJy0RsF-Igu7uCSlbCpaJqxnx1Mi1FJ1YVNRlfAapx7k-Af0x7D1B7m4TpCvYNzGY6k4VQYosVtAWFce6XsE=s0-d-e1-ft#https:\/\/131505.asset.dattanet.com\/storage\/picture\/5e4558355612c4ea5ff50889\/671637fb3da596a4747c12bd\/img\/670ffda9ac57596c60400f19.jpg\" alt=\"\" width=\"100%\" border=\"0\" data-bit=\"iit\" \/><\/div>\n<\/td>\n<\/tr>\n<\/tbody>\n<\/table>\n<p>&nbsp;<\/p>\n<p><a href=\"https:\/\/131505.clicks.dattanet.com\/track\/click?u=3610366&amp;p=3133313530353a313232353a313035313a303a323a30&amp;s=c8bc7d8795183226848b9a605334cdd8&amp;m=5209\" target=\"_blank\" rel=\"noopener\" data-saferedirecturl=\"https:\/\/www.google.com\/url?q=https:\/\/131505.clicks.dattanet.com\/track\/click?u%3D3610366%26p%3D3133313530353a313232353a313035313a303a323a30%26s%3Dc8bc7d8795183226848b9a605334cdd8%26m%3D5209&amp;source=gmail&amp;ust=1729596052987000&amp;usg=AOvVaw1Baw3Z1CDzi4TW7HBSCQeN\">ACCEDE AL INFORME COMPLETO AQU\u00cd<\/a><\/p>\n<p>&nbsp;<\/p>\n<p>El Observatorio del Desarrollo Humano y la Vulnerabilidad (ODHV) de la Universidad Austral presenta un an\u00e1lisis diferencial que combina indicadores que visibilizan la desigualdad de la maternidad argentina. El aporte fundamental de este estudio implica entender los desaf\u00edos de ejercer la maternidad en contextos vulnerables y no vulnerables, tomando como ejes centrales de la vulnerabilidad los niveles socioecon\u00f3micos y educativos de la madre de manera conjunta. As\u00ed, el estudio proporciona una mirada integral sobre el impacto desigual de las condiciones y el entorno en el que se es madre.Si bien Argentina no cuenta con estudios profundos de la tem\u00e1tica, para la elaboraci\u00f3n de este informe se utiliz\u00f3 un estudio cient\u00edfico propio (2024) de fuente primaria de 211 casos de madres argentinas que reflejan 35 variables relacionadas a la maternidad en la Argentina en sectores vulnerables y no vulnerables. A la vez, se sumaron datos de UNICEF-Siempro 2020, que no se recolectan regularmente por el alto costo y la dificultad metodol\u00f3gica que implica, pero es la base que mayor informaci\u00f3n brinda en esta tem\u00e1tica. As\u00ed mismo, los datos obtenidos fueron cruzados con datos nacionales recientes del INDEC (2021 a 2024) y del Ministerio de Salud (2022), entre otros.El muestreo, que se conoce en el marco del D\u00eda de la Madre, fue realizado por investigadoras del ODHV del Instituto de Ciencias para la Familia de la Universidad Austral, y tiene como fin visibilizar la desigualdad de condiciones en las que maternan las mujeres argentinas de distintos sectores socioecon\u00f3micos y educativos, y como ello impacta en los niveles de estr\u00e9s materno y en la salud integral de la mujer.\u201cCient\u00edficamente se demuestra que el estr\u00e9s maternal produce un impacto significativo en las relaciones vinculares (de pareja y materno-filiales), en el bienestar familiar, en la salud integral de la madre y del ni\u00f1o y determinar\u00e1 los comportamientos y estilos parentales. Cuando la mujer se encuentra en situaci\u00f3n socioecon\u00f3mica y educativa baja, aumenta la desigualdad y vuelve a la madre m\u00e1s vulnerable. Es fundamental conocer los distintos factores que incrementan el estr\u00e9s maternal potenciando la vulnerabilidad, a fin de poder dar respuestas eficaces\u201d, explica el informe.Entre los datos m\u00e1s relevantes del estudio, se destaca:<\/p>\n<ul>\n<li><em>19% (es decir casi 2 de cada 10 mujeres)\u00a0 entre 15 y 19 a\u00f1os en el quintil m\u00e1s bajo de ingresos reporta haber tenido un hijo nacido vivo o est\u00e1n embarazadas de su primer hijo, mientras que en los quintiles m\u00e1s alto (4 y 5) este porcentaje no supera el 5%.<\/em><\/li>\n<\/ul>\n<p>Las investigadoras se\u00f1alan que las madres m\u00e1s j\u00f3venes y las m\u00e1s a\u00f1osas experimentan mayores niveles de estr\u00e9s parental comparadas con madres que tuvieron su primer hijo\/a la edad promedio en la que las mujeres se inician en la maternidad dentro de su medio cultural. En el caso de las madres m\u00e1s j\u00f3venes, esto se ve asociado a que pueden verse disminuidas en los recursos disponibles, tanto material como emocionalmente, y a la presencia de diversas fuentes de conflictos relacionales.<\/p>\n<div><img decoding=\"async\" class=\"CToWUd a6T\" tabindex=\"0\" src=\"https:\/\/ci3.googleusercontent.com\/meips\/ADKq_NbESkIWyH8I0LVrS5o-h5LDBnC0JjJK6gaZQznUi0lH1q5a-4j6MRy9bLVnfRdVxTD9Wl5CIxDx4TKe13W8Utcbd8byrB1rfGl86merdV6AorsgbLYTtt9_U7d2UXPq_hhgrvqEApKYk0WOe2nTzl_x9WsAvMv2nWirC8KcJM3dWZpcfwWjybtm_qMv8btrrThO2sBDin56YLzz=s0-d-e1-ft#https:\/\/131505.asset.dattanet.com\/storage\/picture\/5e4558355612c4ea5ff50889\/671637fb3da596a4747c12bd\/img\/670ffe3b0e8dfce760685ee7.jpg\" alt=\"\" width=\"100%\" border=\"0\" data-bit=\"iit\" \/><\/div>\n<table border=\"0\" width=\"100%\" cellspacing=\"0\" cellpadding=\"0\">\n<tbody>\n<tr>\n<td><\/td>\n<\/tr>\n<\/tbody>\n<\/table>\n<table border=\"0\" width=\"100%\" cellspacing=\"0\" cellpadding=\"0\">\n<tbody>\n<tr>\n<td><\/td>\n<\/tr>\n<\/tbody>\n<\/table>\n<div>\n<ul>\n<li><em>El 17% de las madres menores de 20 a\u00f1os no han terminado el Secundario. Mientras que este porcentaje se reduce a 3% en las madres que si lo finalizaron.<\/em><\/li>\n<\/ul>\n<\/div>\n<div><img decoding=\"async\" class=\"CToWUd a6T\" tabindex=\"0\" src=\"https:\/\/ci3.googleusercontent.com\/meips\/ADKq_NahYjZ_tBBX7XuE2TH3o7hoSMojy3KSHl6u0UHR0UfLgqALNii0_e812pJBgtpXWGyMDizRr1SgLGsd58DePb7uMf7ZIvvZ_GQUfz1CqZREYjdzNKy8pEoVfz_bdT4FiBs3Nz4hkFZo7BXzkTkf_OIq7Uqgi9_-Jo0f0PkHf_HSYcaFHyW808PfVRZinDpGc6QJPtlh-8un3ve0=s0-d-e1-ft#https:\/\/131505.asset.dattanet.com\/storage\/picture\/5e4558355612c4ea5ff50889\/671637fb3da596a4747c12bd\/img\/670ffe7cc7df12fa0fb17e1c.jpg\" alt=\"\" width=\"97.33333333333333%\" border=\"0\" data-bit=\"iit\" \/><\/div>\n<table border=\"0\" width=\"100%\" cellspacing=\"0\" cellpadding=\"0\">\n<tbody>\n<tr>\n<td><\/td>\n<\/tr>\n<\/tbody>\n<\/table>\n<div>\n<ul>\n<li><em>En el sector vulnerable, el fallecimiento de hijos en la infancia llega al\u00a0<strong>6,10%<\/strong>, mientras que en el sector no vulnerable es de\u00a0<strong>1,60%<\/strong><\/em><em>.<\/em><\/li>\n<\/ul>\n<\/div>\n<div><img decoding=\"async\" class=\"CToWUd a6T\" tabindex=\"0\" src=\"https:\/\/ci3.googleusercontent.com\/meips\/ADKq_NYd6AMceOxEY29JzmC-YQeOXic3QUxfOizc02gUAlYhdiNsmmie-IeFNrFV8HW2JKh5lm7Lq8j9GJu4ZoZmbKd95htiSHERIfsq0iRe-xfWPDEbbaQGEW36c6B8X_A3Uf2kNIGmE_fFYD94z7xZBZBTQS7wrZ8eTqe3yBs95B5RI29mk6LbaXj2bgy9b9Bwsf0y3ROuV7DGxh5W=s0-d-e1-ft#https:\/\/131505.asset.dattanet.com\/storage\/picture\/5e4558355612c4ea5ff50889\/671637fb3da596a4747c12bd\/img\/670ffed4a78be7f40f6da2e9.jpg\" alt=\"\" width=\"100%\" border=\"0\" data-bit=\"iit\" \/><\/div>\n<table border=\"0\" width=\"100%\" cellspacing=\"0\" cellpadding=\"0\">\n<tbody>\n<tr>\n<td><\/td>\n<\/tr>\n<\/tbody>\n<\/table>\n<div>\n<ul>\n<li><em><strong>8 de cada 10\u00a0<\/strong>hogares son monoparentales maternos.<\/em><\/li>\n<\/ul>\n<p>A este dato se a\u00f1ade que en los hogares monomaternales el 68% de los progenitores varones no convivientes incumple su responsabilidad parental (es decir, la cuota alimentaria).<\/p>\n<\/div>\n<div><img decoding=\"async\" class=\"CToWUd a6T\" tabindex=\"0\" src=\"https:\/\/ci3.googleusercontent.com\/meips\/ADKq_Nb-IloDjEJXAYMyJ8G9jSHsbyRLiVn95J6fmgpS5P9_-b8xBXOE-GwDwdMphy2s2BIPBMdIWJ6s9K6j7bQB-QYnbP5WG-Mu-pA3dLOOcBPNtQ5mI5xcC0pecamDIZYaE4U2LCQ5aofaRJVv_qY9sJhFUvx3wb014R0x1I7NVvToPlFCs-VSrV3ufSHC2er1ppoGnPqMuB3BaZl_=s0-d-e1-ft#https:\/\/131505.asset.dattanet.com\/storage\/picture\/5e4558355612c4ea5ff50889\/671637fb3da596a4747c12bd\/img\/67100060c08d20ee2ff99665.jpg\" alt=\"\" width=\"100%\" border=\"0\" data-bit=\"iit\" \/><\/div>\n<table border=\"0\" width=\"100%\" cellspacing=\"0\" cellpadding=\"0\">\n<tbody>\n<tr>\n<td><\/td>\n<\/tr>\n<\/tbody>\n<\/table>\n<div>\n<ul>\n<li><em><strong>Casi el triple\u00a0<\/strong>de las madres del sector vulnerable ejerce el castigo f\u00edsico a sus hijos, en relaci\u00f3n a las madres del sector no vulnerables.<\/em><\/li>\n<\/ul>\n<p>Los niveles de estr\u00e9s maternal inciden en el estilo parental, incluyendo la frecuencia de implementaci\u00f3n de castigos f\u00edsicos, donde a m\u00e1s estr\u00e9s la frecuencia de uso de este tipo de castigos aumenta. De este modo, a m\u00e1s estr\u00e9s maternal en los sectores m\u00e1s vulnerables, tambi\u00e9n hay mayor frecuencia de implementaci\u00f3n de disciplinas desadaptativas como el castigo f\u00edsico, que adem\u00e1s tienen una incidencia significativamente negativa en el desarrollo de ni\u00f1os y ni\u00f1as.<\/p>\n<\/div>\n<p>&nbsp;<\/p>\n<h4><a href=\"https:\/\/www.austral.edu.ar\/wp-content\/uploads\/2024\/10\/ODHV-Indicadores-de-la-desigualdad-de-la-maternidad-argentina_final.pdf?utm_source=email_marketing&amp;utm_admin=131505&amp;utm_medium=email&amp;utm_campaign=MATERNIDAD_indicadores_crticos_reflejan_las_desigualdades_que_enfrentan_las_madres_en_contextos_de_v\">Acceda al informe completo aqu\u00ed\u00a0<\/a><\/h4>\n<p>&nbsp;<\/p>\n<p>&nbsp;<\/p>\n<p><em><strong>Sobre la Universidad Austral:<\/strong><\/em> Con sede en la Ciudad de Buenos Aires, Pilar y Rosario, es una instituci\u00f3n de educaci\u00f3n superior creada por la Asociaci\u00f3n Civil de Estudios Superiores -ACES-, entidad civil sin fines de lucro, con personer\u00eda jur\u00eddica e inscripta en el Registro Nacional de Entidades de Bien P\u00fablico. La Universidad Austral promueve la investigaci\u00f3n, imparte ense\u00f1anza de grado y postgrado, realiza programas de extensi\u00f3n, y brinda atenci\u00f3n sanitaria desde su Hospital Universitario. Est\u00e1 constituida por las Facultades de Ciencias Biom\u00e9dicas; Ciencias Empresariales; Comunicaci\u00f3n; Derecho; Ingenier\u00eda; Hospital Universitario Austral; Parque Austral; IAE Business School; Escuela de Educaci\u00f3n; Escuela de Pol\u00edtica, Gobierno y Relaciones Internacionales; Instituto de Ciencias para la Familia; Instituto de Filosof\u00eda.&lt;<\/p>\n<table border=\"0\" cellspacing=\"0\" cellpadding=\"0\" align=\"center\">\n<tbody>\n<tr>\n<td align=\"center\" valign=\"middle\" width=\"auto\"><a href=\"https:\/\/131505.clicks.dattanet.com\/track\/click?u=3610366&amp;p=3133313530353a313232353a313035313a303a353a30&amp;s=c8bc7d8795183226848b9a605334cdd8&amp;m=5209\" target=\"_blank\" rel=\"noopener\" data-saferedirecturl=\"https:\/\/www.google.com\/url?q=https:\/\/131505.clicks.dattanet.com\/track\/click?u%3D3610366%26p%3D3133313530353a313232353a313035313a303a353a30%26s%3Dc8bc7d8795183226848b9a605334cdd8%26m%3D5209&amp;source=gmail&amp;ust=1729596052988000&amp;usg=AOvVaw3nS5ticEbZV7y3jaU2PvZl\">ACCEDE AL INFORME COMPLETO AQU\u00cd<\/a><\/td>\n<\/tr>\n<\/tbody>\n<\/table>\n","protected":false},"excerpt":{"rendered":"<p>El nuevo informe de la Universidad Austral, toma como base un reciente estudio cient\u00edfico propio de fuente primaria de madres argentinas en sectores vulnerables y no vulnerables, de acuerdo a los quintiles socioecon\u00f3micos y niveles educativos.<\/p>\n","protected":false},"author":3,"featured_media":108626,"comment_status":"closed","ping_status":"closed","sticky":false,"template":"","format":"standard","meta":{"footnotes":""},"categories":[30,26],"tags":[],"class_list":["post-108625","post","type-post","status-publish","format-standard","has-post-thumbnail","hentry","category-salud","category-sociedad"],"yoast_head":"<!-- This site is optimized with the Yoast SEO plugin v25.9 - https:\/\/yoast.com\/wordpress\/plugins\/seo\/ -->\n<title>Maternidad: indicadores cr\u00edticos reflejan las desigualdades que enfrentan las madres en contextos de vulnerabilidad - Noticias Radio Reflejos<\/title>\n<meta name=\"robots\" content=\"index, follow, max-snippet:-1, max-image-preview:large, max-video-preview:-1\" \/>\n<link rel=\"canonical\" href=\"https:\/\/www.noticiasradioreflejos.com.ar\/2021\/maternidad-indicadores-criticos-reflejan-las-desigualdades-que-enfrentan-las-madres-en-contextos-de-vulnerabilidad\/\" \/>\n<meta property=\"og:locale\" content=\"es_ES\" \/>\n<meta property=\"og:type\" content=\"article\" \/>\n<meta property=\"og:title\" content=\"Maternidad: indicadores cr\u00edticos reflejan las desigualdades que enfrentan las madres en contextos de vulnerabilidad - Noticias Radio Reflejos\" \/>\n<meta property=\"og:description\" content=\"El nuevo informe de la Universidad Austral, toma como base un reciente estudio cient\u00edfico propio de fuente primaria de madres argentinas en sectores vulnerables y no vulnerables, de acuerdo a los quintiles socioecon\u00f3micos y niveles educativos.\" \/>\n<meta property=\"og:url\" content=\"https:\/\/www.noticiasradioreflejos.com.ar\/2021\/maternidad-indicadores-criticos-reflejan-las-desigualdades-que-enfrentan-las-madres-en-contextos-de-vulnerabilidad\/\" \/>\n<meta property=\"og:site_name\" content=\"Noticias Radio Reflejos\" \/>\n<meta property=\"article:published_time\" content=\"2024-10-21T11:41:20+00:00\" \/>\n<meta property=\"article:modified_time\" content=\"2024-10-21T11:43:23+00:00\" \/>\n<meta property=\"og:image\" content=\"https:\/\/www.noticiasradioreflejos.com.ar\/2021\/wp-content\/uploads\/2024\/10\/Maternidad.jpg\" \/>\n\t<meta property=\"og:image:width\" content=\"1152\" \/>\n\t<meta property=\"og:image:height\" content=\"576\" \/>\n\t<meta property=\"og:image:type\" content=\"image\/jpeg\" \/>\n<meta name=\"author\" content=\"Arnaldo Botto\" \/>\n<meta name=\"twitter:card\" content=\"summary_large_image\" \/>\n<script type=\"application\/ld+json\" class=\"yoast-schema-graph\">{\"@context\":\"https:\/\/schema.org\",\"@graph\":[{\"@type\":\"WebPage\",\"@id\":\"https:\/\/www.noticiasradioreflejos.com.ar\/2021\/maternidad-indicadores-criticos-reflejan-las-desigualdades-que-enfrentan-las-madres-en-contextos-de-vulnerabilidad\/\",\"url\":\"https:\/\/www.noticiasradioreflejos.com.ar\/2021\/maternidad-indicadores-criticos-reflejan-las-desigualdades-que-enfrentan-las-madres-en-contextos-de-vulnerabilidad\/\",\"name\":\"Maternidad: indicadores cr\u00edticos reflejan las desigualdades que enfrentan las madres en contextos de vulnerabilidad - Noticias Radio Reflejos\",\"isPartOf\":{\"@id\":\"https:\/\/www.noticiasradioreflejos.com.ar\/2021\/#website\"},\"primaryImageOfPage\":{\"@id\":\"https:\/\/www.noticiasradioreflejos.com.ar\/2021\/maternidad-indicadores-criticos-reflejan-las-desigualdades-que-enfrentan-las-madres-en-contextos-de-vulnerabilidad\/#primaryimage\"},\"image\":{\"@id\":\"https:\/\/www.noticiasradioreflejos.com.ar\/2021\/maternidad-indicadores-criticos-reflejan-las-desigualdades-que-enfrentan-las-madres-en-contextos-de-vulnerabilidad\/#primaryimage\"},\"thumbnailUrl\":\"https:\/\/www.noticiasradioreflejos.com.ar\/2021\/wp-content\/uploads\/2024\/10\/Maternidad.jpg\",\"datePublished\":\"2024-10-21T11:41:20+00:00\",\"dateModified\":\"2024-10-21T11:43:23+00:00\",\"author\":{\"@id\":\"https:\/\/www.noticiasradioreflejos.com.ar\/2021\/#\/schema\/person\/ad82545263dcc5ec0996818884fd5fb1\"},\"breadcrumb\":{\"@id\":\"https:\/\/www.noticiasradioreflejos.com.ar\/2021\/maternidad-indicadores-criticos-reflejan-las-desigualdades-que-enfrentan-las-madres-en-contextos-de-vulnerabilidad\/#breadcrumb\"},\"inLanguage\":\"es\",\"potentialAction\":[{\"@type\":\"ReadAction\",\"target\":[\"https:\/\/www.noticiasradioreflejos.com.ar\/2021\/maternidad-indicadores-criticos-reflejan-las-desigualdades-que-enfrentan-las-madres-en-contextos-de-vulnerabilidad\/\"]}]},{\"@type\":\"ImageObject\",\"inLanguage\":\"es\",\"@id\":\"https:\/\/www.noticiasradioreflejos.com.ar\/2021\/maternidad-indicadores-criticos-reflejan-las-desigualdades-que-enfrentan-las-madres-en-contextos-de-vulnerabilidad\/#primaryimage\",\"url\":\"https:\/\/www.noticiasradioreflejos.com.ar\/2021\/wp-content\/uploads\/2024\/10\/Maternidad.jpg\",\"contentUrl\":\"https:\/\/www.noticiasradioreflejos.com.ar\/2021\/wp-content\/uploads\/2024\/10\/Maternidad.jpg\",\"width\":1152,\"height\":576},{\"@type\":\"BreadcrumbList\",\"@id\":\"https:\/\/www.noticiasradioreflejos.com.ar\/2021\/maternidad-indicadores-criticos-reflejan-las-desigualdades-que-enfrentan-las-madres-en-contextos-de-vulnerabilidad\/#breadcrumb\",\"itemListElement\":[{\"@type\":\"ListItem\",\"position\":1,\"name\":\"Portada\",\"item\":\"https:\/\/www.noticiasradioreflejos.com.ar\/2021\/\"},{\"@type\":\"ListItem\",\"position\":2,\"name\":\"Maternidad: indicadores cr\u00edticos reflejan las desigualdades que enfrentan las madres en contextos de vulnerabilidad\"}]},{\"@type\":\"WebSite\",\"@id\":\"https:\/\/www.noticiasradioreflejos.com.ar\/2021\/#website\",\"url\":\"https:\/\/www.noticiasradioreflejos.com.ar\/2021\/\",\"name\":\"Noticias Radio Reflejos\",\"description\":\"Las noticias de mi comarca\",\"potentialAction\":[{\"@type\":\"SearchAction\",\"target\":{\"@type\":\"EntryPoint\",\"urlTemplate\":\"https:\/\/www.noticiasradioreflejos.com.ar\/2021\/?s={search_term_string}\"},\"query-input\":{\"@type\":\"PropertyValueSpecification\",\"valueRequired\":true,\"valueName\":\"search_term_string\"}}],\"inLanguage\":\"es\"},{\"@type\":\"Person\",\"@id\":\"https:\/\/www.noticiasradioreflejos.com.ar\/2021\/#\/schema\/person\/ad82545263dcc5ec0996818884fd5fb1\",\"name\":\"Arnaldo Botto\",\"image\":{\"@type\":\"ImageObject\",\"inLanguage\":\"es\",\"@id\":\"https:\/\/www.noticiasradioreflejos.com.ar\/2021\/#\/schema\/person\/image\/\",\"url\":\"https:\/\/secure.gravatar.com\/avatar\/55cb5e37c1efa326397366e6974cb338056df65cb50e7d64d1cf314e87504837?s=96&d=mm&r=g\",\"contentUrl\":\"https:\/\/secure.gravatar.com\/avatar\/55cb5e37c1efa326397366e6974cb338056df65cb50e7d64d1cf314e87504837?s=96&d=mm&r=g\",\"caption\":\"Arnaldo Botto\"},\"url\":\"https:\/\/www.noticiasradioreflejos.com.ar\/2021\/author\/arnaldo\/\"}]}<\/script>\n<!-- \/ Yoast SEO plugin. -->","yoast_head_json":{"title":"Maternidad: indicadores cr\u00edticos reflejan las desigualdades que enfrentan las madres en contextos de vulnerabilidad - Noticias Radio Reflejos","robots":{"index":"index","follow":"follow","max-snippet":"max-snippet:-1","max-image-preview":"max-image-preview:large","max-video-preview":"max-video-preview:-1"},"canonical":"https:\/\/www.noticiasradioreflejos.com.ar\/2021\/maternidad-indicadores-criticos-reflejan-las-desigualdades-que-enfrentan-las-madres-en-contextos-de-vulnerabilidad\/","og_locale":"es_ES","og_type":"article","og_title":"Maternidad: indicadores cr\u00edticos reflejan las desigualdades que enfrentan las madres en contextos de vulnerabilidad - Noticias Radio Reflejos","og_description":"El nuevo informe de la Universidad Austral, toma como base un reciente estudio cient\u00edfico propio de fuente primaria de madres argentinas en sectores vulnerables y no vulnerables, de acuerdo a los quintiles socioecon\u00f3micos y niveles educativos.","og_url":"https:\/\/www.noticiasradioreflejos.com.ar\/2021\/maternidad-indicadores-criticos-reflejan-las-desigualdades-que-enfrentan-las-madres-en-contextos-de-vulnerabilidad\/","og_site_name":"Noticias Radio Reflejos","article_published_time":"2024-10-21T11:41:20+00:00","article_modified_time":"2024-10-21T11:43:23+00:00","og_image":[{"width":1152,"height":576,"url":"https:\/\/www.noticiasradioreflejos.com.ar\/2021\/wp-content\/uploads\/2024\/10\/Maternidad.jpg","type":"image\/jpeg"}],"author":"Arnaldo Botto","twitter_card":"summary_large_image","schema":{"@context":"https:\/\/schema.org","@graph":[{"@type":"WebPage","@id":"https:\/\/www.noticiasradioreflejos.com.ar\/2021\/maternidad-indicadores-criticos-reflejan-las-desigualdades-que-enfrentan-las-madres-en-contextos-de-vulnerabilidad\/","url":"https:\/\/www.noticiasradioreflejos.com.ar\/2021\/maternidad-indicadores-criticos-reflejan-las-desigualdades-que-enfrentan-las-madres-en-contextos-de-vulnerabilidad\/","name":"Maternidad: indicadores cr\u00edticos reflejan las desigualdades que enfrentan las madres en contextos de vulnerabilidad - Noticias Radio Reflejos","isPartOf":{"@id":"https:\/\/www.noticiasradioreflejos.com.ar\/2021\/#website"},"primaryImageOfPage":{"@id":"https:\/\/www.noticiasradioreflejos.com.ar\/2021\/maternidad-indicadores-criticos-reflejan-las-desigualdades-que-enfrentan-las-madres-en-contextos-de-vulnerabilidad\/#primaryimage"},"image":{"@id":"https:\/\/www.noticiasradioreflejos.com.ar\/2021\/maternidad-indicadores-criticos-reflejan-las-desigualdades-que-enfrentan-las-madres-en-contextos-de-vulnerabilidad\/#primaryimage"},"thumbnailUrl":"https:\/\/www.noticiasradioreflejos.com.ar\/2021\/wp-content\/uploads\/2024\/10\/Maternidad.jpg","datePublished":"2024-10-21T11:41:20+00:00","dateModified":"2024-10-21T11:43:23+00:00","author":{"@id":"https:\/\/www.noticiasradioreflejos.com.ar\/2021\/#\/schema\/person\/ad82545263dcc5ec0996818884fd5fb1"},"breadcrumb":{"@id":"https:\/\/www.noticiasradioreflejos.com.ar\/2021\/maternidad-indicadores-criticos-reflejan-las-desigualdades-que-enfrentan-las-madres-en-contextos-de-vulnerabilidad\/#breadcrumb"},"inLanguage":"es","potentialAction":[{"@type":"ReadAction","target":["https:\/\/www.noticiasradioreflejos.com.ar\/2021\/maternidad-indicadores-criticos-reflejan-las-desigualdades-que-enfrentan-las-madres-en-contextos-de-vulnerabilidad\/"]}]},{"@type":"ImageObject","inLanguage":"es","@id":"https:\/\/www.noticiasradioreflejos.com.ar\/2021\/maternidad-indicadores-criticos-reflejan-las-desigualdades-que-enfrentan-las-madres-en-contextos-de-vulnerabilidad\/#primaryimage","url":"https:\/\/www.noticiasradioreflejos.com.ar\/2021\/wp-content\/uploads\/2024\/10\/Maternidad.jpg","contentUrl":"https:\/\/www.noticiasradioreflejos.com.ar\/2021\/wp-content\/uploads\/2024\/10\/Maternidad.jpg","width":1152,"height":576},{"@type":"BreadcrumbList","@id":"https:\/\/www.noticiasradioreflejos.com.ar\/2021\/maternidad-indicadores-criticos-reflejan-las-desigualdades-que-enfrentan-las-madres-en-contextos-de-vulnerabilidad\/#breadcrumb","itemListElement":[{"@type":"ListItem","position":1,"name":"Portada","item":"https:\/\/www.noticiasradioreflejos.com.ar\/2021\/"},{"@type":"ListItem","position":2,"name":"Maternidad: indicadores cr\u00edticos reflejan las desigualdades que enfrentan las madres en contextos de vulnerabilidad"}]},{"@type":"WebSite","@id":"https:\/\/www.noticiasradioreflejos.com.ar\/2021\/#website","url":"https:\/\/www.noticiasradioreflejos.com.ar\/2021\/","name":"Noticias Radio Reflejos","description":"Las noticias de mi comarca","potentialAction":[{"@type":"SearchAction","target":{"@type":"EntryPoint","urlTemplate":"https:\/\/www.noticiasradioreflejos.com.ar\/2021\/?s={search_term_string}"},"query-input":{"@type":"PropertyValueSpecification","valueRequired":true,"valueName":"search_term_string"}}],"inLanguage":"es"},{"@type":"Person","@id":"https:\/\/www.noticiasradioreflejos.com.ar\/2021\/#\/schema\/person\/ad82545263dcc5ec0996818884fd5fb1","name":"Arnaldo Botto","image":{"@type":"ImageObject","inLanguage":"es","@id":"https:\/\/www.noticiasradioreflejos.com.ar\/2021\/#\/schema\/person\/image\/","url":"https:\/\/secure.gravatar.com\/avatar\/55cb5e37c1efa326397366e6974cb338056df65cb50e7d64d1cf314e87504837?s=96&d=mm&r=g","contentUrl":"https:\/\/secure.gravatar.com\/avatar\/55cb5e37c1efa326397366e6974cb338056df65cb50e7d64d1cf314e87504837?s=96&d=mm&r=g","caption":"Arnaldo Botto"},"url":"https:\/\/www.noticiasradioreflejos.com.ar\/2021\/author\/arnaldo\/"}]}},"_links":{"self":[{"href":"https:\/\/www.noticiasradioreflejos.com.ar\/2021\/wp-json\/wp\/v2\/posts\/108625","targetHints":{"allow":["GET"]}}],"collection":[{"href":"https:\/\/www.noticiasradioreflejos.com.ar\/2021\/wp-json\/wp\/v2\/posts"}],"about":[{"href":"https:\/\/www.noticiasradioreflejos.com.ar\/2021\/wp-json\/wp\/v2\/types\/post"}],"author":[{"embeddable":true,"href":"https:\/\/www.noticiasradioreflejos.com.ar\/2021\/wp-json\/wp\/v2\/users\/3"}],"replies":[{"embeddable":true,"href":"https:\/\/www.noticiasradioreflejos.com.ar\/2021\/wp-json\/wp\/v2\/comments?post=108625"}],"version-history":[{"count":1,"href":"https:\/\/www.noticiasradioreflejos.com.ar\/2021\/wp-json\/wp\/v2\/posts\/108625\/revisions"}],"predecessor-version":[{"id":108627,"href":"https:\/\/www.noticiasradioreflejos.com.ar\/2021\/wp-json\/wp\/v2\/posts\/108625\/revisions\/108627"}],"wp:featuredmedia":[{"embeddable":true,"href":"https:\/\/www.noticiasradioreflejos.com.ar\/2021\/wp-json\/wp\/v2\/media\/108626"}],"wp:attachment":[{"href":"https:\/\/www.noticiasradioreflejos.com.ar\/2021\/wp-json\/wp\/v2\/media?parent=108625"}],"wp:term":[{"taxonomy":"category","embeddable":true,"href":"https:\/\/www.noticiasradioreflejos.com.ar\/2021\/wp-json\/wp\/v2\/categories?post=108625"},{"taxonomy":"post_tag","embeddable":true,"href":"https:\/\/www.noticiasradioreflejos.com.ar\/2021\/wp-json\/wp\/v2\/tags?post=108625"}],"curies":[{"name":"wp","href":"https:\/\/api.w.org\/{rel}","templated":true}]}}