{"id":108480,"date":"2024-10-16T13:19:53","date_gmt":"2024-10-16T16:19:53","guid":{"rendered":"https:\/\/www.noticiasradioreflejos.com.ar\/2021\/?p=108480"},"modified":"2024-10-16T13:19:53","modified_gmt":"2024-10-16T16:19:53","slug":"100-anos-de-surrealismo-y-actividad-en-la-macedonio","status":"publish","type":"post","link":"https:\/\/www.noticiasradioreflejos.com.ar\/2021\/100-anos-de-surrealismo-y-actividad-en-la-macedonio\/","title":{"rendered":"100 A\u00f1os de Surrealismo y actividad en la Macedonio"},"content":{"rendered":"<p>S\u00c1BADO 19 OCT. a partir de 16:00 Hs Muestras, lecturas, Talleres:<!--more--><\/p>\n<p><a data-flickr-embed=\"true\" href=\"https:\/\/www.flickr.com\/photos\/182279889@N02\/54071970070\/in\/dateposted-public\/\" title=\"461797828_18078153487550262_6939807810058948272_n\"><img loading=\"lazy\" decoding=\"async\" src=\"https:\/\/live.staticflickr.com\/65535\/54071970070_721aa747c2_b.jpg\" width=\"1024\" height=\"1024\" alt=\"461797828_18078153487550262_6939807810058948272_n\"\/><\/a><script async src=\"\/\/embedr.flickr.com\/assets\/client-code.js\" charset=\"utf-8\"><\/script><\/p>\n<p>-Escritura surrealista y juegos po\u00e9ticos: <\/p>\n<p>El juego es una capacidad que libera las conexiones posibles y<\/p>\n<p>nos permite abrirnos a crear desafiando la realidad, descubriendo otras entradas.<\/p>\n<p>&#8211; Collage y fotomontaje: <\/p>\n<p>combinaremos distintos materiales gr\u00e1ficos y fotogr\u00e1ficos en la creaci\u00f3n de una<\/p>\n<p>imagen surrealista<\/p>\n<p>&#8211; Invenci\u00f3n de objetos ins\u00f3litos: <\/p>\n<p>Los surrealistas llaman en su manifiesto a examinar los objetos cotidianos<\/p>\n<p>y nos ense\u00f1an a usarlos de otras formas novedosas e imaginativas<\/p>\n<p>19:30 Hs Performance Surrealista:<\/p>\n<p>Una puesta iconoclasta. Autor, director, puesta en escena e interpretaci\u00f3n: Ploter &#038; Buff.<\/p>\n<p>Arreglos musicalesesc\u00e9nicos: Cristian Santamar\u00eda.<\/p>\n<p>Voz: Carolina Torres.<\/p>\n<p>20: Hs ELECTRONIC JAM:<\/p>\n<p>DR. R &#8211; FAKUBA B2B EDU &#8211; MDF &#8211; PLOTER BUFF Y CARO &#8211;<\/p>\n<p>Visuales VJ MORTIMER<\/p>\n","protected":false},"excerpt":{"rendered":"<p>S\u00c1BADO 19 OCT. a partir de 16:00 Hs Muestras, lecturas, Talleres:<\/p>\n","protected":false},"author":3,"featured_media":21218,"comment_status":"closed","ping_status":"closed","sticky":false,"template":"","format":"standard","meta":{"footnotes":""},"categories":[35],"tags":[],"class_list":["post-108480","post","type-post","status-publish","format-standard","has-post-thumbnail","hentry","category-cultura"],"yoast_head":"<!-- This site is optimized with the Yoast SEO plugin v25.9 - https:\/\/yoast.com\/wordpress\/plugins\/seo\/ -->\n<title>100 A\u00f1os de Surrealismo y actividad en la Macedonio - Noticias Radio Reflejos<\/title>\n<meta name=\"robots\" content=\"index, follow, max-snippet:-1, max-image-preview:large, max-video-preview:-1\" \/>\n<link rel=\"canonical\" href=\"https:\/\/www.noticiasradioreflejos.com.ar\/2021\/100-anos-de-surrealismo-y-actividad-en-la-macedonio\/\" \/>\n<meta property=\"og:locale\" content=\"es_ES\" \/>\n<meta property=\"og:type\" content=\"article\" \/>\n<meta property=\"og:title\" content=\"100 A\u00f1os de Surrealismo y actividad en la Macedonio - Noticias Radio Reflejos\" \/>\n<meta property=\"og:description\" content=\"S\u00c1BADO 19 OCT. a partir de 16:00 Hs Muestras, lecturas, Talleres:\" \/>\n<meta property=\"og:url\" content=\"https:\/\/www.noticiasradioreflejos.com.ar\/2021\/100-anos-de-surrealismo-y-actividad-en-la-macedonio\/\" \/>\n<meta property=\"og:site_name\" content=\"Noticias Radio Reflejos\" \/>\n<meta property=\"article:published_time\" content=\"2024-10-16T16:19:53+00:00\" \/>\n<meta property=\"og:image\" content=\"https:\/\/www.noticiasradioreflejos.com.ar\/2021\/wp-content\/uploads\/2018\/05\/biblioteca-popular-macedonio.jpg\" \/>\n\t<meta property=\"og:image:width\" content=\"921\" \/>\n\t<meta property=\"og:image:height\" content=\"603\" \/>\n\t<meta property=\"og:image:type\" content=\"image\/jpeg\" \/>\n<meta name=\"author\" content=\"Arnaldo Botto\" \/>\n<meta name=\"twitter:card\" content=\"summary_large_image\" \/>\n<script type=\"application\/ld+json\" class=\"yoast-schema-graph\">{\"@context\":\"https:\/\/schema.org\",\"@graph\":[{\"@type\":\"WebPage\",\"@id\":\"https:\/\/www.noticiasradioreflejos.com.ar\/2021\/100-anos-de-surrealismo-y-actividad-en-la-macedonio\/\",\"url\":\"https:\/\/www.noticiasradioreflejos.com.ar\/2021\/100-anos-de-surrealismo-y-actividad-en-la-macedonio\/\",\"name\":\"100 A\u00f1os de Surrealismo y actividad en la Macedonio - Noticias Radio Reflejos\",\"isPartOf\":{\"@id\":\"https:\/\/www.noticiasradioreflejos.com.ar\/2021\/#website\"},\"primaryImageOfPage\":{\"@id\":\"https:\/\/www.noticiasradioreflejos.com.ar\/2021\/100-anos-de-surrealismo-y-actividad-en-la-macedonio\/#primaryimage\"},\"image\":{\"@id\":\"https:\/\/www.noticiasradioreflejos.com.ar\/2021\/100-anos-de-surrealismo-y-actividad-en-la-macedonio\/#primaryimage\"},\"thumbnailUrl\":\"https:\/\/www.noticiasradioreflejos.com.ar\/2021\/wp-content\/uploads\/2018\/05\/biblioteca-popular-macedonio.jpg\",\"datePublished\":\"2024-10-16T16:19:53+00:00\",\"author\":{\"@id\":\"https:\/\/www.noticiasradioreflejos.com.ar\/2021\/#\/schema\/person\/ad82545263dcc5ec0996818884fd5fb1\"},\"breadcrumb\":{\"@id\":\"https:\/\/www.noticiasradioreflejos.com.ar\/2021\/100-anos-de-surrealismo-y-actividad-en-la-macedonio\/#breadcrumb\"},\"inLanguage\":\"es\",\"potentialAction\":[{\"@type\":\"ReadAction\",\"target\":[\"https:\/\/www.noticiasradioreflejos.com.ar\/2021\/100-anos-de-surrealismo-y-actividad-en-la-macedonio\/\"]}]},{\"@type\":\"ImageObject\",\"inLanguage\":\"es\",\"@id\":\"https:\/\/www.noticiasradioreflejos.com.ar\/2021\/100-anos-de-surrealismo-y-actividad-en-la-macedonio\/#primaryimage\",\"url\":\"https:\/\/www.noticiasradioreflejos.com.ar\/2021\/wp-content\/uploads\/2018\/05\/biblioteca-popular-macedonio.jpg\",\"contentUrl\":\"https:\/\/www.noticiasradioreflejos.com.ar\/2021\/wp-content\/uploads\/2018\/05\/biblioteca-popular-macedonio.jpg\",\"width\":921,\"height\":603},{\"@type\":\"BreadcrumbList\",\"@id\":\"https:\/\/www.noticiasradioreflejos.com.ar\/2021\/100-anos-de-surrealismo-y-actividad-en-la-macedonio\/#breadcrumb\",\"itemListElement\":[{\"@type\":\"ListItem\",\"position\":1,\"name\":\"Portada\",\"item\":\"https:\/\/www.noticiasradioreflejos.com.ar\/2021\/\"},{\"@type\":\"ListItem\",\"position\":2,\"name\":\"100 A\u00f1os de Surrealismo y actividad en la Macedonio\"}]},{\"@type\":\"WebSite\",\"@id\":\"https:\/\/www.noticiasradioreflejos.com.ar\/2021\/#website\",\"url\":\"https:\/\/www.noticiasradioreflejos.com.ar\/2021\/\",\"name\":\"Noticias Radio Reflejos\",\"description\":\"Las noticias de mi comarca\",\"potentialAction\":[{\"@type\":\"SearchAction\",\"target\":{\"@type\":\"EntryPoint\",\"urlTemplate\":\"https:\/\/www.noticiasradioreflejos.com.ar\/2021\/?s={search_term_string}\"},\"query-input\":{\"@type\":\"PropertyValueSpecification\",\"valueRequired\":true,\"valueName\":\"search_term_string\"}}],\"inLanguage\":\"es\"},{\"@type\":\"Person\",\"@id\":\"https:\/\/www.noticiasradioreflejos.com.ar\/2021\/#\/schema\/person\/ad82545263dcc5ec0996818884fd5fb1\",\"name\":\"Arnaldo Botto\",\"image\":{\"@type\":\"ImageObject\",\"inLanguage\":\"es\",\"@id\":\"https:\/\/www.noticiasradioreflejos.com.ar\/2021\/#\/schema\/person\/image\/\",\"url\":\"https:\/\/secure.gravatar.com\/avatar\/55cb5e37c1efa326397366e6974cb338056df65cb50e7d64d1cf314e87504837?s=96&d=mm&r=g\",\"contentUrl\":\"https:\/\/secure.gravatar.com\/avatar\/55cb5e37c1efa326397366e6974cb338056df65cb50e7d64d1cf314e87504837?s=96&d=mm&r=g\",\"caption\":\"Arnaldo Botto\"},\"url\":\"https:\/\/www.noticiasradioreflejos.com.ar\/2021\/author\/arnaldo\/\"}]}<\/script>\n<!-- \/ Yoast SEO plugin. -->","yoast_head_json":{"title":"100 A\u00f1os de Surrealismo y actividad en la Macedonio - Noticias Radio Reflejos","robots":{"index":"index","follow":"follow","max-snippet":"max-snippet:-1","max-image-preview":"max-image-preview:large","max-video-preview":"max-video-preview:-1"},"canonical":"https:\/\/www.noticiasradioreflejos.com.ar\/2021\/100-anos-de-surrealismo-y-actividad-en-la-macedonio\/","og_locale":"es_ES","og_type":"article","og_title":"100 A\u00f1os de Surrealismo y actividad en la Macedonio - Noticias Radio Reflejos","og_description":"S\u00c1BADO 19 OCT. a partir de 16:00 Hs Muestras, lecturas, Talleres:","og_url":"https:\/\/www.noticiasradioreflejos.com.ar\/2021\/100-anos-de-surrealismo-y-actividad-en-la-macedonio\/","og_site_name":"Noticias Radio Reflejos","article_published_time":"2024-10-16T16:19:53+00:00","og_image":[{"width":921,"height":603,"url":"https:\/\/www.noticiasradioreflejos.com.ar\/2021\/wp-content\/uploads\/2018\/05\/biblioteca-popular-macedonio.jpg","type":"image\/jpeg"}],"author":"Arnaldo Botto","twitter_card":"summary_large_image","schema":{"@context":"https:\/\/schema.org","@graph":[{"@type":"WebPage","@id":"https:\/\/www.noticiasradioreflejos.com.ar\/2021\/100-anos-de-surrealismo-y-actividad-en-la-macedonio\/","url":"https:\/\/www.noticiasradioreflejos.com.ar\/2021\/100-anos-de-surrealismo-y-actividad-en-la-macedonio\/","name":"100 A\u00f1os de Surrealismo y actividad en la Macedonio - Noticias Radio Reflejos","isPartOf":{"@id":"https:\/\/www.noticiasradioreflejos.com.ar\/2021\/#website"},"primaryImageOfPage":{"@id":"https:\/\/www.noticiasradioreflejos.com.ar\/2021\/100-anos-de-surrealismo-y-actividad-en-la-macedonio\/#primaryimage"},"image":{"@id":"https:\/\/www.noticiasradioreflejos.com.ar\/2021\/100-anos-de-surrealismo-y-actividad-en-la-macedonio\/#primaryimage"},"thumbnailUrl":"https:\/\/www.noticiasradioreflejos.com.ar\/2021\/wp-content\/uploads\/2018\/05\/biblioteca-popular-macedonio.jpg","datePublished":"2024-10-16T16:19:53+00:00","author":{"@id":"https:\/\/www.noticiasradioreflejos.com.ar\/2021\/#\/schema\/person\/ad82545263dcc5ec0996818884fd5fb1"},"breadcrumb":{"@id":"https:\/\/www.noticiasradioreflejos.com.ar\/2021\/100-anos-de-surrealismo-y-actividad-en-la-macedonio\/#breadcrumb"},"inLanguage":"es","potentialAction":[{"@type":"ReadAction","target":["https:\/\/www.noticiasradioreflejos.com.ar\/2021\/100-anos-de-surrealismo-y-actividad-en-la-macedonio\/"]}]},{"@type":"ImageObject","inLanguage":"es","@id":"https:\/\/www.noticiasradioreflejos.com.ar\/2021\/100-anos-de-surrealismo-y-actividad-en-la-macedonio\/#primaryimage","url":"https:\/\/www.noticiasradioreflejos.com.ar\/2021\/wp-content\/uploads\/2018\/05\/biblioteca-popular-macedonio.jpg","contentUrl":"https:\/\/www.noticiasradioreflejos.com.ar\/2021\/wp-content\/uploads\/2018\/05\/biblioteca-popular-macedonio.jpg","width":921,"height":603},{"@type":"BreadcrumbList","@id":"https:\/\/www.noticiasradioreflejos.com.ar\/2021\/100-anos-de-surrealismo-y-actividad-en-la-macedonio\/#breadcrumb","itemListElement":[{"@type":"ListItem","position":1,"name":"Portada","item":"https:\/\/www.noticiasradioreflejos.com.ar\/2021\/"},{"@type":"ListItem","position":2,"name":"100 A\u00f1os de Surrealismo y actividad en la Macedonio"}]},{"@type":"WebSite","@id":"https:\/\/www.noticiasradioreflejos.com.ar\/2021\/#website","url":"https:\/\/www.noticiasradioreflejos.com.ar\/2021\/","name":"Noticias Radio Reflejos","description":"Las noticias de mi comarca","potentialAction":[{"@type":"SearchAction","target":{"@type":"EntryPoint","urlTemplate":"https:\/\/www.noticiasradioreflejos.com.ar\/2021\/?s={search_term_string}"},"query-input":{"@type":"PropertyValueSpecification","valueRequired":true,"valueName":"search_term_string"}}],"inLanguage":"es"},{"@type":"Person","@id":"https:\/\/www.noticiasradioreflejos.com.ar\/2021\/#\/schema\/person\/ad82545263dcc5ec0996818884fd5fb1","name":"Arnaldo Botto","image":{"@type":"ImageObject","inLanguage":"es","@id":"https:\/\/www.noticiasradioreflejos.com.ar\/2021\/#\/schema\/person\/image\/","url":"https:\/\/secure.gravatar.com\/avatar\/55cb5e37c1efa326397366e6974cb338056df65cb50e7d64d1cf314e87504837?s=96&d=mm&r=g","contentUrl":"https:\/\/secure.gravatar.com\/avatar\/55cb5e37c1efa326397366e6974cb338056df65cb50e7d64d1cf314e87504837?s=96&d=mm&r=g","caption":"Arnaldo Botto"},"url":"https:\/\/www.noticiasradioreflejos.com.ar\/2021\/author\/arnaldo\/"}]}},"_links":{"self":[{"href":"https:\/\/www.noticiasradioreflejos.com.ar\/2021\/wp-json\/wp\/v2\/posts\/108480","targetHints":{"allow":["GET"]}}],"collection":[{"href":"https:\/\/www.noticiasradioreflejos.com.ar\/2021\/wp-json\/wp\/v2\/posts"}],"about":[{"href":"https:\/\/www.noticiasradioreflejos.com.ar\/2021\/wp-json\/wp\/v2\/types\/post"}],"author":[{"embeddable":true,"href":"https:\/\/www.noticiasradioreflejos.com.ar\/2021\/wp-json\/wp\/v2\/users\/3"}],"replies":[{"embeddable":true,"href":"https:\/\/www.noticiasradioreflejos.com.ar\/2021\/wp-json\/wp\/v2\/comments?post=108480"}],"version-history":[{"count":1,"href":"https:\/\/www.noticiasradioreflejos.com.ar\/2021\/wp-json\/wp\/v2\/posts\/108480\/revisions"}],"predecessor-version":[{"id":108481,"href":"https:\/\/www.noticiasradioreflejos.com.ar\/2021\/wp-json\/wp\/v2\/posts\/108480\/revisions\/108481"}],"wp:featuredmedia":[{"embeddable":true,"href":"https:\/\/www.noticiasradioreflejos.com.ar\/2021\/wp-json\/wp\/v2\/media\/21218"}],"wp:attachment":[{"href":"https:\/\/www.noticiasradioreflejos.com.ar\/2021\/wp-json\/wp\/v2\/media?parent=108480"}],"wp:term":[{"taxonomy":"category","embeddable":true,"href":"https:\/\/www.noticiasradioreflejos.com.ar\/2021\/wp-json\/wp\/v2\/categories?post=108480"},{"taxonomy":"post_tag","embeddable":true,"href":"https:\/\/www.noticiasradioreflejos.com.ar\/2021\/wp-json\/wp\/v2\/tags?post=108480"}],"curies":[{"name":"wp","href":"https:\/\/api.w.org\/{rel}","templated":true}]}}