{"id":108477,"date":"2024-10-16T10:10:02","date_gmt":"2024-10-16T13:10:02","guid":{"rendered":"https:\/\/www.noticiasradioreflejos.com.ar\/2021\/?p=108477"},"modified":"2024-10-16T10:10:02","modified_gmt":"2024-10-16T13:10:02","slug":"historico-avistamiento-del-maca-tobiano-en-el-parque-nacional-patagonia-tras-mas-de-cinco-anos-de-ausencia","status":"publish","type":"post","link":"https:\/\/www.noticiasradioreflejos.com.ar\/2021\/historico-avistamiento-del-maca-tobiano-en-el-parque-nacional-patagonia-tras-mas-de-cinco-anos-de-ausencia\/","title":{"rendered":"Hist\u00f3rico avistamiento del Mac\u00e1 Tobiano en el Parque Nacional Patagonia, tras m\u00e1s de cinco a\u00f1os de ausencia"},"content":{"rendered":"<p style=\"font-weight: 400;\">T\u00e9cnicos del Programa Patagonia, parte del Departamento de Conservaci\u00f3n de Aves Argentinas y del Programa de Biodiversidad y Conservaci\u00f3n de la Fundaci\u00f3n Bariloche, registraron un importante acontecimiento para la conservaci\u00f3n de especies amenazadas: el\u00a0<strong>avistamiento del Mac\u00e1 Tobiano<\/strong>\u00a0(<em>Podiceps gallardoi<\/em>) en las lagunas \u201cEl Cervecero\u201d y \u201cLa So\u00f1ada\u201d, ubicadas en el sur de la Meseta del Lago Buenos Aires. Este hallazgo es particularmente significativo, ya que\u00a0<strong>es la primera vez en m\u00e1s de cinco a\u00f1os que se observa a esta especie en la ic\u00f3nica laguna \u201cEl Cervecero\u201d.<\/strong><!--more--><\/p>\n<p style=\"font-weight: 400;\">\n<p style=\"font-weight: 400;\">Este trabajo se realiza desde la\u00a0<strong>Estaci\u00f3n Biol\u00f3gica Juan Mazar Barnett de Aves Argentinas<\/strong>\u00a0y en colaboraci\u00f3n con el personal del Parque Nacional Patagonia, de la Administraci\u00f3n de Parques Nacionales, fortaleciendo el esfuerzo conjunto para proteger\u00a0<strong>una de las aves m\u00e1s amenazadas del mundo.<\/strong><\/p>\n<p style=\"font-weight: 400;\">El Mac\u00e1 Tobiano, un\u00a0<strong>ave en peligro cr\u00edtico de extinci\u00f3n y s\u00edmbolo del Parque Nacional Patagonia<\/strong>, hab\u00eda estado ausente de esta laguna desde 2018, debido a la dr\u00e1stica reducci\u00f3n de los niveles de agua en los cuerpos acu\u00e1ticos de la regi\u00f3n. La laguna \u201cEl Cervecero\u201d, hist\u00f3rica por albergar grandes colonias de esta especie, se encontraba seca o casi seca desde entonces, lo que dificult\u00f3 la supervivencia del ave en esta \u00e1rea.<\/p>\n<p style=\"font-weight: 400;\">Sin embargo, el \u00faltimo invierno, con intensas nevadas y grandes acumulaciones de nieve en la meseta, permiti\u00f3 la recuperaci\u00f3n de los niveles de agua en las lagunas, creando un ambiente favorable para el regreso del Mac\u00e1 Tobiano. Durante una expedici\u00f3n en el marco del\u00a0<em>Gran D\u00eda de Observaci\u00f3n<\/em>\u00a0\u2014una jornada dedicada al avistamiento de aves mediante el uso de plataformas de ciencia ciudadana como eBird\u2014 los t\u00e9cnicos Santiago Field y Ger\u00f3nimo Cutolo confirmaron la presencia de 23 individuos en la laguna \u201cLa So\u00f1ada\u201d y 2 en la laguna \u201cEl Cervecero\u201d.<\/p>\n<p style=\"font-weight: 400;\">Este redescubrimiento es un indicio alentador para la recuperaci\u00f3n de esta especie, cuya poblaci\u00f3n ha estado en grave declive en los \u00faltimos a\u00f1os. Los esfuerzos de conservaci\u00f3n en la Meseta del Lago Buenos Aires por parte del Programa Patagonia, apoyados por la Administraci\u00f3n de Parques Nacionales, principalmente con la remoci\u00f3n de especies invasoras como el vis\u00f3n Americano, han sido fundamentales en la protecci\u00f3n del Mac\u00e1 Tobiano y en la restauraci\u00f3n de su h\u00e1bitat natural.<\/p>\n<p style=\"font-weight: 400;\">El uso de plataformas de ciencia ciudadana como eBird ha sido clave para monitorear la situaci\u00f3n de esta y otras especies en peligro. Estos registros en tiempo real permiten a los especialistas tomar decisiones informadas sobre las estrategias de conservaci\u00f3n y protecci\u00f3n de la biodiversidad. Este avistamiento es un ejemplo del impacto positivo de la colaboraci\u00f3n entre instituciones, cient\u00edficos y ciudadanos comprometidos con la preservaci\u00f3n del medio ambiente.<\/p>\n<p style=\"font-weight: 400;\">El avistamiento de Mac\u00e1 Tobiano dentro del Parque Nacional Patagonia representa un logro significativo para la conservaci\u00f3n de esta especie, y los responsables del Programa Patagonia esperan que sea un buen augurio para la pr\u00f3xima temporada reproductiva.<\/p>\n<p style=\"font-weight: 400;\"><strong>&#8212;<\/strong><\/p>\n<p style=\"font-weight: 400;\"><strong>Contacto:<\/strong><\/p>\n<p>Email:\u00a0<a href=\"mailto:patagonia@avesargentinas.org.ar\">patagonia@avesargentinas.org.ar<\/a><\/p>\n<p>Website:\u00a0<a href=\"https:\/\/patagonia.avesargentinas.org.ar\/\" data-saferedirecturl=\"https:\/\/www.google.com\/url?q=https:\/\/patagonia.avesargentinas.org.ar\/&amp;source=gmail&amp;ust=1729169688948000&amp;usg=AOvVaw07ixgDUqPWxNUv_LVB1ciE\">https:\/\/patagonia.avesargentinas.org.ar\/<\/a><\/p>\n","protected":false},"excerpt":{"rendered":"<p>T\u00e9cnicos del Programa Patagonia, parte del Departamento de Conservaci\u00f3n de Aves Argentinas y del Programa de Biodiversidad y Conservaci\u00f3n de la Fundaci\u00f3n Bariloche, registraron un importante acontecimiento para la conservaci\u00f3n de especies amenazadas: el\u00a0avistamiento del Mac\u00e1 Tobiano\u00a0(Podiceps gallardoi) en las lagunas \u201cEl Cervecero\u201d y \u201cLa So\u00f1ada\u201d, ubicadas en el sur de la Meseta del Lago [&hellip;]<\/p>\n","protected":false},"author":3,"featured_media":108478,"comment_status":"closed","ping_status":"closed","sticky":false,"template":"","format":"standard","meta":{"footnotes":""},"categories":[46],"tags":[],"class_list":["post-108477","post","type-post","status-publish","format-standard","has-post-thumbnail","hentry","category-ciencia-y-tecnologia"],"yoast_head":"<!-- This site is optimized with the Yoast SEO plugin v25.9 - https:\/\/yoast.com\/wordpress\/plugins\/seo\/ -->\n<title>Hist\u00f3rico avistamiento del Mac\u00e1 Tobiano en el Parque Nacional Patagonia, tras m\u00e1s de cinco a\u00f1os de ausencia - Noticias Radio Reflejos<\/title>\n<meta name=\"robots\" content=\"index, follow, max-snippet:-1, max-image-preview:large, max-video-preview:-1\" \/>\n<link rel=\"canonical\" href=\"https:\/\/www.noticiasradioreflejos.com.ar\/2021\/historico-avistamiento-del-maca-tobiano-en-el-parque-nacional-patagonia-tras-mas-de-cinco-anos-de-ausencia\/\" \/>\n<meta property=\"og:locale\" content=\"es_ES\" \/>\n<meta property=\"og:type\" content=\"article\" \/>\n<meta property=\"og:title\" content=\"Hist\u00f3rico avistamiento del Mac\u00e1 Tobiano en el Parque Nacional Patagonia, tras m\u00e1s de cinco a\u00f1os de ausencia - Noticias Radio Reflejos\" \/>\n<meta property=\"og:description\" content=\"T\u00e9cnicos del Programa Patagonia, parte del Departamento de Conservaci\u00f3n de Aves Argentinas y del Programa de Biodiversidad y Conservaci\u00f3n de la Fundaci\u00f3n Bariloche, registraron un importante acontecimiento para la conservaci\u00f3n de especies amenazadas: el\u00a0avistamiento del Mac\u00e1 Tobiano\u00a0(Podiceps gallardoi) en las lagunas \u201cEl Cervecero\u201d y \u201cLa So\u00f1ada\u201d, ubicadas en el sur de la Meseta del Lago [&hellip;]\" \/>\n<meta property=\"og:url\" content=\"https:\/\/www.noticiasradioreflejos.com.ar\/2021\/historico-avistamiento-del-maca-tobiano-en-el-parque-nacional-patagonia-tras-mas-de-cinco-anos-de-ausencia\/\" \/>\n<meta property=\"og:site_name\" content=\"Noticias Radio Reflejos\" \/>\n<meta property=\"article:published_time\" content=\"2024-10-16T13:10:02+00:00\" \/>\n<meta property=\"og:image\" content=\"https:\/\/www.noticiasradioreflejos.com.ar\/2021\/wp-content\/uploads\/2024\/10\/Herna\u0301n-Povedano-2.jpg\" \/>\n\t<meta property=\"og:image:width\" content=\"1500\" \/>\n\t<meta property=\"og:image:height\" content=\"1000\" \/>\n\t<meta property=\"og:image:type\" content=\"image\/jpeg\" \/>\n<meta name=\"author\" content=\"Arnaldo Botto\" \/>\n<meta name=\"twitter:card\" content=\"summary_large_image\" \/>\n<script type=\"application\/ld+json\" class=\"yoast-schema-graph\">{\"@context\":\"https:\/\/schema.org\",\"@graph\":[{\"@type\":\"WebPage\",\"@id\":\"https:\/\/www.noticiasradioreflejos.com.ar\/2021\/historico-avistamiento-del-maca-tobiano-en-el-parque-nacional-patagonia-tras-mas-de-cinco-anos-de-ausencia\/\",\"url\":\"https:\/\/www.noticiasradioreflejos.com.ar\/2021\/historico-avistamiento-del-maca-tobiano-en-el-parque-nacional-patagonia-tras-mas-de-cinco-anos-de-ausencia\/\",\"name\":\"Hist\u00f3rico avistamiento del Mac\u00e1 Tobiano en el Parque Nacional Patagonia, tras m\u00e1s de cinco a\u00f1os de ausencia - Noticias Radio Reflejos\",\"isPartOf\":{\"@id\":\"https:\/\/www.noticiasradioreflejos.com.ar\/2021\/#website\"},\"primaryImageOfPage\":{\"@id\":\"https:\/\/www.noticiasradioreflejos.com.ar\/2021\/historico-avistamiento-del-maca-tobiano-en-el-parque-nacional-patagonia-tras-mas-de-cinco-anos-de-ausencia\/#primaryimage\"},\"image\":{\"@id\":\"https:\/\/www.noticiasradioreflejos.com.ar\/2021\/historico-avistamiento-del-maca-tobiano-en-el-parque-nacional-patagonia-tras-mas-de-cinco-anos-de-ausencia\/#primaryimage\"},\"thumbnailUrl\":\"https:\/\/www.noticiasradioreflejos.com.ar\/2021\/wp-content\/uploads\/2024\/10\/Herna\u0301n-Povedano-2.jpg\",\"datePublished\":\"2024-10-16T13:10:02+00:00\",\"author\":{\"@id\":\"https:\/\/www.noticiasradioreflejos.com.ar\/2021\/#\/schema\/person\/ad82545263dcc5ec0996818884fd5fb1\"},\"breadcrumb\":{\"@id\":\"https:\/\/www.noticiasradioreflejos.com.ar\/2021\/historico-avistamiento-del-maca-tobiano-en-el-parque-nacional-patagonia-tras-mas-de-cinco-anos-de-ausencia\/#breadcrumb\"},\"inLanguage\":\"es\",\"potentialAction\":[{\"@type\":\"ReadAction\",\"target\":[\"https:\/\/www.noticiasradioreflejos.com.ar\/2021\/historico-avistamiento-del-maca-tobiano-en-el-parque-nacional-patagonia-tras-mas-de-cinco-anos-de-ausencia\/\"]}]},{\"@type\":\"ImageObject\",\"inLanguage\":\"es\",\"@id\":\"https:\/\/www.noticiasradioreflejos.com.ar\/2021\/historico-avistamiento-del-maca-tobiano-en-el-parque-nacional-patagonia-tras-mas-de-cinco-anos-de-ausencia\/#primaryimage\",\"url\":\"https:\/\/www.noticiasradioreflejos.com.ar\/2021\/wp-content\/uploads\/2024\/10\/Herna\u0301n-Povedano-2.jpg\",\"contentUrl\":\"https:\/\/www.noticiasradioreflejos.com.ar\/2021\/wp-content\/uploads\/2024\/10\/Herna\u0301n-Povedano-2.jpg\",\"width\":1500,\"height\":1000},{\"@type\":\"BreadcrumbList\",\"@id\":\"https:\/\/www.noticiasradioreflejos.com.ar\/2021\/historico-avistamiento-del-maca-tobiano-en-el-parque-nacional-patagonia-tras-mas-de-cinco-anos-de-ausencia\/#breadcrumb\",\"itemListElement\":[{\"@type\":\"ListItem\",\"position\":1,\"name\":\"Portada\",\"item\":\"https:\/\/www.noticiasradioreflejos.com.ar\/2021\/\"},{\"@type\":\"ListItem\",\"position\":2,\"name\":\"Hist\u00f3rico avistamiento del Mac\u00e1 Tobiano en el Parque Nacional Patagonia, tras m\u00e1s de cinco a\u00f1os de ausencia\"}]},{\"@type\":\"WebSite\",\"@id\":\"https:\/\/www.noticiasradioreflejos.com.ar\/2021\/#website\",\"url\":\"https:\/\/www.noticiasradioreflejos.com.ar\/2021\/\",\"name\":\"Noticias Radio Reflejos\",\"description\":\"Las noticias de mi comarca\",\"potentialAction\":[{\"@type\":\"SearchAction\",\"target\":{\"@type\":\"EntryPoint\",\"urlTemplate\":\"https:\/\/www.noticiasradioreflejos.com.ar\/2021\/?s={search_term_string}\"},\"query-input\":{\"@type\":\"PropertyValueSpecification\",\"valueRequired\":true,\"valueName\":\"search_term_string\"}}],\"inLanguage\":\"es\"},{\"@type\":\"Person\",\"@id\":\"https:\/\/www.noticiasradioreflejos.com.ar\/2021\/#\/schema\/person\/ad82545263dcc5ec0996818884fd5fb1\",\"name\":\"Arnaldo Botto\",\"image\":{\"@type\":\"ImageObject\",\"inLanguage\":\"es\",\"@id\":\"https:\/\/www.noticiasradioreflejos.com.ar\/2021\/#\/schema\/person\/image\/\",\"url\":\"https:\/\/secure.gravatar.com\/avatar\/55cb5e37c1efa326397366e6974cb338056df65cb50e7d64d1cf314e87504837?s=96&d=mm&r=g\",\"contentUrl\":\"https:\/\/secure.gravatar.com\/avatar\/55cb5e37c1efa326397366e6974cb338056df65cb50e7d64d1cf314e87504837?s=96&d=mm&r=g\",\"caption\":\"Arnaldo Botto\"},\"url\":\"https:\/\/www.noticiasradioreflejos.com.ar\/2021\/author\/arnaldo\/\"}]}<\/script>\n<!-- \/ Yoast SEO plugin. -->","yoast_head_json":{"title":"Hist\u00f3rico avistamiento del Mac\u00e1 Tobiano en el Parque Nacional Patagonia, tras m\u00e1s de cinco a\u00f1os de ausencia - Noticias Radio Reflejos","robots":{"index":"index","follow":"follow","max-snippet":"max-snippet:-1","max-image-preview":"max-image-preview:large","max-video-preview":"max-video-preview:-1"},"canonical":"https:\/\/www.noticiasradioreflejos.com.ar\/2021\/historico-avistamiento-del-maca-tobiano-en-el-parque-nacional-patagonia-tras-mas-de-cinco-anos-de-ausencia\/","og_locale":"es_ES","og_type":"article","og_title":"Hist\u00f3rico avistamiento del Mac\u00e1 Tobiano en el Parque Nacional Patagonia, tras m\u00e1s de cinco a\u00f1os de ausencia - Noticias Radio Reflejos","og_description":"T\u00e9cnicos del Programa Patagonia, parte del Departamento de Conservaci\u00f3n de Aves Argentinas y del Programa de Biodiversidad y Conservaci\u00f3n de la Fundaci\u00f3n Bariloche, registraron un importante acontecimiento para la conservaci\u00f3n de especies amenazadas: el\u00a0avistamiento del Mac\u00e1 Tobiano\u00a0(Podiceps gallardoi) en las lagunas \u201cEl Cervecero\u201d y \u201cLa So\u00f1ada\u201d, ubicadas en el sur de la Meseta del Lago [&hellip;]","og_url":"https:\/\/www.noticiasradioreflejos.com.ar\/2021\/historico-avistamiento-del-maca-tobiano-en-el-parque-nacional-patagonia-tras-mas-de-cinco-anos-de-ausencia\/","og_site_name":"Noticias Radio Reflejos","article_published_time":"2024-10-16T13:10:02+00:00","og_image":[{"width":1500,"height":1000,"url":"https:\/\/www.noticiasradioreflejos.com.ar\/2021\/wp-content\/uploads\/2024\/10\/Herna\u0301n-Povedano-2.jpg","type":"image\/jpeg"}],"author":"Arnaldo Botto","twitter_card":"summary_large_image","schema":{"@context":"https:\/\/schema.org","@graph":[{"@type":"WebPage","@id":"https:\/\/www.noticiasradioreflejos.com.ar\/2021\/historico-avistamiento-del-maca-tobiano-en-el-parque-nacional-patagonia-tras-mas-de-cinco-anos-de-ausencia\/","url":"https:\/\/www.noticiasradioreflejos.com.ar\/2021\/historico-avistamiento-del-maca-tobiano-en-el-parque-nacional-patagonia-tras-mas-de-cinco-anos-de-ausencia\/","name":"Hist\u00f3rico avistamiento del Mac\u00e1 Tobiano en el Parque Nacional Patagonia, tras m\u00e1s de cinco a\u00f1os de ausencia - Noticias Radio Reflejos","isPartOf":{"@id":"https:\/\/www.noticiasradioreflejos.com.ar\/2021\/#website"},"primaryImageOfPage":{"@id":"https:\/\/www.noticiasradioreflejos.com.ar\/2021\/historico-avistamiento-del-maca-tobiano-en-el-parque-nacional-patagonia-tras-mas-de-cinco-anos-de-ausencia\/#primaryimage"},"image":{"@id":"https:\/\/www.noticiasradioreflejos.com.ar\/2021\/historico-avistamiento-del-maca-tobiano-en-el-parque-nacional-patagonia-tras-mas-de-cinco-anos-de-ausencia\/#primaryimage"},"thumbnailUrl":"https:\/\/www.noticiasradioreflejos.com.ar\/2021\/wp-content\/uploads\/2024\/10\/Herna\u0301n-Povedano-2.jpg","datePublished":"2024-10-16T13:10:02+00:00","author":{"@id":"https:\/\/www.noticiasradioreflejos.com.ar\/2021\/#\/schema\/person\/ad82545263dcc5ec0996818884fd5fb1"},"breadcrumb":{"@id":"https:\/\/www.noticiasradioreflejos.com.ar\/2021\/historico-avistamiento-del-maca-tobiano-en-el-parque-nacional-patagonia-tras-mas-de-cinco-anos-de-ausencia\/#breadcrumb"},"inLanguage":"es","potentialAction":[{"@type":"ReadAction","target":["https:\/\/www.noticiasradioreflejos.com.ar\/2021\/historico-avistamiento-del-maca-tobiano-en-el-parque-nacional-patagonia-tras-mas-de-cinco-anos-de-ausencia\/"]}]},{"@type":"ImageObject","inLanguage":"es","@id":"https:\/\/www.noticiasradioreflejos.com.ar\/2021\/historico-avistamiento-del-maca-tobiano-en-el-parque-nacional-patagonia-tras-mas-de-cinco-anos-de-ausencia\/#primaryimage","url":"https:\/\/www.noticiasradioreflejos.com.ar\/2021\/wp-content\/uploads\/2024\/10\/Herna\u0301n-Povedano-2.jpg","contentUrl":"https:\/\/www.noticiasradioreflejos.com.ar\/2021\/wp-content\/uploads\/2024\/10\/Herna\u0301n-Povedano-2.jpg","width":1500,"height":1000},{"@type":"BreadcrumbList","@id":"https:\/\/www.noticiasradioreflejos.com.ar\/2021\/historico-avistamiento-del-maca-tobiano-en-el-parque-nacional-patagonia-tras-mas-de-cinco-anos-de-ausencia\/#breadcrumb","itemListElement":[{"@type":"ListItem","position":1,"name":"Portada","item":"https:\/\/www.noticiasradioreflejos.com.ar\/2021\/"},{"@type":"ListItem","position":2,"name":"Hist\u00f3rico avistamiento del Mac\u00e1 Tobiano en el Parque Nacional Patagonia, tras m\u00e1s de cinco a\u00f1os de ausencia"}]},{"@type":"WebSite","@id":"https:\/\/www.noticiasradioreflejos.com.ar\/2021\/#website","url":"https:\/\/www.noticiasradioreflejos.com.ar\/2021\/","name":"Noticias Radio Reflejos","description":"Las noticias de mi comarca","potentialAction":[{"@type":"SearchAction","target":{"@type":"EntryPoint","urlTemplate":"https:\/\/www.noticiasradioreflejos.com.ar\/2021\/?s={search_term_string}"},"query-input":{"@type":"PropertyValueSpecification","valueRequired":true,"valueName":"search_term_string"}}],"inLanguage":"es"},{"@type":"Person","@id":"https:\/\/www.noticiasradioreflejos.com.ar\/2021\/#\/schema\/person\/ad82545263dcc5ec0996818884fd5fb1","name":"Arnaldo Botto","image":{"@type":"ImageObject","inLanguage":"es","@id":"https:\/\/www.noticiasradioreflejos.com.ar\/2021\/#\/schema\/person\/image\/","url":"https:\/\/secure.gravatar.com\/avatar\/55cb5e37c1efa326397366e6974cb338056df65cb50e7d64d1cf314e87504837?s=96&d=mm&r=g","contentUrl":"https:\/\/secure.gravatar.com\/avatar\/55cb5e37c1efa326397366e6974cb338056df65cb50e7d64d1cf314e87504837?s=96&d=mm&r=g","caption":"Arnaldo Botto"},"url":"https:\/\/www.noticiasradioreflejos.com.ar\/2021\/author\/arnaldo\/"}]}},"_links":{"self":[{"href":"https:\/\/www.noticiasradioreflejos.com.ar\/2021\/wp-json\/wp\/v2\/posts\/108477","targetHints":{"allow":["GET"]}}],"collection":[{"href":"https:\/\/www.noticiasradioreflejos.com.ar\/2021\/wp-json\/wp\/v2\/posts"}],"about":[{"href":"https:\/\/www.noticiasradioreflejos.com.ar\/2021\/wp-json\/wp\/v2\/types\/post"}],"author":[{"embeddable":true,"href":"https:\/\/www.noticiasradioreflejos.com.ar\/2021\/wp-json\/wp\/v2\/users\/3"}],"replies":[{"embeddable":true,"href":"https:\/\/www.noticiasradioreflejos.com.ar\/2021\/wp-json\/wp\/v2\/comments?post=108477"}],"version-history":[{"count":1,"href":"https:\/\/www.noticiasradioreflejos.com.ar\/2021\/wp-json\/wp\/v2\/posts\/108477\/revisions"}],"predecessor-version":[{"id":108479,"href":"https:\/\/www.noticiasradioreflejos.com.ar\/2021\/wp-json\/wp\/v2\/posts\/108477\/revisions\/108479"}],"wp:featuredmedia":[{"embeddable":true,"href":"https:\/\/www.noticiasradioreflejos.com.ar\/2021\/wp-json\/wp\/v2\/media\/108478"}],"wp:attachment":[{"href":"https:\/\/www.noticiasradioreflejos.com.ar\/2021\/wp-json\/wp\/v2\/media?parent=108477"}],"wp:term":[{"taxonomy":"category","embeddable":true,"href":"https:\/\/www.noticiasradioreflejos.com.ar\/2021\/wp-json\/wp\/v2\/categories?post=108477"},{"taxonomy":"post_tag","embeddable":true,"href":"https:\/\/www.noticiasradioreflejos.com.ar\/2021\/wp-json\/wp\/v2\/tags?post=108477"}],"curies":[{"name":"wp","href":"https:\/\/api.w.org\/{rel}","templated":true}]}}