{"id":108461,"date":"2024-10-15T20:40:04","date_gmt":"2024-10-15T23:40:04","guid":{"rendered":"https:\/\/www.noticiasradioreflejos.com.ar\/2021\/?p=108461"},"modified":"2024-10-15T20:40:04","modified_gmt":"2024-10-15T23:40:04","slug":"un-banquinero-fue-sancionado-por-la-ansv-y-provoco-la-celebracion-de-otros-conductores","status":"publish","type":"post","link":"https:\/\/www.noticiasradioreflejos.com.ar\/2021\/un-banquinero-fue-sancionado-por-la-ansv-y-provoco-la-celebracion-de-otros-conductores\/","title":{"rendered":"Un banquinero fue sancionado por la ANSV y provoc\u00f3 la celebraci\u00f3n de otros conductores"},"content":{"rendered":"<div>Ayer por la tarde, en el kil\u00f3metro 71 de la Ruta Provincial 2, y mientras muchos veh\u00edculos regresaban todav\u00eda del fin de semana largo, los agentes de la Agencia Nacional de Seguridad Vial (ANSV) divisaron y detuvieron a un conductor que circulaba por la banquina.<\/div>\n<div><\/div>\n<p><!--more--><\/p>\n<div>Al detenerlo al costado del camino para pedirle la documentaci\u00f3n y explicarle los motivos, el hombre se justific\u00f3 diciendo que iba por la banquina porque no pod\u00eda avanzar debido a la congesti\u00f3n vehicular.<\/div>\n<div>Esta situaci\u00f3n provoc\u00f3 distintas reacciones positivas de varios conductores que segu\u00edan avanzando por el lugar sobre el trabajo de la ANSV: \u201cBien parado\u201d y \u201cfelicitaciones, chicos\u201d, fueron algunos de los comentarios que recibieron los agentes.<\/div>\n<div>Adem\u00e1s del conductor en cuesti\u00f3n, otros dos automovilistas fueron sancionados por cometer la misma infracci\u00f3n.<\/div>\n<div>Circular por la banquina es una maniobra peligrosa y prohibida por el art\u00edculo 48 de la Ley Nacional de Tr\u00e1nsito. Transitar por esa v\u00eda es una irresponsabilidad que puede tener consecuencias graves de provocar un siniestro vial.<\/div>\n<div>La ANSV, en el marco de su Plan Estrat\u00e9gico, realiza controles diarios en todo el territorio nacional con el objetivo de desalentar pr\u00e1cticas temerarias, concientizar a los conductores y promover una conducci\u00f3n segura y responsable.<\/div>\n<p><a data-flickr-embed=\"true\" href=\"https:\/\/www.flickr.com\/photos\/182279889@N02\/54070058591\/in\/dateposted-public\/\" title=\"15-10 - ANSV RP2 - BANQUINERO SANCIONADO\"><img loading=\"lazy\" decoding=\"async\" src=\"https:\/\/live.staticflickr.com\/31337\/54070058591_f399bc9901_c.jpg\" width=\"800\" height=\"450\" alt=\"15-10 - ANSV RP2 - BANQUINERO SANCIONADO\"\/><\/a><script async src=\"\/\/embedr.flickr.com\/assets\/client-code.js\" charset=\"utf-8\"><\/script><\/p>\n","protected":false},"excerpt":{"rendered":"<p>Ayer por la tarde, en el kil\u00f3metro 71 de la Ruta Provincial 2, y mientras muchos veh\u00edculos regresaban todav\u00eda del fin de semana largo, los agentes de la Agencia Nacional de Seguridad Vial (ANSV) divisaron y detuvieron a un conductor que circulaba por la banquina.<\/p>\n","protected":false},"author":3,"featured_media":108462,"comment_status":"closed","ping_status":"closed","sticky":false,"template":"","format":"standard","meta":{"footnotes":""},"categories":[26],"tags":[],"class_list":["post-108461","post","type-post","status-publish","format-standard","has-post-thumbnail","hentry","category-sociedad"],"yoast_head":"<!-- This site is optimized with the Yoast SEO plugin v25.9 - https:\/\/yoast.com\/wordpress\/plugins\/seo\/ -->\n<title>Un banquinero fue sancionado por la ANSV y provoc\u00f3 la celebraci\u00f3n de otros conductores - Noticias Radio Reflejos<\/title>\n<meta name=\"robots\" content=\"index, follow, max-snippet:-1, max-image-preview:large, max-video-preview:-1\" \/>\n<link rel=\"canonical\" href=\"https:\/\/www.noticiasradioreflejos.com.ar\/2021\/un-banquinero-fue-sancionado-por-la-ansv-y-provoco-la-celebracion-de-otros-conductores\/\" \/>\n<meta property=\"og:locale\" content=\"es_ES\" \/>\n<meta property=\"og:type\" content=\"article\" \/>\n<meta property=\"og:title\" content=\"Un banquinero fue sancionado por la ANSV y provoc\u00f3 la celebraci\u00f3n de otros conductores - Noticias Radio Reflejos\" \/>\n<meta property=\"og:description\" content=\"Ayer por la tarde, en el kil\u00f3metro 71 de la Ruta Provincial 2, y mientras muchos veh\u00edculos regresaban todav\u00eda del fin de semana largo, los agentes de la Agencia Nacional de Seguridad Vial (ANSV) divisaron y detuvieron a un conductor que circulaba por la banquina.\" \/>\n<meta property=\"og:url\" content=\"https:\/\/www.noticiasradioreflejos.com.ar\/2021\/un-banquinero-fue-sancionado-por-la-ansv-y-provoco-la-celebracion-de-otros-conductores\/\" \/>\n<meta property=\"og:site_name\" content=\"Noticias Radio Reflejos\" \/>\n<meta property=\"article:published_time\" content=\"2024-10-15T23:40:04+00:00\" \/>\n<meta property=\"og:image\" content=\"https:\/\/www.noticiasradioreflejos.com.ar\/2021\/wp-content\/uploads\/2024\/10\/ASVN.jpg\" \/>\n\t<meta property=\"og:image:width\" content=\"607\" \/>\n\t<meta property=\"og:image:height\" content=\"374\" \/>\n\t<meta property=\"og:image:type\" content=\"image\/jpeg\" \/>\n<meta name=\"author\" content=\"Arnaldo Botto\" \/>\n<meta name=\"twitter:card\" content=\"summary_large_image\" \/>\n<script type=\"application\/ld+json\" class=\"yoast-schema-graph\">{\"@context\":\"https:\/\/schema.org\",\"@graph\":[{\"@type\":\"WebPage\",\"@id\":\"https:\/\/www.noticiasradioreflejos.com.ar\/2021\/un-banquinero-fue-sancionado-por-la-ansv-y-provoco-la-celebracion-de-otros-conductores\/\",\"url\":\"https:\/\/www.noticiasradioreflejos.com.ar\/2021\/un-banquinero-fue-sancionado-por-la-ansv-y-provoco-la-celebracion-de-otros-conductores\/\",\"name\":\"Un banquinero fue sancionado por la ANSV y provoc\u00f3 la celebraci\u00f3n de otros conductores - Noticias Radio Reflejos\",\"isPartOf\":{\"@id\":\"https:\/\/www.noticiasradioreflejos.com.ar\/2021\/#website\"},\"primaryImageOfPage\":{\"@id\":\"https:\/\/www.noticiasradioreflejos.com.ar\/2021\/un-banquinero-fue-sancionado-por-la-ansv-y-provoco-la-celebracion-de-otros-conductores\/#primaryimage\"},\"image\":{\"@id\":\"https:\/\/www.noticiasradioreflejos.com.ar\/2021\/un-banquinero-fue-sancionado-por-la-ansv-y-provoco-la-celebracion-de-otros-conductores\/#primaryimage\"},\"thumbnailUrl\":\"https:\/\/www.noticiasradioreflejos.com.ar\/2021\/wp-content\/uploads\/2024\/10\/ASVN.jpg\",\"datePublished\":\"2024-10-15T23:40:04+00:00\",\"author\":{\"@id\":\"https:\/\/www.noticiasradioreflejos.com.ar\/2021\/#\/schema\/person\/ad82545263dcc5ec0996818884fd5fb1\"},\"breadcrumb\":{\"@id\":\"https:\/\/www.noticiasradioreflejos.com.ar\/2021\/un-banquinero-fue-sancionado-por-la-ansv-y-provoco-la-celebracion-de-otros-conductores\/#breadcrumb\"},\"inLanguage\":\"es\",\"potentialAction\":[{\"@type\":\"ReadAction\",\"target\":[\"https:\/\/www.noticiasradioreflejos.com.ar\/2021\/un-banquinero-fue-sancionado-por-la-ansv-y-provoco-la-celebracion-de-otros-conductores\/\"]}]},{\"@type\":\"ImageObject\",\"inLanguage\":\"es\",\"@id\":\"https:\/\/www.noticiasradioreflejos.com.ar\/2021\/un-banquinero-fue-sancionado-por-la-ansv-y-provoco-la-celebracion-de-otros-conductores\/#primaryimage\",\"url\":\"https:\/\/www.noticiasradioreflejos.com.ar\/2021\/wp-content\/uploads\/2024\/10\/ASVN.jpg\",\"contentUrl\":\"https:\/\/www.noticiasradioreflejos.com.ar\/2021\/wp-content\/uploads\/2024\/10\/ASVN.jpg\",\"width\":607,\"height\":374},{\"@type\":\"BreadcrumbList\",\"@id\":\"https:\/\/www.noticiasradioreflejos.com.ar\/2021\/un-banquinero-fue-sancionado-por-la-ansv-y-provoco-la-celebracion-de-otros-conductores\/#breadcrumb\",\"itemListElement\":[{\"@type\":\"ListItem\",\"position\":1,\"name\":\"Portada\",\"item\":\"https:\/\/www.noticiasradioreflejos.com.ar\/2021\/\"},{\"@type\":\"ListItem\",\"position\":2,\"name\":\"Un banquinero fue sancionado por la ANSV y provoc\u00f3 la celebraci\u00f3n de otros conductores\"}]},{\"@type\":\"WebSite\",\"@id\":\"https:\/\/www.noticiasradioreflejos.com.ar\/2021\/#website\",\"url\":\"https:\/\/www.noticiasradioreflejos.com.ar\/2021\/\",\"name\":\"Noticias Radio Reflejos\",\"description\":\"Las noticias de mi comarca\",\"potentialAction\":[{\"@type\":\"SearchAction\",\"target\":{\"@type\":\"EntryPoint\",\"urlTemplate\":\"https:\/\/www.noticiasradioreflejos.com.ar\/2021\/?s={search_term_string}\"},\"query-input\":{\"@type\":\"PropertyValueSpecification\",\"valueRequired\":true,\"valueName\":\"search_term_string\"}}],\"inLanguage\":\"es\"},{\"@type\":\"Person\",\"@id\":\"https:\/\/www.noticiasradioreflejos.com.ar\/2021\/#\/schema\/person\/ad82545263dcc5ec0996818884fd5fb1\",\"name\":\"Arnaldo Botto\",\"image\":{\"@type\":\"ImageObject\",\"inLanguage\":\"es\",\"@id\":\"https:\/\/www.noticiasradioreflejos.com.ar\/2021\/#\/schema\/person\/image\/\",\"url\":\"https:\/\/secure.gravatar.com\/avatar\/55cb5e37c1efa326397366e6974cb338056df65cb50e7d64d1cf314e87504837?s=96&d=mm&r=g\",\"contentUrl\":\"https:\/\/secure.gravatar.com\/avatar\/55cb5e37c1efa326397366e6974cb338056df65cb50e7d64d1cf314e87504837?s=96&d=mm&r=g\",\"caption\":\"Arnaldo Botto\"},\"url\":\"https:\/\/www.noticiasradioreflejos.com.ar\/2021\/author\/arnaldo\/\"}]}<\/script>\n<!-- \/ Yoast SEO plugin. -->","yoast_head_json":{"title":"Un banquinero fue sancionado por la ANSV y provoc\u00f3 la celebraci\u00f3n de otros conductores - Noticias Radio Reflejos","robots":{"index":"index","follow":"follow","max-snippet":"max-snippet:-1","max-image-preview":"max-image-preview:large","max-video-preview":"max-video-preview:-1"},"canonical":"https:\/\/www.noticiasradioreflejos.com.ar\/2021\/un-banquinero-fue-sancionado-por-la-ansv-y-provoco-la-celebracion-de-otros-conductores\/","og_locale":"es_ES","og_type":"article","og_title":"Un banquinero fue sancionado por la ANSV y provoc\u00f3 la celebraci\u00f3n de otros conductores - Noticias Radio Reflejos","og_description":"Ayer por la tarde, en el kil\u00f3metro 71 de la Ruta Provincial 2, y mientras muchos veh\u00edculos regresaban todav\u00eda del fin de semana largo, los agentes de la Agencia Nacional de Seguridad Vial (ANSV) divisaron y detuvieron a un conductor que circulaba por la banquina.","og_url":"https:\/\/www.noticiasradioreflejos.com.ar\/2021\/un-banquinero-fue-sancionado-por-la-ansv-y-provoco-la-celebracion-de-otros-conductores\/","og_site_name":"Noticias Radio Reflejos","article_published_time":"2024-10-15T23:40:04+00:00","og_image":[{"width":607,"height":374,"url":"https:\/\/www.noticiasradioreflejos.com.ar\/2021\/wp-content\/uploads\/2024\/10\/ASVN.jpg","type":"image\/jpeg"}],"author":"Arnaldo Botto","twitter_card":"summary_large_image","schema":{"@context":"https:\/\/schema.org","@graph":[{"@type":"WebPage","@id":"https:\/\/www.noticiasradioreflejos.com.ar\/2021\/un-banquinero-fue-sancionado-por-la-ansv-y-provoco-la-celebracion-de-otros-conductores\/","url":"https:\/\/www.noticiasradioreflejos.com.ar\/2021\/un-banquinero-fue-sancionado-por-la-ansv-y-provoco-la-celebracion-de-otros-conductores\/","name":"Un banquinero fue sancionado por la ANSV y provoc\u00f3 la celebraci\u00f3n de otros conductores - Noticias Radio Reflejos","isPartOf":{"@id":"https:\/\/www.noticiasradioreflejos.com.ar\/2021\/#website"},"primaryImageOfPage":{"@id":"https:\/\/www.noticiasradioreflejos.com.ar\/2021\/un-banquinero-fue-sancionado-por-la-ansv-y-provoco-la-celebracion-de-otros-conductores\/#primaryimage"},"image":{"@id":"https:\/\/www.noticiasradioreflejos.com.ar\/2021\/un-banquinero-fue-sancionado-por-la-ansv-y-provoco-la-celebracion-de-otros-conductores\/#primaryimage"},"thumbnailUrl":"https:\/\/www.noticiasradioreflejos.com.ar\/2021\/wp-content\/uploads\/2024\/10\/ASVN.jpg","datePublished":"2024-10-15T23:40:04+00:00","author":{"@id":"https:\/\/www.noticiasradioreflejos.com.ar\/2021\/#\/schema\/person\/ad82545263dcc5ec0996818884fd5fb1"},"breadcrumb":{"@id":"https:\/\/www.noticiasradioreflejos.com.ar\/2021\/un-banquinero-fue-sancionado-por-la-ansv-y-provoco-la-celebracion-de-otros-conductores\/#breadcrumb"},"inLanguage":"es","potentialAction":[{"@type":"ReadAction","target":["https:\/\/www.noticiasradioreflejos.com.ar\/2021\/un-banquinero-fue-sancionado-por-la-ansv-y-provoco-la-celebracion-de-otros-conductores\/"]}]},{"@type":"ImageObject","inLanguage":"es","@id":"https:\/\/www.noticiasradioreflejos.com.ar\/2021\/un-banquinero-fue-sancionado-por-la-ansv-y-provoco-la-celebracion-de-otros-conductores\/#primaryimage","url":"https:\/\/www.noticiasradioreflejos.com.ar\/2021\/wp-content\/uploads\/2024\/10\/ASVN.jpg","contentUrl":"https:\/\/www.noticiasradioreflejos.com.ar\/2021\/wp-content\/uploads\/2024\/10\/ASVN.jpg","width":607,"height":374},{"@type":"BreadcrumbList","@id":"https:\/\/www.noticiasradioreflejos.com.ar\/2021\/un-banquinero-fue-sancionado-por-la-ansv-y-provoco-la-celebracion-de-otros-conductores\/#breadcrumb","itemListElement":[{"@type":"ListItem","position":1,"name":"Portada","item":"https:\/\/www.noticiasradioreflejos.com.ar\/2021\/"},{"@type":"ListItem","position":2,"name":"Un banquinero fue sancionado por la ANSV y provoc\u00f3 la celebraci\u00f3n de otros conductores"}]},{"@type":"WebSite","@id":"https:\/\/www.noticiasradioreflejos.com.ar\/2021\/#website","url":"https:\/\/www.noticiasradioreflejos.com.ar\/2021\/","name":"Noticias Radio Reflejos","description":"Las noticias de mi comarca","potentialAction":[{"@type":"SearchAction","target":{"@type":"EntryPoint","urlTemplate":"https:\/\/www.noticiasradioreflejos.com.ar\/2021\/?s={search_term_string}"},"query-input":{"@type":"PropertyValueSpecification","valueRequired":true,"valueName":"search_term_string"}}],"inLanguage":"es"},{"@type":"Person","@id":"https:\/\/www.noticiasradioreflejos.com.ar\/2021\/#\/schema\/person\/ad82545263dcc5ec0996818884fd5fb1","name":"Arnaldo Botto","image":{"@type":"ImageObject","inLanguage":"es","@id":"https:\/\/www.noticiasradioreflejos.com.ar\/2021\/#\/schema\/person\/image\/","url":"https:\/\/secure.gravatar.com\/avatar\/55cb5e37c1efa326397366e6974cb338056df65cb50e7d64d1cf314e87504837?s=96&d=mm&r=g","contentUrl":"https:\/\/secure.gravatar.com\/avatar\/55cb5e37c1efa326397366e6974cb338056df65cb50e7d64d1cf314e87504837?s=96&d=mm&r=g","caption":"Arnaldo Botto"},"url":"https:\/\/www.noticiasradioreflejos.com.ar\/2021\/author\/arnaldo\/"}]}},"_links":{"self":[{"href":"https:\/\/www.noticiasradioreflejos.com.ar\/2021\/wp-json\/wp\/v2\/posts\/108461","targetHints":{"allow":["GET"]}}],"collection":[{"href":"https:\/\/www.noticiasradioreflejos.com.ar\/2021\/wp-json\/wp\/v2\/posts"}],"about":[{"href":"https:\/\/www.noticiasradioreflejos.com.ar\/2021\/wp-json\/wp\/v2\/types\/post"}],"author":[{"embeddable":true,"href":"https:\/\/www.noticiasradioreflejos.com.ar\/2021\/wp-json\/wp\/v2\/users\/3"}],"replies":[{"embeddable":true,"href":"https:\/\/www.noticiasradioreflejos.com.ar\/2021\/wp-json\/wp\/v2\/comments?post=108461"}],"version-history":[{"count":1,"href":"https:\/\/www.noticiasradioreflejos.com.ar\/2021\/wp-json\/wp\/v2\/posts\/108461\/revisions"}],"predecessor-version":[{"id":108463,"href":"https:\/\/www.noticiasradioreflejos.com.ar\/2021\/wp-json\/wp\/v2\/posts\/108461\/revisions\/108463"}],"wp:featuredmedia":[{"embeddable":true,"href":"https:\/\/www.noticiasradioreflejos.com.ar\/2021\/wp-json\/wp\/v2\/media\/108462"}],"wp:attachment":[{"href":"https:\/\/www.noticiasradioreflejos.com.ar\/2021\/wp-json\/wp\/v2\/media?parent=108461"}],"wp:term":[{"taxonomy":"category","embeddable":true,"href":"https:\/\/www.noticiasradioreflejos.com.ar\/2021\/wp-json\/wp\/v2\/categories?post=108461"},{"taxonomy":"post_tag","embeddable":true,"href":"https:\/\/www.noticiasradioreflejos.com.ar\/2021\/wp-json\/wp\/v2\/tags?post=108461"}],"curies":[{"name":"wp","href":"https:\/\/api.w.org\/{rel}","templated":true}]}}