{"id":108457,"date":"2024-10-15T19:57:06","date_gmt":"2024-10-15T22:57:06","guid":{"rendered":"https:\/\/www.noticiasradioreflejos.com.ar\/2021\/?p=108457"},"modified":"2024-10-15T19:57:06","modified_gmt":"2024-10-15T22:57:06","slug":"dengue-vecinos-del-barrio-cerro-ceferino-preocupados-por-el-criadero-de-mosquitos-que-les-dejaron","status":"publish","type":"post","link":"https:\/\/www.noticiasradioreflejos.com.ar\/2021\/dengue-vecinos-del-barrio-cerro-ceferino-preocupados-por-el-criadero-de-mosquitos-que-les-dejaron\/","title":{"rendered":"Dengue: Vecinos del barrio Cerro Ceferino preocupados por el criadero de mosquitos que les dejaron"},"content":{"rendered":"<p>Aseguran que si bien concluyeron con los trabajos en la cantera improvisada que hab\u00edan montado, nadie fue a tapar los grandes pozos ni a nivelar las monta\u00f1as de tierra.<!--more--><\/p>\n<p>Esta ma\u00f1ana varios vecinos del barrio Cerro Ceferino se comunicaron con cierto grado de indignaci\u00f3n y preocupaci\u00f3n, ante la inminente llegada del calor y los problemas que trae aparejado esto.<\/p>\n<p>Con la provincia en alerta m\u00e1xima hace tiempo, anunciando un inminente arribo del dengue por la proliferaci\u00f3n del mosquito, esta gente del partido de Su\u00e1rez ve con horror c\u00f3mo ha quedado el predio donde hasta hace poco funcion\u00f3 una suerte de cantera.<\/p>\n<p>\u201cVenimos haciendo reclamos hace m\u00e1s de dos meses, porque la cantera se cerr\u00f3, pero nunca se acomod\u00f3 el sector y se formaron laguitos. Ah\u00ed tenemos un criadero de mosquitos impresionante. Mucha prevenci\u00f3n de un lado pero del otro un desastre\u201d recalcaron.<\/p>\n<p>Seg\u00fan aseguraron los pozos y las monta\u00f1as de tierra dieron el ecosistema ideal para que ese tipo de insecto se cr\u00ede sin mayores problemas, y ya temen con lo que pueda ocurrir en pr\u00f3ximos d\u00edas.<\/p>\n<p>Vale recordar que por caso, en Bah\u00eda Blanca, las campa\u00f1as de prevenci\u00f3n ya comenzaron.<\/p>\n<p>En di\u00e1logo con el portal colega BHInfo, el el titular del \u00e1rea de Salud bahiense, Federico Bugatti, asegur\u00f3 que \u201cya estamos con los protocolos, preparando los consultorios febriles y los seguimientos de los pacientes v\u00eda telef\u00f3nica, continuando con la campa\u00f1a de eliminaci\u00f3n de criaderos, articulando con los hospitales y esperando dar la mejor respuesta posible\u201d.<\/p>\n<p>Del mismo modo destac\u00f3 que \u201ctodo parece indicar que va a haber un poco m\u00e1s de casos que en a\u00f1os anteriores, teniendo en cuenta c\u00f3mo se dio la circulaci\u00f3n viral en algunas provincias durante el invierno, donde no se dio una pausa como en Bah\u00eda\u201d.<\/p>\n","protected":false},"excerpt":{"rendered":"<p>Aseguran que si bien concluyeron con los trabajos en la cantera improvisada que hab\u00edan montado, nadie fue a tapar los grandes pozos ni a nivelar las monta\u00f1as de tierra.<\/p>\n","protected":false},"author":3,"featured_media":0,"comment_status":"closed","ping_status":"closed","sticky":false,"template":"","format":"standard","meta":{"footnotes":""},"categories":[24],"tags":[48],"class_list":["post-108457","post","type-post","status-publish","format-standard","hentry","category-politica","tag-destacada"],"yoast_head":"<!-- This site is optimized with the Yoast SEO plugin v25.9 - https:\/\/yoast.com\/wordpress\/plugins\/seo\/ -->\n<title>Dengue: Vecinos del barrio Cerro Ceferino preocupados por el criadero de mosquitos que les dejaron - Noticias Radio Reflejos<\/title>\n<meta name=\"robots\" content=\"index, follow, max-snippet:-1, max-image-preview:large, max-video-preview:-1\" \/>\n<link rel=\"canonical\" href=\"https:\/\/www.noticiasradioreflejos.com.ar\/2021\/dengue-vecinos-del-barrio-cerro-ceferino-preocupados-por-el-criadero-de-mosquitos-que-les-dejaron\/\" \/>\n<meta property=\"og:locale\" content=\"es_ES\" \/>\n<meta property=\"og:type\" content=\"article\" \/>\n<meta property=\"og:title\" content=\"Dengue: Vecinos del barrio Cerro Ceferino preocupados por el criadero de mosquitos que les dejaron - Noticias Radio Reflejos\" \/>\n<meta property=\"og:description\" content=\"Aseguran que si bien concluyeron con los trabajos en la cantera improvisada que hab\u00edan montado, nadie fue a tapar los grandes pozos ni a nivelar las monta\u00f1as de tierra.\" \/>\n<meta property=\"og:url\" content=\"https:\/\/www.noticiasradioreflejos.com.ar\/2021\/dengue-vecinos-del-barrio-cerro-ceferino-preocupados-por-el-criadero-de-mosquitos-que-les-dejaron\/\" \/>\n<meta property=\"og:site_name\" content=\"Noticias Radio Reflejos\" \/>\n<meta property=\"article:published_time\" content=\"2024-10-15T22:57:06+00:00\" \/>\n<meta property=\"og:image\" content=\"https:\/\/www.noticiasradioreflejos.com.ar\/2021\/wp-content\/uploads\/2024\/07\/Cantera-Cerro-Ceferino-1.jpg\" \/>\n\t<meta property=\"og:image:width\" content=\"900\" \/>\n\t<meta property=\"og:image:height\" content=\"897\" \/>\n\t<meta property=\"og:image:type\" content=\"image\/jpeg\" \/>\n<meta name=\"author\" content=\"Arnaldo Botto\" \/>\n<meta name=\"twitter:card\" content=\"summary_large_image\" \/>\n<script type=\"application\/ld+json\" class=\"yoast-schema-graph\">{\"@context\":\"https:\/\/schema.org\",\"@graph\":[{\"@type\":\"WebPage\",\"@id\":\"https:\/\/www.noticiasradioreflejos.com.ar\/2021\/dengue-vecinos-del-barrio-cerro-ceferino-preocupados-por-el-criadero-de-mosquitos-que-les-dejaron\/\",\"url\":\"https:\/\/www.noticiasradioreflejos.com.ar\/2021\/dengue-vecinos-del-barrio-cerro-ceferino-preocupados-por-el-criadero-de-mosquitos-que-les-dejaron\/\",\"name\":\"Dengue: Vecinos del barrio Cerro Ceferino preocupados por el criadero de mosquitos que les dejaron - Noticias Radio Reflejos\",\"isPartOf\":{\"@id\":\"https:\/\/www.noticiasradioreflejos.com.ar\/2021\/#website\"},\"datePublished\":\"2024-10-15T22:57:06+00:00\",\"author\":{\"@id\":\"https:\/\/www.noticiasradioreflejos.com.ar\/2021\/#\/schema\/person\/ad82545263dcc5ec0996818884fd5fb1\"},\"breadcrumb\":{\"@id\":\"https:\/\/www.noticiasradioreflejos.com.ar\/2021\/dengue-vecinos-del-barrio-cerro-ceferino-preocupados-por-el-criadero-de-mosquitos-que-les-dejaron\/#breadcrumb\"},\"inLanguage\":\"es\",\"potentialAction\":[{\"@type\":\"ReadAction\",\"target\":[\"https:\/\/www.noticiasradioreflejos.com.ar\/2021\/dengue-vecinos-del-barrio-cerro-ceferino-preocupados-por-el-criadero-de-mosquitos-que-les-dejaron\/\"]}]},{\"@type\":\"BreadcrumbList\",\"@id\":\"https:\/\/www.noticiasradioreflejos.com.ar\/2021\/dengue-vecinos-del-barrio-cerro-ceferino-preocupados-por-el-criadero-de-mosquitos-que-les-dejaron\/#breadcrumb\",\"itemListElement\":[{\"@type\":\"ListItem\",\"position\":1,\"name\":\"Portada\",\"item\":\"https:\/\/www.noticiasradioreflejos.com.ar\/2021\/\"},{\"@type\":\"ListItem\",\"position\":2,\"name\":\"Dengue: Vecinos del barrio Cerro Ceferino preocupados por el criadero de mosquitos que les dejaron\"}]},{\"@type\":\"WebSite\",\"@id\":\"https:\/\/www.noticiasradioreflejos.com.ar\/2021\/#website\",\"url\":\"https:\/\/www.noticiasradioreflejos.com.ar\/2021\/\",\"name\":\"Noticias Radio Reflejos\",\"description\":\"Las noticias de mi comarca\",\"potentialAction\":[{\"@type\":\"SearchAction\",\"target\":{\"@type\":\"EntryPoint\",\"urlTemplate\":\"https:\/\/www.noticiasradioreflejos.com.ar\/2021\/?s={search_term_string}\"},\"query-input\":{\"@type\":\"PropertyValueSpecification\",\"valueRequired\":true,\"valueName\":\"search_term_string\"}}],\"inLanguage\":\"es\"},{\"@type\":\"Person\",\"@id\":\"https:\/\/www.noticiasradioreflejos.com.ar\/2021\/#\/schema\/person\/ad82545263dcc5ec0996818884fd5fb1\",\"name\":\"Arnaldo Botto\",\"image\":{\"@type\":\"ImageObject\",\"inLanguage\":\"es\",\"@id\":\"https:\/\/www.noticiasradioreflejos.com.ar\/2021\/#\/schema\/person\/image\/\",\"url\":\"https:\/\/secure.gravatar.com\/avatar\/55cb5e37c1efa326397366e6974cb338056df65cb50e7d64d1cf314e87504837?s=96&d=mm&r=g\",\"contentUrl\":\"https:\/\/secure.gravatar.com\/avatar\/55cb5e37c1efa326397366e6974cb338056df65cb50e7d64d1cf314e87504837?s=96&d=mm&r=g\",\"caption\":\"Arnaldo Botto\"},\"url\":\"https:\/\/www.noticiasradioreflejos.com.ar\/2021\/author\/arnaldo\/\"}]}<\/script>\n<!-- \/ Yoast SEO plugin. -->","yoast_head_json":{"title":"Dengue: Vecinos del barrio Cerro Ceferino preocupados por el criadero de mosquitos que les dejaron - Noticias Radio Reflejos","robots":{"index":"index","follow":"follow","max-snippet":"max-snippet:-1","max-image-preview":"max-image-preview:large","max-video-preview":"max-video-preview:-1"},"canonical":"https:\/\/www.noticiasradioreflejos.com.ar\/2021\/dengue-vecinos-del-barrio-cerro-ceferino-preocupados-por-el-criadero-de-mosquitos-que-les-dejaron\/","og_locale":"es_ES","og_type":"article","og_title":"Dengue: Vecinos del barrio Cerro Ceferino preocupados por el criadero de mosquitos que les dejaron - Noticias Radio Reflejos","og_description":"Aseguran que si bien concluyeron con los trabajos en la cantera improvisada que hab\u00edan montado, nadie fue a tapar los grandes pozos ni a nivelar las monta\u00f1as de tierra.","og_url":"https:\/\/www.noticiasradioreflejos.com.ar\/2021\/dengue-vecinos-del-barrio-cerro-ceferino-preocupados-por-el-criadero-de-mosquitos-que-les-dejaron\/","og_site_name":"Noticias Radio Reflejos","article_published_time":"2024-10-15T22:57:06+00:00","og_image":[{"width":900,"height":897,"url":"https:\/\/www.noticiasradioreflejos.com.ar\/2021\/wp-content\/uploads\/2024\/07\/Cantera-Cerro-Ceferino-1.jpg","type":"image\/jpeg"}],"author":"Arnaldo Botto","twitter_card":"summary_large_image","schema":{"@context":"https:\/\/schema.org","@graph":[{"@type":"WebPage","@id":"https:\/\/www.noticiasradioreflejos.com.ar\/2021\/dengue-vecinos-del-barrio-cerro-ceferino-preocupados-por-el-criadero-de-mosquitos-que-les-dejaron\/","url":"https:\/\/www.noticiasradioreflejos.com.ar\/2021\/dengue-vecinos-del-barrio-cerro-ceferino-preocupados-por-el-criadero-de-mosquitos-que-les-dejaron\/","name":"Dengue: Vecinos del barrio Cerro Ceferino preocupados por el criadero de mosquitos que les dejaron - Noticias Radio Reflejos","isPartOf":{"@id":"https:\/\/www.noticiasradioreflejos.com.ar\/2021\/#website"},"datePublished":"2024-10-15T22:57:06+00:00","author":{"@id":"https:\/\/www.noticiasradioreflejos.com.ar\/2021\/#\/schema\/person\/ad82545263dcc5ec0996818884fd5fb1"},"breadcrumb":{"@id":"https:\/\/www.noticiasradioreflejos.com.ar\/2021\/dengue-vecinos-del-barrio-cerro-ceferino-preocupados-por-el-criadero-de-mosquitos-que-les-dejaron\/#breadcrumb"},"inLanguage":"es","potentialAction":[{"@type":"ReadAction","target":["https:\/\/www.noticiasradioreflejos.com.ar\/2021\/dengue-vecinos-del-barrio-cerro-ceferino-preocupados-por-el-criadero-de-mosquitos-que-les-dejaron\/"]}]},{"@type":"BreadcrumbList","@id":"https:\/\/www.noticiasradioreflejos.com.ar\/2021\/dengue-vecinos-del-barrio-cerro-ceferino-preocupados-por-el-criadero-de-mosquitos-que-les-dejaron\/#breadcrumb","itemListElement":[{"@type":"ListItem","position":1,"name":"Portada","item":"https:\/\/www.noticiasradioreflejos.com.ar\/2021\/"},{"@type":"ListItem","position":2,"name":"Dengue: Vecinos del barrio Cerro Ceferino preocupados por el criadero de mosquitos que les dejaron"}]},{"@type":"WebSite","@id":"https:\/\/www.noticiasradioreflejos.com.ar\/2021\/#website","url":"https:\/\/www.noticiasradioreflejos.com.ar\/2021\/","name":"Noticias Radio Reflejos","description":"Las noticias de mi comarca","potentialAction":[{"@type":"SearchAction","target":{"@type":"EntryPoint","urlTemplate":"https:\/\/www.noticiasradioreflejos.com.ar\/2021\/?s={search_term_string}"},"query-input":{"@type":"PropertyValueSpecification","valueRequired":true,"valueName":"search_term_string"}}],"inLanguage":"es"},{"@type":"Person","@id":"https:\/\/www.noticiasradioreflejos.com.ar\/2021\/#\/schema\/person\/ad82545263dcc5ec0996818884fd5fb1","name":"Arnaldo Botto","image":{"@type":"ImageObject","inLanguage":"es","@id":"https:\/\/www.noticiasradioreflejos.com.ar\/2021\/#\/schema\/person\/image\/","url":"https:\/\/secure.gravatar.com\/avatar\/55cb5e37c1efa326397366e6974cb338056df65cb50e7d64d1cf314e87504837?s=96&d=mm&r=g","contentUrl":"https:\/\/secure.gravatar.com\/avatar\/55cb5e37c1efa326397366e6974cb338056df65cb50e7d64d1cf314e87504837?s=96&d=mm&r=g","caption":"Arnaldo Botto"},"url":"https:\/\/www.noticiasradioreflejos.com.ar\/2021\/author\/arnaldo\/"}]}},"_links":{"self":[{"href":"https:\/\/www.noticiasradioreflejos.com.ar\/2021\/wp-json\/wp\/v2\/posts\/108457","targetHints":{"allow":["GET"]}}],"collection":[{"href":"https:\/\/www.noticiasradioreflejos.com.ar\/2021\/wp-json\/wp\/v2\/posts"}],"about":[{"href":"https:\/\/www.noticiasradioreflejos.com.ar\/2021\/wp-json\/wp\/v2\/types\/post"}],"author":[{"embeddable":true,"href":"https:\/\/www.noticiasradioreflejos.com.ar\/2021\/wp-json\/wp\/v2\/users\/3"}],"replies":[{"embeddable":true,"href":"https:\/\/www.noticiasradioreflejos.com.ar\/2021\/wp-json\/wp\/v2\/comments?post=108457"}],"version-history":[{"count":2,"href":"https:\/\/www.noticiasradioreflejos.com.ar\/2021\/wp-json\/wp\/v2\/posts\/108457\/revisions"}],"predecessor-version":[{"id":108459,"href":"https:\/\/www.noticiasradioreflejos.com.ar\/2021\/wp-json\/wp\/v2\/posts\/108457\/revisions\/108459"}],"wp:attachment":[{"href":"https:\/\/www.noticiasradioreflejos.com.ar\/2021\/wp-json\/wp\/v2\/media?parent=108457"}],"wp:term":[{"taxonomy":"category","embeddable":true,"href":"https:\/\/www.noticiasradioreflejos.com.ar\/2021\/wp-json\/wp\/v2\/categories?post=108457"},{"taxonomy":"post_tag","embeddable":true,"href":"https:\/\/www.noticiasradioreflejos.com.ar\/2021\/wp-json\/wp\/v2\/tags?post=108457"}],"curies":[{"name":"wp","href":"https:\/\/api.w.org\/{rel}","templated":true}]}}