{"id":108455,"date":"2024-10-15T20:17:56","date_gmt":"2024-10-15T23:17:56","guid":{"rendered":"https:\/\/www.noticiasradioreflejos.com.ar\/2021\/?p=108455"},"modified":"2024-10-15T20:17:56","modified_gmt":"2024-10-15T23:17:56","slug":"gustavo-de-vizia-sobre-las-falsas-alarmas-de-ayer-es-muy-raro-que-pasen-dos-en-un-mismo-dia","status":"publish","type":"post","link":"https:\/\/www.noticiasradioreflejos.com.ar\/2021\/gustavo-de-vizia-sobre-las-falsas-alarmas-de-ayer-es-muy-raro-que-pasen-dos-en-un-mismo-dia\/","title":{"rendered":"Gustavo De Vizia sobre las falsas alarmas de ayer: \u201cEs muy raro que pasen dos en un mismo d\u00eda\u201d"},"content":{"rendered":"<p>La autoridad m\u00e1xima del cuartel de bomberos de Sierra brind\u00f3 detalles de las dos salidas truncas que tuvieron este lunes.<!--more--><\/p>\n<p>Los vecinos de Sierra se alertaron y no es para menos. En dos momentos del d\u00eda la sirena de los bomberos son\u00f3 sin parar, y la movilizaci\u00f3n de m\u00f3viles de socorristas hizo temer lo peor. Sin embargo, en ambos casos, se trat\u00f3 de falsas alarmas.<\/p>\n<p>Al respecto Gustavo De Vizia, a cargo del cuartel, detall\u00f3 que \u201cayer al mediod\u00eda me avisan a m\u00ed desde Tornquist en la ruta 76 a pocos kil\u00f3metros de Villa. El cuartelero activa la alarma como se activa en estos casos. Nos hab\u00edan dicho que eran tres ocupantes de un auto que hab\u00eda volcado\u201d.<\/p>\n<p>Continuando con el relato remarc\u00f3 que \u201cla cuesti\u00f3n es que la b\u00fasqueda fue negativa. Los bomberos de Villa fueron hasta el abra, se recorri\u00f3 toda la ruta hasta el acceso a Sierra y no se encontr\u00f3 nada. Supuestamente una persona que ven\u00eda de Buenos Aires por la 76 hacia Tornquist\u201d.<\/p>\n<p>Seg\u00fan aclar\u00f3, \u201cel accidente lo vio, lo marc\u00f3, pero al no tener se\u00f1al le salt\u00f3 en ese lugar cuando agarr\u00f3 se\u00f1al. El accidente hab\u00eda sido en la 51 antes de llegar a la rotonda de Lamadrid y Laprida, en el cruce con la 76. Nosotros movilizamos una camioneta y un cami\u00f3n que es de rescate\u201d.<\/p>\n<p>Sobre estos problemas de comunicaci\u00f3n cont\u00f3 que \u201cnosotros pusimos una repetidora en Sierras Grandes porque antes para ese lado de Su\u00e1rez no agarr\u00e1bamos se\u00f1al. Tambi\u00e9n tenemos una repetidora en la Delfina, en El Perdido. Tel\u00e9fono no hay se\u00f1al\u201d.<\/p>\n<p>Del mismo modo, y mientras ca\u00eda la tormenta en la comarca, \u201cpas\u00f3 otra cosa extra\u00f1a, cuando un empleado rural estaba trabajando en cercan\u00edas a San Eloy, y le avis\u00f3 a su patr\u00f3n de que hab\u00eda visto un accidento en la ruta 76 a la altura de San Ram\u00f3n\u201d.<\/p>\n<p>Tal cual cont\u00f3, \u201cel due\u00f1o del campo avisa a rural, ellos a nosotros y salimos a la curva de San Ram\u00f3n donde est\u00e1 el puente. Nos avisan que era un veh\u00edculo y hab\u00eda chicos tambi\u00e9n, as\u00ed que activamos dos ambulancias por las dudas\u201d.<\/p>\n<p>Seg\u00fan dijo, \u201cah\u00ed fue negativo tambi\u00e9n. Se recorri\u00f3 todo, incluso las banquinas, desde la rotonda hasta El Relincho, eso pertenece a Su\u00e1rez. No tuvimos novedad. Dos horas despu\u00e9s se constat\u00f3 que el accidente fue en la 85, para el lado de Pringles\u201d.<\/p>\n<p>Por \u00faltimo reconoci\u00f3 que \u201ces muy raro que pasara las dos cosas en un mismo d\u00eda, pero a veces la gente no conoce las rutas y eso hace que se preste a confusi\u00f3n\u201d.<\/p>\n<p><iframe loading=\"lazy\" src=\"https:\/\/w.soundcloud.com\/player\/?url=https%3A\/\/api.soundcloud.com\/tracks\/1935367535&amp;color=%23ff5500&amp;auto_play=false&amp;hide_related=false&amp;show_comments=true&amp;show_user=true&amp;show_reposts=false&amp;show_teaser=true\" width=\"100%\" height=\"166\" frameborder=\"no\" scrolling=\"no\"><\/iframe><\/p>\n<div style=\"font-size: 10px; color: #cccccc; line-break: anywhere; word-break: normal; overflow: hidden; white-space: nowrap; text-overflow: ellipsis; font-family: Interstate,Lucida Grande,Lucida Sans Unicode,Lucida Sans,Garuda,Verdana,Tahoma,sans-serif; font-weight: 100;\"><a style=\"color: #cccccc; text-decoration: none;\" title=\"fmreflejos 103.7\" href=\"https:\/\/soundcloud.com\/fmreflejos-103-7\" target=\"_blank\" rel=\"noopener\">fmreflejos 103.7<\/a> \u00b7 <a style=\"color: #cccccc; text-decoration: none;\" title=\"Gustavo de Vizia 15-10\" href=\"https:\/\/soundcloud.com\/fmreflejos-103-7\/18606511-8ba0-4328-b90f-9e4ee74b1981\" target=\"_blank\" rel=\"noopener\">Gustavo de Vizia 15-10<\/a><\/div>\n","protected":false},"excerpt":{"rendered":"<p>La autoridad m\u00e1xima del cuartel de bomberos de Sierra brind\u00f3 detalles de las dos salidas truncas que tuvieron este lunes.<\/p>\n","protected":false},"author":3,"featured_media":0,"comment_status":"closed","ping_status":"closed","sticky":false,"template":"","format":"standard","meta":{"footnotes":""},"categories":[26],"tags":[48],"class_list":["post-108455","post","type-post","status-publish","format-standard","hentry","category-sociedad","tag-destacada"],"yoast_head":"<!-- This site is optimized with the Yoast SEO plugin v25.9 - https:\/\/yoast.com\/wordpress\/plugins\/seo\/ -->\n<title>Gustavo De Vizia sobre las falsas alarmas de ayer: \u201cEs muy raro que pasen dos en un mismo d\u00eda\u201d - Noticias Radio Reflejos<\/title>\n<meta name=\"robots\" content=\"index, follow, max-snippet:-1, max-image-preview:large, max-video-preview:-1\" \/>\n<link rel=\"canonical\" href=\"https:\/\/www.noticiasradioreflejos.com.ar\/2021\/gustavo-de-vizia-sobre-las-falsas-alarmas-de-ayer-es-muy-raro-que-pasen-dos-en-un-mismo-dia\/\" \/>\n<meta property=\"og:locale\" content=\"es_ES\" \/>\n<meta property=\"og:type\" content=\"article\" \/>\n<meta property=\"og:title\" content=\"Gustavo De Vizia sobre las falsas alarmas de ayer: \u201cEs muy raro que pasen dos en un mismo d\u00eda\u201d - Noticias Radio Reflejos\" \/>\n<meta property=\"og:description\" content=\"La autoridad m\u00e1xima del cuartel de bomberos de Sierra brind\u00f3 detalles de las dos salidas truncas que tuvieron este lunes.\" \/>\n<meta property=\"og:url\" content=\"https:\/\/www.noticiasradioreflejos.com.ar\/2021\/gustavo-de-vizia-sobre-las-falsas-alarmas-de-ayer-es-muy-raro-que-pasen-dos-en-un-mismo-dia\/\" \/>\n<meta property=\"og:site_name\" content=\"Noticias Radio Reflejos\" \/>\n<meta property=\"article:published_time\" content=\"2024-10-15T23:17:56+00:00\" \/>\n<meta property=\"og:image\" content=\"https:\/\/www.noticiasradioreflejos.com.ar\/2021\/wp-content\/uploads\/2021\/07\/logosol300x200.png\" \/>\n\t<meta property=\"og:image:width\" content=\"300\" \/>\n\t<meta property=\"og:image:height\" content=\"200\" \/>\n\t<meta property=\"og:image:type\" content=\"image\/png\" \/>\n<meta name=\"author\" content=\"Arnaldo Botto\" \/>\n<meta name=\"twitter:card\" content=\"summary_large_image\" \/>\n<script type=\"application\/ld+json\" class=\"yoast-schema-graph\">{\"@context\":\"https:\/\/schema.org\",\"@graph\":[{\"@type\":\"WebPage\",\"@id\":\"https:\/\/www.noticiasradioreflejos.com.ar\/2021\/gustavo-de-vizia-sobre-las-falsas-alarmas-de-ayer-es-muy-raro-que-pasen-dos-en-un-mismo-dia\/\",\"url\":\"https:\/\/www.noticiasradioreflejos.com.ar\/2021\/gustavo-de-vizia-sobre-las-falsas-alarmas-de-ayer-es-muy-raro-que-pasen-dos-en-un-mismo-dia\/\",\"name\":\"Gustavo De Vizia sobre las falsas alarmas de ayer: \u201cEs muy raro que pasen dos en un mismo d\u00eda\u201d - Noticias Radio Reflejos\",\"isPartOf\":{\"@id\":\"https:\/\/www.noticiasradioreflejos.com.ar\/2021\/#website\"},\"datePublished\":\"2024-10-15T23:17:56+00:00\",\"author\":{\"@id\":\"https:\/\/www.noticiasradioreflejos.com.ar\/2021\/#\/schema\/person\/ad82545263dcc5ec0996818884fd5fb1\"},\"breadcrumb\":{\"@id\":\"https:\/\/www.noticiasradioreflejos.com.ar\/2021\/gustavo-de-vizia-sobre-las-falsas-alarmas-de-ayer-es-muy-raro-que-pasen-dos-en-un-mismo-dia\/#breadcrumb\"},\"inLanguage\":\"es\",\"potentialAction\":[{\"@type\":\"ReadAction\",\"target\":[\"https:\/\/www.noticiasradioreflejos.com.ar\/2021\/gustavo-de-vizia-sobre-las-falsas-alarmas-de-ayer-es-muy-raro-que-pasen-dos-en-un-mismo-dia\/\"]}]},{\"@type\":\"BreadcrumbList\",\"@id\":\"https:\/\/www.noticiasradioreflejos.com.ar\/2021\/gustavo-de-vizia-sobre-las-falsas-alarmas-de-ayer-es-muy-raro-que-pasen-dos-en-un-mismo-dia\/#breadcrumb\",\"itemListElement\":[{\"@type\":\"ListItem\",\"position\":1,\"name\":\"Portada\",\"item\":\"https:\/\/www.noticiasradioreflejos.com.ar\/2021\/\"},{\"@type\":\"ListItem\",\"position\":2,\"name\":\"Gustavo De Vizia sobre las falsas alarmas de ayer: \u201cEs muy raro que pasen dos en un mismo d\u00eda\u201d\"}]},{\"@type\":\"WebSite\",\"@id\":\"https:\/\/www.noticiasradioreflejos.com.ar\/2021\/#website\",\"url\":\"https:\/\/www.noticiasradioreflejos.com.ar\/2021\/\",\"name\":\"Noticias Radio Reflejos\",\"description\":\"Las noticias de mi comarca\",\"potentialAction\":[{\"@type\":\"SearchAction\",\"target\":{\"@type\":\"EntryPoint\",\"urlTemplate\":\"https:\/\/www.noticiasradioreflejos.com.ar\/2021\/?s={search_term_string}\"},\"query-input\":{\"@type\":\"PropertyValueSpecification\",\"valueRequired\":true,\"valueName\":\"search_term_string\"}}],\"inLanguage\":\"es\"},{\"@type\":\"Person\",\"@id\":\"https:\/\/www.noticiasradioreflejos.com.ar\/2021\/#\/schema\/person\/ad82545263dcc5ec0996818884fd5fb1\",\"name\":\"Arnaldo Botto\",\"image\":{\"@type\":\"ImageObject\",\"inLanguage\":\"es\",\"@id\":\"https:\/\/www.noticiasradioreflejos.com.ar\/2021\/#\/schema\/person\/image\/\",\"url\":\"https:\/\/secure.gravatar.com\/avatar\/55cb5e37c1efa326397366e6974cb338056df65cb50e7d64d1cf314e87504837?s=96&d=mm&r=g\",\"contentUrl\":\"https:\/\/secure.gravatar.com\/avatar\/55cb5e37c1efa326397366e6974cb338056df65cb50e7d64d1cf314e87504837?s=96&d=mm&r=g\",\"caption\":\"Arnaldo Botto\"},\"url\":\"https:\/\/www.noticiasradioreflejos.com.ar\/2021\/author\/arnaldo\/\"}]}<\/script>\n<!-- \/ Yoast SEO plugin. -->","yoast_head_json":{"title":"Gustavo De Vizia sobre las falsas alarmas de ayer: \u201cEs muy raro que pasen dos en un mismo d\u00eda\u201d - Noticias Radio Reflejos","robots":{"index":"index","follow":"follow","max-snippet":"max-snippet:-1","max-image-preview":"max-image-preview:large","max-video-preview":"max-video-preview:-1"},"canonical":"https:\/\/www.noticiasradioreflejos.com.ar\/2021\/gustavo-de-vizia-sobre-las-falsas-alarmas-de-ayer-es-muy-raro-que-pasen-dos-en-un-mismo-dia\/","og_locale":"es_ES","og_type":"article","og_title":"Gustavo De Vizia sobre las falsas alarmas de ayer: \u201cEs muy raro que pasen dos en un mismo d\u00eda\u201d - Noticias Radio Reflejos","og_description":"La autoridad m\u00e1xima del cuartel de bomberos de Sierra brind\u00f3 detalles de las dos salidas truncas que tuvieron este lunes.","og_url":"https:\/\/www.noticiasradioreflejos.com.ar\/2021\/gustavo-de-vizia-sobre-las-falsas-alarmas-de-ayer-es-muy-raro-que-pasen-dos-en-un-mismo-dia\/","og_site_name":"Noticias Radio Reflejos","article_published_time":"2024-10-15T23:17:56+00:00","og_image":[{"width":300,"height":200,"url":"https:\/\/www.noticiasradioreflejos.com.ar\/2021\/wp-content\/uploads\/2021\/07\/logosol300x200.png","type":"image\/png"}],"author":"Arnaldo Botto","twitter_card":"summary_large_image","schema":{"@context":"https:\/\/schema.org","@graph":[{"@type":"WebPage","@id":"https:\/\/www.noticiasradioreflejos.com.ar\/2021\/gustavo-de-vizia-sobre-las-falsas-alarmas-de-ayer-es-muy-raro-que-pasen-dos-en-un-mismo-dia\/","url":"https:\/\/www.noticiasradioreflejos.com.ar\/2021\/gustavo-de-vizia-sobre-las-falsas-alarmas-de-ayer-es-muy-raro-que-pasen-dos-en-un-mismo-dia\/","name":"Gustavo De Vizia sobre las falsas alarmas de ayer: \u201cEs muy raro que pasen dos en un mismo d\u00eda\u201d - Noticias Radio Reflejos","isPartOf":{"@id":"https:\/\/www.noticiasradioreflejos.com.ar\/2021\/#website"},"datePublished":"2024-10-15T23:17:56+00:00","author":{"@id":"https:\/\/www.noticiasradioreflejos.com.ar\/2021\/#\/schema\/person\/ad82545263dcc5ec0996818884fd5fb1"},"breadcrumb":{"@id":"https:\/\/www.noticiasradioreflejos.com.ar\/2021\/gustavo-de-vizia-sobre-las-falsas-alarmas-de-ayer-es-muy-raro-que-pasen-dos-en-un-mismo-dia\/#breadcrumb"},"inLanguage":"es","potentialAction":[{"@type":"ReadAction","target":["https:\/\/www.noticiasradioreflejos.com.ar\/2021\/gustavo-de-vizia-sobre-las-falsas-alarmas-de-ayer-es-muy-raro-que-pasen-dos-en-un-mismo-dia\/"]}]},{"@type":"BreadcrumbList","@id":"https:\/\/www.noticiasradioreflejos.com.ar\/2021\/gustavo-de-vizia-sobre-las-falsas-alarmas-de-ayer-es-muy-raro-que-pasen-dos-en-un-mismo-dia\/#breadcrumb","itemListElement":[{"@type":"ListItem","position":1,"name":"Portada","item":"https:\/\/www.noticiasradioreflejos.com.ar\/2021\/"},{"@type":"ListItem","position":2,"name":"Gustavo De Vizia sobre las falsas alarmas de ayer: \u201cEs muy raro que pasen dos en un mismo d\u00eda\u201d"}]},{"@type":"WebSite","@id":"https:\/\/www.noticiasradioreflejos.com.ar\/2021\/#website","url":"https:\/\/www.noticiasradioreflejos.com.ar\/2021\/","name":"Noticias Radio Reflejos","description":"Las noticias de mi comarca","potentialAction":[{"@type":"SearchAction","target":{"@type":"EntryPoint","urlTemplate":"https:\/\/www.noticiasradioreflejos.com.ar\/2021\/?s={search_term_string}"},"query-input":{"@type":"PropertyValueSpecification","valueRequired":true,"valueName":"search_term_string"}}],"inLanguage":"es"},{"@type":"Person","@id":"https:\/\/www.noticiasradioreflejos.com.ar\/2021\/#\/schema\/person\/ad82545263dcc5ec0996818884fd5fb1","name":"Arnaldo Botto","image":{"@type":"ImageObject","inLanguage":"es","@id":"https:\/\/www.noticiasradioreflejos.com.ar\/2021\/#\/schema\/person\/image\/","url":"https:\/\/secure.gravatar.com\/avatar\/55cb5e37c1efa326397366e6974cb338056df65cb50e7d64d1cf314e87504837?s=96&d=mm&r=g","contentUrl":"https:\/\/secure.gravatar.com\/avatar\/55cb5e37c1efa326397366e6974cb338056df65cb50e7d64d1cf314e87504837?s=96&d=mm&r=g","caption":"Arnaldo Botto"},"url":"https:\/\/www.noticiasradioreflejos.com.ar\/2021\/author\/arnaldo\/"}]}},"_links":{"self":[{"href":"https:\/\/www.noticiasradioreflejos.com.ar\/2021\/wp-json\/wp\/v2\/posts\/108455","targetHints":{"allow":["GET"]}}],"collection":[{"href":"https:\/\/www.noticiasradioreflejos.com.ar\/2021\/wp-json\/wp\/v2\/posts"}],"about":[{"href":"https:\/\/www.noticiasradioreflejos.com.ar\/2021\/wp-json\/wp\/v2\/types\/post"}],"author":[{"embeddable":true,"href":"https:\/\/www.noticiasradioreflejos.com.ar\/2021\/wp-json\/wp\/v2\/users\/3"}],"replies":[{"embeddable":true,"href":"https:\/\/www.noticiasradioreflejos.com.ar\/2021\/wp-json\/wp\/v2\/comments?post=108455"}],"version-history":[{"count":2,"href":"https:\/\/www.noticiasradioreflejos.com.ar\/2021\/wp-json\/wp\/v2\/posts\/108455\/revisions"}],"predecessor-version":[{"id":108460,"href":"https:\/\/www.noticiasradioreflejos.com.ar\/2021\/wp-json\/wp\/v2\/posts\/108455\/revisions\/108460"}],"wp:attachment":[{"href":"https:\/\/www.noticiasradioreflejos.com.ar\/2021\/wp-json\/wp\/v2\/media?parent=108455"}],"wp:term":[{"taxonomy":"category","embeddable":true,"href":"https:\/\/www.noticiasradioreflejos.com.ar\/2021\/wp-json\/wp\/v2\/categories?post=108455"},{"taxonomy":"post_tag","embeddable":true,"href":"https:\/\/www.noticiasradioreflejos.com.ar\/2021\/wp-json\/wp\/v2\/tags?post=108455"}],"curies":[{"name":"wp","href":"https:\/\/api.w.org\/{rel}","templated":true}]}}