{"id":108452,"date":"2024-10-15T17:39:17","date_gmt":"2024-10-15T20:39:17","guid":{"rendered":"https:\/\/www.noticiasradioreflejos.com.ar\/2021\/?p=108452"},"modified":"2024-10-16T08:45:00","modified_gmt":"2024-10-16T11:45:00","slug":"los-juegos-olimpicos-dejaran-de-contar-con-uno-de-los-deportes-que-mas-medallas-le-dio-a-la-argentina","status":"publish","type":"post","link":"https:\/\/www.noticiasradioreflejos.com.ar\/2021\/los-juegos-olimpicos-dejaran-de-contar-con-uno-de-los-deportes-que-mas-medallas-le-dio-a-la-argentina\/","title":{"rendered":"Los Juegos Ol\u00edmpicos dejar\u00e1n de contar con uno de los deportes que m\u00e1s medallas le dio a la Argentina"},"content":{"rendered":"<p>El <strong style=\"color: #333333; font-size: 15px;\">Comit\u00e9 Ol\u00edmpico Internacional (COI) tom\u00f3 la determinaci\u00f3n de excluir al boxeo<\/strong><span style=\"color: #333333; font-size: 15px;\">\u00a0de la lista de deportes que estar\u00e1n\u00a0<\/span><strong style=\"color: #333333; font-size: 15px;\">presentes en los Juegos Ol\u00edmpicos de Los \u00c1ngeles 2028.\u00a0<\/strong><br \/>\n<!--more--><\/p>\n<p>Tras lo que fue la\u00a0<strong>confirmaci\u00f3n del breakdance como primer deporte que se ausentar\u00e1 en la pr\u00f3xima edici\u00f3n ol\u00edmpica<\/strong>, el ente regulador de la competencia polideportiva sum\u00f3 una nueva baja a esta lista ya que fue anunciada la<strong>\u00a0exclusi\u00f3n del boxeo de los Juegos Ol\u00edmpicos tras 120 a\u00f1os ininterrumpidos.\u00a0<\/strong><\/p>\n<p>El COI<strong>\u00a0argumenta que falta un organismo rector a nivel global para representar y organizar la participaci\u00f3n del deporte<\/strong>\u00a0pugil\u00edstico. Esto se da en medio de las\u00a0<strong>disputas legales entre el ente que regula la competencia polideportiva y la Asociaci\u00f3n Internacional de Boxeo (AIBA)<\/strong>,\u00a0federaci\u00f3n a la que el organismo rector le quit\u00f3 en 2023 el reconocimiento denunciado m\u00faltiples irregularidades.<\/p>\n<p>Adem\u00e1s, el Comit\u00e9 Ol\u00edmpico Internacional notific\u00f3 que<strong>\u00a0todas aquellas que se mantengan fieles a la AIBA ser\u00edan excluidas de las competencias.\u00a0<\/strong><\/p>\n<p>Esto significa un duro golpe para el deporte argentino ya que\u00a0<strong>el boxeo fue la disciplina que m\u00e1s medallas le dio<\/strong>. En total fueron\u00a0<strong>24 medallas argentinas en las citas ol\u00edmpicas consecuencia de siete doradas, siete plateadas y diez de bronce\u00a0<\/strong>siendo Pablo Chac\u00f3n el \u00faltimo que subi\u00f3 al podio,\u00a0llev\u00e1ndose el tercer lugar en la edici\u00f3n de Atlanta 1996.<\/p>\n<p>&nbsp;<\/p>\n<p><em><strong>Fuente NA<\/strong><\/em><\/p>\n","protected":false},"excerpt":{"rendered":"<p>El Comit\u00e9 Ol\u00edmpico Internacional (COI) tom\u00f3 la determinaci\u00f3n de excluir al boxeo\u00a0de la lista de deportes que estar\u00e1n\u00a0presentes en los Juegos Ol\u00edmpicos de Los \u00c1ngeles 2028.\u00a0<\/p>\n","protected":false},"author":3,"featured_media":108453,"comment_status":"closed","ping_status":"closed","sticky":false,"template":"","format":"standard","meta":{"footnotes":""},"categories":[27],"tags":[],"class_list":["post-108452","post","type-post","status-publish","format-standard","has-post-thumbnail","hentry","category-deportes"],"yoast_head":"<!-- This site is optimized with the Yoast SEO plugin v25.9 - https:\/\/yoast.com\/wordpress\/plugins\/seo\/ -->\n<title>Los Juegos Ol\u00edmpicos dejar\u00e1n de contar con uno de los deportes que m\u00e1s medallas le dio a la Argentina - Noticias Radio Reflejos<\/title>\n<meta name=\"robots\" content=\"index, follow, max-snippet:-1, max-image-preview:large, max-video-preview:-1\" \/>\n<link rel=\"canonical\" href=\"https:\/\/www.noticiasradioreflejos.com.ar\/2021\/los-juegos-olimpicos-dejaran-de-contar-con-uno-de-los-deportes-que-mas-medallas-le-dio-a-la-argentina\/\" \/>\n<meta property=\"og:locale\" content=\"es_ES\" \/>\n<meta property=\"og:type\" content=\"article\" \/>\n<meta property=\"og:title\" content=\"Los Juegos Ol\u00edmpicos dejar\u00e1n de contar con uno de los deportes que m\u00e1s medallas le dio a la Argentina - Noticias Radio Reflejos\" \/>\n<meta property=\"og:description\" content=\"El Comit\u00e9 Ol\u00edmpico Internacional (COI) tom\u00f3 la determinaci\u00f3n de excluir al boxeo\u00a0de la lista de deportes que estar\u00e1n\u00a0presentes en los Juegos Ol\u00edmpicos de Los \u00c1ngeles 2028.\u00a0\" \/>\n<meta property=\"og:url\" content=\"https:\/\/www.noticiasradioreflejos.com.ar\/2021\/los-juegos-olimpicos-dejaran-de-contar-con-uno-de-los-deportes-que-mas-medallas-le-dio-a-la-argentina\/\" \/>\n<meta property=\"og:site_name\" content=\"Noticias Radio Reflejos\" \/>\n<meta property=\"article:published_time\" content=\"2024-10-15T20:39:17+00:00\" \/>\n<meta property=\"article:modified_time\" content=\"2024-10-16T11:45:00+00:00\" \/>\n<meta property=\"og:image\" content=\"https:\/\/www.noticiasradioreflejos.com.ar\/2021\/wp-content\/uploads\/2024\/10\/JO-2028.jpg\" \/>\n\t<meta property=\"og:image:width\" content=\"1080\" \/>\n\t<meta property=\"og:image:height\" content=\"720\" \/>\n\t<meta property=\"og:image:type\" content=\"image\/jpeg\" \/>\n<meta name=\"author\" content=\"Arnaldo Botto\" \/>\n<meta name=\"twitter:card\" content=\"summary_large_image\" \/>\n<script type=\"application\/ld+json\" class=\"yoast-schema-graph\">{\"@context\":\"https:\/\/schema.org\",\"@graph\":[{\"@type\":\"WebPage\",\"@id\":\"https:\/\/www.noticiasradioreflejos.com.ar\/2021\/los-juegos-olimpicos-dejaran-de-contar-con-uno-de-los-deportes-que-mas-medallas-le-dio-a-la-argentina\/\",\"url\":\"https:\/\/www.noticiasradioreflejos.com.ar\/2021\/los-juegos-olimpicos-dejaran-de-contar-con-uno-de-los-deportes-que-mas-medallas-le-dio-a-la-argentina\/\",\"name\":\"Los Juegos Ol\u00edmpicos dejar\u00e1n de contar con uno de los deportes que m\u00e1s medallas le dio a la Argentina - Noticias Radio Reflejos\",\"isPartOf\":{\"@id\":\"https:\/\/www.noticiasradioreflejos.com.ar\/2021\/#website\"},\"primaryImageOfPage\":{\"@id\":\"https:\/\/www.noticiasradioreflejos.com.ar\/2021\/los-juegos-olimpicos-dejaran-de-contar-con-uno-de-los-deportes-que-mas-medallas-le-dio-a-la-argentina\/#primaryimage\"},\"image\":{\"@id\":\"https:\/\/www.noticiasradioreflejos.com.ar\/2021\/los-juegos-olimpicos-dejaran-de-contar-con-uno-de-los-deportes-que-mas-medallas-le-dio-a-la-argentina\/#primaryimage\"},\"thumbnailUrl\":\"https:\/\/www.noticiasradioreflejos.com.ar\/2021\/wp-content\/uploads\/2024\/10\/JO-2028.jpg\",\"datePublished\":\"2024-10-15T20:39:17+00:00\",\"dateModified\":\"2024-10-16T11:45:00+00:00\",\"author\":{\"@id\":\"https:\/\/www.noticiasradioreflejos.com.ar\/2021\/#\/schema\/person\/ad82545263dcc5ec0996818884fd5fb1\"},\"breadcrumb\":{\"@id\":\"https:\/\/www.noticiasradioreflejos.com.ar\/2021\/los-juegos-olimpicos-dejaran-de-contar-con-uno-de-los-deportes-que-mas-medallas-le-dio-a-la-argentina\/#breadcrumb\"},\"inLanguage\":\"es\",\"potentialAction\":[{\"@type\":\"ReadAction\",\"target\":[\"https:\/\/www.noticiasradioreflejos.com.ar\/2021\/los-juegos-olimpicos-dejaran-de-contar-con-uno-de-los-deportes-que-mas-medallas-le-dio-a-la-argentina\/\"]}]},{\"@type\":\"ImageObject\",\"inLanguage\":\"es\",\"@id\":\"https:\/\/www.noticiasradioreflejos.com.ar\/2021\/los-juegos-olimpicos-dejaran-de-contar-con-uno-de-los-deportes-que-mas-medallas-le-dio-a-la-argentina\/#primaryimage\",\"url\":\"https:\/\/www.noticiasradioreflejos.com.ar\/2021\/wp-content\/uploads\/2024\/10\/JO-2028.jpg\",\"contentUrl\":\"https:\/\/www.noticiasradioreflejos.com.ar\/2021\/wp-content\/uploads\/2024\/10\/JO-2028.jpg\",\"width\":1080,\"height\":720},{\"@type\":\"BreadcrumbList\",\"@id\":\"https:\/\/www.noticiasradioreflejos.com.ar\/2021\/los-juegos-olimpicos-dejaran-de-contar-con-uno-de-los-deportes-que-mas-medallas-le-dio-a-la-argentina\/#breadcrumb\",\"itemListElement\":[{\"@type\":\"ListItem\",\"position\":1,\"name\":\"Portada\",\"item\":\"https:\/\/www.noticiasradioreflejos.com.ar\/2021\/\"},{\"@type\":\"ListItem\",\"position\":2,\"name\":\"Los Juegos Ol\u00edmpicos dejar\u00e1n de contar con uno de los deportes que m\u00e1s medallas le dio a la Argentina\"}]},{\"@type\":\"WebSite\",\"@id\":\"https:\/\/www.noticiasradioreflejos.com.ar\/2021\/#website\",\"url\":\"https:\/\/www.noticiasradioreflejos.com.ar\/2021\/\",\"name\":\"Noticias Radio Reflejos\",\"description\":\"Las noticias de mi comarca\",\"potentialAction\":[{\"@type\":\"SearchAction\",\"target\":{\"@type\":\"EntryPoint\",\"urlTemplate\":\"https:\/\/www.noticiasradioreflejos.com.ar\/2021\/?s={search_term_string}\"},\"query-input\":{\"@type\":\"PropertyValueSpecification\",\"valueRequired\":true,\"valueName\":\"search_term_string\"}}],\"inLanguage\":\"es\"},{\"@type\":\"Person\",\"@id\":\"https:\/\/www.noticiasradioreflejos.com.ar\/2021\/#\/schema\/person\/ad82545263dcc5ec0996818884fd5fb1\",\"name\":\"Arnaldo Botto\",\"image\":{\"@type\":\"ImageObject\",\"inLanguage\":\"es\",\"@id\":\"https:\/\/www.noticiasradioreflejos.com.ar\/2021\/#\/schema\/person\/image\/\",\"url\":\"https:\/\/secure.gravatar.com\/avatar\/55cb5e37c1efa326397366e6974cb338056df65cb50e7d64d1cf314e87504837?s=96&d=mm&r=g\",\"contentUrl\":\"https:\/\/secure.gravatar.com\/avatar\/55cb5e37c1efa326397366e6974cb338056df65cb50e7d64d1cf314e87504837?s=96&d=mm&r=g\",\"caption\":\"Arnaldo Botto\"},\"url\":\"https:\/\/www.noticiasradioreflejos.com.ar\/2021\/author\/arnaldo\/\"}]}<\/script>\n<!-- \/ Yoast SEO plugin. -->","yoast_head_json":{"title":"Los Juegos Ol\u00edmpicos dejar\u00e1n de contar con uno de los deportes que m\u00e1s medallas le dio a la Argentina - Noticias Radio Reflejos","robots":{"index":"index","follow":"follow","max-snippet":"max-snippet:-1","max-image-preview":"max-image-preview:large","max-video-preview":"max-video-preview:-1"},"canonical":"https:\/\/www.noticiasradioreflejos.com.ar\/2021\/los-juegos-olimpicos-dejaran-de-contar-con-uno-de-los-deportes-que-mas-medallas-le-dio-a-la-argentina\/","og_locale":"es_ES","og_type":"article","og_title":"Los Juegos Ol\u00edmpicos dejar\u00e1n de contar con uno de los deportes que m\u00e1s medallas le dio a la Argentina - Noticias Radio Reflejos","og_description":"El Comit\u00e9 Ol\u00edmpico Internacional (COI) tom\u00f3 la determinaci\u00f3n de excluir al boxeo\u00a0de la lista de deportes que estar\u00e1n\u00a0presentes en los Juegos Ol\u00edmpicos de Los \u00c1ngeles 2028.\u00a0","og_url":"https:\/\/www.noticiasradioreflejos.com.ar\/2021\/los-juegos-olimpicos-dejaran-de-contar-con-uno-de-los-deportes-que-mas-medallas-le-dio-a-la-argentina\/","og_site_name":"Noticias Radio Reflejos","article_published_time":"2024-10-15T20:39:17+00:00","article_modified_time":"2024-10-16T11:45:00+00:00","og_image":[{"width":1080,"height":720,"url":"https:\/\/www.noticiasradioreflejos.com.ar\/2021\/wp-content\/uploads\/2024\/10\/JO-2028.jpg","type":"image\/jpeg"}],"author":"Arnaldo Botto","twitter_card":"summary_large_image","schema":{"@context":"https:\/\/schema.org","@graph":[{"@type":"WebPage","@id":"https:\/\/www.noticiasradioreflejos.com.ar\/2021\/los-juegos-olimpicos-dejaran-de-contar-con-uno-de-los-deportes-que-mas-medallas-le-dio-a-la-argentina\/","url":"https:\/\/www.noticiasradioreflejos.com.ar\/2021\/los-juegos-olimpicos-dejaran-de-contar-con-uno-de-los-deportes-que-mas-medallas-le-dio-a-la-argentina\/","name":"Los Juegos Ol\u00edmpicos dejar\u00e1n de contar con uno de los deportes que m\u00e1s medallas le dio a la Argentina - Noticias Radio Reflejos","isPartOf":{"@id":"https:\/\/www.noticiasradioreflejos.com.ar\/2021\/#website"},"primaryImageOfPage":{"@id":"https:\/\/www.noticiasradioreflejos.com.ar\/2021\/los-juegos-olimpicos-dejaran-de-contar-con-uno-de-los-deportes-que-mas-medallas-le-dio-a-la-argentina\/#primaryimage"},"image":{"@id":"https:\/\/www.noticiasradioreflejos.com.ar\/2021\/los-juegos-olimpicos-dejaran-de-contar-con-uno-de-los-deportes-que-mas-medallas-le-dio-a-la-argentina\/#primaryimage"},"thumbnailUrl":"https:\/\/www.noticiasradioreflejos.com.ar\/2021\/wp-content\/uploads\/2024\/10\/JO-2028.jpg","datePublished":"2024-10-15T20:39:17+00:00","dateModified":"2024-10-16T11:45:00+00:00","author":{"@id":"https:\/\/www.noticiasradioreflejos.com.ar\/2021\/#\/schema\/person\/ad82545263dcc5ec0996818884fd5fb1"},"breadcrumb":{"@id":"https:\/\/www.noticiasradioreflejos.com.ar\/2021\/los-juegos-olimpicos-dejaran-de-contar-con-uno-de-los-deportes-que-mas-medallas-le-dio-a-la-argentina\/#breadcrumb"},"inLanguage":"es","potentialAction":[{"@type":"ReadAction","target":["https:\/\/www.noticiasradioreflejos.com.ar\/2021\/los-juegos-olimpicos-dejaran-de-contar-con-uno-de-los-deportes-que-mas-medallas-le-dio-a-la-argentina\/"]}]},{"@type":"ImageObject","inLanguage":"es","@id":"https:\/\/www.noticiasradioreflejos.com.ar\/2021\/los-juegos-olimpicos-dejaran-de-contar-con-uno-de-los-deportes-que-mas-medallas-le-dio-a-la-argentina\/#primaryimage","url":"https:\/\/www.noticiasradioreflejos.com.ar\/2021\/wp-content\/uploads\/2024\/10\/JO-2028.jpg","contentUrl":"https:\/\/www.noticiasradioreflejos.com.ar\/2021\/wp-content\/uploads\/2024\/10\/JO-2028.jpg","width":1080,"height":720},{"@type":"BreadcrumbList","@id":"https:\/\/www.noticiasradioreflejos.com.ar\/2021\/los-juegos-olimpicos-dejaran-de-contar-con-uno-de-los-deportes-que-mas-medallas-le-dio-a-la-argentina\/#breadcrumb","itemListElement":[{"@type":"ListItem","position":1,"name":"Portada","item":"https:\/\/www.noticiasradioreflejos.com.ar\/2021\/"},{"@type":"ListItem","position":2,"name":"Los Juegos Ol\u00edmpicos dejar\u00e1n de contar con uno de los deportes que m\u00e1s medallas le dio a la Argentina"}]},{"@type":"WebSite","@id":"https:\/\/www.noticiasradioreflejos.com.ar\/2021\/#website","url":"https:\/\/www.noticiasradioreflejos.com.ar\/2021\/","name":"Noticias Radio Reflejos","description":"Las noticias de mi comarca","potentialAction":[{"@type":"SearchAction","target":{"@type":"EntryPoint","urlTemplate":"https:\/\/www.noticiasradioreflejos.com.ar\/2021\/?s={search_term_string}"},"query-input":{"@type":"PropertyValueSpecification","valueRequired":true,"valueName":"search_term_string"}}],"inLanguage":"es"},{"@type":"Person","@id":"https:\/\/www.noticiasradioreflejos.com.ar\/2021\/#\/schema\/person\/ad82545263dcc5ec0996818884fd5fb1","name":"Arnaldo Botto","image":{"@type":"ImageObject","inLanguage":"es","@id":"https:\/\/www.noticiasradioreflejos.com.ar\/2021\/#\/schema\/person\/image\/","url":"https:\/\/secure.gravatar.com\/avatar\/55cb5e37c1efa326397366e6974cb338056df65cb50e7d64d1cf314e87504837?s=96&d=mm&r=g","contentUrl":"https:\/\/secure.gravatar.com\/avatar\/55cb5e37c1efa326397366e6974cb338056df65cb50e7d64d1cf314e87504837?s=96&d=mm&r=g","caption":"Arnaldo Botto"},"url":"https:\/\/www.noticiasradioreflejos.com.ar\/2021\/author\/arnaldo\/"}]}},"_links":{"self":[{"href":"https:\/\/www.noticiasradioreflejos.com.ar\/2021\/wp-json\/wp\/v2\/posts\/108452","targetHints":{"allow":["GET"]}}],"collection":[{"href":"https:\/\/www.noticiasradioreflejos.com.ar\/2021\/wp-json\/wp\/v2\/posts"}],"about":[{"href":"https:\/\/www.noticiasradioreflejos.com.ar\/2021\/wp-json\/wp\/v2\/types\/post"}],"author":[{"embeddable":true,"href":"https:\/\/www.noticiasradioreflejos.com.ar\/2021\/wp-json\/wp\/v2\/users\/3"}],"replies":[{"embeddable":true,"href":"https:\/\/www.noticiasradioreflejos.com.ar\/2021\/wp-json\/wp\/v2\/comments?post=108452"}],"version-history":[{"count":1,"href":"https:\/\/www.noticiasradioreflejos.com.ar\/2021\/wp-json\/wp\/v2\/posts\/108452\/revisions"}],"predecessor-version":[{"id":108454,"href":"https:\/\/www.noticiasradioreflejos.com.ar\/2021\/wp-json\/wp\/v2\/posts\/108452\/revisions\/108454"}],"wp:featuredmedia":[{"embeddable":true,"href":"https:\/\/www.noticiasradioreflejos.com.ar\/2021\/wp-json\/wp\/v2\/media\/108453"}],"wp:attachment":[{"href":"https:\/\/www.noticiasradioreflejos.com.ar\/2021\/wp-json\/wp\/v2\/media?parent=108452"}],"wp:term":[{"taxonomy":"category","embeddable":true,"href":"https:\/\/www.noticiasradioreflejos.com.ar\/2021\/wp-json\/wp\/v2\/categories?post=108452"},{"taxonomy":"post_tag","embeddable":true,"href":"https:\/\/www.noticiasradioreflejos.com.ar\/2021\/wp-json\/wp\/v2\/tags?post=108452"}],"curies":[{"name":"wp","href":"https:\/\/api.w.org\/{rel}","templated":true}]}}