{"id":108379,"date":"2024-10-14T14:26:47","date_gmt":"2024-10-14T17:26:47","guid":{"rendered":"https:\/\/www.noticiasradioreflejos.com.ar\/2021\/?p=108379"},"modified":"2024-10-14T14:26:47","modified_gmt":"2024-10-14T17:26:47","slug":"bahia-blanca-sera-sede-de-las-jornadas-de-cooperativismo-y-recibira-a-las-autoridades-del-consejo-profesional-de-ciencias-economicas","status":"publish","type":"post","link":"https:\/\/www.noticiasradioreflejos.com.ar\/2021\/bahia-blanca-sera-sede-de-las-jornadas-de-cooperativismo-y-recibira-a-las-autoridades-del-consejo-profesional-de-ciencias-economicas\/","title":{"rendered":"Bah\u00eda Blanca ser\u00e1 sede de las Jornadas de Cooperativismo y recibir\u00e1 a las autoridades del Consejo Profesional de Ciencias Econ\u00f3micas"},"content":{"rendered":"<p>Este jueves 17 de octubre, la Delegaci\u00f3n Bah\u00eda Blanca albergar\u00e1 la XVI edici\u00f3n de las Jornadas Provinciales de Cooperativismo y ser\u00e1 anfitriona de las reuniones de Mesa Directiva que tanto las autoridades del Consejo Profesional de Ciencias Econ\u00f3micas de la Provincia de Buenos Aires como de la Caja de Seguridad Social llevar\u00e1n a cabo los d\u00edas 17 y 18 de octubre.<!--more--><\/p>\n<p>La Delegaci\u00f3n Bah\u00eda Blanca del Consejo Profesional llevar\u00e1 adelante la XVI edici\u00f3n de las Jornadas Provinciales de Cooperativismo, con modalidad presencial, en donde se debatir\u00e1 sobre los desaf\u00edos que enfrenta el cooperativismo ante los avances tecnol\u00f3gicos y el objetivo de un futuro sostenible, evento que tendr\u00e1 lugar durante el jueves 17 de octubre (pod\u00e9s inscribirte haciendo click aqu\u00ed). Ese mismo d\u00eda, la Caja de Seguridad Social tendr\u00e1 su encuentro semanal en la Delegaci\u00f3n ubicada en calle G\u00fcemes N\u00b0 122, que ser\u00e1 encabezado por su Presidente, el Dr. Luis A. Calatroni. <\/p>\n<p>Durante la ma\u00f1ana del viernes 18, ser\u00e1 el turno de que las autoridades del Consejo Profesional analicen y debatan sobre el futuro de m\u00e1s de 21.000 matriculados, en una reuni\u00f3n dirigida por el Presidente de la instituci\u00f3n, Dr. Hugo R. Gim\u00e9nez, a la que asistir\u00e1n colegas de toda la Provincia.<\/p>\n<p>Semanalmente, tanto el Consejo como la Caja llevan a cabo estos encuentros en su Sede Provincial -ubicada en la ciudad de La Plata, capital bonaerense-, pero que con esp\u00edritu federal y de manera habitual tambi\u00e9n tienen lugar en alguna de las 22 Delegaciones que conforman la instituci\u00f3n. En lo que va de 2024, ya se efectuaron estas reuniones en las Delegaciones Bragado, Trenque Lauquen, Mercedes, Chascom\u00fas, Olavarr\u00eda y San Isidro.<\/p>\n<p>Sobre el Consejo Profesional de Ciencias Econ\u00f3micas y su Caja de Seguridad Social<\/p>\n<p>El Consejo Profesional tiene su origen en 1946 y, conforme a la Ley 10.620, entre sus funciones se encuentran reglamentar y ordenar el ejercicio de las profesiones en Ciencias Econ\u00f3micas en nuestra Provincia, y regular y delimitar dicho ejercicio en sus relaciones con otras profesiones. Son profesionales en Ciencias Econ\u00f3micas: Contadores P\u00fablicos, Lic. en Econom\u00eda, Lic. en Administraci\u00f3n y Actuarios, entre otros. La matr\u00edcula que emite indica que los profesionales est\u00e1n habilitados para el ejercicio en territorio bonaerense, garantizando el compromiso de sus matriculados frente a la sociedad, en pos de la jerarquizaci\u00f3n y defensa de la profesi\u00f3n.<\/p>\n<p>Por su parte, nuestra Caja de Seguridad Social nace en 1983 para cumplir el anhelo de gran n\u00famero de profesionales que en distintas \u00e9pocas y oportunidades hab\u00edan trabajado para conseguir un sistema previsional propio. A partir de la gesti\u00f3n e inversi\u00f3n de recursos, asegura a sus afiliados el derecho de la jubilaci\u00f3n, como as\u00ed tambi\u00e9n, el acceso a subsidios, becas y pr\u00e9stamos.<\/p>\n","protected":false},"excerpt":{"rendered":"<p>Este jueves 17 de octubre, la Delegaci\u00f3n Bah\u00eda Blanca albergar\u00e1 la XVI edici\u00f3n de las Jornadas Provinciales de Cooperativismo y ser\u00e1 anfitriona de las reuniones de Mesa Directiva que tanto las autoridades del Consejo Profesional de Ciencias Econ\u00f3micas de la Provincia de Buenos Aires como de la Caja de Seguridad Social llevar\u00e1n a cabo los [&hellip;]<\/p>\n","protected":false},"author":3,"featured_media":0,"comment_status":"closed","ping_status":"closed","sticky":false,"template":"","format":"standard","meta":{"footnotes":""},"categories":[26],"tags":[],"class_list":["post-108379","post","type-post","status-publish","format-standard","hentry","category-sociedad"],"yoast_head":"<!-- This site is optimized with the Yoast SEO plugin v25.9 - https:\/\/yoast.com\/wordpress\/plugins\/seo\/ -->\n<title>Bah\u00eda Blanca ser\u00e1 sede de las Jornadas de Cooperativismo y recibir\u00e1 a las autoridades del Consejo Profesional de Ciencias Econ\u00f3micas - Noticias Radio Reflejos<\/title>\n<meta name=\"robots\" content=\"index, follow, max-snippet:-1, max-image-preview:large, max-video-preview:-1\" \/>\n<link rel=\"canonical\" href=\"https:\/\/www.noticiasradioreflejos.com.ar\/2021\/bahia-blanca-sera-sede-de-las-jornadas-de-cooperativismo-y-recibira-a-las-autoridades-del-consejo-profesional-de-ciencias-economicas\/\" \/>\n<meta property=\"og:locale\" content=\"es_ES\" \/>\n<meta property=\"og:type\" content=\"article\" \/>\n<meta property=\"og:title\" content=\"Bah\u00eda Blanca ser\u00e1 sede de las Jornadas de Cooperativismo y recibir\u00e1 a las autoridades del Consejo Profesional de Ciencias Econ\u00f3micas - Noticias Radio Reflejos\" \/>\n<meta property=\"og:description\" content=\"Este jueves 17 de octubre, la Delegaci\u00f3n Bah\u00eda Blanca albergar\u00e1 la XVI edici\u00f3n de las Jornadas Provinciales de Cooperativismo y ser\u00e1 anfitriona de las reuniones de Mesa Directiva que tanto las autoridades del Consejo Profesional de Ciencias Econ\u00f3micas de la Provincia de Buenos Aires como de la Caja de Seguridad Social llevar\u00e1n a cabo los [&hellip;]\" \/>\n<meta property=\"og:url\" content=\"https:\/\/www.noticiasradioreflejos.com.ar\/2021\/bahia-blanca-sera-sede-de-las-jornadas-de-cooperativismo-y-recibira-a-las-autoridades-del-consejo-profesional-de-ciencias-economicas\/\" \/>\n<meta property=\"og:site_name\" content=\"Noticias Radio Reflejos\" \/>\n<meta property=\"article:published_time\" content=\"2024-10-14T17:26:47+00:00\" \/>\n<meta property=\"og:image\" content=\"https:\/\/www.noticiasradioreflejos.com.ar\/2021\/wp-content\/uploads\/2024\/10\/Cabecera2_Consejo_2022.png\" \/>\n\t<meta property=\"og:image:width\" content=\"274\" \/>\n\t<meta property=\"og:image:height\" content=\"76\" \/>\n\t<meta property=\"og:image:type\" content=\"image\/png\" \/>\n<meta name=\"author\" content=\"Arnaldo Botto\" \/>\n<meta name=\"twitter:card\" content=\"summary_large_image\" \/>\n<script type=\"application\/ld+json\" class=\"yoast-schema-graph\">{\"@context\":\"https:\/\/schema.org\",\"@graph\":[{\"@type\":\"WebPage\",\"@id\":\"https:\/\/www.noticiasradioreflejos.com.ar\/2021\/bahia-blanca-sera-sede-de-las-jornadas-de-cooperativismo-y-recibira-a-las-autoridades-del-consejo-profesional-de-ciencias-economicas\/\",\"url\":\"https:\/\/www.noticiasradioreflejos.com.ar\/2021\/bahia-blanca-sera-sede-de-las-jornadas-de-cooperativismo-y-recibira-a-las-autoridades-del-consejo-profesional-de-ciencias-economicas\/\",\"name\":\"Bah\u00eda Blanca ser\u00e1 sede de las Jornadas de Cooperativismo y recibir\u00e1 a las autoridades del Consejo Profesional de Ciencias Econ\u00f3micas - Noticias Radio Reflejos\",\"isPartOf\":{\"@id\":\"https:\/\/www.noticiasradioreflejos.com.ar\/2021\/#website\"},\"datePublished\":\"2024-10-14T17:26:47+00:00\",\"author\":{\"@id\":\"https:\/\/www.noticiasradioreflejos.com.ar\/2021\/#\/schema\/person\/ad82545263dcc5ec0996818884fd5fb1\"},\"breadcrumb\":{\"@id\":\"https:\/\/www.noticiasradioreflejos.com.ar\/2021\/bahia-blanca-sera-sede-de-las-jornadas-de-cooperativismo-y-recibira-a-las-autoridades-del-consejo-profesional-de-ciencias-economicas\/#breadcrumb\"},\"inLanguage\":\"es\",\"potentialAction\":[{\"@type\":\"ReadAction\",\"target\":[\"https:\/\/www.noticiasradioreflejos.com.ar\/2021\/bahia-blanca-sera-sede-de-las-jornadas-de-cooperativismo-y-recibira-a-las-autoridades-del-consejo-profesional-de-ciencias-economicas\/\"]}]},{\"@type\":\"BreadcrumbList\",\"@id\":\"https:\/\/www.noticiasradioreflejos.com.ar\/2021\/bahia-blanca-sera-sede-de-las-jornadas-de-cooperativismo-y-recibira-a-las-autoridades-del-consejo-profesional-de-ciencias-economicas\/#breadcrumb\",\"itemListElement\":[{\"@type\":\"ListItem\",\"position\":1,\"name\":\"Portada\",\"item\":\"https:\/\/www.noticiasradioreflejos.com.ar\/2021\/\"},{\"@type\":\"ListItem\",\"position\":2,\"name\":\"Bah\u00eda Blanca ser\u00e1 sede de las Jornadas de Cooperativismo y recibir\u00e1 a las autoridades del Consejo Profesional de Ciencias Econ\u00f3micas\"}]},{\"@type\":\"WebSite\",\"@id\":\"https:\/\/www.noticiasradioreflejos.com.ar\/2021\/#website\",\"url\":\"https:\/\/www.noticiasradioreflejos.com.ar\/2021\/\",\"name\":\"Noticias Radio Reflejos\",\"description\":\"Las noticias de mi comarca\",\"potentialAction\":[{\"@type\":\"SearchAction\",\"target\":{\"@type\":\"EntryPoint\",\"urlTemplate\":\"https:\/\/www.noticiasradioreflejos.com.ar\/2021\/?s={search_term_string}\"},\"query-input\":{\"@type\":\"PropertyValueSpecification\",\"valueRequired\":true,\"valueName\":\"search_term_string\"}}],\"inLanguage\":\"es\"},{\"@type\":\"Person\",\"@id\":\"https:\/\/www.noticiasradioreflejos.com.ar\/2021\/#\/schema\/person\/ad82545263dcc5ec0996818884fd5fb1\",\"name\":\"Arnaldo Botto\",\"image\":{\"@type\":\"ImageObject\",\"inLanguage\":\"es\",\"@id\":\"https:\/\/www.noticiasradioreflejos.com.ar\/2021\/#\/schema\/person\/image\/\",\"url\":\"https:\/\/secure.gravatar.com\/avatar\/55cb5e37c1efa326397366e6974cb338056df65cb50e7d64d1cf314e87504837?s=96&d=mm&r=g\",\"contentUrl\":\"https:\/\/secure.gravatar.com\/avatar\/55cb5e37c1efa326397366e6974cb338056df65cb50e7d64d1cf314e87504837?s=96&d=mm&r=g\",\"caption\":\"Arnaldo Botto\"},\"url\":\"https:\/\/www.noticiasradioreflejos.com.ar\/2021\/author\/arnaldo\/\"}]}<\/script>\n<!-- \/ Yoast SEO plugin. -->","yoast_head_json":{"title":"Bah\u00eda Blanca ser\u00e1 sede de las Jornadas de Cooperativismo y recibir\u00e1 a las autoridades del Consejo Profesional de Ciencias Econ\u00f3micas - Noticias Radio Reflejos","robots":{"index":"index","follow":"follow","max-snippet":"max-snippet:-1","max-image-preview":"max-image-preview:large","max-video-preview":"max-video-preview:-1"},"canonical":"https:\/\/www.noticiasradioreflejos.com.ar\/2021\/bahia-blanca-sera-sede-de-las-jornadas-de-cooperativismo-y-recibira-a-las-autoridades-del-consejo-profesional-de-ciencias-economicas\/","og_locale":"es_ES","og_type":"article","og_title":"Bah\u00eda Blanca ser\u00e1 sede de las Jornadas de Cooperativismo y recibir\u00e1 a las autoridades del Consejo Profesional de Ciencias Econ\u00f3micas - Noticias Radio Reflejos","og_description":"Este jueves 17 de octubre, la Delegaci\u00f3n Bah\u00eda Blanca albergar\u00e1 la XVI edici\u00f3n de las Jornadas Provinciales de Cooperativismo y ser\u00e1 anfitriona de las reuniones de Mesa Directiva que tanto las autoridades del Consejo Profesional de Ciencias Econ\u00f3micas de la Provincia de Buenos Aires como de la Caja de Seguridad Social llevar\u00e1n a cabo los [&hellip;]","og_url":"https:\/\/www.noticiasradioreflejos.com.ar\/2021\/bahia-blanca-sera-sede-de-las-jornadas-de-cooperativismo-y-recibira-a-las-autoridades-del-consejo-profesional-de-ciencias-economicas\/","og_site_name":"Noticias Radio Reflejos","article_published_time":"2024-10-14T17:26:47+00:00","og_image":[{"width":274,"height":76,"url":"https:\/\/www.noticiasradioreflejos.com.ar\/2021\/wp-content\/uploads\/2024\/10\/Cabecera2_Consejo_2022.png","type":"image\/png"}],"author":"Arnaldo Botto","twitter_card":"summary_large_image","schema":{"@context":"https:\/\/schema.org","@graph":[{"@type":"WebPage","@id":"https:\/\/www.noticiasradioreflejos.com.ar\/2021\/bahia-blanca-sera-sede-de-las-jornadas-de-cooperativismo-y-recibira-a-las-autoridades-del-consejo-profesional-de-ciencias-economicas\/","url":"https:\/\/www.noticiasradioreflejos.com.ar\/2021\/bahia-blanca-sera-sede-de-las-jornadas-de-cooperativismo-y-recibira-a-las-autoridades-del-consejo-profesional-de-ciencias-economicas\/","name":"Bah\u00eda Blanca ser\u00e1 sede de las Jornadas de Cooperativismo y recibir\u00e1 a las autoridades del Consejo Profesional de Ciencias Econ\u00f3micas - Noticias Radio Reflejos","isPartOf":{"@id":"https:\/\/www.noticiasradioreflejos.com.ar\/2021\/#website"},"datePublished":"2024-10-14T17:26:47+00:00","author":{"@id":"https:\/\/www.noticiasradioreflejos.com.ar\/2021\/#\/schema\/person\/ad82545263dcc5ec0996818884fd5fb1"},"breadcrumb":{"@id":"https:\/\/www.noticiasradioreflejos.com.ar\/2021\/bahia-blanca-sera-sede-de-las-jornadas-de-cooperativismo-y-recibira-a-las-autoridades-del-consejo-profesional-de-ciencias-economicas\/#breadcrumb"},"inLanguage":"es","potentialAction":[{"@type":"ReadAction","target":["https:\/\/www.noticiasradioreflejos.com.ar\/2021\/bahia-blanca-sera-sede-de-las-jornadas-de-cooperativismo-y-recibira-a-las-autoridades-del-consejo-profesional-de-ciencias-economicas\/"]}]},{"@type":"BreadcrumbList","@id":"https:\/\/www.noticiasradioreflejos.com.ar\/2021\/bahia-blanca-sera-sede-de-las-jornadas-de-cooperativismo-y-recibira-a-las-autoridades-del-consejo-profesional-de-ciencias-economicas\/#breadcrumb","itemListElement":[{"@type":"ListItem","position":1,"name":"Portada","item":"https:\/\/www.noticiasradioreflejos.com.ar\/2021\/"},{"@type":"ListItem","position":2,"name":"Bah\u00eda Blanca ser\u00e1 sede de las Jornadas de Cooperativismo y recibir\u00e1 a las autoridades del Consejo Profesional de Ciencias Econ\u00f3micas"}]},{"@type":"WebSite","@id":"https:\/\/www.noticiasradioreflejos.com.ar\/2021\/#website","url":"https:\/\/www.noticiasradioreflejos.com.ar\/2021\/","name":"Noticias Radio Reflejos","description":"Las noticias de mi comarca","potentialAction":[{"@type":"SearchAction","target":{"@type":"EntryPoint","urlTemplate":"https:\/\/www.noticiasradioreflejos.com.ar\/2021\/?s={search_term_string}"},"query-input":{"@type":"PropertyValueSpecification","valueRequired":true,"valueName":"search_term_string"}}],"inLanguage":"es"},{"@type":"Person","@id":"https:\/\/www.noticiasradioreflejos.com.ar\/2021\/#\/schema\/person\/ad82545263dcc5ec0996818884fd5fb1","name":"Arnaldo Botto","image":{"@type":"ImageObject","inLanguage":"es","@id":"https:\/\/www.noticiasradioreflejos.com.ar\/2021\/#\/schema\/person\/image\/","url":"https:\/\/secure.gravatar.com\/avatar\/55cb5e37c1efa326397366e6974cb338056df65cb50e7d64d1cf314e87504837?s=96&d=mm&r=g","contentUrl":"https:\/\/secure.gravatar.com\/avatar\/55cb5e37c1efa326397366e6974cb338056df65cb50e7d64d1cf314e87504837?s=96&d=mm&r=g","caption":"Arnaldo Botto"},"url":"https:\/\/www.noticiasradioreflejos.com.ar\/2021\/author\/arnaldo\/"}]}},"_links":{"self":[{"href":"https:\/\/www.noticiasradioreflejos.com.ar\/2021\/wp-json\/wp\/v2\/posts\/108379","targetHints":{"allow":["GET"]}}],"collection":[{"href":"https:\/\/www.noticiasradioreflejos.com.ar\/2021\/wp-json\/wp\/v2\/posts"}],"about":[{"href":"https:\/\/www.noticiasradioreflejos.com.ar\/2021\/wp-json\/wp\/v2\/types\/post"}],"author":[{"embeddable":true,"href":"https:\/\/www.noticiasradioreflejos.com.ar\/2021\/wp-json\/wp\/v2\/users\/3"}],"replies":[{"embeddable":true,"href":"https:\/\/www.noticiasradioreflejos.com.ar\/2021\/wp-json\/wp\/v2\/comments?post=108379"}],"version-history":[{"count":1,"href":"https:\/\/www.noticiasradioreflejos.com.ar\/2021\/wp-json\/wp\/v2\/posts\/108379\/revisions"}],"predecessor-version":[{"id":108381,"href":"https:\/\/www.noticiasradioreflejos.com.ar\/2021\/wp-json\/wp\/v2\/posts\/108379\/revisions\/108381"}],"wp:attachment":[{"href":"https:\/\/www.noticiasradioreflejos.com.ar\/2021\/wp-json\/wp\/v2\/media?parent=108379"}],"wp:term":[{"taxonomy":"category","embeddable":true,"href":"https:\/\/www.noticiasradioreflejos.com.ar\/2021\/wp-json\/wp\/v2\/categories?post=108379"},{"taxonomy":"post_tag","embeddable":true,"href":"https:\/\/www.noticiasradioreflejos.com.ar\/2021\/wp-json\/wp\/v2\/tags?post=108379"}],"curies":[{"name":"wp","href":"https:\/\/api.w.org\/{rel}","templated":true}]}}