{"id":108372,"date":"2024-10-14T14:23:17","date_gmt":"2024-10-14T17:23:17","guid":{"rendered":"https:\/\/www.noticiasradioreflejos.com.ar\/2021\/?p=108372"},"modified":"2024-10-14T14:23:17","modified_gmt":"2024-10-14T17:23:17","slug":"continua-la-campana-de-vacunacion-antirrabica-en-las-localidades-del-distrito","status":"publish","type":"post","link":"https:\/\/www.noticiasradioreflejos.com.ar\/2021\/continua-la-campana-de-vacunacion-antirrabica-en-las-localidades-del-distrito\/","title":{"rendered":"Contin\u00faa la campa\u00f1a de vacunaci\u00f3n antirr\u00e1bica en las localidades del distrito"},"content":{"rendered":"<p>La Subsecretar\u00eda de Bromatolog\u00eda y Zoonosis, continuar\u00e1 desde esta semana la campa\u00f1a de vacunaci\u00f3n antirr\u00e1bica y desparasitaci\u00f3n en las diferentes localidades del distrito de Tornquist.<!--more--><\/p>\n<p><a data-flickr-embed=\"true\" href=\"https:\/\/www.flickr.com\/photos\/182279889@N02\/54065886172\/in\/dateposted-public\/\" title=\"Vacunacion antirrabica\"><img loading=\"lazy\" decoding=\"async\" src=\"https:\/\/live.staticflickr.com\/65535\/54065886172_742d1f247a_o.jpg\" width=\"1080\" height=\"1350\" alt=\"Vacunacion antirrabica\"\/><\/a><script async src=\"\/\/embedr.flickr.com\/assets\/client-code.js\" charset=\"utf-8\"><\/script><\/p>\n<p>Todas las jornadas se desarrollar\u00e1n de 9 a 13 hs, con el siguiente cronograma:<\/p>\n<p>Jueves 17 y viernes 18\/10: Sierra de la Ventana<\/p>\n<p>Lunes 30\/10: Villa Ventana<\/p>\n<p>Martes 31\/10: Saldungaray<\/p>\n<p>Lunes 4\/11: Villa Serrana La Gruta<\/p>\n<p>La vacunaci\u00f3n est\u00e1 destinada a animales mayores de 3 meses y que haya pasado m\u00e1s de un a\u00f1o de la aplicaci\u00f3n de su \u00faltima vacuna. Los vecinos y vecinas deben llevar a sus mascotas con correa y, en caso de ser necesario, bozal. <\/p>\n","protected":false},"excerpt":{"rendered":"<p>La Subsecretar\u00eda de Bromatolog\u00eda y Zoonosis, continuar\u00e1 desde esta semana la campa\u00f1a de vacunaci\u00f3n antirr\u00e1bica y desparasitaci\u00f3n en las diferentes localidades del distrito de Tornquist.<\/p>\n","protected":false},"author":3,"featured_media":0,"comment_status":"closed","ping_status":"closed","sticky":false,"template":"","format":"standard","meta":{"footnotes":""},"categories":[30],"tags":[],"class_list":["post-108372","post","type-post","status-publish","format-standard","hentry","category-salud"],"yoast_head":"<!-- This site is optimized with the Yoast SEO plugin v25.9 - https:\/\/yoast.com\/wordpress\/plugins\/seo\/ -->\n<title>Contin\u00faa la campa\u00f1a de vacunaci\u00f3n antirr\u00e1bica en las localidades del distrito - Noticias Radio Reflejos<\/title>\n<meta name=\"robots\" content=\"index, follow, max-snippet:-1, max-image-preview:large, max-video-preview:-1\" \/>\n<link rel=\"canonical\" href=\"https:\/\/www.noticiasradioreflejos.com.ar\/2021\/continua-la-campana-de-vacunacion-antirrabica-en-las-localidades-del-distrito\/\" \/>\n<meta property=\"og:locale\" content=\"es_ES\" \/>\n<meta property=\"og:type\" content=\"article\" \/>\n<meta property=\"og:title\" content=\"Contin\u00faa la campa\u00f1a de vacunaci\u00f3n antirr\u00e1bica en las localidades del distrito - Noticias Radio Reflejos\" \/>\n<meta property=\"og:description\" content=\"La Subsecretar\u00eda de Bromatolog\u00eda y Zoonosis, continuar\u00e1 desde esta semana la campa\u00f1a de vacunaci\u00f3n antirr\u00e1bica y desparasitaci\u00f3n en las diferentes localidades del distrito de Tornquist.\" \/>\n<meta property=\"og:url\" content=\"https:\/\/www.noticiasradioreflejos.com.ar\/2021\/continua-la-campana-de-vacunacion-antirrabica-en-las-localidades-del-distrito\/\" \/>\n<meta property=\"og:site_name\" content=\"Noticias Radio Reflejos\" \/>\n<meta property=\"article:published_time\" content=\"2024-10-14T17:23:17+00:00\" \/>\n<meta property=\"og:image\" content=\"https:\/\/live.staticflickr.com\/65535\/54065886172_742d1f247a_o.jpg\" \/>\n<meta name=\"author\" content=\"Arnaldo Botto\" \/>\n<meta name=\"twitter:card\" content=\"summary_large_image\" \/>\n<script type=\"application\/ld+json\" class=\"yoast-schema-graph\">{\"@context\":\"https:\/\/schema.org\",\"@graph\":[{\"@type\":\"WebPage\",\"@id\":\"https:\/\/www.noticiasradioreflejos.com.ar\/2021\/continua-la-campana-de-vacunacion-antirrabica-en-las-localidades-del-distrito\/\",\"url\":\"https:\/\/www.noticiasradioreflejos.com.ar\/2021\/continua-la-campana-de-vacunacion-antirrabica-en-las-localidades-del-distrito\/\",\"name\":\"Contin\u00faa la campa\u00f1a de vacunaci\u00f3n antirr\u00e1bica en las localidades del distrito - Noticias Radio Reflejos\",\"isPartOf\":{\"@id\":\"https:\/\/www.noticiasradioreflejos.com.ar\/2021\/#website\"},\"primaryImageOfPage\":{\"@id\":\"https:\/\/www.noticiasradioreflejos.com.ar\/2021\/continua-la-campana-de-vacunacion-antirrabica-en-las-localidades-del-distrito\/#primaryimage\"},\"image\":{\"@id\":\"https:\/\/www.noticiasradioreflejos.com.ar\/2021\/continua-la-campana-de-vacunacion-antirrabica-en-las-localidades-del-distrito\/#primaryimage\"},\"thumbnailUrl\":\"https:\/\/live.staticflickr.com\/65535\/54065886172_742d1f247a_o.jpg\",\"datePublished\":\"2024-10-14T17:23:17+00:00\",\"author\":{\"@id\":\"https:\/\/www.noticiasradioreflejos.com.ar\/2021\/#\/schema\/person\/ad82545263dcc5ec0996818884fd5fb1\"},\"breadcrumb\":{\"@id\":\"https:\/\/www.noticiasradioreflejos.com.ar\/2021\/continua-la-campana-de-vacunacion-antirrabica-en-las-localidades-del-distrito\/#breadcrumb\"},\"inLanguage\":\"es\",\"potentialAction\":[{\"@type\":\"ReadAction\",\"target\":[\"https:\/\/www.noticiasradioreflejos.com.ar\/2021\/continua-la-campana-de-vacunacion-antirrabica-en-las-localidades-del-distrito\/\"]}]},{\"@type\":\"ImageObject\",\"inLanguage\":\"es\",\"@id\":\"https:\/\/www.noticiasradioreflejos.com.ar\/2021\/continua-la-campana-de-vacunacion-antirrabica-en-las-localidades-del-distrito\/#primaryimage\",\"url\":\"https:\/\/live.staticflickr.com\/65535\/54065886172_742d1f247a_o.jpg\",\"contentUrl\":\"https:\/\/live.staticflickr.com\/65535\/54065886172_742d1f247a_o.jpg\"},{\"@type\":\"BreadcrumbList\",\"@id\":\"https:\/\/www.noticiasradioreflejos.com.ar\/2021\/continua-la-campana-de-vacunacion-antirrabica-en-las-localidades-del-distrito\/#breadcrumb\",\"itemListElement\":[{\"@type\":\"ListItem\",\"position\":1,\"name\":\"Portada\",\"item\":\"https:\/\/www.noticiasradioreflejos.com.ar\/2021\/\"},{\"@type\":\"ListItem\",\"position\":2,\"name\":\"Contin\u00faa la campa\u00f1a de vacunaci\u00f3n antirr\u00e1bica en las localidades del distrito\"}]},{\"@type\":\"WebSite\",\"@id\":\"https:\/\/www.noticiasradioreflejos.com.ar\/2021\/#website\",\"url\":\"https:\/\/www.noticiasradioreflejos.com.ar\/2021\/\",\"name\":\"Noticias Radio Reflejos\",\"description\":\"Las noticias de mi comarca\",\"potentialAction\":[{\"@type\":\"SearchAction\",\"target\":{\"@type\":\"EntryPoint\",\"urlTemplate\":\"https:\/\/www.noticiasradioreflejos.com.ar\/2021\/?s={search_term_string}\"},\"query-input\":{\"@type\":\"PropertyValueSpecification\",\"valueRequired\":true,\"valueName\":\"search_term_string\"}}],\"inLanguage\":\"es\"},{\"@type\":\"Person\",\"@id\":\"https:\/\/www.noticiasradioreflejos.com.ar\/2021\/#\/schema\/person\/ad82545263dcc5ec0996818884fd5fb1\",\"name\":\"Arnaldo Botto\",\"image\":{\"@type\":\"ImageObject\",\"inLanguage\":\"es\",\"@id\":\"https:\/\/www.noticiasradioreflejos.com.ar\/2021\/#\/schema\/person\/image\/\",\"url\":\"https:\/\/secure.gravatar.com\/avatar\/55cb5e37c1efa326397366e6974cb338056df65cb50e7d64d1cf314e87504837?s=96&d=mm&r=g\",\"contentUrl\":\"https:\/\/secure.gravatar.com\/avatar\/55cb5e37c1efa326397366e6974cb338056df65cb50e7d64d1cf314e87504837?s=96&d=mm&r=g\",\"caption\":\"Arnaldo Botto\"},\"url\":\"https:\/\/www.noticiasradioreflejos.com.ar\/2021\/author\/arnaldo\/\"}]}<\/script>\n<!-- \/ Yoast SEO plugin. -->","yoast_head_json":{"title":"Contin\u00faa la campa\u00f1a de vacunaci\u00f3n antirr\u00e1bica en las localidades del distrito - Noticias Radio Reflejos","robots":{"index":"index","follow":"follow","max-snippet":"max-snippet:-1","max-image-preview":"max-image-preview:large","max-video-preview":"max-video-preview:-1"},"canonical":"https:\/\/www.noticiasradioreflejos.com.ar\/2021\/continua-la-campana-de-vacunacion-antirrabica-en-las-localidades-del-distrito\/","og_locale":"es_ES","og_type":"article","og_title":"Contin\u00faa la campa\u00f1a de vacunaci\u00f3n antirr\u00e1bica en las localidades del distrito - Noticias Radio Reflejos","og_description":"La Subsecretar\u00eda de Bromatolog\u00eda y Zoonosis, continuar\u00e1 desde esta semana la campa\u00f1a de vacunaci\u00f3n antirr\u00e1bica y desparasitaci\u00f3n en las diferentes localidades del distrito de Tornquist.","og_url":"https:\/\/www.noticiasradioreflejos.com.ar\/2021\/continua-la-campana-de-vacunacion-antirrabica-en-las-localidades-del-distrito\/","og_site_name":"Noticias Radio Reflejos","article_published_time":"2024-10-14T17:23:17+00:00","og_image":[{"url":"https:\/\/live.staticflickr.com\/65535\/54065886172_742d1f247a_o.jpg","type":"","width":"","height":""}],"author":"Arnaldo Botto","twitter_card":"summary_large_image","schema":{"@context":"https:\/\/schema.org","@graph":[{"@type":"WebPage","@id":"https:\/\/www.noticiasradioreflejos.com.ar\/2021\/continua-la-campana-de-vacunacion-antirrabica-en-las-localidades-del-distrito\/","url":"https:\/\/www.noticiasradioreflejos.com.ar\/2021\/continua-la-campana-de-vacunacion-antirrabica-en-las-localidades-del-distrito\/","name":"Contin\u00faa la campa\u00f1a de vacunaci\u00f3n antirr\u00e1bica en las localidades del distrito - Noticias Radio Reflejos","isPartOf":{"@id":"https:\/\/www.noticiasradioreflejos.com.ar\/2021\/#website"},"primaryImageOfPage":{"@id":"https:\/\/www.noticiasradioreflejos.com.ar\/2021\/continua-la-campana-de-vacunacion-antirrabica-en-las-localidades-del-distrito\/#primaryimage"},"image":{"@id":"https:\/\/www.noticiasradioreflejos.com.ar\/2021\/continua-la-campana-de-vacunacion-antirrabica-en-las-localidades-del-distrito\/#primaryimage"},"thumbnailUrl":"https:\/\/live.staticflickr.com\/65535\/54065886172_742d1f247a_o.jpg","datePublished":"2024-10-14T17:23:17+00:00","author":{"@id":"https:\/\/www.noticiasradioreflejos.com.ar\/2021\/#\/schema\/person\/ad82545263dcc5ec0996818884fd5fb1"},"breadcrumb":{"@id":"https:\/\/www.noticiasradioreflejos.com.ar\/2021\/continua-la-campana-de-vacunacion-antirrabica-en-las-localidades-del-distrito\/#breadcrumb"},"inLanguage":"es","potentialAction":[{"@type":"ReadAction","target":["https:\/\/www.noticiasradioreflejos.com.ar\/2021\/continua-la-campana-de-vacunacion-antirrabica-en-las-localidades-del-distrito\/"]}]},{"@type":"ImageObject","inLanguage":"es","@id":"https:\/\/www.noticiasradioreflejos.com.ar\/2021\/continua-la-campana-de-vacunacion-antirrabica-en-las-localidades-del-distrito\/#primaryimage","url":"https:\/\/live.staticflickr.com\/65535\/54065886172_742d1f247a_o.jpg","contentUrl":"https:\/\/live.staticflickr.com\/65535\/54065886172_742d1f247a_o.jpg"},{"@type":"BreadcrumbList","@id":"https:\/\/www.noticiasradioreflejos.com.ar\/2021\/continua-la-campana-de-vacunacion-antirrabica-en-las-localidades-del-distrito\/#breadcrumb","itemListElement":[{"@type":"ListItem","position":1,"name":"Portada","item":"https:\/\/www.noticiasradioreflejos.com.ar\/2021\/"},{"@type":"ListItem","position":2,"name":"Contin\u00faa la campa\u00f1a de vacunaci\u00f3n antirr\u00e1bica en las localidades del distrito"}]},{"@type":"WebSite","@id":"https:\/\/www.noticiasradioreflejos.com.ar\/2021\/#website","url":"https:\/\/www.noticiasradioreflejos.com.ar\/2021\/","name":"Noticias Radio Reflejos","description":"Las noticias de mi comarca","potentialAction":[{"@type":"SearchAction","target":{"@type":"EntryPoint","urlTemplate":"https:\/\/www.noticiasradioreflejos.com.ar\/2021\/?s={search_term_string}"},"query-input":{"@type":"PropertyValueSpecification","valueRequired":true,"valueName":"search_term_string"}}],"inLanguage":"es"},{"@type":"Person","@id":"https:\/\/www.noticiasradioreflejos.com.ar\/2021\/#\/schema\/person\/ad82545263dcc5ec0996818884fd5fb1","name":"Arnaldo Botto","image":{"@type":"ImageObject","inLanguage":"es","@id":"https:\/\/www.noticiasradioreflejos.com.ar\/2021\/#\/schema\/person\/image\/","url":"https:\/\/secure.gravatar.com\/avatar\/55cb5e37c1efa326397366e6974cb338056df65cb50e7d64d1cf314e87504837?s=96&d=mm&r=g","contentUrl":"https:\/\/secure.gravatar.com\/avatar\/55cb5e37c1efa326397366e6974cb338056df65cb50e7d64d1cf314e87504837?s=96&d=mm&r=g","caption":"Arnaldo Botto"},"url":"https:\/\/www.noticiasradioreflejos.com.ar\/2021\/author\/arnaldo\/"}]}},"_links":{"self":[{"href":"https:\/\/www.noticiasradioreflejos.com.ar\/2021\/wp-json\/wp\/v2\/posts\/108372","targetHints":{"allow":["GET"]}}],"collection":[{"href":"https:\/\/www.noticiasradioreflejos.com.ar\/2021\/wp-json\/wp\/v2\/posts"}],"about":[{"href":"https:\/\/www.noticiasradioreflejos.com.ar\/2021\/wp-json\/wp\/v2\/types\/post"}],"author":[{"embeddable":true,"href":"https:\/\/www.noticiasradioreflejos.com.ar\/2021\/wp-json\/wp\/v2\/users\/3"}],"replies":[{"embeddable":true,"href":"https:\/\/www.noticiasradioreflejos.com.ar\/2021\/wp-json\/wp\/v2\/comments?post=108372"}],"version-history":[{"count":1,"href":"https:\/\/www.noticiasradioreflejos.com.ar\/2021\/wp-json\/wp\/v2\/posts\/108372\/revisions"}],"predecessor-version":[{"id":108374,"href":"https:\/\/www.noticiasradioreflejos.com.ar\/2021\/wp-json\/wp\/v2\/posts\/108372\/revisions\/108374"}],"wp:attachment":[{"href":"https:\/\/www.noticiasradioreflejos.com.ar\/2021\/wp-json\/wp\/v2\/media?parent=108372"}],"wp:term":[{"taxonomy":"category","embeddable":true,"href":"https:\/\/www.noticiasradioreflejos.com.ar\/2021\/wp-json\/wp\/v2\/categories?post=108372"},{"taxonomy":"post_tag","embeddable":true,"href":"https:\/\/www.noticiasradioreflejos.com.ar\/2021\/wp-json\/wp\/v2\/tags?post=108372"}],"curies":[{"name":"wp","href":"https:\/\/api.w.org\/{rel}","templated":true}]}}