{"id":108139,"date":"2024-10-07T14:28:10","date_gmt":"2024-10-07T17:28:10","guid":{"rendered":"https:\/\/www.noticiasradioreflejos.com.ar\/2021\/?p=108139"},"modified":"2024-10-07T14:30:22","modified_gmt":"2024-10-07T17:30:22","slug":"el-ajedrez-de-la-comarca-piso-fuerte-en-pringles","status":"publish","type":"post","link":"https:\/\/www.noticiasradioreflejos.com.ar\/2021\/el-ajedrez-de-la-comarca-piso-fuerte-en-pringles\/","title":{"rendered":"El ajedrez de la comarca pis\u00f3 fuerte en Pringles"},"content":{"rendered":"<p>As\u00ed lo hizo saber el profesor <strong>Egidio Britez<\/strong>, quien lleva adelante los talleres en las bibliotecas de Saldungaray y Sierra.<!--more--><\/p>\n<p>Este \u00faltimo fin de semana los talleres de ajedrez que se desarrollan en las<strong> bibliotecas de Sierra de la Ventana y Saldungaray<\/strong> tuvieron una nueva prueba, dentro del<strong> Prix del Sudoeste bonaerense<\/strong>.<\/p>\n<p>Al respecto su <strong>profesor, Egidio Britez<\/strong>, coment\u00f3 que \u201cfue una alegr\u00eda por los chicos que fueron con mucha entusiasmo a los torneos. Tenemos muy buena concurrencia y predisposici\u00f3n de todos. Anotados en el taller tenemos 22 alumnos, entre chicos y chicas. Y la misma cantidad tenemos en Saldungaray\u201d.<\/p>\n<p><a title=\"ajedrez Pringles (4)\" href=\"https:\/\/www.flickr.com\/photos\/182279889@N02\/54050404439\/in\/dateposted-public\/\" data-flickr-embed=\"true\" data-header=\"true\"><img loading=\"lazy\" decoding=\"async\" class=\"alignleft\" src=\"https:\/\/live.staticflickr.com\/65535\/54050404439_df29b6ff09_w.jpg\" alt=\"ajedrez Pringles (4)\" width=\"334\" height=\"400\" \/><\/a>Dando m\u00e1s detalles explic\u00f3 que \u201cesta fue la sexta fecha del Prix de la Asociaci\u00f3n del Sudoeste. Participamos nosotros, Rivera, Su\u00e1rez, Bah\u00eda, Pig\u00fc\u00e9 y Pringles. Se hace una fecha en cada localidad. Si bien la Asociaci\u00f3n integra esas localidades, se pueden sumar jugadores de cualquier ciudad\u201d.<\/p>\n<p>En esa l\u00ednea remarc\u00f3 que \u201cfuimos tres adultos mayores y el resto fueron menores, entre chicos y chicas. El que hizo podio fue<strong> Santino Navarro<\/strong> con seis a\u00f1os, que compiti\u00f3 en <strong>Sub 8<\/strong>. En <strong>Sub 10<\/strong> tuvimos con primer puesto a<strong> Lucas Gonz\u00e1lez Di\u00e9guez y en Sub 12 obtuvo el segundo puesto Juan Cardozo\u201d.<\/strong><\/p>\n<p>&nbsp;<\/p>\n<p>&nbsp;<\/p>\n<p>&nbsp;<\/p>\n<p>Sumando que \u201chay mucho inter\u00e9s por el ajedrez en la comarca. Es muy lindo verlo y hace que crezca la actividad. Los chicos se van contagiando y as\u00ed se suman. Es muy interesante\u201d.<\/p>\n<p>Por \u00faltimo confirm\u00f3 que \u201cla \u00faltima fecha ser\u00e1 a fin de mes en Bah\u00eda Blanca. Dos jugadores de cada categor\u00eda clasifican al interligas que se har\u00e1 en Luj\u00e1n, a nivel provincial, a mediados de noviembre\u201d.<\/p>\n<p><iframe loading=\"lazy\" src=\"https:\/\/w.soundcloud.com\/player\/?url=https%3A\/\/api.soundcloud.com\/tracks\/1930417556&amp;color=%23ff5500&amp;auto_play=false&amp;hide_related=false&amp;show_comments=true&amp;show_user=true&amp;show_reposts=false&amp;show_teaser=true\" width=\"100%\" height=\"166\" frameborder=\"no\" scrolling=\"no\"><\/iframe><\/p>\n<div style=\"font-size: 10px; color: #cccccc; line-break: anywhere; word-break: normal; overflow: hidden; white-space: nowrap; text-overflow: ellipsis; font-family: Interstate,Lucida Grande,Lucida Sans Unicode,Lucida Sans,Garuda,Verdana,Tahoma,sans-serif; font-weight: 100;\"><a style=\"color: #cccccc; text-decoration: none;\" title=\"fmreflejos 103.7\" href=\"https:\/\/soundcloud.com\/fmreflejos-103-7\" target=\"_blank\" rel=\"noopener\">fmreflejos 103.7<\/a> \u00b7 <a style=\"color: #cccccc; text-decoration: none;\" title=\"Egidio Britez 7 - 10\" href=\"https:\/\/soundcloud.com\/fmreflejos-103-7\/egidio-britez-7-10\" target=\"_blank\" rel=\"noopener\">Egidio Britez 7 &#8211; 10<\/a><\/div>\n<p>&nbsp;<\/p>\n<p><a title=\"ajedrez Pringles (2)\" href=\"https:\/\/www.flickr.com\/photos\/182279889@N02\/54049211772\/in\/dateposted-public\/\" data-flickr-embed=\"true\" data-header=\"true\"><img loading=\"lazy\" decoding=\"async\" src=\"https:\/\/live.staticflickr.com\/65535\/54049211772_62f2f5f902_w.jpg\" alt=\"ajedrez Pringles (2)\" width=\"400\" height=\"140\" \/><\/a><script async src=\"\/\/embedr.flickr.com\/assets\/client-code.js\" charset=\"utf-8\"><\/script><\/p>\n<p><a title=\"ajedrez Pringles (3)\" href=\"https:\/\/www.flickr.com\/photos\/182279889@N02\/54050327228\/in\/dateposted-public\/\" data-flickr-embed=\"true\" data-header=\"true\"><img loading=\"lazy\" decoding=\"async\" src=\"https:\/\/live.staticflickr.com\/65535\/54050327228_260e13e77d_w.jpg\" alt=\"ajedrez Pringles (3)\" width=\"376\" height=\"400\" \/><\/a><\/p>\n<p><a title=\"ajedrez Pringles (6)\" href=\"https:\/\/www.flickr.com\/photos\/182279889@N02\/54050327213\/in\/dateposted-public\/\" data-flickr-embed=\"true\" data-header=\"true\"><img loading=\"lazy\" decoding=\"async\" src=\"https:\/\/live.staticflickr.com\/65535\/54050327213_9fef302572_w.jpg\" alt=\"ajedrez Pringles (6)\" width=\"400\" height=\"254\" \/><\/a><\/p>\n<p><a title=\"ajedrez Pringles (1)\" href=\"https:\/\/www.flickr.com\/photos\/182279889@N02\/54050330373\/in\/dateposted-public\/\" data-flickr-embed=\"true\" data-header=\"true\"><img loading=\"lazy\" decoding=\"async\" src=\"https:\/\/live.staticflickr.com\/65535\/54050330373_4c2eb7e8da_w.jpg\" alt=\"ajedrez Pringles (1)\" width=\"400\" height=\"198\" \/><\/a><\/p>\n","protected":false},"excerpt":{"rendered":"<p>As\u00ed lo hizo saber el profesor Egidio Britez, quien lleva adelante los talleres en las bibliotecas de Saldungaray y Sierra.<\/p>\n","protected":false},"author":3,"featured_media":108143,"comment_status":"closed","ping_status":"closed","sticky":false,"template":"","format":"standard","meta":{"footnotes":""},"categories":[27],"tags":[48],"class_list":["post-108139","post","type-post","status-publish","format-standard","has-post-thumbnail","hentry","category-deportes","tag-destacada"],"yoast_head":"<!-- This site is optimized with the Yoast SEO plugin v25.9 - https:\/\/yoast.com\/wordpress\/plugins\/seo\/ -->\n<title>El ajedrez de la comarca pis\u00f3 fuerte en Pringles - Noticias Radio Reflejos<\/title>\n<meta name=\"robots\" content=\"index, follow, max-snippet:-1, max-image-preview:large, max-video-preview:-1\" \/>\n<link rel=\"canonical\" href=\"https:\/\/www.noticiasradioreflejos.com.ar\/2021\/el-ajedrez-de-la-comarca-piso-fuerte-en-pringles\/\" \/>\n<meta property=\"og:locale\" content=\"es_ES\" \/>\n<meta property=\"og:type\" content=\"article\" \/>\n<meta property=\"og:title\" content=\"El ajedrez de la comarca pis\u00f3 fuerte en Pringles - Noticias Radio Reflejos\" \/>\n<meta property=\"og:description\" content=\"As\u00ed lo hizo saber el profesor Egidio Britez, quien lleva adelante los talleres en las bibliotecas de Saldungaray y Sierra.\" \/>\n<meta property=\"og:url\" content=\"https:\/\/www.noticiasradioreflejos.com.ar\/2021\/el-ajedrez-de-la-comarca-piso-fuerte-en-pringles\/\" \/>\n<meta property=\"og:site_name\" content=\"Noticias Radio Reflejos\" \/>\n<meta property=\"article:published_time\" content=\"2024-10-07T17:28:10+00:00\" \/>\n<meta property=\"article:modified_time\" content=\"2024-10-07T17:30:22+00:00\" \/>\n<meta property=\"og:image\" content=\"https:\/\/www.noticiasradioreflejos.com.ar\/2021\/wp-content\/uploads\/2024\/10\/ajedrez-3.jpeg\" \/>\n\t<meta property=\"og:image:width\" content=\"1600\" \/>\n\t<meta property=\"og:image:height\" content=\"1200\" \/>\n\t<meta property=\"og:image:type\" content=\"image\/jpeg\" \/>\n<meta name=\"author\" content=\"Arnaldo Botto\" \/>\n<meta name=\"twitter:card\" content=\"summary_large_image\" \/>\n<script type=\"application\/ld+json\" class=\"yoast-schema-graph\">{\"@context\":\"https:\/\/schema.org\",\"@graph\":[{\"@type\":\"WebPage\",\"@id\":\"https:\/\/www.noticiasradioreflejos.com.ar\/2021\/el-ajedrez-de-la-comarca-piso-fuerte-en-pringles\/\",\"url\":\"https:\/\/www.noticiasradioreflejos.com.ar\/2021\/el-ajedrez-de-la-comarca-piso-fuerte-en-pringles\/\",\"name\":\"El ajedrez de la comarca pis\u00f3 fuerte en Pringles - Noticias Radio Reflejos\",\"isPartOf\":{\"@id\":\"https:\/\/www.noticiasradioreflejos.com.ar\/2021\/#website\"},\"primaryImageOfPage\":{\"@id\":\"https:\/\/www.noticiasradioreflejos.com.ar\/2021\/el-ajedrez-de-la-comarca-piso-fuerte-en-pringles\/#primaryimage\"},\"image\":{\"@id\":\"https:\/\/www.noticiasradioreflejos.com.ar\/2021\/el-ajedrez-de-la-comarca-piso-fuerte-en-pringles\/#primaryimage\"},\"thumbnailUrl\":\"https:\/\/www.noticiasradioreflejos.com.ar\/2021\/wp-content\/uploads\/2024\/10\/ajedrez-3.jpeg\",\"datePublished\":\"2024-10-07T17:28:10+00:00\",\"dateModified\":\"2024-10-07T17:30:22+00:00\",\"author\":{\"@id\":\"https:\/\/www.noticiasradioreflejos.com.ar\/2021\/#\/schema\/person\/ad82545263dcc5ec0996818884fd5fb1\"},\"breadcrumb\":{\"@id\":\"https:\/\/www.noticiasradioreflejos.com.ar\/2021\/el-ajedrez-de-la-comarca-piso-fuerte-en-pringles\/#breadcrumb\"},\"inLanguage\":\"es\",\"potentialAction\":[{\"@type\":\"ReadAction\",\"target\":[\"https:\/\/www.noticiasradioreflejos.com.ar\/2021\/el-ajedrez-de-la-comarca-piso-fuerte-en-pringles\/\"]}]},{\"@type\":\"ImageObject\",\"inLanguage\":\"es\",\"@id\":\"https:\/\/www.noticiasradioreflejos.com.ar\/2021\/el-ajedrez-de-la-comarca-piso-fuerte-en-pringles\/#primaryimage\",\"url\":\"https:\/\/www.noticiasradioreflejos.com.ar\/2021\/wp-content\/uploads\/2024\/10\/ajedrez-3.jpeg\",\"contentUrl\":\"https:\/\/www.noticiasradioreflejos.com.ar\/2021\/wp-content\/uploads\/2024\/10\/ajedrez-3.jpeg\",\"width\":1600,\"height\":1200},{\"@type\":\"BreadcrumbList\",\"@id\":\"https:\/\/www.noticiasradioreflejos.com.ar\/2021\/el-ajedrez-de-la-comarca-piso-fuerte-en-pringles\/#breadcrumb\",\"itemListElement\":[{\"@type\":\"ListItem\",\"position\":1,\"name\":\"Portada\",\"item\":\"https:\/\/www.noticiasradioreflejos.com.ar\/2021\/\"},{\"@type\":\"ListItem\",\"position\":2,\"name\":\"El ajedrez de la comarca pis\u00f3 fuerte en Pringles\"}]},{\"@type\":\"WebSite\",\"@id\":\"https:\/\/www.noticiasradioreflejos.com.ar\/2021\/#website\",\"url\":\"https:\/\/www.noticiasradioreflejos.com.ar\/2021\/\",\"name\":\"Noticias Radio Reflejos\",\"description\":\"Las noticias de mi comarca\",\"potentialAction\":[{\"@type\":\"SearchAction\",\"target\":{\"@type\":\"EntryPoint\",\"urlTemplate\":\"https:\/\/www.noticiasradioreflejos.com.ar\/2021\/?s={search_term_string}\"},\"query-input\":{\"@type\":\"PropertyValueSpecification\",\"valueRequired\":true,\"valueName\":\"search_term_string\"}}],\"inLanguage\":\"es\"},{\"@type\":\"Person\",\"@id\":\"https:\/\/www.noticiasradioreflejos.com.ar\/2021\/#\/schema\/person\/ad82545263dcc5ec0996818884fd5fb1\",\"name\":\"Arnaldo Botto\",\"image\":{\"@type\":\"ImageObject\",\"inLanguage\":\"es\",\"@id\":\"https:\/\/www.noticiasradioreflejos.com.ar\/2021\/#\/schema\/person\/image\/\",\"url\":\"https:\/\/secure.gravatar.com\/avatar\/55cb5e37c1efa326397366e6974cb338056df65cb50e7d64d1cf314e87504837?s=96&d=mm&r=g\",\"contentUrl\":\"https:\/\/secure.gravatar.com\/avatar\/55cb5e37c1efa326397366e6974cb338056df65cb50e7d64d1cf314e87504837?s=96&d=mm&r=g\",\"caption\":\"Arnaldo Botto\"},\"url\":\"https:\/\/www.noticiasradioreflejos.com.ar\/2021\/author\/arnaldo\/\"}]}<\/script>\n<!-- \/ Yoast SEO plugin. -->","yoast_head_json":{"title":"El ajedrez de la comarca pis\u00f3 fuerte en Pringles - Noticias Radio Reflejos","robots":{"index":"index","follow":"follow","max-snippet":"max-snippet:-1","max-image-preview":"max-image-preview:large","max-video-preview":"max-video-preview:-1"},"canonical":"https:\/\/www.noticiasradioreflejos.com.ar\/2021\/el-ajedrez-de-la-comarca-piso-fuerte-en-pringles\/","og_locale":"es_ES","og_type":"article","og_title":"El ajedrez de la comarca pis\u00f3 fuerte en Pringles - Noticias Radio Reflejos","og_description":"As\u00ed lo hizo saber el profesor Egidio Britez, quien lleva adelante los talleres en las bibliotecas de Saldungaray y Sierra.","og_url":"https:\/\/www.noticiasradioreflejos.com.ar\/2021\/el-ajedrez-de-la-comarca-piso-fuerte-en-pringles\/","og_site_name":"Noticias Radio Reflejos","article_published_time":"2024-10-07T17:28:10+00:00","article_modified_time":"2024-10-07T17:30:22+00:00","og_image":[{"width":1600,"height":1200,"url":"https:\/\/www.noticiasradioreflejos.com.ar\/2021\/wp-content\/uploads\/2024\/10\/ajedrez-3.jpeg","type":"image\/jpeg"}],"author":"Arnaldo Botto","twitter_card":"summary_large_image","schema":{"@context":"https:\/\/schema.org","@graph":[{"@type":"WebPage","@id":"https:\/\/www.noticiasradioreflejos.com.ar\/2021\/el-ajedrez-de-la-comarca-piso-fuerte-en-pringles\/","url":"https:\/\/www.noticiasradioreflejos.com.ar\/2021\/el-ajedrez-de-la-comarca-piso-fuerte-en-pringles\/","name":"El ajedrez de la comarca pis\u00f3 fuerte en Pringles - Noticias Radio Reflejos","isPartOf":{"@id":"https:\/\/www.noticiasradioreflejos.com.ar\/2021\/#website"},"primaryImageOfPage":{"@id":"https:\/\/www.noticiasradioreflejos.com.ar\/2021\/el-ajedrez-de-la-comarca-piso-fuerte-en-pringles\/#primaryimage"},"image":{"@id":"https:\/\/www.noticiasradioreflejos.com.ar\/2021\/el-ajedrez-de-la-comarca-piso-fuerte-en-pringles\/#primaryimage"},"thumbnailUrl":"https:\/\/www.noticiasradioreflejos.com.ar\/2021\/wp-content\/uploads\/2024\/10\/ajedrez-3.jpeg","datePublished":"2024-10-07T17:28:10+00:00","dateModified":"2024-10-07T17:30:22+00:00","author":{"@id":"https:\/\/www.noticiasradioreflejos.com.ar\/2021\/#\/schema\/person\/ad82545263dcc5ec0996818884fd5fb1"},"breadcrumb":{"@id":"https:\/\/www.noticiasradioreflejos.com.ar\/2021\/el-ajedrez-de-la-comarca-piso-fuerte-en-pringles\/#breadcrumb"},"inLanguage":"es","potentialAction":[{"@type":"ReadAction","target":["https:\/\/www.noticiasradioreflejos.com.ar\/2021\/el-ajedrez-de-la-comarca-piso-fuerte-en-pringles\/"]}]},{"@type":"ImageObject","inLanguage":"es","@id":"https:\/\/www.noticiasradioreflejos.com.ar\/2021\/el-ajedrez-de-la-comarca-piso-fuerte-en-pringles\/#primaryimage","url":"https:\/\/www.noticiasradioreflejos.com.ar\/2021\/wp-content\/uploads\/2024\/10\/ajedrez-3.jpeg","contentUrl":"https:\/\/www.noticiasradioreflejos.com.ar\/2021\/wp-content\/uploads\/2024\/10\/ajedrez-3.jpeg","width":1600,"height":1200},{"@type":"BreadcrumbList","@id":"https:\/\/www.noticiasradioreflejos.com.ar\/2021\/el-ajedrez-de-la-comarca-piso-fuerte-en-pringles\/#breadcrumb","itemListElement":[{"@type":"ListItem","position":1,"name":"Portada","item":"https:\/\/www.noticiasradioreflejos.com.ar\/2021\/"},{"@type":"ListItem","position":2,"name":"El ajedrez de la comarca pis\u00f3 fuerte en Pringles"}]},{"@type":"WebSite","@id":"https:\/\/www.noticiasradioreflejos.com.ar\/2021\/#website","url":"https:\/\/www.noticiasradioreflejos.com.ar\/2021\/","name":"Noticias Radio Reflejos","description":"Las noticias de mi comarca","potentialAction":[{"@type":"SearchAction","target":{"@type":"EntryPoint","urlTemplate":"https:\/\/www.noticiasradioreflejos.com.ar\/2021\/?s={search_term_string}"},"query-input":{"@type":"PropertyValueSpecification","valueRequired":true,"valueName":"search_term_string"}}],"inLanguage":"es"},{"@type":"Person","@id":"https:\/\/www.noticiasradioreflejos.com.ar\/2021\/#\/schema\/person\/ad82545263dcc5ec0996818884fd5fb1","name":"Arnaldo Botto","image":{"@type":"ImageObject","inLanguage":"es","@id":"https:\/\/www.noticiasradioreflejos.com.ar\/2021\/#\/schema\/person\/image\/","url":"https:\/\/secure.gravatar.com\/avatar\/55cb5e37c1efa326397366e6974cb338056df65cb50e7d64d1cf314e87504837?s=96&d=mm&r=g","contentUrl":"https:\/\/secure.gravatar.com\/avatar\/55cb5e37c1efa326397366e6974cb338056df65cb50e7d64d1cf314e87504837?s=96&d=mm&r=g","caption":"Arnaldo Botto"},"url":"https:\/\/www.noticiasradioreflejos.com.ar\/2021\/author\/arnaldo\/"}]}},"_links":{"self":[{"href":"https:\/\/www.noticiasradioreflejos.com.ar\/2021\/wp-json\/wp\/v2\/posts\/108139","targetHints":{"allow":["GET"]}}],"collection":[{"href":"https:\/\/www.noticiasradioreflejos.com.ar\/2021\/wp-json\/wp\/v2\/posts"}],"about":[{"href":"https:\/\/www.noticiasradioreflejos.com.ar\/2021\/wp-json\/wp\/v2\/types\/post"}],"author":[{"embeddable":true,"href":"https:\/\/www.noticiasradioreflejos.com.ar\/2021\/wp-json\/wp\/v2\/users\/3"}],"replies":[{"embeddable":true,"href":"https:\/\/www.noticiasradioreflejos.com.ar\/2021\/wp-json\/wp\/v2\/comments?post=108139"}],"version-history":[{"count":4,"href":"https:\/\/www.noticiasradioreflejos.com.ar\/2021\/wp-json\/wp\/v2\/posts\/108139\/revisions"}],"predecessor-version":[{"id":108147,"href":"https:\/\/www.noticiasradioreflejos.com.ar\/2021\/wp-json\/wp\/v2\/posts\/108139\/revisions\/108147"}],"wp:featuredmedia":[{"embeddable":true,"href":"https:\/\/www.noticiasradioreflejos.com.ar\/2021\/wp-json\/wp\/v2\/media\/108143"}],"wp:attachment":[{"href":"https:\/\/www.noticiasradioreflejos.com.ar\/2021\/wp-json\/wp\/v2\/media?parent=108139"}],"wp:term":[{"taxonomy":"category","embeddable":true,"href":"https:\/\/www.noticiasradioreflejos.com.ar\/2021\/wp-json\/wp\/v2\/categories?post=108139"},{"taxonomy":"post_tag","embeddable":true,"href":"https:\/\/www.noticiasradioreflejos.com.ar\/2021\/wp-json\/wp\/v2\/tags?post=108139"}],"curies":[{"name":"wp","href":"https:\/\/api.w.org\/{rel}","templated":true}]}}