{"id":108124,"date":"2024-10-07T08:46:48","date_gmt":"2024-10-07T11:46:48","guid":{"rendered":"https:\/\/www.noticiasradioreflejos.com.ar\/2021\/?p=108124"},"modified":"2024-10-07T08:46:48","modified_gmt":"2024-10-07T11:46:48","slug":"un-vecino-de-sierra-de-la-ventana-volco-con-su-auto-en-cnel-pringles","status":"publish","type":"post","link":"https:\/\/www.noticiasradioreflejos.com.ar\/2021\/un-vecino-de-sierra-de-la-ventana-volco-con-su-auto-en-cnel-pringles\/","title":{"rendered":"Un Vecino de Sierra de la Ventana volc\u00f3 con su auto en Cnel Pringles."},"content":{"rendered":"<p>El accidente tuvo lugar sobre la ruta 85 en el camino a Pampa Linda, en la madrugada de este domingo y el conductor sufri\u00f3 heridas leves.<!--more--><\/p>\n<div class=\"noticia-index-imagen img-container img-landscape\" data-media-desktop=\"{&quot;type&quot;:&quot;imagen&quot;,&quot;video&quot;:{&quot;url&quot;:&quot;&quot;,&quot;img&quot;:&quot;&quot;},&quot;imagen&quot;:{&quot;titulo&quot;:&quot;&quot;,&quot;epigrafe&quot;:&quot;&quot;,&quot;imagenes_sizes_max&quot;:&quot;lg&quot;,&quot;imagen_mascara_top&quot;:&quot;0&quot;,&quot;jpg&quot;:{&quot;min&quot;:&quot;https:\/\/elorden-s3.cdn.net.ar\/s3i233\/2024\/10\/elorden\/images\/01\/15\/77\/1157706_8c7bd05cd753d82441f31c5b2ca8a9d978147341bba904f5b3f3c6123055a974\/min.jpg&quot;,&quot;xs&quot;:&quot;https:\/\/elorden-s3.cdn.net.ar\/s3i233\/2024\/10\/elorden\/images\/01\/15\/77\/1157706_8c7bd05cd753d82441f31c5b2ca8a9d978147341bba904f5b3f3c6123055a974\/xs.jpg&quot;,&quot;sm&quot;:&quot;https:\/\/elorden-s3.cdn.net.ar\/s3i233\/2024\/10\/elorden\/images\/01\/15\/77\/1157706_8c7bd05cd753d82441f31c5b2ca8a9d978147341bba904f5b3f3c6123055a974\/sm.jpg&quot;,&quot;md&quot;:&quot;https:\/\/elorden-s3.cdn.net.ar\/s3i233\/2024\/10\/elorden\/images\/01\/15\/77\/1157706_8c7bd05cd753d82441f31c5b2ca8a9d978147341bba904f5b3f3c6123055a974\/md.jpg&quot;,&quot;lg&quot;:&quot;https:\/\/elorden-s3.cdn.net.ar\/s3i233\/2024\/10\/elorden\/images\/01\/15\/77\/1157706_8c7bd05cd753d82441f31c5b2ca8a9d978147341bba904f5b3f3c6123055a974\/lg.jpg&quot;},&quot;ratio&quot;:1.33,&quot;webp&quot;:{&quot;min&quot;:&quot;https:\/\/elorden-s3.cdn.net.ar\/s3i233\/2024\/10\/elorden\/images\/01\/15\/77\/1157706_8c7bd05cd753d82441f31c5b2ca8a9d978147341bba904f5b3f3c6123055a974\/min.webp&quot;,&quot;xs&quot;:&quot;https:\/\/elorden-s3.cdn.net.ar\/s3i233\/2024\/10\/elorden\/images\/01\/15\/77\/1157706_8c7bd05cd753d82441f31c5b2ca8a9d978147341bba904f5b3f3c6123055a974\/xs.webp&quot;,&quot;sm&quot;:&quot;https:\/\/elorden-s3.cdn.net.ar\/s3i233\/2024\/10\/elorden\/images\/01\/15\/77\/1157706_8c7bd05cd753d82441f31c5b2ca8a9d978147341bba904f5b3f3c6123055a974\/sm.webp&quot;,&quot;md&quot;:&quot;https:\/\/elorden-s3.cdn.net.ar\/s3i233\/2024\/10\/elorden\/images\/01\/15\/77\/1157706_8c7bd05cd753d82441f31c5b2ca8a9d978147341bba904f5b3f3c6123055a974\/md.webp&quot;,&quot;lg&quot;:&quot;https:\/\/elorden-s3.cdn.net.ar\/s3i233\/2024\/10\/elorden\/images\/01\/15\/77\/1157706_8c7bd05cd753d82441f31c5b2ca8a9d978147341bba904f5b3f3c6123055a974\/lg.webp&quot;},&quot;crop_metadata&quot;:{&quot;1x1&quot;:{&quot;x&quot;:50,&quot;y&quot;:50},&quot;4x3&quot;:{&quot;x&quot;:50,&quot;y&quot;:50},&quot;16x9&quot;:{&quot;x&quot;:50,&quot;y&quot;:50},&quot;21x9&quot;:{&quot;x&quot;:50,&quot;y&quot;:50},&quot;2x3&quot;:{&quot;x&quot;:50,&quot;y&quot;:50}}}}\" data-media-mobile=\"{&quot;type&quot;:null,&quot;video&quot;:{&quot;url&quot;:&quot;&quot;,&quot;img&quot;:&quot;&quot;},&quot;imagen&quot;:{&quot;titulo&quot;:&quot;&quot;,&quot;epigrafe&quot;:&quot;&quot;,&quot;imagenes_sizes_max&quot;:null,&quot;imagen_mascara_top&quot;:0,&quot;jpg&quot;:null,&quot;ratio&quot;:null}}\">A las 8:30 horas, el Cuartel de Bomberos Voluntarios de Cnel Prinlges recibi\u00f3 un llamado de auxilio para asistir a un accidentado en un camino rural del sector de Pampa Linda (continuaci\u00f3n del Boulevard Uruguay y cruce con la Ruta 85). De inmediato, una dotaci\u00f3n con su Unidad de Rescate, a cargo de Su\u00e1rez Miguel, se dirigi\u00f3 al lugar del hecho.<\/div>\n<div class=\"contenido capitalizar\">\n<p><img loading=\"lazy\" decoding=\"async\" src=\"https:\/\/elorden-s3.cdn.net.ar\/s3i233\/2024\/10\/elorden\/images\/01\/15\/77\/1157707_ae06ea15c416c7d2e90923bd559bbb49e4e658466b78e5a55605e78a3cff7768\/lg.webp\" alt=\"\" width=\"1079\" height=\"809\" \/><\/p>\n<p>Al llegar, los bomberos encontraron un autom\u00f3vil Peugeot 207, color gris, que hab\u00eda volcado y qued\u00f3 sobre uno de sus laterales. El conductor, identificado como Cristian Ortelli, se encontraba fuera del veh\u00edculo con heridas leves y fue trasladado al Hospital Municipal para su atenci\u00f3n.<\/p>\n<div class=\"autors-widget\">\n<div>\n<div>\n<div id=\"autors-container-0\">Afortunadamente, a pesar de los varios tumbos que dio el autom\u00f3vil, Ortelli solo sufri\u00f3 lesiones menores. En el lugar tambi\u00e9n trabaj\u00f3 personal policial de nuestra ciudad.<\/div>\n<\/div>\n<\/div>\n<\/div>\n<\/div>\n<div><\/div>\n<div><\/div>\n<div><strong>Fuente El Orden<\/strong><\/div>\n<div class=\"contenido capitalizar\">\n<div class=\"adserver-zonas-noticias\" data-index=\"3\">\n<div id=\"zona-videoowall\"><\/div>\n<\/div>\n<p>&nbsp;<\/p>\n<\/div>\n","protected":false},"excerpt":{"rendered":"<p>El accidente tuvo lugar sobre la ruta 85 en el camino a Pampa Linda, en la madrugada de este domingo y el conductor sufri\u00f3 heridas leves.<\/p>\n","protected":false},"author":3,"featured_media":0,"comment_status":"closed","ping_status":"closed","sticky":false,"template":"","format":"standard","meta":{"footnotes":""},"categories":[29],"tags":[],"class_list":["post-108124","post","type-post","status-publish","format-standard","hentry","category-policiales"],"yoast_head":"<!-- This site is optimized with the Yoast SEO plugin v25.9 - https:\/\/yoast.com\/wordpress\/plugins\/seo\/ -->\n<title>Un Vecino de Sierra de la Ventana volc\u00f3 con su auto en Cnel Pringles. - Noticias Radio Reflejos<\/title>\n<meta name=\"robots\" content=\"index, follow, max-snippet:-1, max-image-preview:large, max-video-preview:-1\" \/>\n<link rel=\"canonical\" href=\"https:\/\/www.noticiasradioreflejos.com.ar\/2021\/un-vecino-de-sierra-de-la-ventana-volco-con-su-auto-en-cnel-pringles\/\" \/>\n<meta property=\"og:locale\" content=\"es_ES\" \/>\n<meta property=\"og:type\" content=\"article\" \/>\n<meta property=\"og:title\" content=\"Un Vecino de Sierra de la Ventana volc\u00f3 con su auto en Cnel Pringles. - Noticias Radio Reflejos\" \/>\n<meta property=\"og:description\" content=\"El accidente tuvo lugar sobre la ruta 85 en el camino a Pampa Linda, en la madrugada de este domingo y el conductor sufri\u00f3 heridas leves.\" \/>\n<meta property=\"og:url\" content=\"https:\/\/www.noticiasradioreflejos.com.ar\/2021\/un-vecino-de-sierra-de-la-ventana-volco-con-su-auto-en-cnel-pringles\/\" \/>\n<meta property=\"og:site_name\" content=\"Noticias Radio Reflejos\" \/>\n<meta property=\"article:published_time\" content=\"2024-10-07T11:46:48+00:00\" \/>\n<meta property=\"og:image\" content=\"https:\/\/elorden-s3.cdn.net.ar\/s3i233\/2024\/10\/elorden\/images\/01\/15\/77\/1157707_ae06ea15c416c7d2e90923bd559bbb49e4e658466b78e5a55605e78a3cff7768\/lg.webp\" \/>\n<meta name=\"author\" content=\"Arnaldo Botto\" \/>\n<meta name=\"twitter:card\" content=\"summary_large_image\" \/>\n<script type=\"application\/ld+json\" class=\"yoast-schema-graph\">{\"@context\":\"https:\/\/schema.org\",\"@graph\":[{\"@type\":\"WebPage\",\"@id\":\"https:\/\/www.noticiasradioreflejos.com.ar\/2021\/un-vecino-de-sierra-de-la-ventana-volco-con-su-auto-en-cnel-pringles\/\",\"url\":\"https:\/\/www.noticiasradioreflejos.com.ar\/2021\/un-vecino-de-sierra-de-la-ventana-volco-con-su-auto-en-cnel-pringles\/\",\"name\":\"Un Vecino de Sierra de la Ventana volc\u00f3 con su auto en Cnel Pringles. - Noticias Radio Reflejos\",\"isPartOf\":{\"@id\":\"https:\/\/www.noticiasradioreflejos.com.ar\/2021\/#website\"},\"primaryImageOfPage\":{\"@id\":\"https:\/\/www.noticiasradioreflejos.com.ar\/2021\/un-vecino-de-sierra-de-la-ventana-volco-con-su-auto-en-cnel-pringles\/#primaryimage\"},\"image\":{\"@id\":\"https:\/\/www.noticiasradioreflejos.com.ar\/2021\/un-vecino-de-sierra-de-la-ventana-volco-con-su-auto-en-cnel-pringles\/#primaryimage\"},\"thumbnailUrl\":\"https:\/\/elorden-s3.cdn.net.ar\/s3i233\/2024\/10\/elorden\/images\/01\/15\/77\/1157707_ae06ea15c416c7d2e90923bd559bbb49e4e658466b78e5a55605e78a3cff7768\/lg.webp\",\"datePublished\":\"2024-10-07T11:46:48+00:00\",\"author\":{\"@id\":\"https:\/\/www.noticiasradioreflejos.com.ar\/2021\/#\/schema\/person\/ad82545263dcc5ec0996818884fd5fb1\"},\"breadcrumb\":{\"@id\":\"https:\/\/www.noticiasradioreflejos.com.ar\/2021\/un-vecino-de-sierra-de-la-ventana-volco-con-su-auto-en-cnel-pringles\/#breadcrumb\"},\"inLanguage\":\"es\",\"potentialAction\":[{\"@type\":\"ReadAction\",\"target\":[\"https:\/\/www.noticiasradioreflejos.com.ar\/2021\/un-vecino-de-sierra-de-la-ventana-volco-con-su-auto-en-cnel-pringles\/\"]}]},{\"@type\":\"ImageObject\",\"inLanguage\":\"es\",\"@id\":\"https:\/\/www.noticiasradioreflejos.com.ar\/2021\/un-vecino-de-sierra-de-la-ventana-volco-con-su-auto-en-cnel-pringles\/#primaryimage\",\"url\":\"https:\/\/elorden-s3.cdn.net.ar\/s3i233\/2024\/10\/elorden\/images\/01\/15\/77\/1157707_ae06ea15c416c7d2e90923bd559bbb49e4e658466b78e5a55605e78a3cff7768\/lg.webp\",\"contentUrl\":\"https:\/\/elorden-s3.cdn.net.ar\/s3i233\/2024\/10\/elorden\/images\/01\/15\/77\/1157707_ae06ea15c416c7d2e90923bd559bbb49e4e658466b78e5a55605e78a3cff7768\/lg.webp\"},{\"@type\":\"BreadcrumbList\",\"@id\":\"https:\/\/www.noticiasradioreflejos.com.ar\/2021\/un-vecino-de-sierra-de-la-ventana-volco-con-su-auto-en-cnel-pringles\/#breadcrumb\",\"itemListElement\":[{\"@type\":\"ListItem\",\"position\":1,\"name\":\"Portada\",\"item\":\"https:\/\/www.noticiasradioreflejos.com.ar\/2021\/\"},{\"@type\":\"ListItem\",\"position\":2,\"name\":\"Un Vecino de Sierra de la Ventana volc\u00f3 con su auto en Cnel Pringles.\"}]},{\"@type\":\"WebSite\",\"@id\":\"https:\/\/www.noticiasradioreflejos.com.ar\/2021\/#website\",\"url\":\"https:\/\/www.noticiasradioreflejos.com.ar\/2021\/\",\"name\":\"Noticias Radio Reflejos\",\"description\":\"Las noticias de mi comarca\",\"potentialAction\":[{\"@type\":\"SearchAction\",\"target\":{\"@type\":\"EntryPoint\",\"urlTemplate\":\"https:\/\/www.noticiasradioreflejos.com.ar\/2021\/?s={search_term_string}\"},\"query-input\":{\"@type\":\"PropertyValueSpecification\",\"valueRequired\":true,\"valueName\":\"search_term_string\"}}],\"inLanguage\":\"es\"},{\"@type\":\"Person\",\"@id\":\"https:\/\/www.noticiasradioreflejos.com.ar\/2021\/#\/schema\/person\/ad82545263dcc5ec0996818884fd5fb1\",\"name\":\"Arnaldo Botto\",\"image\":{\"@type\":\"ImageObject\",\"inLanguage\":\"es\",\"@id\":\"https:\/\/www.noticiasradioreflejos.com.ar\/2021\/#\/schema\/person\/image\/\",\"url\":\"https:\/\/secure.gravatar.com\/avatar\/55cb5e37c1efa326397366e6974cb338056df65cb50e7d64d1cf314e87504837?s=96&d=mm&r=g\",\"contentUrl\":\"https:\/\/secure.gravatar.com\/avatar\/55cb5e37c1efa326397366e6974cb338056df65cb50e7d64d1cf314e87504837?s=96&d=mm&r=g\",\"caption\":\"Arnaldo Botto\"},\"url\":\"https:\/\/www.noticiasradioreflejos.com.ar\/2021\/author\/arnaldo\/\"}]}<\/script>\n<!-- \/ Yoast SEO plugin. -->","yoast_head_json":{"title":"Un Vecino de Sierra de la Ventana volc\u00f3 con su auto en Cnel Pringles. - Noticias Radio Reflejos","robots":{"index":"index","follow":"follow","max-snippet":"max-snippet:-1","max-image-preview":"max-image-preview:large","max-video-preview":"max-video-preview:-1"},"canonical":"https:\/\/www.noticiasradioreflejos.com.ar\/2021\/un-vecino-de-sierra-de-la-ventana-volco-con-su-auto-en-cnel-pringles\/","og_locale":"es_ES","og_type":"article","og_title":"Un Vecino de Sierra de la Ventana volc\u00f3 con su auto en Cnel Pringles. - Noticias Radio Reflejos","og_description":"El accidente tuvo lugar sobre la ruta 85 en el camino a Pampa Linda, en la madrugada de este domingo y el conductor sufri\u00f3 heridas leves.","og_url":"https:\/\/www.noticiasradioreflejos.com.ar\/2021\/un-vecino-de-sierra-de-la-ventana-volco-con-su-auto-en-cnel-pringles\/","og_site_name":"Noticias Radio Reflejos","article_published_time":"2024-10-07T11:46:48+00:00","og_image":[{"url":"https:\/\/elorden-s3.cdn.net.ar\/s3i233\/2024\/10\/elorden\/images\/01\/15\/77\/1157707_ae06ea15c416c7d2e90923bd559bbb49e4e658466b78e5a55605e78a3cff7768\/lg.webp","type":"","width":"","height":""}],"author":"Arnaldo Botto","twitter_card":"summary_large_image","schema":{"@context":"https:\/\/schema.org","@graph":[{"@type":"WebPage","@id":"https:\/\/www.noticiasradioreflejos.com.ar\/2021\/un-vecino-de-sierra-de-la-ventana-volco-con-su-auto-en-cnel-pringles\/","url":"https:\/\/www.noticiasradioreflejos.com.ar\/2021\/un-vecino-de-sierra-de-la-ventana-volco-con-su-auto-en-cnel-pringles\/","name":"Un Vecino de Sierra de la Ventana volc\u00f3 con su auto en Cnel Pringles. - Noticias Radio Reflejos","isPartOf":{"@id":"https:\/\/www.noticiasradioreflejos.com.ar\/2021\/#website"},"primaryImageOfPage":{"@id":"https:\/\/www.noticiasradioreflejos.com.ar\/2021\/un-vecino-de-sierra-de-la-ventana-volco-con-su-auto-en-cnel-pringles\/#primaryimage"},"image":{"@id":"https:\/\/www.noticiasradioreflejos.com.ar\/2021\/un-vecino-de-sierra-de-la-ventana-volco-con-su-auto-en-cnel-pringles\/#primaryimage"},"thumbnailUrl":"https:\/\/elorden-s3.cdn.net.ar\/s3i233\/2024\/10\/elorden\/images\/01\/15\/77\/1157707_ae06ea15c416c7d2e90923bd559bbb49e4e658466b78e5a55605e78a3cff7768\/lg.webp","datePublished":"2024-10-07T11:46:48+00:00","author":{"@id":"https:\/\/www.noticiasradioreflejos.com.ar\/2021\/#\/schema\/person\/ad82545263dcc5ec0996818884fd5fb1"},"breadcrumb":{"@id":"https:\/\/www.noticiasradioreflejos.com.ar\/2021\/un-vecino-de-sierra-de-la-ventana-volco-con-su-auto-en-cnel-pringles\/#breadcrumb"},"inLanguage":"es","potentialAction":[{"@type":"ReadAction","target":["https:\/\/www.noticiasradioreflejos.com.ar\/2021\/un-vecino-de-sierra-de-la-ventana-volco-con-su-auto-en-cnel-pringles\/"]}]},{"@type":"ImageObject","inLanguage":"es","@id":"https:\/\/www.noticiasradioreflejos.com.ar\/2021\/un-vecino-de-sierra-de-la-ventana-volco-con-su-auto-en-cnel-pringles\/#primaryimage","url":"https:\/\/elorden-s3.cdn.net.ar\/s3i233\/2024\/10\/elorden\/images\/01\/15\/77\/1157707_ae06ea15c416c7d2e90923bd559bbb49e4e658466b78e5a55605e78a3cff7768\/lg.webp","contentUrl":"https:\/\/elorden-s3.cdn.net.ar\/s3i233\/2024\/10\/elorden\/images\/01\/15\/77\/1157707_ae06ea15c416c7d2e90923bd559bbb49e4e658466b78e5a55605e78a3cff7768\/lg.webp"},{"@type":"BreadcrumbList","@id":"https:\/\/www.noticiasradioreflejos.com.ar\/2021\/un-vecino-de-sierra-de-la-ventana-volco-con-su-auto-en-cnel-pringles\/#breadcrumb","itemListElement":[{"@type":"ListItem","position":1,"name":"Portada","item":"https:\/\/www.noticiasradioreflejos.com.ar\/2021\/"},{"@type":"ListItem","position":2,"name":"Un Vecino de Sierra de la Ventana volc\u00f3 con su auto en Cnel Pringles."}]},{"@type":"WebSite","@id":"https:\/\/www.noticiasradioreflejos.com.ar\/2021\/#website","url":"https:\/\/www.noticiasradioreflejos.com.ar\/2021\/","name":"Noticias Radio Reflejos","description":"Las noticias de mi comarca","potentialAction":[{"@type":"SearchAction","target":{"@type":"EntryPoint","urlTemplate":"https:\/\/www.noticiasradioreflejos.com.ar\/2021\/?s={search_term_string}"},"query-input":{"@type":"PropertyValueSpecification","valueRequired":true,"valueName":"search_term_string"}}],"inLanguage":"es"},{"@type":"Person","@id":"https:\/\/www.noticiasradioreflejos.com.ar\/2021\/#\/schema\/person\/ad82545263dcc5ec0996818884fd5fb1","name":"Arnaldo Botto","image":{"@type":"ImageObject","inLanguage":"es","@id":"https:\/\/www.noticiasradioreflejos.com.ar\/2021\/#\/schema\/person\/image\/","url":"https:\/\/secure.gravatar.com\/avatar\/55cb5e37c1efa326397366e6974cb338056df65cb50e7d64d1cf314e87504837?s=96&d=mm&r=g","contentUrl":"https:\/\/secure.gravatar.com\/avatar\/55cb5e37c1efa326397366e6974cb338056df65cb50e7d64d1cf314e87504837?s=96&d=mm&r=g","caption":"Arnaldo Botto"},"url":"https:\/\/www.noticiasradioreflejos.com.ar\/2021\/author\/arnaldo\/"}]}},"_links":{"self":[{"href":"https:\/\/www.noticiasradioreflejos.com.ar\/2021\/wp-json\/wp\/v2\/posts\/108124","targetHints":{"allow":["GET"]}}],"collection":[{"href":"https:\/\/www.noticiasradioreflejos.com.ar\/2021\/wp-json\/wp\/v2\/posts"}],"about":[{"href":"https:\/\/www.noticiasradioreflejos.com.ar\/2021\/wp-json\/wp\/v2\/types\/post"}],"author":[{"embeddable":true,"href":"https:\/\/www.noticiasradioreflejos.com.ar\/2021\/wp-json\/wp\/v2\/users\/3"}],"replies":[{"embeddable":true,"href":"https:\/\/www.noticiasradioreflejos.com.ar\/2021\/wp-json\/wp\/v2\/comments?post=108124"}],"version-history":[{"count":1,"href":"https:\/\/www.noticiasradioreflejos.com.ar\/2021\/wp-json\/wp\/v2\/posts\/108124\/revisions"}],"predecessor-version":[{"id":108126,"href":"https:\/\/www.noticiasradioreflejos.com.ar\/2021\/wp-json\/wp\/v2\/posts\/108124\/revisions\/108126"}],"wp:attachment":[{"href":"https:\/\/www.noticiasradioreflejos.com.ar\/2021\/wp-json\/wp\/v2\/media?parent=108124"}],"wp:term":[{"taxonomy":"category","embeddable":true,"href":"https:\/\/www.noticiasradioreflejos.com.ar\/2021\/wp-json\/wp\/v2\/categories?post=108124"},{"taxonomy":"post_tag","embeddable":true,"href":"https:\/\/www.noticiasradioreflejos.com.ar\/2021\/wp-json\/wp\/v2\/tags?post=108124"}],"curies":[{"name":"wp","href":"https:\/\/api.w.org\/{rel}","templated":true}]}}