{"id":108101,"date":"2024-10-04T18:24:40","date_gmt":"2024-10-04T21:24:40","guid":{"rendered":"https:\/\/www.noticiasradioreflejos.com.ar\/2021\/?p=108101"},"modified":"2024-10-04T18:24:40","modified_gmt":"2024-10-04T21:24:40","slug":"aumenta-la-vtv-cuanto-costara-desde-este-sabado","status":"publish","type":"post","link":"https:\/\/www.noticiasradioreflejos.com.ar\/2021\/aumenta-la-vtv-cuanto-costara-desde-este-sabado\/","title":{"rendered":"Aumenta la VTV: cu\u00e1nto costar\u00e1 desde este s\u00e1bado"},"content":{"rendered":"<header id=\"mvp-post-head\" class=\"left relative\">El Ministerio de Transporte bonaerense confirm\u00f3 el incremento a trav\u00e9s del Bolet\u00edn Oficial.<\/p>\n<\/header>\n<p><!--more--><\/p>\n<div class=\"mvp-post-main-out left relative\">\n<div class=\"mvp-post-main-in\">\n<div id=\"mvp-post-content\" class=\"left relative\">\n<div id=\"mvp-post-feat-img\" class=\"left relative mvp-post-feat-img-wide2\"><img loading=\"lazy\" decoding=\"async\" class=\"attachment- size- wp-post-image\" src=\"https:\/\/www.labrujula24.com\/wp-content\/uploads\/2022\/01\/VTV-1-e1712237158934.jpg\" sizes=\"auto, (max-width: 1200px) 100vw, 1200px\" srcset=\"https:\/\/www.labrujula24.com\/wp-content\/uploads\/2022\/01\/VTV-1-e1712237158934.jpg 1200w, https:\/\/www.labrujula24.com\/wp-content\/uploads\/2022\/01\/VTV-1-e1712237158934-768x461.jpg 768w, https:\/\/www.labrujula24.com\/wp-content\/uploads\/2022\/01\/VTV-1-e1712237158934-1000x600.jpg 1000w, https:\/\/www.labrujula24.com\/wp-content\/uploads\/2022\/01\/VTV-1-e1712237158934-590x354.jpg 590w, https:\/\/www.labrujula24.com\/wp-content\/uploads\/2022\/01\/VTV-1-e1712237158934-400x240.jpg 400w\" alt=\"\" width=\"1200\" height=\"720\" \/><\/div>\n<p><span class=\"mvp-feat-caption\">Foto de archivo<\/span><\/p>\n<div id=\"mvp-content-wrap\" class=\"left relative\">\n<div class=\"mvp-post-soc-out right relative\">\n<div class=\"mvp-post-soc-in\">\n<div id=\"mvp-content-body\" class=\"left relative\">\n<div id=\"mvp-content-body-top\" class=\"left relative\">\n<div id=\"mvp-content-main\" class=\"left relative\">\n<div id=\"textbody\">\n<p>&nbsp;<\/p>\n<p>El Gobierno bonaerense confirm\u00f3 este viernes una nueva suba de la tarifa base de la Verificaci\u00f3n T\u00e9cnica Vehicular (VTV), que en esta oportunidad se realizar\u00e1 en tres etapas hasta completar un 100% en diciembre. En rigor, seg\u00fan dicta la Resoluci\u00f3n N\u00b0 220\/2024 del Bolet\u00edn Oficial al que tuvo acceso la\u00a0<strong>redacci\u00f3n<\/strong>\u00a0de\u00a0<strong>LA BR\u00daJULA 24<\/strong>, este s\u00e1bado se aplicar\u00e1 el primero de los aumentos de un 33,3%.<\/p>\n<p>Seg\u00fan se indica en la norma, la Direcci\u00f3n Provincial de la Verificaci\u00f3n T\u00e9cnica Vehicular decidi\u00f3 hacer lugar al pedido de las concesionarias, \u201cconsiderando oportuno implementar el aumento requerido en tres etapas, aplic\u00e1ndose un 33,33% en cada bimestre hasta lograr el 100 % del valor de la tarifa plena\u201d.<\/p>\n<p>&nbsp;<\/p>\n<figure class=\"wp-block-image size-full\"><img loading=\"lazy\" decoding=\"async\" class=\"wp-image-396485\" src=\"https:\/\/www.labrujula24.com\/wp-content\/uploads\/2024\/10\/boletin2.jpg\" alt=\"\" width=\"805\" height=\"108\" \/><figcaption class=\"wp-element-caption\"><em>Captura de pantalla del art\u00edculo publicado en el Bolet\u00edn Oficial que confirma la suba en la tarifa de la VTV.<\/em><\/figcaption><\/figure>\n<p class=\" aBigClassNameToAvoidCollisionInText\">Entonces, de acuerdo a lo publicado, la tarifa b\u00e1sica ascender\u00e1 a $44.175,21 IVA incluido desde este s\u00e1bado 5 de octubre; para la segunda etapa, la cual comprende los meses de octubre y noviembre, la tarifa se ir\u00e1 a $53.819,26 IVA incluido; y en la \u00faltima etapa, que comprende el mes de diciembre, se elevar\u00e1 a $63.463,30 IVA incluido, lo que equivale\u00a0 al 100 % del valor.<\/p>\n<div id=\"sas_45111\"><\/div>\n<div id=\"video\"><\/div>\n<div id=\"div-gpt-ad-ros-internews-01_parent\" class=\"code-block code-block-11\">\n<div id=\"div-gpt-ad-ros-internews-01\" data-google-query-id=\"CJSO0JDU9YgDFSEbuQYd-HY5jg\">\n<div id=\"google_ads_iframe_\/22031857995\/INTERNEWS_01_0__container__\">La Verificaci\u00f3n T\u00e9cnica Vehicular (VTV) es un tr\u00e1mite obligatorio para todos los conductores que tienen veh\u00edculos radicados en la provincia de Buenos Aires. En lo que va del a\u00f1o tuvo incrementos cercanos al 300%.<\/div>\n<\/div>\n<\/div>\n<figure class=\"wp-block-image size-full\"><img loading=\"lazy\" decoding=\"async\" class=\"wp-image-396484\" src=\"https:\/\/www.labrujula24.com\/wp-content\/uploads\/2024\/10\/boletin.jpg\" alt=\"\" width=\"900\" height=\"973\" \/><\/figure>\n<p>En abril, la tarifa b\u00e1sica de la VTV para veh\u00edculos de hasta 2.500 kg de peso era de $15.997,86 y terminar\u00e1 costando $63.463, es decir, habr\u00e1 sufrido un aumento del 296%. Hasta este viernes, la tarifa inicial (veh\u00edculos hasta 2500kg.) era de $24.531,17.<\/p>\n<p>Cabe se\u00f1alar que de acuerdo al pliego de bases y condiciones de la licitaci\u00f3n, la tarifa b\u00e1sica de la VTV debe ser igual al 7% del salario b\u00e1sico de un operario de categor\u00eda 1. De esta manera, cada vez que se firme un nuevo acuerdo salarial hay que actualizar los precios de la revisi\u00f3n vehicular.<\/p>\n<\/div>\n<\/div>\n<\/div>\n<\/div>\n<\/div>\n<\/div>\n<\/div>\n<\/div>\n<\/div>\n<\/div>\n<p>&nbsp;<\/p>\n<p>&nbsp;<\/p>\n<p><strong>Fuente La Br\u00fajula<\/strong><\/p>\n","protected":false},"excerpt":{"rendered":"<p>El Ministerio de Transporte bonaerense confirm\u00f3 el incremento a trav\u00e9s del Bolet\u00edn Oficial.<\/p>\n","protected":false},"author":3,"featured_media":89050,"comment_status":"closed","ping_status":"closed","sticky":false,"template":"","format":"standard","meta":{"footnotes":""},"categories":[36],"tags":[],"class_list":["post-108101","post","type-post","status-publish","format-standard","has-post-thumbnail","hentry","category-economia"],"yoast_head":"<!-- This site is optimized with the Yoast SEO plugin v25.9 - https:\/\/yoast.com\/wordpress\/plugins\/seo\/ -->\n<title>Aumenta la VTV: cu\u00e1nto costar\u00e1 desde este s\u00e1bado - Noticias Radio Reflejos<\/title>\n<meta name=\"robots\" content=\"index, follow, max-snippet:-1, max-image-preview:large, max-video-preview:-1\" \/>\n<link rel=\"canonical\" href=\"https:\/\/www.noticiasradioreflejos.com.ar\/2021\/aumenta-la-vtv-cuanto-costara-desde-este-sabado\/\" \/>\n<meta property=\"og:locale\" content=\"es_ES\" \/>\n<meta property=\"og:type\" content=\"article\" \/>\n<meta property=\"og:title\" content=\"Aumenta la VTV: cu\u00e1nto costar\u00e1 desde este s\u00e1bado - Noticias Radio Reflejos\" \/>\n<meta property=\"og:description\" content=\"El Ministerio de Transporte bonaerense confirm\u00f3 el incremento a trav\u00e9s del Bolet\u00edn Oficial.\" \/>\n<meta property=\"og:url\" content=\"https:\/\/www.noticiasradioreflejos.com.ar\/2021\/aumenta-la-vtv-cuanto-costara-desde-este-sabado\/\" \/>\n<meta property=\"og:site_name\" content=\"Noticias Radio Reflejos\" \/>\n<meta property=\"article:published_time\" content=\"2024-10-04T21:24:40+00:00\" \/>\n<meta property=\"og:image\" content=\"https:\/\/www.noticiasradioreflejos.com.ar\/2021\/wp-content\/uploads\/2023\/06\/vtv-1.jpg\" \/>\n\t<meta property=\"og:image:width\" content=\"1200\" \/>\n\t<meta property=\"og:image:height\" content=\"720\" \/>\n\t<meta property=\"og:image:type\" content=\"image\/jpeg\" \/>\n<meta name=\"author\" content=\"Arnaldo Botto\" \/>\n<meta name=\"twitter:card\" content=\"summary_large_image\" \/>\n<script type=\"application\/ld+json\" class=\"yoast-schema-graph\">{\"@context\":\"https:\/\/schema.org\",\"@graph\":[{\"@type\":\"WebPage\",\"@id\":\"https:\/\/www.noticiasradioreflejos.com.ar\/2021\/aumenta-la-vtv-cuanto-costara-desde-este-sabado\/\",\"url\":\"https:\/\/www.noticiasradioreflejos.com.ar\/2021\/aumenta-la-vtv-cuanto-costara-desde-este-sabado\/\",\"name\":\"Aumenta la VTV: cu\u00e1nto costar\u00e1 desde este s\u00e1bado - Noticias Radio Reflejos\",\"isPartOf\":{\"@id\":\"https:\/\/www.noticiasradioreflejos.com.ar\/2021\/#website\"},\"primaryImageOfPage\":{\"@id\":\"https:\/\/www.noticiasradioreflejos.com.ar\/2021\/aumenta-la-vtv-cuanto-costara-desde-este-sabado\/#primaryimage\"},\"image\":{\"@id\":\"https:\/\/www.noticiasradioreflejos.com.ar\/2021\/aumenta-la-vtv-cuanto-costara-desde-este-sabado\/#primaryimage\"},\"thumbnailUrl\":\"https:\/\/www.noticiasradioreflejos.com.ar\/2021\/wp-content\/uploads\/2023\/06\/vtv-1.jpg\",\"datePublished\":\"2024-10-04T21:24:40+00:00\",\"author\":{\"@id\":\"https:\/\/www.noticiasradioreflejos.com.ar\/2021\/#\/schema\/person\/ad82545263dcc5ec0996818884fd5fb1\"},\"breadcrumb\":{\"@id\":\"https:\/\/www.noticiasradioreflejos.com.ar\/2021\/aumenta-la-vtv-cuanto-costara-desde-este-sabado\/#breadcrumb\"},\"inLanguage\":\"es\",\"potentialAction\":[{\"@type\":\"ReadAction\",\"target\":[\"https:\/\/www.noticiasradioreflejos.com.ar\/2021\/aumenta-la-vtv-cuanto-costara-desde-este-sabado\/\"]}]},{\"@type\":\"ImageObject\",\"inLanguage\":\"es\",\"@id\":\"https:\/\/www.noticiasradioreflejos.com.ar\/2021\/aumenta-la-vtv-cuanto-costara-desde-este-sabado\/#primaryimage\",\"url\":\"https:\/\/www.noticiasradioreflejos.com.ar\/2021\/wp-content\/uploads\/2023\/06\/vtv-1.jpg\",\"contentUrl\":\"https:\/\/www.noticiasradioreflejos.com.ar\/2021\/wp-content\/uploads\/2023\/06\/vtv-1.jpg\",\"width\":1200,\"height\":720},{\"@type\":\"BreadcrumbList\",\"@id\":\"https:\/\/www.noticiasradioreflejos.com.ar\/2021\/aumenta-la-vtv-cuanto-costara-desde-este-sabado\/#breadcrumb\",\"itemListElement\":[{\"@type\":\"ListItem\",\"position\":1,\"name\":\"Portada\",\"item\":\"https:\/\/www.noticiasradioreflejos.com.ar\/2021\/\"},{\"@type\":\"ListItem\",\"position\":2,\"name\":\"Aumenta la VTV: cu\u00e1nto costar\u00e1 desde este s\u00e1bado\"}]},{\"@type\":\"WebSite\",\"@id\":\"https:\/\/www.noticiasradioreflejos.com.ar\/2021\/#website\",\"url\":\"https:\/\/www.noticiasradioreflejos.com.ar\/2021\/\",\"name\":\"Noticias Radio Reflejos\",\"description\":\"Las noticias de mi comarca\",\"potentialAction\":[{\"@type\":\"SearchAction\",\"target\":{\"@type\":\"EntryPoint\",\"urlTemplate\":\"https:\/\/www.noticiasradioreflejos.com.ar\/2021\/?s={search_term_string}\"},\"query-input\":{\"@type\":\"PropertyValueSpecification\",\"valueRequired\":true,\"valueName\":\"search_term_string\"}}],\"inLanguage\":\"es\"},{\"@type\":\"Person\",\"@id\":\"https:\/\/www.noticiasradioreflejos.com.ar\/2021\/#\/schema\/person\/ad82545263dcc5ec0996818884fd5fb1\",\"name\":\"Arnaldo Botto\",\"image\":{\"@type\":\"ImageObject\",\"inLanguage\":\"es\",\"@id\":\"https:\/\/www.noticiasradioreflejos.com.ar\/2021\/#\/schema\/person\/image\/\",\"url\":\"https:\/\/secure.gravatar.com\/avatar\/55cb5e37c1efa326397366e6974cb338056df65cb50e7d64d1cf314e87504837?s=96&d=mm&r=g\",\"contentUrl\":\"https:\/\/secure.gravatar.com\/avatar\/55cb5e37c1efa326397366e6974cb338056df65cb50e7d64d1cf314e87504837?s=96&d=mm&r=g\",\"caption\":\"Arnaldo Botto\"},\"url\":\"https:\/\/www.noticiasradioreflejos.com.ar\/2021\/author\/arnaldo\/\"}]}<\/script>\n<!-- \/ Yoast SEO plugin. -->","yoast_head_json":{"title":"Aumenta la VTV: cu\u00e1nto costar\u00e1 desde este s\u00e1bado - Noticias Radio Reflejos","robots":{"index":"index","follow":"follow","max-snippet":"max-snippet:-1","max-image-preview":"max-image-preview:large","max-video-preview":"max-video-preview:-1"},"canonical":"https:\/\/www.noticiasradioreflejos.com.ar\/2021\/aumenta-la-vtv-cuanto-costara-desde-este-sabado\/","og_locale":"es_ES","og_type":"article","og_title":"Aumenta la VTV: cu\u00e1nto costar\u00e1 desde este s\u00e1bado - Noticias Radio Reflejos","og_description":"El Ministerio de Transporte bonaerense confirm\u00f3 el incremento a trav\u00e9s del Bolet\u00edn Oficial.","og_url":"https:\/\/www.noticiasradioreflejos.com.ar\/2021\/aumenta-la-vtv-cuanto-costara-desde-este-sabado\/","og_site_name":"Noticias Radio Reflejos","article_published_time":"2024-10-04T21:24:40+00:00","og_image":[{"width":1200,"height":720,"url":"https:\/\/www.noticiasradioreflejos.com.ar\/2021\/wp-content\/uploads\/2023\/06\/vtv-1.jpg","type":"image\/jpeg"}],"author":"Arnaldo Botto","twitter_card":"summary_large_image","schema":{"@context":"https:\/\/schema.org","@graph":[{"@type":"WebPage","@id":"https:\/\/www.noticiasradioreflejos.com.ar\/2021\/aumenta-la-vtv-cuanto-costara-desde-este-sabado\/","url":"https:\/\/www.noticiasradioreflejos.com.ar\/2021\/aumenta-la-vtv-cuanto-costara-desde-este-sabado\/","name":"Aumenta la VTV: cu\u00e1nto costar\u00e1 desde este s\u00e1bado - Noticias Radio Reflejos","isPartOf":{"@id":"https:\/\/www.noticiasradioreflejos.com.ar\/2021\/#website"},"primaryImageOfPage":{"@id":"https:\/\/www.noticiasradioreflejos.com.ar\/2021\/aumenta-la-vtv-cuanto-costara-desde-este-sabado\/#primaryimage"},"image":{"@id":"https:\/\/www.noticiasradioreflejos.com.ar\/2021\/aumenta-la-vtv-cuanto-costara-desde-este-sabado\/#primaryimage"},"thumbnailUrl":"https:\/\/www.noticiasradioreflejos.com.ar\/2021\/wp-content\/uploads\/2023\/06\/vtv-1.jpg","datePublished":"2024-10-04T21:24:40+00:00","author":{"@id":"https:\/\/www.noticiasradioreflejos.com.ar\/2021\/#\/schema\/person\/ad82545263dcc5ec0996818884fd5fb1"},"breadcrumb":{"@id":"https:\/\/www.noticiasradioreflejos.com.ar\/2021\/aumenta-la-vtv-cuanto-costara-desde-este-sabado\/#breadcrumb"},"inLanguage":"es","potentialAction":[{"@type":"ReadAction","target":["https:\/\/www.noticiasradioreflejos.com.ar\/2021\/aumenta-la-vtv-cuanto-costara-desde-este-sabado\/"]}]},{"@type":"ImageObject","inLanguage":"es","@id":"https:\/\/www.noticiasradioreflejos.com.ar\/2021\/aumenta-la-vtv-cuanto-costara-desde-este-sabado\/#primaryimage","url":"https:\/\/www.noticiasradioreflejos.com.ar\/2021\/wp-content\/uploads\/2023\/06\/vtv-1.jpg","contentUrl":"https:\/\/www.noticiasradioreflejos.com.ar\/2021\/wp-content\/uploads\/2023\/06\/vtv-1.jpg","width":1200,"height":720},{"@type":"BreadcrumbList","@id":"https:\/\/www.noticiasradioreflejos.com.ar\/2021\/aumenta-la-vtv-cuanto-costara-desde-este-sabado\/#breadcrumb","itemListElement":[{"@type":"ListItem","position":1,"name":"Portada","item":"https:\/\/www.noticiasradioreflejos.com.ar\/2021\/"},{"@type":"ListItem","position":2,"name":"Aumenta la VTV: cu\u00e1nto costar\u00e1 desde este s\u00e1bado"}]},{"@type":"WebSite","@id":"https:\/\/www.noticiasradioreflejos.com.ar\/2021\/#website","url":"https:\/\/www.noticiasradioreflejos.com.ar\/2021\/","name":"Noticias Radio Reflejos","description":"Las noticias de mi comarca","potentialAction":[{"@type":"SearchAction","target":{"@type":"EntryPoint","urlTemplate":"https:\/\/www.noticiasradioreflejos.com.ar\/2021\/?s={search_term_string}"},"query-input":{"@type":"PropertyValueSpecification","valueRequired":true,"valueName":"search_term_string"}}],"inLanguage":"es"},{"@type":"Person","@id":"https:\/\/www.noticiasradioreflejos.com.ar\/2021\/#\/schema\/person\/ad82545263dcc5ec0996818884fd5fb1","name":"Arnaldo Botto","image":{"@type":"ImageObject","inLanguage":"es","@id":"https:\/\/www.noticiasradioreflejos.com.ar\/2021\/#\/schema\/person\/image\/","url":"https:\/\/secure.gravatar.com\/avatar\/55cb5e37c1efa326397366e6974cb338056df65cb50e7d64d1cf314e87504837?s=96&d=mm&r=g","contentUrl":"https:\/\/secure.gravatar.com\/avatar\/55cb5e37c1efa326397366e6974cb338056df65cb50e7d64d1cf314e87504837?s=96&d=mm&r=g","caption":"Arnaldo Botto"},"url":"https:\/\/www.noticiasradioreflejos.com.ar\/2021\/author\/arnaldo\/"}]}},"_links":{"self":[{"href":"https:\/\/www.noticiasradioreflejos.com.ar\/2021\/wp-json\/wp\/v2\/posts\/108101","targetHints":{"allow":["GET"]}}],"collection":[{"href":"https:\/\/www.noticiasradioreflejos.com.ar\/2021\/wp-json\/wp\/v2\/posts"}],"about":[{"href":"https:\/\/www.noticiasradioreflejos.com.ar\/2021\/wp-json\/wp\/v2\/types\/post"}],"author":[{"embeddable":true,"href":"https:\/\/www.noticiasradioreflejos.com.ar\/2021\/wp-json\/wp\/v2\/users\/3"}],"replies":[{"embeddable":true,"href":"https:\/\/www.noticiasradioreflejos.com.ar\/2021\/wp-json\/wp\/v2\/comments?post=108101"}],"version-history":[{"count":1,"href":"https:\/\/www.noticiasradioreflejos.com.ar\/2021\/wp-json\/wp\/v2\/posts\/108101\/revisions"}],"predecessor-version":[{"id":108102,"href":"https:\/\/www.noticiasradioreflejos.com.ar\/2021\/wp-json\/wp\/v2\/posts\/108101\/revisions\/108102"}],"wp:featuredmedia":[{"embeddable":true,"href":"https:\/\/www.noticiasradioreflejos.com.ar\/2021\/wp-json\/wp\/v2\/media\/89050"}],"wp:attachment":[{"href":"https:\/\/www.noticiasradioreflejos.com.ar\/2021\/wp-json\/wp\/v2\/media?parent=108101"}],"wp:term":[{"taxonomy":"category","embeddable":true,"href":"https:\/\/www.noticiasradioreflejos.com.ar\/2021\/wp-json\/wp\/v2\/categories?post=108101"},{"taxonomy":"post_tag","embeddable":true,"href":"https:\/\/www.noticiasradioreflejos.com.ar\/2021\/wp-json\/wp\/v2\/tags?post=108101"}],"curies":[{"name":"wp","href":"https:\/\/api.w.org\/{rel}","templated":true}]}}