{"id":108083,"date":"2024-10-04T15:18:18","date_gmt":"2024-10-04T18:18:18","guid":{"rendered":"https:\/\/www.noticiasradioreflejos.com.ar\/2021\/?p=108083"},"modified":"2024-10-04T15:19:28","modified_gmt":"2024-10-04T18:19:28","slug":"luis-gote-la-ley-de-coparticipacion-es-la-mas-anti-federal-que-existe","status":"publish","type":"post","link":"https:\/\/www.noticiasradioreflejos.com.ar\/2021\/luis-gote-la-ley-de-coparticipacion-es-la-mas-anti-federal-que-existe\/","title":{"rendered":"Luis Gotte: \u201cLa ley de coparticipaci\u00f3n es la m\u00e1s anti federal que existe\u201d"},"content":{"rendered":"<p>El columnista e historiador Luis Gotte dej\u00f3 su punto de vista en relaci\u00f3n a la repartici\u00f3n que se hace desde el gobierno nacional.<!--more--><\/p>\n<p>Esta ma\u00f1ana el columnista e historiador Luis Gotte dej\u00f3 en clara su postura en relaci\u00f3n a la famosa ley de coparticipaci\u00f3n que nuevamente fue puesta sobre la mesa para su an\u00e1lisis.<\/p>\n<p>&nbsp;<\/p>\n<p><a href=\"https:\/\/www.noticiasradioreflejos.com.ar\/2021\/luis-gotte-no-le-dieron-autonomia-a-los-municipios-porque-el-gobernador-perderia-poder\/luis-gotte-2-2\/\" rel=\"attachment wp-att-98228\"><img loading=\"lazy\" decoding=\"async\" class=\"aligncenter size-full wp-image-98228\" src=\"https:\/\/www.noticiasradioreflejos.com.ar\/2021\/wp-content\/uploads\/2024\/01\/Luis-Gotte-2-1.jpeg\" alt=\"\" width=\"1104\" height=\"751\" srcset=\"https:\/\/www.noticiasradioreflejos.com.ar\/2021\/wp-content\/uploads\/2024\/01\/Luis-Gotte-2-1.jpeg 1104w, https:\/\/www.noticiasradioreflejos.com.ar\/2021\/wp-content\/uploads\/2024\/01\/Luis-Gotte-2-1-300x204.jpeg 300w, https:\/\/www.noticiasradioreflejos.com.ar\/2021\/wp-content\/uploads\/2024\/01\/Luis-Gotte-2-1-1024x697.jpeg 1024w, https:\/\/www.noticiasradioreflejos.com.ar\/2021\/wp-content\/uploads\/2024\/01\/Luis-Gotte-2-1-768x522.jpeg 768w, https:\/\/www.noticiasradioreflejos.com.ar\/2021\/wp-content\/uploads\/2024\/01\/Luis-Gotte-2-1-750x510.jpeg 750w\" sizes=\"auto, (max-width: 1104px) 100vw, 1104px\" \/><\/a><\/p>\n<p>Al respecto explic\u00f3 que \u201cdespu\u00e9s de 40 a\u00f1os hay un nuevo debate con respecto a la coparticipaci\u00f3n. Desde 1988 que se sancion\u00f3 la ley, que debi\u00f3 haber sido por un periodo corto, se mantuvo, as\u00ed que estamos en falta, no solo con esta ley, sino porque la constituci\u00f3n del 94 establec\u00eda que deb\u00eda ser reformada\u201d.<\/p>\n<p>En esa l\u00ednea remarc\u00f3 que \u201cla coparticipaci\u00f3n es una ley de disciplinamiento m\u00e1s de una ley de devolver, es un par\u00e1metro de castigo o favores desde naci\u00f3n a provincia\u201d.<\/p>\n<p>D\u00e1ndole un marco hist\u00f3rico a esto, record\u00f3 que \u201cen R\u00edo Negro en la \u00e9poca menemista pas\u00f3, que el gobernador fue al banco Naci\u00f3n y sac\u00f3 el dinero que le pertenec\u00eda por derecho propio. Ten\u00eda que pagar deudas, sueldos, insumos\u2026 era tremendo el retraso que ten\u00eda\u201d.<\/p>\n<p>Del mismo modo aclar\u00f3 que \u201chasta la mitad de la d\u00e9cada del 30 dice Solanet el reparto de los tributos iba por el nombre de los impuestos, entonces sab\u00edas qu\u00e9 ibas a percibir y ten\u00edas un estimativo\u201d.<\/p>\n<p>En otro pasaje de la charla destac\u00f3 que \u201cdesde mi opini\u00f3n la ley de coparticipaci\u00f3n es una medida retardataria y lo m\u00e1s anti federal que te puedas imaginar, porque a esto de las provincias hay dependencia del gobierno nacional. El que recorri\u00f3 la Argentina sabe que no hay provincias pobres sino empobrecidas\u201d.<\/p>\n<p>Sumando que \u201cpara un gobernador es m\u00e1s f\u00e1cil que el estado nacional le env\u00ede dinero que hacer lo posible para el desarrollo y progreso de su propia provincia. En los \u00faltimos 40 a\u00f1os se ha dado una migraci\u00f3n interna muy grande hacia los centros urbanos porque las provincias no generan crecimiento\u201d.<\/p>\n<p>Concluyendo con que \u201cun ejemplo es Salta. Ah\u00ed cambiaron el tabaco y el poroto por la soja. Esto implica menos manos de obra y la diferencia se dio en que del interior iban a la capital salte\u00f1a, y ahora se fueron a otras ciudades de otras provincias o directamente al conurbano\u201d.<\/p>\n<p>&nbsp;<\/p>\n<p>&nbsp;<\/p>\n<p><iframe loading=\"lazy\" src=\"https:\/\/w.soundcloud.com\/player\/?url=https%3A\/\/api.soundcloud.com\/tracks\/1928840360&amp;color=%23ff5500&amp;auto_play=false&amp;hide_related=false&amp;show_comments=true&amp;show_user=true&amp;show_reposts=false&amp;show_teaser=true\" width=\"100%\" height=\"166\" frameborder=\"no\" scrolling=\"no\"><\/iframe><\/p>\n<div style=\"font-size: 10px; color: #cccccc; line-break: anywhere; word-break: normal; overflow: hidden; white-space: nowrap; text-overflow: ellipsis; font-family: Interstate,Lucida Grande,Lucida Sans Unicode,Lucida Sans,Garuda,Verdana,Tahoma,sans-serif; font-weight: 100;\"><a style=\"color: #cccccc; text-decoration: none;\" title=\"fmreflejos 103.7\" href=\"https:\/\/soundcloud.com\/fmreflejos-103-7\" target=\"_blank\" rel=\"noopener\">fmreflejos 103.7<\/a> \u00b7 <a style=\"color: #cccccc; text-decoration: none;\" title=\"Luis Gotte 4 - 10\" href=\"https:\/\/soundcloud.com\/fmreflejos-103-7\/luis-gotte-4-10\" target=\"_blank\" rel=\"noopener\">Luis Gotte 4 &#8211; 10<\/a><\/div>\n","protected":false},"excerpt":{"rendered":"<p>El columnista e historiador Luis Gotte dej\u00f3 su punto de vista en relaci\u00f3n a la repartici\u00f3n que se hace desde el gobierno nacional.<\/p>\n","protected":false},"author":3,"featured_media":108097,"comment_status":"closed","ping_status":"closed","sticky":false,"template":"","format":"standard","meta":{"footnotes":""},"categories":[24],"tags":[48],"class_list":["post-108083","post","type-post","status-publish","format-standard","has-post-thumbnail","hentry","category-politica","tag-destacada"],"yoast_head":"<!-- This site is optimized with the Yoast SEO plugin v25.9 - https:\/\/yoast.com\/wordpress\/plugins\/seo\/ -->\n<title>Luis Gotte: \u201cLa ley de coparticipaci\u00f3n es la m\u00e1s anti federal que existe\u201d - Noticias Radio Reflejos<\/title>\n<meta name=\"robots\" content=\"index, follow, max-snippet:-1, max-image-preview:large, max-video-preview:-1\" \/>\n<link rel=\"canonical\" href=\"https:\/\/www.noticiasradioreflejos.com.ar\/2021\/luis-gote-la-ley-de-coparticipacion-es-la-mas-anti-federal-que-existe\/\" \/>\n<meta property=\"og:locale\" content=\"es_ES\" \/>\n<meta property=\"og:type\" content=\"article\" \/>\n<meta property=\"og:title\" content=\"Luis Gotte: \u201cLa ley de coparticipaci\u00f3n es la m\u00e1s anti federal que existe\u201d - Noticias Radio Reflejos\" \/>\n<meta property=\"og:description\" content=\"El columnista e historiador Luis Gotte dej\u00f3 su punto de vista en relaci\u00f3n a la repartici\u00f3n que se hace desde el gobierno nacional.\" \/>\n<meta property=\"og:url\" content=\"https:\/\/www.noticiasradioreflejos.com.ar\/2021\/luis-gote-la-ley-de-coparticipacion-es-la-mas-anti-federal-que-existe\/\" \/>\n<meta property=\"og:site_name\" content=\"Noticias Radio Reflejos\" \/>\n<meta property=\"article:published_time\" content=\"2024-10-04T18:18:18+00:00\" \/>\n<meta property=\"article:modified_time\" content=\"2024-10-04T18:19:28+00:00\" \/>\n<meta property=\"og:image\" content=\"https:\/\/www.noticiasradioreflejos.com.ar\/2021\/wp-content\/uploads\/2024\/10\/federal.png\" \/>\n\t<meta property=\"og:image:width\" content=\"542\" \/>\n\t<meta property=\"og:image:height\" content=\"405\" \/>\n\t<meta property=\"og:image:type\" content=\"image\/png\" \/>\n<meta name=\"author\" content=\"Arnaldo Botto\" \/>\n<meta name=\"twitter:card\" content=\"summary_large_image\" \/>\n<script type=\"application\/ld+json\" class=\"yoast-schema-graph\">{\"@context\":\"https:\/\/schema.org\",\"@graph\":[{\"@type\":\"WebPage\",\"@id\":\"https:\/\/www.noticiasradioreflejos.com.ar\/2021\/luis-gote-la-ley-de-coparticipacion-es-la-mas-anti-federal-que-existe\/\",\"url\":\"https:\/\/www.noticiasradioreflejos.com.ar\/2021\/luis-gote-la-ley-de-coparticipacion-es-la-mas-anti-federal-que-existe\/\",\"name\":\"Luis Gotte: \u201cLa ley de coparticipaci\u00f3n es la m\u00e1s anti federal que existe\u201d - Noticias Radio Reflejos\",\"isPartOf\":{\"@id\":\"https:\/\/www.noticiasradioreflejos.com.ar\/2021\/#website\"},\"primaryImageOfPage\":{\"@id\":\"https:\/\/www.noticiasradioreflejos.com.ar\/2021\/luis-gote-la-ley-de-coparticipacion-es-la-mas-anti-federal-que-existe\/#primaryimage\"},\"image\":{\"@id\":\"https:\/\/www.noticiasradioreflejos.com.ar\/2021\/luis-gote-la-ley-de-coparticipacion-es-la-mas-anti-federal-que-existe\/#primaryimage\"},\"thumbnailUrl\":\"https:\/\/www.noticiasradioreflejos.com.ar\/2021\/wp-content\/uploads\/2024\/10\/federal.png\",\"datePublished\":\"2024-10-04T18:18:18+00:00\",\"dateModified\":\"2024-10-04T18:19:28+00:00\",\"author\":{\"@id\":\"https:\/\/www.noticiasradioreflejos.com.ar\/2021\/#\/schema\/person\/ad82545263dcc5ec0996818884fd5fb1\"},\"breadcrumb\":{\"@id\":\"https:\/\/www.noticiasradioreflejos.com.ar\/2021\/luis-gote-la-ley-de-coparticipacion-es-la-mas-anti-federal-que-existe\/#breadcrumb\"},\"inLanguage\":\"es\",\"potentialAction\":[{\"@type\":\"ReadAction\",\"target\":[\"https:\/\/www.noticiasradioreflejos.com.ar\/2021\/luis-gote-la-ley-de-coparticipacion-es-la-mas-anti-federal-que-existe\/\"]}]},{\"@type\":\"ImageObject\",\"inLanguage\":\"es\",\"@id\":\"https:\/\/www.noticiasradioreflejos.com.ar\/2021\/luis-gote-la-ley-de-coparticipacion-es-la-mas-anti-federal-que-existe\/#primaryimage\",\"url\":\"https:\/\/www.noticiasradioreflejos.com.ar\/2021\/wp-content\/uploads\/2024\/10\/federal.png\",\"contentUrl\":\"https:\/\/www.noticiasradioreflejos.com.ar\/2021\/wp-content\/uploads\/2024\/10\/federal.png\",\"width\":542,\"height\":405},{\"@type\":\"BreadcrumbList\",\"@id\":\"https:\/\/www.noticiasradioreflejos.com.ar\/2021\/luis-gote-la-ley-de-coparticipacion-es-la-mas-anti-federal-que-existe\/#breadcrumb\",\"itemListElement\":[{\"@type\":\"ListItem\",\"position\":1,\"name\":\"Portada\",\"item\":\"https:\/\/www.noticiasradioreflejos.com.ar\/2021\/\"},{\"@type\":\"ListItem\",\"position\":2,\"name\":\"Luis Gotte: \u201cLa ley de coparticipaci\u00f3n es la m\u00e1s anti federal que existe\u201d\"}]},{\"@type\":\"WebSite\",\"@id\":\"https:\/\/www.noticiasradioreflejos.com.ar\/2021\/#website\",\"url\":\"https:\/\/www.noticiasradioreflejos.com.ar\/2021\/\",\"name\":\"Noticias Radio Reflejos\",\"description\":\"Las noticias de mi comarca\",\"potentialAction\":[{\"@type\":\"SearchAction\",\"target\":{\"@type\":\"EntryPoint\",\"urlTemplate\":\"https:\/\/www.noticiasradioreflejos.com.ar\/2021\/?s={search_term_string}\"},\"query-input\":{\"@type\":\"PropertyValueSpecification\",\"valueRequired\":true,\"valueName\":\"search_term_string\"}}],\"inLanguage\":\"es\"},{\"@type\":\"Person\",\"@id\":\"https:\/\/www.noticiasradioreflejos.com.ar\/2021\/#\/schema\/person\/ad82545263dcc5ec0996818884fd5fb1\",\"name\":\"Arnaldo Botto\",\"image\":{\"@type\":\"ImageObject\",\"inLanguage\":\"es\",\"@id\":\"https:\/\/www.noticiasradioreflejos.com.ar\/2021\/#\/schema\/person\/image\/\",\"url\":\"https:\/\/secure.gravatar.com\/avatar\/55cb5e37c1efa326397366e6974cb338056df65cb50e7d64d1cf314e87504837?s=96&d=mm&r=g\",\"contentUrl\":\"https:\/\/secure.gravatar.com\/avatar\/55cb5e37c1efa326397366e6974cb338056df65cb50e7d64d1cf314e87504837?s=96&d=mm&r=g\",\"caption\":\"Arnaldo Botto\"},\"url\":\"https:\/\/www.noticiasradioreflejos.com.ar\/2021\/author\/arnaldo\/\"}]}<\/script>\n<!-- \/ Yoast SEO plugin. -->","yoast_head_json":{"title":"Luis Gotte: \u201cLa ley de coparticipaci\u00f3n es la m\u00e1s anti federal que existe\u201d - Noticias Radio Reflejos","robots":{"index":"index","follow":"follow","max-snippet":"max-snippet:-1","max-image-preview":"max-image-preview:large","max-video-preview":"max-video-preview:-1"},"canonical":"https:\/\/www.noticiasradioreflejos.com.ar\/2021\/luis-gote-la-ley-de-coparticipacion-es-la-mas-anti-federal-que-existe\/","og_locale":"es_ES","og_type":"article","og_title":"Luis Gotte: \u201cLa ley de coparticipaci\u00f3n es la m\u00e1s anti federal que existe\u201d - Noticias Radio Reflejos","og_description":"El columnista e historiador Luis Gotte dej\u00f3 su punto de vista en relaci\u00f3n a la repartici\u00f3n que se hace desde el gobierno nacional.","og_url":"https:\/\/www.noticiasradioreflejos.com.ar\/2021\/luis-gote-la-ley-de-coparticipacion-es-la-mas-anti-federal-que-existe\/","og_site_name":"Noticias Radio Reflejos","article_published_time":"2024-10-04T18:18:18+00:00","article_modified_time":"2024-10-04T18:19:28+00:00","og_image":[{"width":542,"height":405,"url":"https:\/\/www.noticiasradioreflejos.com.ar\/2021\/wp-content\/uploads\/2024\/10\/federal.png","type":"image\/png"}],"author":"Arnaldo Botto","twitter_card":"summary_large_image","schema":{"@context":"https:\/\/schema.org","@graph":[{"@type":"WebPage","@id":"https:\/\/www.noticiasradioreflejos.com.ar\/2021\/luis-gote-la-ley-de-coparticipacion-es-la-mas-anti-federal-que-existe\/","url":"https:\/\/www.noticiasradioreflejos.com.ar\/2021\/luis-gote-la-ley-de-coparticipacion-es-la-mas-anti-federal-que-existe\/","name":"Luis Gotte: \u201cLa ley de coparticipaci\u00f3n es la m\u00e1s anti federal que existe\u201d - Noticias Radio Reflejos","isPartOf":{"@id":"https:\/\/www.noticiasradioreflejos.com.ar\/2021\/#website"},"primaryImageOfPage":{"@id":"https:\/\/www.noticiasradioreflejos.com.ar\/2021\/luis-gote-la-ley-de-coparticipacion-es-la-mas-anti-federal-que-existe\/#primaryimage"},"image":{"@id":"https:\/\/www.noticiasradioreflejos.com.ar\/2021\/luis-gote-la-ley-de-coparticipacion-es-la-mas-anti-federal-que-existe\/#primaryimage"},"thumbnailUrl":"https:\/\/www.noticiasradioreflejos.com.ar\/2021\/wp-content\/uploads\/2024\/10\/federal.png","datePublished":"2024-10-04T18:18:18+00:00","dateModified":"2024-10-04T18:19:28+00:00","author":{"@id":"https:\/\/www.noticiasradioreflejos.com.ar\/2021\/#\/schema\/person\/ad82545263dcc5ec0996818884fd5fb1"},"breadcrumb":{"@id":"https:\/\/www.noticiasradioreflejos.com.ar\/2021\/luis-gote-la-ley-de-coparticipacion-es-la-mas-anti-federal-que-existe\/#breadcrumb"},"inLanguage":"es","potentialAction":[{"@type":"ReadAction","target":["https:\/\/www.noticiasradioreflejos.com.ar\/2021\/luis-gote-la-ley-de-coparticipacion-es-la-mas-anti-federal-que-existe\/"]}]},{"@type":"ImageObject","inLanguage":"es","@id":"https:\/\/www.noticiasradioreflejos.com.ar\/2021\/luis-gote-la-ley-de-coparticipacion-es-la-mas-anti-federal-que-existe\/#primaryimage","url":"https:\/\/www.noticiasradioreflejos.com.ar\/2021\/wp-content\/uploads\/2024\/10\/federal.png","contentUrl":"https:\/\/www.noticiasradioreflejos.com.ar\/2021\/wp-content\/uploads\/2024\/10\/federal.png","width":542,"height":405},{"@type":"BreadcrumbList","@id":"https:\/\/www.noticiasradioreflejos.com.ar\/2021\/luis-gote-la-ley-de-coparticipacion-es-la-mas-anti-federal-que-existe\/#breadcrumb","itemListElement":[{"@type":"ListItem","position":1,"name":"Portada","item":"https:\/\/www.noticiasradioreflejos.com.ar\/2021\/"},{"@type":"ListItem","position":2,"name":"Luis Gotte: \u201cLa ley de coparticipaci\u00f3n es la m\u00e1s anti federal que existe\u201d"}]},{"@type":"WebSite","@id":"https:\/\/www.noticiasradioreflejos.com.ar\/2021\/#website","url":"https:\/\/www.noticiasradioreflejos.com.ar\/2021\/","name":"Noticias Radio Reflejos","description":"Las noticias de mi comarca","potentialAction":[{"@type":"SearchAction","target":{"@type":"EntryPoint","urlTemplate":"https:\/\/www.noticiasradioreflejos.com.ar\/2021\/?s={search_term_string}"},"query-input":{"@type":"PropertyValueSpecification","valueRequired":true,"valueName":"search_term_string"}}],"inLanguage":"es"},{"@type":"Person","@id":"https:\/\/www.noticiasradioreflejos.com.ar\/2021\/#\/schema\/person\/ad82545263dcc5ec0996818884fd5fb1","name":"Arnaldo Botto","image":{"@type":"ImageObject","inLanguage":"es","@id":"https:\/\/www.noticiasradioreflejos.com.ar\/2021\/#\/schema\/person\/image\/","url":"https:\/\/secure.gravatar.com\/avatar\/55cb5e37c1efa326397366e6974cb338056df65cb50e7d64d1cf314e87504837?s=96&d=mm&r=g","contentUrl":"https:\/\/secure.gravatar.com\/avatar\/55cb5e37c1efa326397366e6974cb338056df65cb50e7d64d1cf314e87504837?s=96&d=mm&r=g","caption":"Arnaldo Botto"},"url":"https:\/\/www.noticiasradioreflejos.com.ar\/2021\/author\/arnaldo\/"}]}},"_links":{"self":[{"href":"https:\/\/www.noticiasradioreflejos.com.ar\/2021\/wp-json\/wp\/v2\/posts\/108083","targetHints":{"allow":["GET"]}}],"collection":[{"href":"https:\/\/www.noticiasradioreflejos.com.ar\/2021\/wp-json\/wp\/v2\/posts"}],"about":[{"href":"https:\/\/www.noticiasradioreflejos.com.ar\/2021\/wp-json\/wp\/v2\/types\/post"}],"author":[{"embeddable":true,"href":"https:\/\/www.noticiasradioreflejos.com.ar\/2021\/wp-json\/wp\/v2\/users\/3"}],"replies":[{"embeddable":true,"href":"https:\/\/www.noticiasradioreflejos.com.ar\/2021\/wp-json\/wp\/v2\/comments?post=108083"}],"version-history":[{"count":3,"href":"https:\/\/www.noticiasradioreflejos.com.ar\/2021\/wp-json\/wp\/v2\/posts\/108083\/revisions"}],"predecessor-version":[{"id":108099,"href":"https:\/\/www.noticiasradioreflejos.com.ar\/2021\/wp-json\/wp\/v2\/posts\/108083\/revisions\/108099"}],"wp:featuredmedia":[{"embeddable":true,"href":"https:\/\/www.noticiasradioreflejos.com.ar\/2021\/wp-json\/wp\/v2\/media\/108097"}],"wp:attachment":[{"href":"https:\/\/www.noticiasradioreflejos.com.ar\/2021\/wp-json\/wp\/v2\/media?parent=108083"}],"wp:term":[{"taxonomy":"category","embeddable":true,"href":"https:\/\/www.noticiasradioreflejos.com.ar\/2021\/wp-json\/wp\/v2\/categories?post=108083"},{"taxonomy":"post_tag","embeddable":true,"href":"https:\/\/www.noticiasradioreflejos.com.ar\/2021\/wp-json\/wp\/v2\/tags?post=108083"}],"curies":[{"name":"wp","href":"https:\/\/api.w.org\/{rel}","templated":true}]}}