{"id":108048,"date":"2024-10-03T16:30:13","date_gmt":"2024-10-03T19:30:13","guid":{"rendered":"https:\/\/www.noticiasradioreflejos.com.ar\/2021\/?p=108048"},"modified":"2024-10-03T16:30:13","modified_gmt":"2024-10-03T19:30:13","slug":"con-una-ingeniosa-idea-un-grupo-de-mineros-pudo-salir-adelante-despues-que-los-despidieron","status":"publish","type":"post","link":"https:\/\/www.noticiasradioreflejos.com.ar\/2021\/con-una-ingeniosa-idea-un-grupo-de-mineros-pudo-salir-adelante-despues-que-los-despidieron\/","title":{"rendered":"Con una ingeniosa idea un grupo de mineros pudo salir adelante despu\u00e9s que los despidieron"},"content":{"rendered":"<p><strong>Fabio Ibaceta<\/strong> es presidente de la<strong> Cooperativa de trabajo La Esperanza<\/strong>. Desde<strong> Calingasta, San Juan<\/strong>, fabrican insumos de miner\u00eda.<!--more--><\/p>\n<p>Dicen que las crisis son momentos de oportunidades, y pese a todas las adversidades que se le presentaron, Fabio Ibaceta y un grupo de amigos as\u00ed lo vieron en Calingasta, San Juan.<\/p>\n<p><a title=\"Cooperativa de trabajo La Esperanza (6)\" href=\"https:\/\/www.flickr.com\/photos\/182279889@N02\/54040526896\/in\/dateposted-public\/\" data-flickr-embed=\"true\" data-header=\"true\"><img loading=\"lazy\" decoding=\"async\" src=\"https:\/\/live.staticflickr.com\/65535\/54040526896_d09fcdfe39_c.jpg\" alt=\"Cooperativa de trabajo La Esperanza (6)\" width=\"800\" height=\"456\" \/><\/a><\/p>\n<p>&nbsp;<\/p>\n<p>Seg\u00fan explic\u00f3, la Cooperativa de trabajo La Esperanza \u201ctiene un significado muy particular y bueno para nosotros. Entre el 2017 y 2018 mucha gente se qued\u00f3 sin trabajo en la miner\u00eda. Muchos no ten\u00edamos qu\u00e9 hacer. La gente se fue auto convocando, y fue as\u00ed c\u00f3mo surgi\u00f3 la idea de encarar algo nosotros\u201d.<\/p>\n<p>En esa l\u00ednea reconoci\u00f3 que \u201ccon otros tres chicos sab\u00edamos que iban a venir a hacer inversiones y se nos ocurri\u00f3 hacer cajas porta testigos de miner\u00eda. Tras varios intentos nos empez\u00f3 a salir bien y llevamos a una empresa minera\u201d.<\/p>\n<p>Seg\u00fan les mencionaron \u201cellos las tra\u00edan de otras provincias, les gust\u00f3 el trabajo y comenzamos a venderles. Se fueron sumando m\u00e1s chicos, nos pidieron m\u00e1s cajas y necesitamos dar el siguiente paso y ah\u00ed a trav\u00e9s de un ministerio lleg\u00f3 la idea de hacer una cooperativa\u201d.<\/p>\n<p>&nbsp;<\/p>\n<p><a title=\"Cooperativa de trabajo La Esperanza (5)\" href=\"https:\/\/www.flickr.com\/photos\/182279889@N02\/54040974105\/in\/dateposted-public\/\" data-flickr-embed=\"true\" data-header=\"true\"><img loading=\"lazy\" decoding=\"async\" src=\"https:\/\/live.staticflickr.com\/65535\/54040974105_ab9c2c71bc_c.jpg\" alt=\"Cooperativa de trabajo La Esperanza (5)\" width=\"800\" height=\"389\" \/><\/a><\/p>\n<p>&nbsp;<\/p>\n<p>En otro pasaje de la charla admiti\u00f3 que \u201cen pandemia se nos hizo m\u00e1s dif\u00edcil, pero logramos que nos dieran la matr\u00edcula. As\u00ed pudimos llevar el producto a otras provincias y finalmente pudimos empezar a vender ac\u00e1 en Calingasta\u201d.<\/p>\n<p>Sumando que \u201cesto es un pueblo de 10500 habitantes y nos conocemos todos. La pasamos realmente mal cuando cerr\u00f3 la mina y luego nos pas\u00f3 la pandemia. Fue terrible estar encerrados. Era como en las pel\u00edculas\u201d.<\/p>\n<p>&nbsp;<\/p>\n<p><iframe loading=\"lazy\" src=\"https:\/\/w.soundcloud.com\/player\/?url=https%3A\/\/api.soundcloud.com\/tracks\/1928118881&amp;color=%23ff5500&amp;auto_play=false&amp;hide_related=false&amp;show_comments=true&amp;show_user=true&amp;show_reposts=false&amp;show_teaser=true\" width=\"100%\" height=\"166\" frameborder=\"no\" scrolling=\"no\"><\/iframe><\/p>\n<div style=\"font-size: 10px; color: #cccccc; line-break: anywhere; word-break: normal; overflow: hidden; white-space: nowrap; text-overflow: ellipsis; font-family: Interstate,Lucida Grande,Lucida Sans Unicode,Lucida Sans,Garuda,Verdana,Tahoma,sans-serif; font-weight: 100;\"><a style=\"color: #cccccc; text-decoration: none;\" title=\"fmreflejos 103.7\" href=\"https:\/\/soundcloud.com\/fmreflejos-103-7\" target=\"_blank\" rel=\"noopener\">fmreflejos 103.7<\/a> \u00b7 <a style=\"color: #cccccc; text-decoration: none;\" title=\"Fabio Ibaceta 02 - 10\" href=\"https:\/\/soundcloud.com\/fmreflejos-103-7\/fabio-ibaceta-02-10\" target=\"_blank\" rel=\"noopener\">Fabio Ibaceta 02 &#8211; 10<\/a><\/div>\n<p><a title=\"Cooperativa de trabajo La Esperanza (4)\" href=\"https:\/\/www.flickr.com\/photos\/182279889@N02\/54040974115\/in\/dateposted-public\/\" data-flickr-embed=\"true\" data-header=\"true\"><img loading=\"lazy\" decoding=\"async\" src=\"https:\/\/live.staticflickr.com\/65535\/54040974115_7d5c9b161b_c.jpg\" alt=\"Cooperativa de trabajo La Esperanza (4)\" width=\"800\" height=\"389\" \/><\/a><\/p>\n<p>&nbsp;<\/p>\n<p><a title=\"Cooperativa de trabajo La Esperanza (1)\" href=\"https:\/\/www.flickr.com\/photos\/182279889@N02\/54040854474\/in\/dateposted-public\/\" data-flickr-embed=\"true\" data-header=\"true\"><img loading=\"lazy\" decoding=\"async\" src=\"https:\/\/live.staticflickr.com\/65535\/54040854474_1e052cb48a_c.jpg\" alt=\"Cooperativa de trabajo La Esperanza (1)\" width=\"800\" height=\"389\" \/><\/a><\/p>\n<p>&nbsp;<\/p>\n<p><a title=\"Cooperativa de trabajo La Esperanza (8)\" href=\"https:\/\/www.flickr.com\/photos\/182279889@N02\/54040974075\/in\/dateposted-public\/\" data-flickr-embed=\"true\" data-header=\"true\"><img loading=\"lazy\" decoding=\"async\" src=\"https:\/\/live.staticflickr.com\/65535\/54040974075_e4bf57fde9_c.jpg\" alt=\"Cooperativa de trabajo La Esperanza (8)\" width=\"800\" height=\"450\" \/><\/a><\/p>\n","protected":false},"excerpt":{"rendered":"<p>Fabio Ibaceta es presidente de la Cooperativa de trabajo La Esperanza. Desde Calingasta, San Juan, fabrican insumos de miner\u00eda.<\/p>\n","protected":false},"author":3,"featured_media":0,"comment_status":"closed","ping_status":"closed","sticky":false,"template":"","format":"standard","meta":{"footnotes":""},"categories":[36,26],"tags":[48],"class_list":["post-108048","post","type-post","status-publish","format-standard","hentry","category-economia","category-sociedad","tag-destacada"],"yoast_head":"<!-- This site is optimized with the Yoast SEO plugin v25.9 - https:\/\/yoast.com\/wordpress\/plugins\/seo\/ -->\n<title>Con una ingeniosa idea un grupo de mineros pudo salir adelante despu\u00e9s que los despidieron - Noticias Radio Reflejos<\/title>\n<meta name=\"robots\" content=\"index, follow, max-snippet:-1, max-image-preview:large, max-video-preview:-1\" \/>\n<link rel=\"canonical\" href=\"https:\/\/www.noticiasradioreflejos.com.ar\/2021\/con-una-ingeniosa-idea-un-grupo-de-mineros-pudo-salir-adelante-despues-que-los-despidieron\/\" \/>\n<meta property=\"og:locale\" content=\"es_ES\" \/>\n<meta property=\"og:type\" content=\"article\" \/>\n<meta property=\"og:title\" content=\"Con una ingeniosa idea un grupo de mineros pudo salir adelante despu\u00e9s que los despidieron - Noticias Radio Reflejos\" \/>\n<meta property=\"og:description\" content=\"Fabio Ibaceta es presidente de la Cooperativa de trabajo La Esperanza. Desde Calingasta, San Juan, fabrican insumos de miner\u00eda.\" \/>\n<meta property=\"og:url\" content=\"https:\/\/www.noticiasradioreflejos.com.ar\/2021\/con-una-ingeniosa-idea-un-grupo-de-mineros-pudo-salir-adelante-despues-que-los-despidieron\/\" \/>\n<meta property=\"og:site_name\" content=\"Noticias Radio Reflejos\" \/>\n<meta property=\"article:published_time\" content=\"2024-10-03T19:30:13+00:00\" \/>\n<meta property=\"og:image\" content=\"https:\/\/live.staticflickr.com\/65535\/54040526896_d09fcdfe39_c.jpg\" \/>\n<meta name=\"author\" content=\"Arnaldo Botto\" \/>\n<meta name=\"twitter:card\" content=\"summary_large_image\" \/>\n<script type=\"application\/ld+json\" class=\"yoast-schema-graph\">{\"@context\":\"https:\/\/schema.org\",\"@graph\":[{\"@type\":\"WebPage\",\"@id\":\"https:\/\/www.noticiasradioreflejos.com.ar\/2021\/con-una-ingeniosa-idea-un-grupo-de-mineros-pudo-salir-adelante-despues-que-los-despidieron\/\",\"url\":\"https:\/\/www.noticiasradioreflejos.com.ar\/2021\/con-una-ingeniosa-idea-un-grupo-de-mineros-pudo-salir-adelante-despues-que-los-despidieron\/\",\"name\":\"Con una ingeniosa idea un grupo de mineros pudo salir adelante despu\u00e9s que los despidieron - Noticias Radio Reflejos\",\"isPartOf\":{\"@id\":\"https:\/\/www.noticiasradioreflejos.com.ar\/2021\/#website\"},\"primaryImageOfPage\":{\"@id\":\"https:\/\/www.noticiasradioreflejos.com.ar\/2021\/con-una-ingeniosa-idea-un-grupo-de-mineros-pudo-salir-adelante-despues-que-los-despidieron\/#primaryimage\"},\"image\":{\"@id\":\"https:\/\/www.noticiasradioreflejos.com.ar\/2021\/con-una-ingeniosa-idea-un-grupo-de-mineros-pudo-salir-adelante-despues-que-los-despidieron\/#primaryimage\"},\"thumbnailUrl\":\"https:\/\/live.staticflickr.com\/65535\/54040526896_d09fcdfe39_c.jpg\",\"datePublished\":\"2024-10-03T19:30:13+00:00\",\"author\":{\"@id\":\"https:\/\/www.noticiasradioreflejos.com.ar\/2021\/#\/schema\/person\/ad82545263dcc5ec0996818884fd5fb1\"},\"breadcrumb\":{\"@id\":\"https:\/\/www.noticiasradioreflejos.com.ar\/2021\/con-una-ingeniosa-idea-un-grupo-de-mineros-pudo-salir-adelante-despues-que-los-despidieron\/#breadcrumb\"},\"inLanguage\":\"es\",\"potentialAction\":[{\"@type\":\"ReadAction\",\"target\":[\"https:\/\/www.noticiasradioreflejos.com.ar\/2021\/con-una-ingeniosa-idea-un-grupo-de-mineros-pudo-salir-adelante-despues-que-los-despidieron\/\"]}]},{\"@type\":\"ImageObject\",\"inLanguage\":\"es\",\"@id\":\"https:\/\/www.noticiasradioreflejos.com.ar\/2021\/con-una-ingeniosa-idea-un-grupo-de-mineros-pudo-salir-adelante-despues-que-los-despidieron\/#primaryimage\",\"url\":\"https:\/\/live.staticflickr.com\/65535\/54040526896_d09fcdfe39_c.jpg\",\"contentUrl\":\"https:\/\/live.staticflickr.com\/65535\/54040526896_d09fcdfe39_c.jpg\"},{\"@type\":\"BreadcrumbList\",\"@id\":\"https:\/\/www.noticiasradioreflejos.com.ar\/2021\/con-una-ingeniosa-idea-un-grupo-de-mineros-pudo-salir-adelante-despues-que-los-despidieron\/#breadcrumb\",\"itemListElement\":[{\"@type\":\"ListItem\",\"position\":1,\"name\":\"Portada\",\"item\":\"https:\/\/www.noticiasradioreflejos.com.ar\/2021\/\"},{\"@type\":\"ListItem\",\"position\":2,\"name\":\"Con una ingeniosa idea un grupo de mineros pudo salir adelante despu\u00e9s que los despidieron\"}]},{\"@type\":\"WebSite\",\"@id\":\"https:\/\/www.noticiasradioreflejos.com.ar\/2021\/#website\",\"url\":\"https:\/\/www.noticiasradioreflejos.com.ar\/2021\/\",\"name\":\"Noticias Radio Reflejos\",\"description\":\"Las noticias de mi comarca\",\"potentialAction\":[{\"@type\":\"SearchAction\",\"target\":{\"@type\":\"EntryPoint\",\"urlTemplate\":\"https:\/\/www.noticiasradioreflejos.com.ar\/2021\/?s={search_term_string}\"},\"query-input\":{\"@type\":\"PropertyValueSpecification\",\"valueRequired\":true,\"valueName\":\"search_term_string\"}}],\"inLanguage\":\"es\"},{\"@type\":\"Person\",\"@id\":\"https:\/\/www.noticiasradioreflejos.com.ar\/2021\/#\/schema\/person\/ad82545263dcc5ec0996818884fd5fb1\",\"name\":\"Arnaldo Botto\",\"image\":{\"@type\":\"ImageObject\",\"inLanguage\":\"es\",\"@id\":\"https:\/\/www.noticiasradioreflejos.com.ar\/2021\/#\/schema\/person\/image\/\",\"url\":\"https:\/\/secure.gravatar.com\/avatar\/55cb5e37c1efa326397366e6974cb338056df65cb50e7d64d1cf314e87504837?s=96&d=mm&r=g\",\"contentUrl\":\"https:\/\/secure.gravatar.com\/avatar\/55cb5e37c1efa326397366e6974cb338056df65cb50e7d64d1cf314e87504837?s=96&d=mm&r=g\",\"caption\":\"Arnaldo Botto\"},\"url\":\"https:\/\/www.noticiasradioreflejos.com.ar\/2021\/author\/arnaldo\/\"}]}<\/script>\n<!-- \/ Yoast SEO plugin. -->","yoast_head_json":{"title":"Con una ingeniosa idea un grupo de mineros pudo salir adelante despu\u00e9s que los despidieron - Noticias Radio Reflejos","robots":{"index":"index","follow":"follow","max-snippet":"max-snippet:-1","max-image-preview":"max-image-preview:large","max-video-preview":"max-video-preview:-1"},"canonical":"https:\/\/www.noticiasradioreflejos.com.ar\/2021\/con-una-ingeniosa-idea-un-grupo-de-mineros-pudo-salir-adelante-despues-que-los-despidieron\/","og_locale":"es_ES","og_type":"article","og_title":"Con una ingeniosa idea un grupo de mineros pudo salir adelante despu\u00e9s que los despidieron - Noticias Radio Reflejos","og_description":"Fabio Ibaceta es presidente de la Cooperativa de trabajo La Esperanza. Desde Calingasta, San Juan, fabrican insumos de miner\u00eda.","og_url":"https:\/\/www.noticiasradioreflejos.com.ar\/2021\/con-una-ingeniosa-idea-un-grupo-de-mineros-pudo-salir-adelante-despues-que-los-despidieron\/","og_site_name":"Noticias Radio Reflejos","article_published_time":"2024-10-03T19:30:13+00:00","og_image":[{"url":"https:\/\/live.staticflickr.com\/65535\/54040526896_d09fcdfe39_c.jpg","type":"","width":"","height":""}],"author":"Arnaldo Botto","twitter_card":"summary_large_image","schema":{"@context":"https:\/\/schema.org","@graph":[{"@type":"WebPage","@id":"https:\/\/www.noticiasradioreflejos.com.ar\/2021\/con-una-ingeniosa-idea-un-grupo-de-mineros-pudo-salir-adelante-despues-que-los-despidieron\/","url":"https:\/\/www.noticiasradioreflejos.com.ar\/2021\/con-una-ingeniosa-idea-un-grupo-de-mineros-pudo-salir-adelante-despues-que-los-despidieron\/","name":"Con una ingeniosa idea un grupo de mineros pudo salir adelante despu\u00e9s que los despidieron - Noticias Radio Reflejos","isPartOf":{"@id":"https:\/\/www.noticiasradioreflejos.com.ar\/2021\/#website"},"primaryImageOfPage":{"@id":"https:\/\/www.noticiasradioreflejos.com.ar\/2021\/con-una-ingeniosa-idea-un-grupo-de-mineros-pudo-salir-adelante-despues-que-los-despidieron\/#primaryimage"},"image":{"@id":"https:\/\/www.noticiasradioreflejos.com.ar\/2021\/con-una-ingeniosa-idea-un-grupo-de-mineros-pudo-salir-adelante-despues-que-los-despidieron\/#primaryimage"},"thumbnailUrl":"https:\/\/live.staticflickr.com\/65535\/54040526896_d09fcdfe39_c.jpg","datePublished":"2024-10-03T19:30:13+00:00","author":{"@id":"https:\/\/www.noticiasradioreflejos.com.ar\/2021\/#\/schema\/person\/ad82545263dcc5ec0996818884fd5fb1"},"breadcrumb":{"@id":"https:\/\/www.noticiasradioreflejos.com.ar\/2021\/con-una-ingeniosa-idea-un-grupo-de-mineros-pudo-salir-adelante-despues-que-los-despidieron\/#breadcrumb"},"inLanguage":"es","potentialAction":[{"@type":"ReadAction","target":["https:\/\/www.noticiasradioreflejos.com.ar\/2021\/con-una-ingeniosa-idea-un-grupo-de-mineros-pudo-salir-adelante-despues-que-los-despidieron\/"]}]},{"@type":"ImageObject","inLanguage":"es","@id":"https:\/\/www.noticiasradioreflejos.com.ar\/2021\/con-una-ingeniosa-idea-un-grupo-de-mineros-pudo-salir-adelante-despues-que-los-despidieron\/#primaryimage","url":"https:\/\/live.staticflickr.com\/65535\/54040526896_d09fcdfe39_c.jpg","contentUrl":"https:\/\/live.staticflickr.com\/65535\/54040526896_d09fcdfe39_c.jpg"},{"@type":"BreadcrumbList","@id":"https:\/\/www.noticiasradioreflejos.com.ar\/2021\/con-una-ingeniosa-idea-un-grupo-de-mineros-pudo-salir-adelante-despues-que-los-despidieron\/#breadcrumb","itemListElement":[{"@type":"ListItem","position":1,"name":"Portada","item":"https:\/\/www.noticiasradioreflejos.com.ar\/2021\/"},{"@type":"ListItem","position":2,"name":"Con una ingeniosa idea un grupo de mineros pudo salir adelante despu\u00e9s que los despidieron"}]},{"@type":"WebSite","@id":"https:\/\/www.noticiasradioreflejos.com.ar\/2021\/#website","url":"https:\/\/www.noticiasradioreflejos.com.ar\/2021\/","name":"Noticias Radio Reflejos","description":"Las noticias de mi comarca","potentialAction":[{"@type":"SearchAction","target":{"@type":"EntryPoint","urlTemplate":"https:\/\/www.noticiasradioreflejos.com.ar\/2021\/?s={search_term_string}"},"query-input":{"@type":"PropertyValueSpecification","valueRequired":true,"valueName":"search_term_string"}}],"inLanguage":"es"},{"@type":"Person","@id":"https:\/\/www.noticiasradioreflejos.com.ar\/2021\/#\/schema\/person\/ad82545263dcc5ec0996818884fd5fb1","name":"Arnaldo Botto","image":{"@type":"ImageObject","inLanguage":"es","@id":"https:\/\/www.noticiasradioreflejos.com.ar\/2021\/#\/schema\/person\/image\/","url":"https:\/\/secure.gravatar.com\/avatar\/55cb5e37c1efa326397366e6974cb338056df65cb50e7d64d1cf314e87504837?s=96&d=mm&r=g","contentUrl":"https:\/\/secure.gravatar.com\/avatar\/55cb5e37c1efa326397366e6974cb338056df65cb50e7d64d1cf314e87504837?s=96&d=mm&r=g","caption":"Arnaldo Botto"},"url":"https:\/\/www.noticiasradioreflejos.com.ar\/2021\/author\/arnaldo\/"}]}},"_links":{"self":[{"href":"https:\/\/www.noticiasradioreflejos.com.ar\/2021\/wp-json\/wp\/v2\/posts\/108048","targetHints":{"allow":["GET"]}}],"collection":[{"href":"https:\/\/www.noticiasradioreflejos.com.ar\/2021\/wp-json\/wp\/v2\/posts"}],"about":[{"href":"https:\/\/www.noticiasradioreflejos.com.ar\/2021\/wp-json\/wp\/v2\/types\/post"}],"author":[{"embeddable":true,"href":"https:\/\/www.noticiasradioreflejos.com.ar\/2021\/wp-json\/wp\/v2\/users\/3"}],"replies":[{"embeddable":true,"href":"https:\/\/www.noticiasradioreflejos.com.ar\/2021\/wp-json\/wp\/v2\/comments?post=108048"}],"version-history":[{"count":2,"href":"https:\/\/www.noticiasradioreflejos.com.ar\/2021\/wp-json\/wp\/v2\/posts\/108048\/revisions"}],"predecessor-version":[{"id":108063,"href":"https:\/\/www.noticiasradioreflejos.com.ar\/2021\/wp-json\/wp\/v2\/posts\/108048\/revisions\/108063"}],"wp:attachment":[{"href":"https:\/\/www.noticiasradioreflejos.com.ar\/2021\/wp-json\/wp\/v2\/media?parent=108048"}],"wp:term":[{"taxonomy":"category","embeddable":true,"href":"https:\/\/www.noticiasradioreflejos.com.ar\/2021\/wp-json\/wp\/v2\/categories?post=108048"},{"taxonomy":"post_tag","embeddable":true,"href":"https:\/\/www.noticiasradioreflejos.com.ar\/2021\/wp-json\/wp\/v2\/tags?post=108048"}],"curies":[{"name":"wp","href":"https:\/\/api.w.org\/{rel}","templated":true}]}}