{"id":108033,"date":"2024-10-03T08:07:31","date_gmt":"2024-10-03T11:07:31","guid":{"rendered":"https:\/\/www.noticiasradioreflejos.com.ar\/2021\/?p=108033"},"modified":"2024-10-03T08:07:31","modified_gmt":"2024-10-03T11:07:31","slug":"de-origen-argentino-se-cumple-un-siglo-del-primer-gol-olimpico","status":"publish","type":"post","link":"https:\/\/www.noticiasradioreflejos.com.ar\/2021\/de-origen-argentino-se-cumple-un-siglo-del-primer-gol-olimpico\/","title":{"rendered":"De origen argentino, se cumple un siglo del primer gol ol\u00edmpico"},"content":{"rendered":"<div id=\"tdi_58\" class=\"tdc-row stretch_row_content_no_space td-stretch-content\">\n<div class=\"vc_row tdi_59  wpb_row td-pb-row\">\n<div class=\"vc_column tdi_61  wpb_column vc_column_container tdc-column td-pb-span12\">\n<div class=\"wpb_wrapper\">\n<div class=\"td_block_wrap tdb_title tdi_63 tdb-single-title td-pb-border-top td_block_template_1\" data-td-block-uid=\"tdi_63\">\n<div class=\"tdb-block-inner td-fix-index\">\n<div>Ces\u00e1reo Onzari convirti\u00f3 un tanto desde un c\u00f3rner que qued\u00f3 en la historia del f\u00fatbol mundial en el triunfo de Argentina por 2-1 frente a Uruguay.<\/div>\n<\/div>\n<\/div>\n<\/div>\n<\/div>\n<\/div>\n<\/div>\n<p><!--more--><\/p>\n<p>&nbsp;<\/p>\n<p>Un d\u00eda como hoy, pero en 1924, la\u00a0<strong>Selecci\u00f3n Argentina<\/strong>\u00a0venci\u00f3 por 2-1 a\u00a0<strong>Uruguay\u00a0<\/strong>en el estadio de\u00a0<strong>Sportivo Barracas<\/strong>.\u00a0<strong>Ces\u00e1reo Onzari<\/strong>\u00a0anot\u00f3 el hist\u00f3rico\u00a0<strong><a href=\"https:\/\/www.notaalpie.com.ar\/2022\/10\/02\/el-gol-olimpico-tambien-es-argentino-a-98-anos-de-su-origen\/\" data-type=\"link\" data-id=\"https:\/\/www.notaalpie.com.ar\/2022\/10\/02\/el-gol-olimpico-tambien-es-argentino-a-98-anos-de-su-origen\/\"><mark class=\"has-inline-color has-vivid-green-cyan-color\">\u201cgol ol\u00edmpico\u201d<\/mark><\/a><\/strong>\u00a0frente a la Celeste que ven\u00eda de conquistar el Oro en los\u00a0<strong>Juegos Ol\u00edmpicos de Paris<\/strong>\u00a0de ese mismo a\u00f1o.<\/p>\n<div id=\"tdi_64\" class=\"tdc-row stretch_row_content_no_space td-stretch-content\">\n<div class=\"vc_row tdi_65 td-ss-row wpb_row td-pb-row\">\n<div class=\"vc_column tdi_67  wpb_column vc_column_container tdc-column td-pb-span8\">\n<div class=\"wpb_wrapper\">\n<div class=\"td_block_wrap tdb_single_author tdi_71 td-pb-border-top td_block_template_1 tdb-post-meta\" data-td-block-uid=\"tdi_71\">\n<div class=\"tdb-block-inner td-fix-index\"><\/div>\n<\/div>\n<div class=\"td_block_wrap tdb_single_content tdi_72 td-pb-border-top td_block_template_1 td-post-content tagdiv-type\" data-td-block-uid=\"tdi_72\">\n<div class=\"tdb-block-inner td-fix-index\">\n<figure class=\"wp-block-image size-full\"><img loading=\"lazy\" decoding=\"async\" class=\"wp-image-184713 entered lazyloaded td-animation-stack-type0-2\" title=\"De origen argentino, se cumple un siglo del primer gol ol\u00edmpico 1\" src=\"https:\/\/www.notaalpie.com.ar\/wp-content\/webp-express\/webp-images\/uploads\/2024\/10\/destacada-creditos-Cedoc.jpg.webp\" sizes=\"auto, (max-width: 950px) 100vw, 950px\" srcset=\"https:\/\/www.notaalpie.com.ar\/wp-content\/webp-express\/webp-images\/uploads\/2024\/10\/destacada-creditos-Cedoc.jpg.webp 950w, https:\/\/www.notaalpie.com.ar\/wp-content\/webp-express\/webp-images\/uploads\/2024\/10\/destacada-creditos-Cedoc-650x383.jpg.webp 650w, https:\/\/www.notaalpie.com.ar\/wp-content\/webp-express\/webp-images\/uploads\/2024\/10\/destacada-creditos-Cedoc-768x453.jpg.webp 768w, https:\/\/www.notaalpie.com.ar\/wp-content\/webp-express\/webp-images\/uploads\/2024\/10\/destacada-creditos-Cedoc-150x88.jpg.webp 150w, https:\/\/www.notaalpie.com.ar\/wp-content\/webp-express\/webp-images\/uploads\/2024\/10\/destacada-creditos-Cedoc-300x177.jpg.webp 300w, https:\/\/www.notaalpie.com.ar\/wp-content\/webp-express\/webp-images\/uploads\/2024\/10\/destacada-creditos-Cedoc-696x410.jpg.webp 696w\" alt=\"gol ol\u00edmpico\" width=\"950\" height=\"560\" data-lazy-srcset=\"https:\/\/www.notaalpie.com.ar\/wp-content\/webp-express\/webp-images\/uploads\/2024\/10\/destacada-creditos-Cedoc.jpg.webp 950w, https:\/\/www.notaalpie.com.ar\/wp-content\/webp-express\/webp-images\/uploads\/2024\/10\/destacada-creditos-Cedoc-650x383.jpg.webp 650w, https:\/\/www.notaalpie.com.ar\/wp-content\/webp-express\/webp-images\/uploads\/2024\/10\/destacada-creditos-Cedoc-768x453.jpg.webp 768w, https:\/\/www.notaalpie.com.ar\/wp-content\/webp-express\/webp-images\/uploads\/2024\/10\/destacada-creditos-Cedoc-150x88.jpg.webp 150w, https:\/\/www.notaalpie.com.ar\/wp-content\/webp-express\/webp-images\/uploads\/2024\/10\/destacada-creditos-Cedoc-300x177.jpg.webp 300w, https:\/\/www.notaalpie.com.ar\/wp-content\/webp-express\/webp-images\/uploads\/2024\/10\/destacada-creditos-Cedoc-696x410.jpg.webp 696w\" data-lazy-sizes=\"(max-width: 950px) 100vw, 950px\" data-lazy-src=\"https:\/\/www.notaalpie.com.ar\/wp-content\/webp-express\/webp-images\/uploads\/2024\/10\/destacada-creditos-Cedoc.jpg.webp\" data-ll-status=\"loaded\" \/><figcaption class=\"wp-element-caption\"><em>Se denomin\u00f3 gol ol\u00edmpico debido a que se lo marc\u00f3 a Uruguay que era el vigente campe\u00f3n ol\u00edmpico. Cr\u00e9ditos: Cedoc.<\/em><\/figcaption><\/figure>\n<hr class=\"wp-block-separator has-alpha-channel-opacity is-style-wide\" \/>\n<p>&nbsp;<\/p>\n<p>Pasaron 100 a\u00f1os del primer gol ol\u00edmpico, un tanto que es muy poco com\u00fan ya que es dif\u00edcil enviar el bal\u00f3n dentro del arco desde la esquina.\u00a0<strong>Diego Maradona<\/strong>\u00a0logr\u00f3 hacerlo una vez cuando jugaba en\u00a0<strong>Napoli<\/strong>\u00a0en la goleada por 4-0 frente a la\u00a0<strong>Lazio<\/strong>. Sin embargo, a\u00fan no logr\u00f3 hacerlo\u00a0<strong>Lionel Messi<\/strong>, quien estuvo cerca en varias ocasiones.<\/p>\n<p>A pesar que en varios partidos disputados en distintas partes del mundo la pelota ingres\u00f3 desde un c\u00f3rner, este tipo de gol no era convalidado. Pero en junio de 1924, la\u00a0<strong>International Board<\/strong>\u00a0modific\u00f3 el reglamento y determin\u00f3 que los tiros de esquina sean directos, en vez de indirectos.<\/p>\n<p>A partir de ese momento era valido un gol desde el c\u00f3rner y el primero en anotarlo fue un argentino: Ces\u00e1reo Onzari. En aquel tiempo, el f\u00fatbol argentino no era profesional y a\u00fan no se disputaba la\u00a0<strong>Copa del Mundo<\/strong>, ya que la primera edici\u00f3n fue seis a\u00f1os m\u00e1s tardes.<\/p>\n<figure class=\"wp-block-image size-full\"><img loading=\"lazy\" decoding=\"async\" class=\"wp-image-184715 entered td-animation-stack-type0-2 lazyloaded\" title=\"De origen argentino, se cumple un siglo del primer gol ol\u00edmpico 2\" src=\"https:\/\/www.notaalpie.com.ar\/wp-content\/webp-express\/webp-images\/uploads\/2024\/10\/Foto-2-creditos-inforegion.jpg.webp\" sizes=\"auto, (max-width: 950px) 100vw, 950px\" srcset=\"https:\/\/www.notaalpie.com.ar\/wp-content\/webp-express\/webp-images\/uploads\/2024\/10\/Foto-2-creditos-inforegion.jpg.webp 950w, https:\/\/www.notaalpie.com.ar\/wp-content\/webp-express\/webp-images\/uploads\/2024\/10\/Foto-2-creditos-inforegion-650x383.jpg.webp 650w, https:\/\/www.notaalpie.com.ar\/wp-content\/webp-express\/webp-images\/uploads\/2024\/10\/Foto-2-creditos-inforegion-768x453.jpg.webp 768w, https:\/\/www.notaalpie.com.ar\/wp-content\/webp-express\/webp-images\/uploads\/2024\/10\/Foto-2-creditos-inforegion-150x88.jpg.webp 150w, https:\/\/www.notaalpie.com.ar\/wp-content\/webp-express\/webp-images\/uploads\/2024\/10\/Foto-2-creditos-inforegion-300x177.jpg.webp 300w, https:\/\/www.notaalpie.com.ar\/wp-content\/webp-express\/webp-images\/uploads\/2024\/10\/Foto-2-creditos-inforegion-696x410.jpg.webp 696w\" alt=\"Foto 2 creditos inforegion\" width=\"950\" height=\"560\" data-lazy-srcset=\"https:\/\/www.notaalpie.com.ar\/wp-content\/webp-express\/webp-images\/uploads\/2024\/10\/Foto-2-creditos-inforegion.jpg.webp 950w, https:\/\/www.notaalpie.com.ar\/wp-content\/webp-express\/webp-images\/uploads\/2024\/10\/Foto-2-creditos-inforegion-650x383.jpg.webp 650w, https:\/\/www.notaalpie.com.ar\/wp-content\/webp-express\/webp-images\/uploads\/2024\/10\/Foto-2-creditos-inforegion-768x453.jpg.webp 768w, https:\/\/www.notaalpie.com.ar\/wp-content\/webp-express\/webp-images\/uploads\/2024\/10\/Foto-2-creditos-inforegion-150x88.jpg.webp 150w, https:\/\/www.notaalpie.com.ar\/wp-content\/webp-express\/webp-images\/uploads\/2024\/10\/Foto-2-creditos-inforegion-300x177.jpg.webp 300w, https:\/\/www.notaalpie.com.ar\/wp-content\/webp-express\/webp-images\/uploads\/2024\/10\/Foto-2-creditos-inforegion-696x410.jpg.webp 696w\" data-lazy-sizes=\"(max-width: 950px) 100vw, 950px\" data-lazy-src=\"https:\/\/www.notaalpie.com.ar\/wp-content\/webp-express\/webp-images\/uploads\/2024\/10\/Foto-2-creditos-inforegion.jpg.webp\" data-ll-status=\"loaded\" \/><figcaption class=\"wp-element-caption\"><em>Con el gol ol\u00edmpico de Ces\u00e1reo Onzari, Argentina abri\u00f3 el marcador frente a Uruguay. \u00a0Cr\u00e9ditos: Inforegion. \u00a0<\/em><\/figcaption><\/figure>\n<hr class=\"wp-block-separator has-alpha-channel-opacity is-style-wide\" \/>\n<h2><\/h2>\n<h2 class=\"wp-block-heading\"><strong>La historia del gol ol\u00edmpico<\/strong><\/h2>\n<p>Ocurri\u00f3 el 2 de octubre de 1924, en un amistoso entre Argentina y Uruguay disputado en la vieja cancha de Sportivo Barracas. Los charr\u00faas ven\u00edan de ser campeones en los Juegos Ol\u00edmpicos de Paris. En la final, la Celeste venci\u00f3 a\u00a0<strong>Suiza<\/strong>\u00a0y se convirti\u00f3 en el primer sudamericano en colgarse la medalla dorada.<\/p>\n<p>Antes de jugar en\u00a0<strong>Buenos Aires<\/strong>, ambos equipos se enfrentaron en\u00a0<strong>Montevideo<\/strong>\u00a0y finaliz\u00f3 1-1. La revancha se iba a disputar el 28 de septiembre, pero se suspendi\u00f3, debido a que el p\u00fablico se encontraba cerca de las l\u00edneas laterales. Cabe destacar que la cancha no tenia alambrado.<\/p>\n<p>Cuatro d\u00edas despu\u00e9s, ya con el alambrado colocado, se disput\u00f3 el segundo duelo. A los 15 minutos del primer tiempo, Ces\u00e1reo Onzari ejecut\u00f3 un tiro de esquina y la pelota ingres\u00f3 dentro del arco uruguayo, sin que nadie haya tocado el bal\u00f3n.<\/p>\n<p>Los jugadores visitantes se quedaron asombrados y luego le protestaron al \u00e1rbitro uruguayo\u00a0<strong>Ricardo Vallarino<\/strong>. El reclamo se deb\u00eda a que el arquero\u00a0<strong>Mazali<\/strong>\u00a0fue empujado mientras la pelota se trasladaba en el aire. Tambi\u00e9n discutieron que Onzari no tuvo la intenci\u00f3n de rematar al arco y que el viento hizo que el bal\u00f3n ingrese a la porter\u00eda.<\/p>\n<p>La mayor\u00eda no conoc\u00edan el nuevo reglamento, pero si el juez y convalid\u00f3 el gol. Este grito de Ces\u00e1reo Onzari qued\u00f3 en la historia del f\u00fatbol argentino y mundial. En homenaje al ser el primer gol de esta manera y frente a Uruguay, campe\u00f3n ol\u00edmpico, se lo bautiz\u00f3 como \u201cgol ol\u00edmpico\u201d.<\/p>\n<figure class=\"wp-block-image size-large\"><img loading=\"lazy\" decoding=\"async\" class=\"wp-image-184714 td-animation-stack-type0-2 entered lazyloaded\" title=\"De origen argentino, se cumple un siglo del primer gol ol\u00edmpico 3\" src=\"https:\/\/www.notaalpie.com.ar\/wp-content\/webp-express\/webp-images\/uploads\/2024\/10\/Foto-3-credito-elgrafico-790x1024.jpg.webp\" sizes=\"auto, (max-width: 790px) 100vw, 790px\" srcset=\"https:\/\/www.notaalpie.com.ar\/wp-content\/webp-express\/webp-images\/uploads\/2024\/10\/Foto-3-credito-elgrafico-790x1024.jpg.webp 790w, https:\/\/www.notaalpie.com.ar\/wp-content\/webp-express\/webp-images\/uploads\/2024\/10\/Foto-3-credito-elgrafico-501x650.jpg.webp 501w, https:\/\/www.notaalpie.com.ar\/wp-content\/webp-express\/webp-images\/uploads\/2024\/10\/Foto-3-credito-elgrafico-768x996.jpg.webp 768w, https:\/\/www.notaalpie.com.ar\/wp-content\/webp-express\/webp-images\/uploads\/2024\/10\/Foto-3-credito-elgrafico-150x195.jpg.webp 150w, https:\/\/www.notaalpie.com.ar\/wp-content\/webp-express\/webp-images\/uploads\/2024\/10\/Foto-3-credito-elgrafico-300x389.jpg.webp 300w, https:\/\/www.notaalpie.com.ar\/wp-content\/webp-express\/webp-images\/uploads\/2024\/10\/Foto-3-credito-elgrafico-696x903.jpg.webp 696w, https:\/\/www.notaalpie.com.ar\/wp-content\/webp-express\/webp-images\/uploads\/2024\/10\/Foto-3-credito-elgrafico.jpg.webp 950w\" alt=\"Foto 3 credito elgrafico\" width=\"790\" height=\"1024\" data-lazy-srcset=\"https:\/\/www.notaalpie.com.ar\/wp-content\/webp-express\/webp-images\/uploads\/2024\/10\/Foto-3-credito-elgrafico-790x1024.jpg.webp 790w, https:\/\/www.notaalpie.com.ar\/wp-content\/webp-express\/webp-images\/uploads\/2024\/10\/Foto-3-credito-elgrafico-501x650.jpg.webp 501w, https:\/\/www.notaalpie.com.ar\/wp-content\/webp-express\/webp-images\/uploads\/2024\/10\/Foto-3-credito-elgrafico-768x996.jpg.webp 768w, https:\/\/www.notaalpie.com.ar\/wp-content\/webp-express\/webp-images\/uploads\/2024\/10\/Foto-3-credito-elgrafico-150x195.jpg.webp 150w, https:\/\/www.notaalpie.com.ar\/wp-content\/webp-express\/webp-images\/uploads\/2024\/10\/Foto-3-credito-elgrafico-300x389.jpg.webp 300w, https:\/\/www.notaalpie.com.ar\/wp-content\/webp-express\/webp-images\/uploads\/2024\/10\/Foto-3-credito-elgrafico-696x903.jpg.webp 696w, https:\/\/www.notaalpie.com.ar\/wp-content\/webp-express\/webp-images\/uploads\/2024\/10\/Foto-3-credito-elgrafico.jpg.webp 950w\" data-lazy-sizes=\"(max-width: 790px) 100vw, 790px\" data-lazy-src=\"https:\/\/www.notaalpie.com.ar\/wp-content\/webp-express\/webp-images\/uploads\/2024\/10\/Foto-3-credito-elgrafico-790x1024.jpg.webp\" data-ll-status=\"loaded\" \/><figcaption class=\"wp-element-caption\"><em>Ces\u00e1reo Onzari fue un emblema en Hurac\u00e1n en donde logr\u00f3 cinco t\u00edtulos. Cr\u00e9dito: El Gr\u00e1fico.<\/em><\/figcaption><\/figure>\n<hr class=\"wp-block-separator has-alpha-channel-opacity is-style-wide\" \/>\n<h2><\/h2>\n<h2 class=\"wp-block-heading\"><strong>\u00bfQui\u00e9n fue Ces\u00e1reo Onzari?<\/strong><\/h2>\n<p>Ces\u00e1reo Onzari naci\u00f3 el 22 de febrero de 1903 en Buenos Aires. Se desempe\u00f1\u00f3 como extremo y surgi\u00f3 en\u00a0<strong>Sportivo Boedo<\/strong>. Su debut como profesional fue en 1921 en\u00a0<strong>Hurac\u00e1n<\/strong>, club en donde dej\u00f3 una huella. Con el Globo fue campe\u00f3n del\u00a0<strong>Campeonato 1921<\/strong>, 1922 y 1928 y de la\u00a0<strong>Copa Ibarguren<\/strong>\u00a01922 y 1925.<\/p>\n<p>Adem\u00e1s, tuvo un paso por\u00a0<strong>Boca Juniors<\/strong>\u00a0cuando el Xeneize disput\u00f3 una gira por\u00a0<strong>Europa<\/strong>\u00a0en 1925. Onsari disput\u00f3 17 partidos con la camiseta del equipo de la Ribera y marc\u00f3 tres goles.<\/p>\n<p>Tras finalizar la gira en el viejo continente, Onzari regres\u00f3 a Hurac\u00e1n y permaneci\u00f3 hasta su retiro del f\u00fatbol en 1933. Falleci\u00f3 el 7 de enero de 1964 a sus 60 a\u00f1os, tras una prolongada enfermedad.<\/p>\n<\/div>\n<\/div>\n<\/div>\n<\/div>\n<\/div>\n<\/div>\n<p>&nbsp;<\/p>\n<p><a class=\"tdb-author-photo\" title=\"Lucas Morel\" href=\"https:\/\/www.notaalpie.com.ar\/author\/lucasmorel\/\"><img loading=\"lazy\" decoding=\"async\" class=\"avatar avatar-30 photo avatar-default entered lazyloaded td-animation-stack-type0-2\" src=\"https:\/\/www.notaalpie.com.ar\/wp-content\/webp-express\/webp-images\/uploads\/2023\/03\/79-Lucas-Morel.png.webp\" srcset=\"https:\/\/www.notaalpie.com.ar\/wp-content\/webp-express\/webp-images\/uploads\/2023\/03\/79-Lucas-Morel.png.webp 2x\" alt=\"Lucas Morel\" width=\"30\" height=\"30\" data-lazy-srcset=\"https:\/\/www.notaalpie.com.ar\/wp-content\/webp-express\/webp-images\/uploads\/2023\/03\/79-Lucas-Morel.png.webp 2x\" data-lazy-src=\"https:\/\/www.notaalpie.com.ar\/wp-content\/webp-express\/webp-images\/uploads\/2023\/03\/79-Lucas-Morel.png.webp\" data-ll-status=\"loaded\" \/><\/a><\/p>\n<div class=\"tdb-author-name-wrap\"><strong><a class=\"tdb-author-name\" href=\"https:\/\/www.notaalpie.com.ar\/author\/lucasmorel\/\">Lucas Morel<\/a> para Nota al P\u00ed\u00e9<\/strong><\/div>\n","protected":false},"excerpt":{"rendered":"<p>Ces\u00e1reo Onzari convirti\u00f3 un tanto desde un c\u00f3rner que qued\u00f3 en la historia del f\u00fatbol mundial en el triunfo de Argentina por 2-1 frente a Uruguay.<\/p>\n","protected":false},"author":3,"featured_media":108034,"comment_status":"closed","ping_status":"closed","sticky":false,"template":"","format":"standard","meta":{"footnotes":""},"categories":[27],"tags":[],"class_list":["post-108033","post","type-post","status-publish","format-standard","has-post-thumbnail","hentry","category-deportes"],"yoast_head":"<!-- This site is optimized with the Yoast SEO plugin v25.9 - https:\/\/yoast.com\/wordpress\/plugins\/seo\/ -->\n<title>De origen argentino, se cumple un siglo del primer gol ol\u00edmpico - Noticias Radio Reflejos<\/title>\n<meta name=\"robots\" content=\"index, follow, max-snippet:-1, max-image-preview:large, max-video-preview:-1\" \/>\n<link rel=\"canonical\" href=\"https:\/\/www.noticiasradioreflejos.com.ar\/2021\/de-origen-argentino-se-cumple-un-siglo-del-primer-gol-olimpico\/\" \/>\n<meta property=\"og:locale\" content=\"es_ES\" \/>\n<meta property=\"og:type\" content=\"article\" \/>\n<meta property=\"og:title\" content=\"De origen argentino, se cumple un siglo del primer gol ol\u00edmpico - Noticias Radio Reflejos\" \/>\n<meta property=\"og:description\" content=\"Ces\u00e1reo Onzari convirti\u00f3 un tanto desde un c\u00f3rner que qued\u00f3 en la historia del f\u00fatbol mundial en el triunfo de Argentina por 2-1 frente a Uruguay.\" \/>\n<meta property=\"og:url\" content=\"https:\/\/www.noticiasradioreflejos.com.ar\/2021\/de-origen-argentino-se-cumple-un-siglo-del-primer-gol-olimpico\/\" \/>\n<meta property=\"og:site_name\" content=\"Noticias Radio Reflejos\" \/>\n<meta property=\"article:published_time\" content=\"2024-10-03T11:07:31+00:00\" \/>\n<meta property=\"og:image\" content=\"https:\/\/www.noticiasradioreflejos.com.ar\/2021\/wp-content\/uploads\/2024\/10\/Gol-olimpico.jpg\" \/>\n\t<meta property=\"og:image:width\" content=\"950\" \/>\n\t<meta property=\"og:image:height\" content=\"560\" \/>\n\t<meta property=\"og:image:type\" content=\"image\/jpeg\" \/>\n<meta name=\"author\" content=\"Arnaldo Botto\" \/>\n<meta name=\"twitter:card\" content=\"summary_large_image\" \/>\n<script type=\"application\/ld+json\" class=\"yoast-schema-graph\">{\"@context\":\"https:\/\/schema.org\",\"@graph\":[{\"@type\":\"WebPage\",\"@id\":\"https:\/\/www.noticiasradioreflejos.com.ar\/2021\/de-origen-argentino-se-cumple-un-siglo-del-primer-gol-olimpico\/\",\"url\":\"https:\/\/www.noticiasradioreflejos.com.ar\/2021\/de-origen-argentino-se-cumple-un-siglo-del-primer-gol-olimpico\/\",\"name\":\"De origen argentino, se cumple un siglo del primer gol ol\u00edmpico - Noticias Radio Reflejos\",\"isPartOf\":{\"@id\":\"https:\/\/www.noticiasradioreflejos.com.ar\/2021\/#website\"},\"primaryImageOfPage\":{\"@id\":\"https:\/\/www.noticiasradioreflejos.com.ar\/2021\/de-origen-argentino-se-cumple-un-siglo-del-primer-gol-olimpico\/#primaryimage\"},\"image\":{\"@id\":\"https:\/\/www.noticiasradioreflejos.com.ar\/2021\/de-origen-argentino-se-cumple-un-siglo-del-primer-gol-olimpico\/#primaryimage\"},\"thumbnailUrl\":\"https:\/\/www.noticiasradioreflejos.com.ar\/2021\/wp-content\/uploads\/2024\/10\/Gol-olimpico.jpg\",\"datePublished\":\"2024-10-03T11:07:31+00:00\",\"author\":{\"@id\":\"https:\/\/www.noticiasradioreflejos.com.ar\/2021\/#\/schema\/person\/ad82545263dcc5ec0996818884fd5fb1\"},\"breadcrumb\":{\"@id\":\"https:\/\/www.noticiasradioreflejos.com.ar\/2021\/de-origen-argentino-se-cumple-un-siglo-del-primer-gol-olimpico\/#breadcrumb\"},\"inLanguage\":\"es\",\"potentialAction\":[{\"@type\":\"ReadAction\",\"target\":[\"https:\/\/www.noticiasradioreflejos.com.ar\/2021\/de-origen-argentino-se-cumple-un-siglo-del-primer-gol-olimpico\/\"]}]},{\"@type\":\"ImageObject\",\"inLanguage\":\"es\",\"@id\":\"https:\/\/www.noticiasradioreflejos.com.ar\/2021\/de-origen-argentino-se-cumple-un-siglo-del-primer-gol-olimpico\/#primaryimage\",\"url\":\"https:\/\/www.noticiasradioreflejos.com.ar\/2021\/wp-content\/uploads\/2024\/10\/Gol-olimpico.jpg\",\"contentUrl\":\"https:\/\/www.noticiasradioreflejos.com.ar\/2021\/wp-content\/uploads\/2024\/10\/Gol-olimpico.jpg\",\"width\":950,\"height\":560},{\"@type\":\"BreadcrumbList\",\"@id\":\"https:\/\/www.noticiasradioreflejos.com.ar\/2021\/de-origen-argentino-se-cumple-un-siglo-del-primer-gol-olimpico\/#breadcrumb\",\"itemListElement\":[{\"@type\":\"ListItem\",\"position\":1,\"name\":\"Portada\",\"item\":\"https:\/\/www.noticiasradioreflejos.com.ar\/2021\/\"},{\"@type\":\"ListItem\",\"position\":2,\"name\":\"De origen argentino, se cumple un siglo del primer gol ol\u00edmpico\"}]},{\"@type\":\"WebSite\",\"@id\":\"https:\/\/www.noticiasradioreflejos.com.ar\/2021\/#website\",\"url\":\"https:\/\/www.noticiasradioreflejos.com.ar\/2021\/\",\"name\":\"Noticias Radio Reflejos\",\"description\":\"Las noticias de mi comarca\",\"potentialAction\":[{\"@type\":\"SearchAction\",\"target\":{\"@type\":\"EntryPoint\",\"urlTemplate\":\"https:\/\/www.noticiasradioreflejos.com.ar\/2021\/?s={search_term_string}\"},\"query-input\":{\"@type\":\"PropertyValueSpecification\",\"valueRequired\":true,\"valueName\":\"search_term_string\"}}],\"inLanguage\":\"es\"},{\"@type\":\"Person\",\"@id\":\"https:\/\/www.noticiasradioreflejos.com.ar\/2021\/#\/schema\/person\/ad82545263dcc5ec0996818884fd5fb1\",\"name\":\"Arnaldo Botto\",\"image\":{\"@type\":\"ImageObject\",\"inLanguage\":\"es\",\"@id\":\"https:\/\/www.noticiasradioreflejos.com.ar\/2021\/#\/schema\/person\/image\/\",\"url\":\"https:\/\/secure.gravatar.com\/avatar\/55cb5e37c1efa326397366e6974cb338056df65cb50e7d64d1cf314e87504837?s=96&d=mm&r=g\",\"contentUrl\":\"https:\/\/secure.gravatar.com\/avatar\/55cb5e37c1efa326397366e6974cb338056df65cb50e7d64d1cf314e87504837?s=96&d=mm&r=g\",\"caption\":\"Arnaldo Botto\"},\"url\":\"https:\/\/www.noticiasradioreflejos.com.ar\/2021\/author\/arnaldo\/\"}]}<\/script>\n<!-- \/ Yoast SEO plugin. -->","yoast_head_json":{"title":"De origen argentino, se cumple un siglo del primer gol ol\u00edmpico - Noticias Radio Reflejos","robots":{"index":"index","follow":"follow","max-snippet":"max-snippet:-1","max-image-preview":"max-image-preview:large","max-video-preview":"max-video-preview:-1"},"canonical":"https:\/\/www.noticiasradioreflejos.com.ar\/2021\/de-origen-argentino-se-cumple-un-siglo-del-primer-gol-olimpico\/","og_locale":"es_ES","og_type":"article","og_title":"De origen argentino, se cumple un siglo del primer gol ol\u00edmpico - Noticias Radio Reflejos","og_description":"Ces\u00e1reo Onzari convirti\u00f3 un tanto desde un c\u00f3rner que qued\u00f3 en la historia del f\u00fatbol mundial en el triunfo de Argentina por 2-1 frente a Uruguay.","og_url":"https:\/\/www.noticiasradioreflejos.com.ar\/2021\/de-origen-argentino-se-cumple-un-siglo-del-primer-gol-olimpico\/","og_site_name":"Noticias Radio Reflejos","article_published_time":"2024-10-03T11:07:31+00:00","og_image":[{"width":950,"height":560,"url":"https:\/\/www.noticiasradioreflejos.com.ar\/2021\/wp-content\/uploads\/2024\/10\/Gol-olimpico.jpg","type":"image\/jpeg"}],"author":"Arnaldo Botto","twitter_card":"summary_large_image","schema":{"@context":"https:\/\/schema.org","@graph":[{"@type":"WebPage","@id":"https:\/\/www.noticiasradioreflejos.com.ar\/2021\/de-origen-argentino-se-cumple-un-siglo-del-primer-gol-olimpico\/","url":"https:\/\/www.noticiasradioreflejos.com.ar\/2021\/de-origen-argentino-se-cumple-un-siglo-del-primer-gol-olimpico\/","name":"De origen argentino, se cumple un siglo del primer gol ol\u00edmpico - Noticias Radio Reflejos","isPartOf":{"@id":"https:\/\/www.noticiasradioreflejos.com.ar\/2021\/#website"},"primaryImageOfPage":{"@id":"https:\/\/www.noticiasradioreflejos.com.ar\/2021\/de-origen-argentino-se-cumple-un-siglo-del-primer-gol-olimpico\/#primaryimage"},"image":{"@id":"https:\/\/www.noticiasradioreflejos.com.ar\/2021\/de-origen-argentino-se-cumple-un-siglo-del-primer-gol-olimpico\/#primaryimage"},"thumbnailUrl":"https:\/\/www.noticiasradioreflejos.com.ar\/2021\/wp-content\/uploads\/2024\/10\/Gol-olimpico.jpg","datePublished":"2024-10-03T11:07:31+00:00","author":{"@id":"https:\/\/www.noticiasradioreflejos.com.ar\/2021\/#\/schema\/person\/ad82545263dcc5ec0996818884fd5fb1"},"breadcrumb":{"@id":"https:\/\/www.noticiasradioreflejos.com.ar\/2021\/de-origen-argentino-se-cumple-un-siglo-del-primer-gol-olimpico\/#breadcrumb"},"inLanguage":"es","potentialAction":[{"@type":"ReadAction","target":["https:\/\/www.noticiasradioreflejos.com.ar\/2021\/de-origen-argentino-se-cumple-un-siglo-del-primer-gol-olimpico\/"]}]},{"@type":"ImageObject","inLanguage":"es","@id":"https:\/\/www.noticiasradioreflejos.com.ar\/2021\/de-origen-argentino-se-cumple-un-siglo-del-primer-gol-olimpico\/#primaryimage","url":"https:\/\/www.noticiasradioreflejos.com.ar\/2021\/wp-content\/uploads\/2024\/10\/Gol-olimpico.jpg","contentUrl":"https:\/\/www.noticiasradioreflejos.com.ar\/2021\/wp-content\/uploads\/2024\/10\/Gol-olimpico.jpg","width":950,"height":560},{"@type":"BreadcrumbList","@id":"https:\/\/www.noticiasradioreflejos.com.ar\/2021\/de-origen-argentino-se-cumple-un-siglo-del-primer-gol-olimpico\/#breadcrumb","itemListElement":[{"@type":"ListItem","position":1,"name":"Portada","item":"https:\/\/www.noticiasradioreflejos.com.ar\/2021\/"},{"@type":"ListItem","position":2,"name":"De origen argentino, se cumple un siglo del primer gol ol\u00edmpico"}]},{"@type":"WebSite","@id":"https:\/\/www.noticiasradioreflejos.com.ar\/2021\/#website","url":"https:\/\/www.noticiasradioreflejos.com.ar\/2021\/","name":"Noticias Radio Reflejos","description":"Las noticias de mi comarca","potentialAction":[{"@type":"SearchAction","target":{"@type":"EntryPoint","urlTemplate":"https:\/\/www.noticiasradioreflejos.com.ar\/2021\/?s={search_term_string}"},"query-input":{"@type":"PropertyValueSpecification","valueRequired":true,"valueName":"search_term_string"}}],"inLanguage":"es"},{"@type":"Person","@id":"https:\/\/www.noticiasradioreflejos.com.ar\/2021\/#\/schema\/person\/ad82545263dcc5ec0996818884fd5fb1","name":"Arnaldo Botto","image":{"@type":"ImageObject","inLanguage":"es","@id":"https:\/\/www.noticiasradioreflejos.com.ar\/2021\/#\/schema\/person\/image\/","url":"https:\/\/secure.gravatar.com\/avatar\/55cb5e37c1efa326397366e6974cb338056df65cb50e7d64d1cf314e87504837?s=96&d=mm&r=g","contentUrl":"https:\/\/secure.gravatar.com\/avatar\/55cb5e37c1efa326397366e6974cb338056df65cb50e7d64d1cf314e87504837?s=96&d=mm&r=g","caption":"Arnaldo Botto"},"url":"https:\/\/www.noticiasradioreflejos.com.ar\/2021\/author\/arnaldo\/"}]}},"_links":{"self":[{"href":"https:\/\/www.noticiasradioreflejos.com.ar\/2021\/wp-json\/wp\/v2\/posts\/108033","targetHints":{"allow":["GET"]}}],"collection":[{"href":"https:\/\/www.noticiasradioreflejos.com.ar\/2021\/wp-json\/wp\/v2\/posts"}],"about":[{"href":"https:\/\/www.noticiasradioreflejos.com.ar\/2021\/wp-json\/wp\/v2\/types\/post"}],"author":[{"embeddable":true,"href":"https:\/\/www.noticiasradioreflejos.com.ar\/2021\/wp-json\/wp\/v2\/users\/3"}],"replies":[{"embeddable":true,"href":"https:\/\/www.noticiasradioreflejos.com.ar\/2021\/wp-json\/wp\/v2\/comments?post=108033"}],"version-history":[{"count":1,"href":"https:\/\/www.noticiasradioreflejos.com.ar\/2021\/wp-json\/wp\/v2\/posts\/108033\/revisions"}],"predecessor-version":[{"id":108035,"href":"https:\/\/www.noticiasradioreflejos.com.ar\/2021\/wp-json\/wp\/v2\/posts\/108033\/revisions\/108035"}],"wp:featuredmedia":[{"embeddable":true,"href":"https:\/\/www.noticiasradioreflejos.com.ar\/2021\/wp-json\/wp\/v2\/media\/108034"}],"wp:attachment":[{"href":"https:\/\/www.noticiasradioreflejos.com.ar\/2021\/wp-json\/wp\/v2\/media?parent=108033"}],"wp:term":[{"taxonomy":"category","embeddable":true,"href":"https:\/\/www.noticiasradioreflejos.com.ar\/2021\/wp-json\/wp\/v2\/categories?post=108033"},{"taxonomy":"post_tag","embeddable":true,"href":"https:\/\/www.noticiasradioreflejos.com.ar\/2021\/wp-json\/wp\/v2\/tags?post=108033"}],"curies":[{"name":"wp","href":"https:\/\/api.w.org\/{rel}","templated":true}]}}