{"id":107971,"date":"2024-10-01T18:50:05","date_gmt":"2024-10-01T21:50:05","guid":{"rendered":"https:\/\/www.noticiasradioreflejos.com.ar\/2021\/?p=107971"},"modified":"2024-10-01T18:50:05","modified_gmt":"2024-10-01T21:50:05","slug":"basural-se-termino-la-epoca-de-los-papeles-algo-hay-que-hacer","status":"publish","type":"post","link":"https:\/\/www.noticiasradioreflejos.com.ar\/2021\/basural-se-termino-la-epoca-de-los-papeles-algo-hay-que-hacer\/","title":{"rendered":"Basural: \u201cSe termin\u00f3 la \u00e9poca de los papeles, algo hay que hacer\u201d"},"content":{"rendered":"<p><strong>Karin True, Daniel Carmona y Sara Battelli<\/strong> brindaron testimonio en relaci\u00f3n a c\u00f3mo padecen ese espacio de la ciudad.<\/p>\n<p><!--more--><\/p>\n<p>Si bien el intendente prometi\u00f3 candado y mudanza, de momento nada de eso est\u00e1 ocurriendo, y los vecinos de Sierra de la Ventana mientras tanto contin\u00faan padeciendo el basural.<\/p>\n<p>Al respecto tres personas esta ma\u00f1ana se dieron cita para ponerle voz a un reclamo que no es nuevo, y de momento, no cuenta con soluci\u00f3n.<\/p>\n<p>&nbsp;<\/p>\n<p><a href=\"https:\/\/www.noticiasradioreflejos.com.ar\/2021\/basural-se-termino-la-epoca-de-los-papeles-algo-hay-que-hacer\/true-carmona-battelli\/\" rel=\"attachment wp-att-107976\"><img loading=\"lazy\" decoding=\"async\" class=\"aligncenter size-full wp-image-107976\" src=\"https:\/\/www.noticiasradioreflejos.com.ar\/2021\/wp-content\/uploads\/2024\/10\/True-carmona-Battelli.jpeg\" alt=\"\" width=\"1600\" height=\"900\" srcset=\"https:\/\/www.noticiasradioreflejos.com.ar\/2021\/wp-content\/uploads\/2024\/10\/True-carmona-Battelli.jpeg 1600w, https:\/\/www.noticiasradioreflejos.com.ar\/2021\/wp-content\/uploads\/2024\/10\/True-carmona-Battelli-300x169.jpeg 300w, https:\/\/www.noticiasradioreflejos.com.ar\/2021\/wp-content\/uploads\/2024\/10\/True-carmona-Battelli-1024x576.jpeg 1024w, https:\/\/www.noticiasradioreflejos.com.ar\/2021\/wp-content\/uploads\/2024\/10\/True-carmona-Battelli-768x432.jpeg 768w, https:\/\/www.noticiasradioreflejos.com.ar\/2021\/wp-content\/uploads\/2024\/10\/True-carmona-Battelli-1536x864.jpeg 1536w, https:\/\/www.noticiasradioreflejos.com.ar\/2021\/wp-content\/uploads\/2024\/10\/True-carmona-Battelli-750x422.jpeg 750w, https:\/\/www.noticiasradioreflejos.com.ar\/2021\/wp-content\/uploads\/2024\/10\/True-carmona-Battelli-1140x641.jpeg 1140w\" sizes=\"auto, (max-width: 1600px) 100vw, 1600px\" \/><\/a><\/p>\n<p>Karin True, Daniel Carmona y Sara Battelli afirmaron que \u201ces una cosa que nos afecta a todos, m\u00e1xime que somos un distrito ecol\u00f3gico y que esto es un problema que se arrastra hace m\u00e1s de 20 a\u00f1os\u201d.<\/p>\n<p>Seg\u00fan admitieron \u201ccada campa\u00f1a de intendente lo us\u00f3 como caballito de batalla, y resulta que llegamos a esta altura que est\u00e1 todo desbandado y en diciembre no se quemaron casas porque Dios estuvo con sus dos manos\u201d.<\/p>\n<p>En ese aspecto no dudaron en reconocer que \u201cel panorama no es alentador y no queremos que eso se repita. Desde el 11 de diciembre hasta la fecha los que salvan las cosas son los bomberos, pero no es una soluci\u00f3n. Al intendente se le mandaron notas pero nunca nos recibi\u00f3. El Concejo s\u00ed nos recibi\u00f3 despu\u00e9s de mucho pedir\u201d.<\/p>\n<p>Agregando que \u201cse present\u00f3 un plan de contingencia, uno urgente y otro a futuro. Sabemos que es muy dif\u00edcil pero en alg\u00fan momento hay que empezar\u201d.<\/p>\n<p>Sobre las acciones llevadas adelante confirmaron que \u201cse puso una c\u00e1mara en el lugar, pero eso es un hormiguero con infinidad de caminos, pero hay que ver si esa c\u00e1mara anda y si alguien la controla. Se tiran cosas donde no se debe y se prende fuego donde no se debe. Hay que ponerse los pantalones largos y encarar la situaci\u00f3n\u201d.<\/p>\n<p>Por \u00faltimo aclararon que \u201cte\u00f3ricamente hab\u00eda tres proyectos, pero los tienen cajoneados. Algo de bueno deber\u00edan tener, pero hay que ponerlos en pr\u00e1cticas. Se termin\u00f3 la \u00e9poca de los papeles. Algo hay que hacer\u201d.<\/p>\n<p>&nbsp;<\/p>\n<p><iframe loading=\"lazy\" src=\"https:\/\/w.soundcloud.com\/player\/?url=https%3A\/\/api.soundcloud.com\/tracks\/1926995984&amp;color=%23ff5500&amp;auto_play=false&amp;hide_related=false&amp;show_comments=true&amp;show_user=true&amp;show_reposts=false&amp;show_teaser=true\" width=\"100%\" height=\"166\" frameborder=\"no\" scrolling=\"no\"><\/iframe><\/p>\n<div style=\"font-size: 10px; color: #cccccc; line-break: anywhere; word-break: normal; overflow: hidden; white-space: nowrap; text-overflow: ellipsis; font-family: Interstate,Lucida Grande,Lucida Sans Unicode,Lucida Sans,Garuda,Verdana,Tahoma,sans-serif; font-weight: 100;\"><a style=\"color: #cccccc; text-decoration: none;\" title=\"fmreflejos 103.7\" href=\"https:\/\/soundcloud.com\/fmreflejos-103-7\" target=\"_blank\" rel=\"noopener\">fmreflejos 103.7<\/a> \u00b7 <a style=\"color: #cccccc; text-decoration: none;\" title=\"Karin True, Daniel Carmona, Sara Battelli 01 - 10\" href=\"https:\/\/soundcloud.com\/fmreflejos-103-7\/karin-true-daniel-carmona-sara-battelli-01-10\" target=\"_blank\" rel=\"noopener\">Karin True, Daniel Carmona, Sara Battelli 01 &#8211; 10<\/a><\/div>\n","protected":false},"excerpt":{"rendered":"<p>Karin True, Daniel Carmona y Sara Battelli brindaron testimonio en relaci\u00f3n a c\u00f3mo padecen ese espacio de la ciudad.<\/p>\n","protected":false},"author":3,"featured_media":102755,"comment_status":"closed","ping_status":"closed","sticky":false,"template":"","format":"standard","meta":{"footnotes":""},"categories":[24,26],"tags":[48],"class_list":["post-107971","post","type-post","status-publish","format-standard","has-post-thumbnail","hentry","category-politica","category-sociedad","tag-destacada"],"yoast_head":"<!-- This site is optimized with the Yoast SEO plugin v25.9 - https:\/\/yoast.com\/wordpress\/plugins\/seo\/ -->\n<title>Basural: \u201cSe termin\u00f3 la \u00e9poca de los papeles, algo hay que hacer\u201d - Noticias Radio Reflejos<\/title>\n<meta name=\"robots\" content=\"index, follow, max-snippet:-1, max-image-preview:large, max-video-preview:-1\" \/>\n<link rel=\"canonical\" href=\"https:\/\/www.noticiasradioreflejos.com.ar\/2021\/basural-se-termino-la-epoca-de-los-papeles-algo-hay-que-hacer\/\" \/>\n<meta property=\"og:locale\" content=\"es_ES\" \/>\n<meta property=\"og:type\" content=\"article\" \/>\n<meta property=\"og:title\" content=\"Basural: \u201cSe termin\u00f3 la \u00e9poca de los papeles, algo hay que hacer\u201d - Noticias Radio Reflejos\" \/>\n<meta property=\"og:description\" content=\"Karin True, Daniel Carmona y Sara Battelli brindaron testimonio en relaci\u00f3n a c\u00f3mo padecen ese espacio de la ciudad.\" \/>\n<meta property=\"og:url\" content=\"https:\/\/www.noticiasradioreflejos.com.ar\/2021\/basural-se-termino-la-epoca-de-los-papeles-algo-hay-que-hacer\/\" \/>\n<meta property=\"og:site_name\" content=\"Noticias Radio Reflejos\" \/>\n<meta property=\"article:published_time\" content=\"2024-10-01T21:50:05+00:00\" \/>\n<meta property=\"og:image\" content=\"https:\/\/www.noticiasradioreflejos.com.ar\/2021\/wp-content\/uploads\/2024\/05\/basural.jpeg\" \/>\n\t<meta property=\"og:image:width\" content=\"1280\" \/>\n\t<meta property=\"og:image:height\" content=\"963\" \/>\n\t<meta property=\"og:image:type\" content=\"image\/jpeg\" \/>\n<meta name=\"author\" content=\"Arnaldo Botto\" \/>\n<meta name=\"twitter:card\" content=\"summary_large_image\" \/>\n<script type=\"application\/ld+json\" class=\"yoast-schema-graph\">{\"@context\":\"https:\/\/schema.org\",\"@graph\":[{\"@type\":\"WebPage\",\"@id\":\"https:\/\/www.noticiasradioreflejos.com.ar\/2021\/basural-se-termino-la-epoca-de-los-papeles-algo-hay-que-hacer\/\",\"url\":\"https:\/\/www.noticiasradioreflejos.com.ar\/2021\/basural-se-termino-la-epoca-de-los-papeles-algo-hay-que-hacer\/\",\"name\":\"Basural: \u201cSe termin\u00f3 la \u00e9poca de los papeles, algo hay que hacer\u201d - Noticias Radio Reflejos\",\"isPartOf\":{\"@id\":\"https:\/\/www.noticiasradioreflejos.com.ar\/2021\/#website\"},\"primaryImageOfPage\":{\"@id\":\"https:\/\/www.noticiasradioreflejos.com.ar\/2021\/basural-se-termino-la-epoca-de-los-papeles-algo-hay-que-hacer\/#primaryimage\"},\"image\":{\"@id\":\"https:\/\/www.noticiasradioreflejos.com.ar\/2021\/basural-se-termino-la-epoca-de-los-papeles-algo-hay-que-hacer\/#primaryimage\"},\"thumbnailUrl\":\"https:\/\/www.noticiasradioreflejos.com.ar\/2021\/wp-content\/uploads\/2024\/05\/basural.jpeg\",\"datePublished\":\"2024-10-01T21:50:05+00:00\",\"author\":{\"@id\":\"https:\/\/www.noticiasradioreflejos.com.ar\/2021\/#\/schema\/person\/ad82545263dcc5ec0996818884fd5fb1\"},\"breadcrumb\":{\"@id\":\"https:\/\/www.noticiasradioreflejos.com.ar\/2021\/basural-se-termino-la-epoca-de-los-papeles-algo-hay-que-hacer\/#breadcrumb\"},\"inLanguage\":\"es\",\"potentialAction\":[{\"@type\":\"ReadAction\",\"target\":[\"https:\/\/www.noticiasradioreflejos.com.ar\/2021\/basural-se-termino-la-epoca-de-los-papeles-algo-hay-que-hacer\/\"]}]},{\"@type\":\"ImageObject\",\"inLanguage\":\"es\",\"@id\":\"https:\/\/www.noticiasradioreflejos.com.ar\/2021\/basural-se-termino-la-epoca-de-los-papeles-algo-hay-que-hacer\/#primaryimage\",\"url\":\"https:\/\/www.noticiasradioreflejos.com.ar\/2021\/wp-content\/uploads\/2024\/05\/basural.jpeg\",\"contentUrl\":\"https:\/\/www.noticiasradioreflejos.com.ar\/2021\/wp-content\/uploads\/2024\/05\/basural.jpeg\",\"width\":1280,\"height\":963},{\"@type\":\"BreadcrumbList\",\"@id\":\"https:\/\/www.noticiasradioreflejos.com.ar\/2021\/basural-se-termino-la-epoca-de-los-papeles-algo-hay-que-hacer\/#breadcrumb\",\"itemListElement\":[{\"@type\":\"ListItem\",\"position\":1,\"name\":\"Portada\",\"item\":\"https:\/\/www.noticiasradioreflejos.com.ar\/2021\/\"},{\"@type\":\"ListItem\",\"position\":2,\"name\":\"Basural: \u201cSe termin\u00f3 la \u00e9poca de los papeles, algo hay que hacer\u201d\"}]},{\"@type\":\"WebSite\",\"@id\":\"https:\/\/www.noticiasradioreflejos.com.ar\/2021\/#website\",\"url\":\"https:\/\/www.noticiasradioreflejos.com.ar\/2021\/\",\"name\":\"Noticias Radio Reflejos\",\"description\":\"Las noticias de mi comarca\",\"potentialAction\":[{\"@type\":\"SearchAction\",\"target\":{\"@type\":\"EntryPoint\",\"urlTemplate\":\"https:\/\/www.noticiasradioreflejos.com.ar\/2021\/?s={search_term_string}\"},\"query-input\":{\"@type\":\"PropertyValueSpecification\",\"valueRequired\":true,\"valueName\":\"search_term_string\"}}],\"inLanguage\":\"es\"},{\"@type\":\"Person\",\"@id\":\"https:\/\/www.noticiasradioreflejos.com.ar\/2021\/#\/schema\/person\/ad82545263dcc5ec0996818884fd5fb1\",\"name\":\"Arnaldo Botto\",\"image\":{\"@type\":\"ImageObject\",\"inLanguage\":\"es\",\"@id\":\"https:\/\/www.noticiasradioreflejos.com.ar\/2021\/#\/schema\/person\/image\/\",\"url\":\"https:\/\/secure.gravatar.com\/avatar\/55cb5e37c1efa326397366e6974cb338056df65cb50e7d64d1cf314e87504837?s=96&d=mm&r=g\",\"contentUrl\":\"https:\/\/secure.gravatar.com\/avatar\/55cb5e37c1efa326397366e6974cb338056df65cb50e7d64d1cf314e87504837?s=96&d=mm&r=g\",\"caption\":\"Arnaldo Botto\"},\"url\":\"https:\/\/www.noticiasradioreflejos.com.ar\/2021\/author\/arnaldo\/\"}]}<\/script>\n<!-- \/ Yoast SEO plugin. -->","yoast_head_json":{"title":"Basural: \u201cSe termin\u00f3 la \u00e9poca de los papeles, algo hay que hacer\u201d - Noticias Radio Reflejos","robots":{"index":"index","follow":"follow","max-snippet":"max-snippet:-1","max-image-preview":"max-image-preview:large","max-video-preview":"max-video-preview:-1"},"canonical":"https:\/\/www.noticiasradioreflejos.com.ar\/2021\/basural-se-termino-la-epoca-de-los-papeles-algo-hay-que-hacer\/","og_locale":"es_ES","og_type":"article","og_title":"Basural: \u201cSe termin\u00f3 la \u00e9poca de los papeles, algo hay que hacer\u201d - Noticias Radio Reflejos","og_description":"Karin True, Daniel Carmona y Sara Battelli brindaron testimonio en relaci\u00f3n a c\u00f3mo padecen ese espacio de la ciudad.","og_url":"https:\/\/www.noticiasradioreflejos.com.ar\/2021\/basural-se-termino-la-epoca-de-los-papeles-algo-hay-que-hacer\/","og_site_name":"Noticias Radio Reflejos","article_published_time":"2024-10-01T21:50:05+00:00","og_image":[{"width":1280,"height":963,"url":"https:\/\/www.noticiasradioreflejos.com.ar\/2021\/wp-content\/uploads\/2024\/05\/basural.jpeg","type":"image\/jpeg"}],"author":"Arnaldo Botto","twitter_card":"summary_large_image","schema":{"@context":"https:\/\/schema.org","@graph":[{"@type":"WebPage","@id":"https:\/\/www.noticiasradioreflejos.com.ar\/2021\/basural-se-termino-la-epoca-de-los-papeles-algo-hay-que-hacer\/","url":"https:\/\/www.noticiasradioreflejos.com.ar\/2021\/basural-se-termino-la-epoca-de-los-papeles-algo-hay-que-hacer\/","name":"Basural: \u201cSe termin\u00f3 la \u00e9poca de los papeles, algo hay que hacer\u201d - Noticias Radio Reflejos","isPartOf":{"@id":"https:\/\/www.noticiasradioreflejos.com.ar\/2021\/#website"},"primaryImageOfPage":{"@id":"https:\/\/www.noticiasradioreflejos.com.ar\/2021\/basural-se-termino-la-epoca-de-los-papeles-algo-hay-que-hacer\/#primaryimage"},"image":{"@id":"https:\/\/www.noticiasradioreflejos.com.ar\/2021\/basural-se-termino-la-epoca-de-los-papeles-algo-hay-que-hacer\/#primaryimage"},"thumbnailUrl":"https:\/\/www.noticiasradioreflejos.com.ar\/2021\/wp-content\/uploads\/2024\/05\/basural.jpeg","datePublished":"2024-10-01T21:50:05+00:00","author":{"@id":"https:\/\/www.noticiasradioreflejos.com.ar\/2021\/#\/schema\/person\/ad82545263dcc5ec0996818884fd5fb1"},"breadcrumb":{"@id":"https:\/\/www.noticiasradioreflejos.com.ar\/2021\/basural-se-termino-la-epoca-de-los-papeles-algo-hay-que-hacer\/#breadcrumb"},"inLanguage":"es","potentialAction":[{"@type":"ReadAction","target":["https:\/\/www.noticiasradioreflejos.com.ar\/2021\/basural-se-termino-la-epoca-de-los-papeles-algo-hay-que-hacer\/"]}]},{"@type":"ImageObject","inLanguage":"es","@id":"https:\/\/www.noticiasradioreflejos.com.ar\/2021\/basural-se-termino-la-epoca-de-los-papeles-algo-hay-que-hacer\/#primaryimage","url":"https:\/\/www.noticiasradioreflejos.com.ar\/2021\/wp-content\/uploads\/2024\/05\/basural.jpeg","contentUrl":"https:\/\/www.noticiasradioreflejos.com.ar\/2021\/wp-content\/uploads\/2024\/05\/basural.jpeg","width":1280,"height":963},{"@type":"BreadcrumbList","@id":"https:\/\/www.noticiasradioreflejos.com.ar\/2021\/basural-se-termino-la-epoca-de-los-papeles-algo-hay-que-hacer\/#breadcrumb","itemListElement":[{"@type":"ListItem","position":1,"name":"Portada","item":"https:\/\/www.noticiasradioreflejos.com.ar\/2021\/"},{"@type":"ListItem","position":2,"name":"Basural: \u201cSe termin\u00f3 la \u00e9poca de los papeles, algo hay que hacer\u201d"}]},{"@type":"WebSite","@id":"https:\/\/www.noticiasradioreflejos.com.ar\/2021\/#website","url":"https:\/\/www.noticiasradioreflejos.com.ar\/2021\/","name":"Noticias Radio Reflejos","description":"Las noticias de mi comarca","potentialAction":[{"@type":"SearchAction","target":{"@type":"EntryPoint","urlTemplate":"https:\/\/www.noticiasradioreflejos.com.ar\/2021\/?s={search_term_string}"},"query-input":{"@type":"PropertyValueSpecification","valueRequired":true,"valueName":"search_term_string"}}],"inLanguage":"es"},{"@type":"Person","@id":"https:\/\/www.noticiasradioreflejos.com.ar\/2021\/#\/schema\/person\/ad82545263dcc5ec0996818884fd5fb1","name":"Arnaldo Botto","image":{"@type":"ImageObject","inLanguage":"es","@id":"https:\/\/www.noticiasradioreflejos.com.ar\/2021\/#\/schema\/person\/image\/","url":"https:\/\/secure.gravatar.com\/avatar\/55cb5e37c1efa326397366e6974cb338056df65cb50e7d64d1cf314e87504837?s=96&d=mm&r=g","contentUrl":"https:\/\/secure.gravatar.com\/avatar\/55cb5e37c1efa326397366e6974cb338056df65cb50e7d64d1cf314e87504837?s=96&d=mm&r=g","caption":"Arnaldo Botto"},"url":"https:\/\/www.noticiasradioreflejos.com.ar\/2021\/author\/arnaldo\/"}]}},"_links":{"self":[{"href":"https:\/\/www.noticiasradioreflejos.com.ar\/2021\/wp-json\/wp\/v2\/posts\/107971","targetHints":{"allow":["GET"]}}],"collection":[{"href":"https:\/\/www.noticiasradioreflejos.com.ar\/2021\/wp-json\/wp\/v2\/posts"}],"about":[{"href":"https:\/\/www.noticiasradioreflejos.com.ar\/2021\/wp-json\/wp\/v2\/types\/post"}],"author":[{"embeddable":true,"href":"https:\/\/www.noticiasradioreflejos.com.ar\/2021\/wp-json\/wp\/v2\/users\/3"}],"replies":[{"embeddable":true,"href":"https:\/\/www.noticiasradioreflejos.com.ar\/2021\/wp-json\/wp\/v2\/comments?post=107971"}],"version-history":[{"count":3,"href":"https:\/\/www.noticiasradioreflejos.com.ar\/2021\/wp-json\/wp\/v2\/posts\/107971\/revisions"}],"predecessor-version":[{"id":107978,"href":"https:\/\/www.noticiasradioreflejos.com.ar\/2021\/wp-json\/wp\/v2\/posts\/107971\/revisions\/107978"}],"wp:featuredmedia":[{"embeddable":true,"href":"https:\/\/www.noticiasradioreflejos.com.ar\/2021\/wp-json\/wp\/v2\/media\/102755"}],"wp:attachment":[{"href":"https:\/\/www.noticiasradioreflejos.com.ar\/2021\/wp-json\/wp\/v2\/media?parent=107971"}],"wp:term":[{"taxonomy":"category","embeddable":true,"href":"https:\/\/www.noticiasradioreflejos.com.ar\/2021\/wp-json\/wp\/v2\/categories?post=107971"},{"taxonomy":"post_tag","embeddable":true,"href":"https:\/\/www.noticiasradioreflejos.com.ar\/2021\/wp-json\/wp\/v2\/tags?post=107971"}],"curies":[{"name":"wp","href":"https:\/\/api.w.org\/{rel}","templated":true}]}}