{"id":107969,"date":"2024-10-01T19:00:12","date_gmt":"2024-10-01T22:00:12","guid":{"rendered":"https:\/\/www.noticiasradioreflejos.com.ar\/2021\/?p=107969"},"modified":"2024-10-01T19:00:12","modified_gmt":"2024-10-01T22:00:12","slug":"manuel-castro-es-un-error-no-ir-con-lista-de-unidad-a-nivel-provincial","status":"publish","type":"post","link":"https:\/\/www.noticiasradioreflejos.com.ar\/2021\/manuel-castro-es-un-error-no-ir-con-lista-de-unidad-a-nivel-provincial\/","title":{"rendered":"Manuel Castro: \u201cEs un error no ir con lista de unidad a nivel provincial\u201d"},"content":{"rendered":"<p>El representante de la<strong> Uni\u00f3n C\u00edvica Radical<\/strong> brind\u00f3 detalles de las elecciones de partido a nivel provincial que vivir\u00e1n este domingo.<!--more--><\/p>\n<p>Se aproxima una nueva elecci\u00f3n para la Uni\u00f3n C\u00edvica Radical, y si bien en el plano local hay lista de unidad, en el plano provincial deber\u00e1n optar entre dos alternativas.<\/p>\n<p>En ese aspecto Manuel Castro refresc\u00f3 la idea de que \u201clas elecciones se realizar\u00e1n este domingo, de 8 a 18, y se podr\u00e1 votar en el comit\u00e9 de la UCR en Tornquist, el subcomit\u00e9 de Saldungaray donde podr\u00e1n ir tambi\u00e9n los vecinos de Villa y Sierra, y en Chasic\u00f3 la cooperativa el\u00e9ctrica prestar\u00e1 sus instalaciones\u201d.<\/p>\n<p>En ese sentido resalt\u00f3 que \u201csolo pueden votar los afiliados y el padr\u00f3n, a nivel local, se puede contactar con nosotros porque lo tenemos en formato digital. En el transcurso del d\u00eda lo tendremos en papel. En las redes de la UCR local tienen las v\u00edas de comunicaci\u00f3n\u201d.<\/p>\n<p>Agregando que \u201cse vota solamente a nivel provincial, a nivel local se logr\u00f3 una lista de unidad. Los candidatos son por un lado Miguel Fern\u00e1ndez, de la lista 23 denominada \u201cUnidad Radical\u201d y por el otro est\u00e1 Pablo Dominichini que es un diputado de la tercera secci\u00f3n que representa a la lista 15 que se denomina \u201cFuturo Radical\u201d\u201d.<\/p>\n<p>En otro pasaje de la charla Castro reconoci\u00f3 que \u201ccualquier persona que se quiera afiliar nosotros los ayudamos. A veces es medio engorroso porque hay periodos de apertura. Y en el caso de que alguno se quiera desafiliar solamente presenta una carta al comit\u00e9 local y nosotros la elevamos\u201d.<\/p>\n<p>Comentando que \u201cen el padr\u00f3n hay muchos afiliados de la d\u00e9cada del 80, a trav\u00e9s del empuje de Alfons\u00edn, pero sin filtro hay m\u00e1s de mil afiliados, pero si se mira fino, hay que ver que no haya fallecidos, o gente que dej\u00f3 de participar\u201d.<\/p>\n<p>Por \u00faltimo afirm\u00f3 que \u201cen las \u00faltimas elecciones superamos los 100 afiliados. Quiero ser optimista para las elecciones del domingo, pero el contexto no estar\u00eda incentivando mucho a los afiliados\u201d.<\/p>\n<p>&nbsp;<\/p>\n<p><iframe loading=\"lazy\" src=\"https:\/\/w.soundcloud.com\/player\/?url=https%3A\/\/api.soundcloud.com\/tracks\/1926966605&amp;color=%23ff5500&amp;auto_play=false&amp;hide_related=false&amp;show_comments=true&amp;show_user=true&amp;show_reposts=false&amp;show_teaser=true\" width=\"100%\" height=\"166\" frameborder=\"no\" scrolling=\"no\"><\/iframe><\/p>\n<div style=\"font-size: 10px; color: #cccccc; line-break: anywhere; word-break: normal; overflow: hidden; white-space: nowrap; text-overflow: ellipsis; font-family: Interstate,Lucida Grande,Lucida Sans Unicode,Lucida Sans,Garuda,Verdana,Tahoma,sans-serif; font-weight: 100;\"><a style=\"color: #cccccc; text-decoration: none;\" title=\"fmreflejos 103.7\" href=\"https:\/\/soundcloud.com\/fmreflejos-103-7\" target=\"_blank\" rel=\"noopener\">fmreflejos 103.7<\/a> \u00b7 <a style=\"color: #cccccc; text-decoration: none;\" title=\"Manuel Castro 01 - 10\" href=\"https:\/\/soundcloud.com\/fmreflejos-103-7\/manuel-castro-01-10\" target=\"_blank\" rel=\"noopener\">Manuel Castro 01 &#8211; 10<\/a><\/div>\n<p>&nbsp;<\/p>\n<h4>Nuevas autoridades del comit\u00e9 Tornquist<\/h4>\n<p>&nbsp;<\/p>\n<p>Presidente del comit\u00e9: Ariel Menna (Chasic\u00f3)<br \/>\nVicepresidente: Susana Marcolini (Tornquist)<br \/>\nSecretario: Manuel Castro (Tornquist)<br \/>\nTesorera: Melisa Echegu\u00eda (Tornquist)<\/p>\n<p><strong>Vocales titulares<\/strong><\/p>\n<p>1\u00b0 &#8211; Federico Labarthe (Tornquist)<br \/>\n2\u00b0 &#8211; Andrea Benitez (Saldungaray)<br \/>\n3\u00b0 &#8211; Ra\u00fal Salerno (Villa Ventana)<br \/>\n4\u00b0 &#8211; Vanina Fuentes (Tornquist)<br \/>\n5\u00b0 &#8211; Sergio Pomponio (Tornquist)<br \/>\n6\u00b0 &#8211; Mirta Rojas (Tornquist)<br \/>\n7\u00b0 &#8211; Alejandro De Armas (Tornquist)<br \/>\n8\u00b0 &#8211; Eugenia Marcolini (Tornquist)<\/p>\n<p><strong>Vocales suplentes<\/strong><\/p>\n<p>1\u00b0 &#8211; Javier Gentileschi (San Andr\u00e9s de La Sierra)<br \/>\n2\u00b0 &#8211; Natalia Rossini (Tornquist)<br \/>\n3\u00b0 &#8211; Edgardo \u201cLalo\u201d Laborde (Tornquist)<br \/>\n4\u00b0 &#8211; Laura Evangelista (Tornquist)<br \/>\n5\u00b0 &#8211; Miguel Pagnotta (Tornquist)<br \/>\n6\u00b0 &#8211; Silvina Oses (Tornquist)<\/p>\n<p><strong>Convencional titular:<\/strong> Luis Castro<br \/>\n<strong>Convencional suplente: <\/strong>Silvia Pessolani<\/p>\n<p><img decoding=\"async\" src=\"https:\/\/www.noticiastornquist.com.ar\/adjuntos\/600\/boleta23provinciapage0001.jpg\" \/><\/p>\n<p><img decoding=\"async\" src=\"https:\/\/www.noticiastornquist.com.ar\/adjuntos\/600\/whatsappimage20241001at12.09.25.jpeg\" \/><\/p>\n","protected":false},"excerpt":{"rendered":"<p>El representante de la Uni\u00f3n C\u00edvica Radical brind\u00f3 detalles de las elecciones de partido a nivel provincial que vivir\u00e1n este domingo.<\/p>\n","protected":false},"author":3,"featured_media":0,"comment_status":"closed","ping_status":"closed","sticky":false,"template":"","format":"standard","meta":{"footnotes":""},"categories":[24],"tags":[48],"class_list":["post-107969","post","type-post","status-publish","format-standard","hentry","category-politica","tag-destacada"],"yoast_head":"<!-- This site is optimized with the Yoast SEO plugin v25.9 - https:\/\/yoast.com\/wordpress\/plugins\/seo\/ -->\n<title>Manuel Castro: \u201cEs un error no ir con lista de unidad a nivel provincial\u201d - Noticias Radio Reflejos<\/title>\n<meta name=\"robots\" content=\"index, follow, max-snippet:-1, max-image-preview:large, max-video-preview:-1\" \/>\n<link rel=\"canonical\" href=\"https:\/\/www.noticiasradioreflejos.com.ar\/2021\/manuel-castro-es-un-error-no-ir-con-lista-de-unidad-a-nivel-provincial\/\" \/>\n<meta property=\"og:locale\" content=\"es_ES\" \/>\n<meta property=\"og:type\" content=\"article\" \/>\n<meta property=\"og:title\" content=\"Manuel Castro: \u201cEs un error no ir con lista de unidad a nivel provincial\u201d - Noticias Radio Reflejos\" \/>\n<meta property=\"og:description\" content=\"El representante de la Uni\u00f3n C\u00edvica Radical brind\u00f3 detalles de las elecciones de partido a nivel provincial que vivir\u00e1n este domingo.\" \/>\n<meta property=\"og:url\" content=\"https:\/\/www.noticiasradioreflejos.com.ar\/2021\/manuel-castro-es-un-error-no-ir-con-lista-de-unidad-a-nivel-provincial\/\" \/>\n<meta property=\"og:site_name\" content=\"Noticias Radio Reflejos\" \/>\n<meta property=\"article:published_time\" content=\"2024-10-01T22:00:12+00:00\" \/>\n<meta property=\"og:image\" content=\"https:\/\/www.noticiastornquist.com.ar\/adjuntos\/600\/boleta23provinciapage0001.jpg\" \/>\n<meta name=\"author\" content=\"Arnaldo Botto\" \/>\n<meta name=\"twitter:card\" content=\"summary_large_image\" \/>\n<script type=\"application\/ld+json\" class=\"yoast-schema-graph\">{\"@context\":\"https:\/\/schema.org\",\"@graph\":[{\"@type\":\"WebPage\",\"@id\":\"https:\/\/www.noticiasradioreflejos.com.ar\/2021\/manuel-castro-es-un-error-no-ir-con-lista-de-unidad-a-nivel-provincial\/\",\"url\":\"https:\/\/www.noticiasradioreflejos.com.ar\/2021\/manuel-castro-es-un-error-no-ir-con-lista-de-unidad-a-nivel-provincial\/\",\"name\":\"Manuel Castro: \u201cEs un error no ir con lista de unidad a nivel provincial\u201d - Noticias Radio Reflejos\",\"isPartOf\":{\"@id\":\"https:\/\/www.noticiasradioreflejos.com.ar\/2021\/#website\"},\"primaryImageOfPage\":{\"@id\":\"https:\/\/www.noticiasradioreflejos.com.ar\/2021\/manuel-castro-es-un-error-no-ir-con-lista-de-unidad-a-nivel-provincial\/#primaryimage\"},\"image\":{\"@id\":\"https:\/\/www.noticiasradioreflejos.com.ar\/2021\/manuel-castro-es-un-error-no-ir-con-lista-de-unidad-a-nivel-provincial\/#primaryimage\"},\"thumbnailUrl\":\"https:\/\/www.noticiastornquist.com.ar\/adjuntos\/600\/boleta23provinciapage0001.jpg\",\"datePublished\":\"2024-10-01T22:00:12+00:00\",\"author\":{\"@id\":\"https:\/\/www.noticiasradioreflejos.com.ar\/2021\/#\/schema\/person\/ad82545263dcc5ec0996818884fd5fb1\"},\"breadcrumb\":{\"@id\":\"https:\/\/www.noticiasradioreflejos.com.ar\/2021\/manuel-castro-es-un-error-no-ir-con-lista-de-unidad-a-nivel-provincial\/#breadcrumb\"},\"inLanguage\":\"es\",\"potentialAction\":[{\"@type\":\"ReadAction\",\"target\":[\"https:\/\/www.noticiasradioreflejos.com.ar\/2021\/manuel-castro-es-un-error-no-ir-con-lista-de-unidad-a-nivel-provincial\/\"]}]},{\"@type\":\"ImageObject\",\"inLanguage\":\"es\",\"@id\":\"https:\/\/www.noticiasradioreflejos.com.ar\/2021\/manuel-castro-es-un-error-no-ir-con-lista-de-unidad-a-nivel-provincial\/#primaryimage\",\"url\":\"https:\/\/www.noticiastornquist.com.ar\/adjuntos\/600\/boleta23provinciapage0001.jpg\",\"contentUrl\":\"https:\/\/www.noticiastornquist.com.ar\/adjuntos\/600\/boleta23provinciapage0001.jpg\"},{\"@type\":\"BreadcrumbList\",\"@id\":\"https:\/\/www.noticiasradioreflejos.com.ar\/2021\/manuel-castro-es-un-error-no-ir-con-lista-de-unidad-a-nivel-provincial\/#breadcrumb\",\"itemListElement\":[{\"@type\":\"ListItem\",\"position\":1,\"name\":\"Portada\",\"item\":\"https:\/\/www.noticiasradioreflejos.com.ar\/2021\/\"},{\"@type\":\"ListItem\",\"position\":2,\"name\":\"Manuel Castro: \u201cEs un error no ir con lista de unidad a nivel provincial\u201d\"}]},{\"@type\":\"WebSite\",\"@id\":\"https:\/\/www.noticiasradioreflejos.com.ar\/2021\/#website\",\"url\":\"https:\/\/www.noticiasradioreflejos.com.ar\/2021\/\",\"name\":\"Noticias Radio Reflejos\",\"description\":\"Las noticias de mi comarca\",\"potentialAction\":[{\"@type\":\"SearchAction\",\"target\":{\"@type\":\"EntryPoint\",\"urlTemplate\":\"https:\/\/www.noticiasradioreflejos.com.ar\/2021\/?s={search_term_string}\"},\"query-input\":{\"@type\":\"PropertyValueSpecification\",\"valueRequired\":true,\"valueName\":\"search_term_string\"}}],\"inLanguage\":\"es\"},{\"@type\":\"Person\",\"@id\":\"https:\/\/www.noticiasradioreflejos.com.ar\/2021\/#\/schema\/person\/ad82545263dcc5ec0996818884fd5fb1\",\"name\":\"Arnaldo Botto\",\"image\":{\"@type\":\"ImageObject\",\"inLanguage\":\"es\",\"@id\":\"https:\/\/www.noticiasradioreflejos.com.ar\/2021\/#\/schema\/person\/image\/\",\"url\":\"https:\/\/secure.gravatar.com\/avatar\/55cb5e37c1efa326397366e6974cb338056df65cb50e7d64d1cf314e87504837?s=96&d=mm&r=g\",\"contentUrl\":\"https:\/\/secure.gravatar.com\/avatar\/55cb5e37c1efa326397366e6974cb338056df65cb50e7d64d1cf314e87504837?s=96&d=mm&r=g\",\"caption\":\"Arnaldo Botto\"},\"url\":\"https:\/\/www.noticiasradioreflejos.com.ar\/2021\/author\/arnaldo\/\"}]}<\/script>\n<!-- \/ Yoast SEO plugin. -->","yoast_head_json":{"title":"Manuel Castro: \u201cEs un error no ir con lista de unidad a nivel provincial\u201d - Noticias Radio Reflejos","robots":{"index":"index","follow":"follow","max-snippet":"max-snippet:-1","max-image-preview":"max-image-preview:large","max-video-preview":"max-video-preview:-1"},"canonical":"https:\/\/www.noticiasradioreflejos.com.ar\/2021\/manuel-castro-es-un-error-no-ir-con-lista-de-unidad-a-nivel-provincial\/","og_locale":"es_ES","og_type":"article","og_title":"Manuel Castro: \u201cEs un error no ir con lista de unidad a nivel provincial\u201d - Noticias Radio Reflejos","og_description":"El representante de la Uni\u00f3n C\u00edvica Radical brind\u00f3 detalles de las elecciones de partido a nivel provincial que vivir\u00e1n este domingo.","og_url":"https:\/\/www.noticiasradioreflejos.com.ar\/2021\/manuel-castro-es-un-error-no-ir-con-lista-de-unidad-a-nivel-provincial\/","og_site_name":"Noticias Radio Reflejos","article_published_time":"2024-10-01T22:00:12+00:00","og_image":[{"url":"https:\/\/www.noticiastornquist.com.ar\/adjuntos\/600\/boleta23provinciapage0001.jpg","type":"","width":"","height":""}],"author":"Arnaldo Botto","twitter_card":"summary_large_image","schema":{"@context":"https:\/\/schema.org","@graph":[{"@type":"WebPage","@id":"https:\/\/www.noticiasradioreflejos.com.ar\/2021\/manuel-castro-es-un-error-no-ir-con-lista-de-unidad-a-nivel-provincial\/","url":"https:\/\/www.noticiasradioreflejos.com.ar\/2021\/manuel-castro-es-un-error-no-ir-con-lista-de-unidad-a-nivel-provincial\/","name":"Manuel Castro: \u201cEs un error no ir con lista de unidad a nivel provincial\u201d - Noticias Radio Reflejos","isPartOf":{"@id":"https:\/\/www.noticiasradioreflejos.com.ar\/2021\/#website"},"primaryImageOfPage":{"@id":"https:\/\/www.noticiasradioreflejos.com.ar\/2021\/manuel-castro-es-un-error-no-ir-con-lista-de-unidad-a-nivel-provincial\/#primaryimage"},"image":{"@id":"https:\/\/www.noticiasradioreflejos.com.ar\/2021\/manuel-castro-es-un-error-no-ir-con-lista-de-unidad-a-nivel-provincial\/#primaryimage"},"thumbnailUrl":"https:\/\/www.noticiastornquist.com.ar\/adjuntos\/600\/boleta23provinciapage0001.jpg","datePublished":"2024-10-01T22:00:12+00:00","author":{"@id":"https:\/\/www.noticiasradioreflejos.com.ar\/2021\/#\/schema\/person\/ad82545263dcc5ec0996818884fd5fb1"},"breadcrumb":{"@id":"https:\/\/www.noticiasradioreflejos.com.ar\/2021\/manuel-castro-es-un-error-no-ir-con-lista-de-unidad-a-nivel-provincial\/#breadcrumb"},"inLanguage":"es","potentialAction":[{"@type":"ReadAction","target":["https:\/\/www.noticiasradioreflejos.com.ar\/2021\/manuel-castro-es-un-error-no-ir-con-lista-de-unidad-a-nivel-provincial\/"]}]},{"@type":"ImageObject","inLanguage":"es","@id":"https:\/\/www.noticiasradioreflejos.com.ar\/2021\/manuel-castro-es-un-error-no-ir-con-lista-de-unidad-a-nivel-provincial\/#primaryimage","url":"https:\/\/www.noticiastornquist.com.ar\/adjuntos\/600\/boleta23provinciapage0001.jpg","contentUrl":"https:\/\/www.noticiastornquist.com.ar\/adjuntos\/600\/boleta23provinciapage0001.jpg"},{"@type":"BreadcrumbList","@id":"https:\/\/www.noticiasradioreflejos.com.ar\/2021\/manuel-castro-es-un-error-no-ir-con-lista-de-unidad-a-nivel-provincial\/#breadcrumb","itemListElement":[{"@type":"ListItem","position":1,"name":"Portada","item":"https:\/\/www.noticiasradioreflejos.com.ar\/2021\/"},{"@type":"ListItem","position":2,"name":"Manuel Castro: \u201cEs un error no ir con lista de unidad a nivel provincial\u201d"}]},{"@type":"WebSite","@id":"https:\/\/www.noticiasradioreflejos.com.ar\/2021\/#website","url":"https:\/\/www.noticiasradioreflejos.com.ar\/2021\/","name":"Noticias Radio Reflejos","description":"Las noticias de mi comarca","potentialAction":[{"@type":"SearchAction","target":{"@type":"EntryPoint","urlTemplate":"https:\/\/www.noticiasradioreflejos.com.ar\/2021\/?s={search_term_string}"},"query-input":{"@type":"PropertyValueSpecification","valueRequired":true,"valueName":"search_term_string"}}],"inLanguage":"es"},{"@type":"Person","@id":"https:\/\/www.noticiasradioreflejos.com.ar\/2021\/#\/schema\/person\/ad82545263dcc5ec0996818884fd5fb1","name":"Arnaldo Botto","image":{"@type":"ImageObject","inLanguage":"es","@id":"https:\/\/www.noticiasradioreflejos.com.ar\/2021\/#\/schema\/person\/image\/","url":"https:\/\/secure.gravatar.com\/avatar\/55cb5e37c1efa326397366e6974cb338056df65cb50e7d64d1cf314e87504837?s=96&d=mm&r=g","contentUrl":"https:\/\/secure.gravatar.com\/avatar\/55cb5e37c1efa326397366e6974cb338056df65cb50e7d64d1cf314e87504837?s=96&d=mm&r=g","caption":"Arnaldo Botto"},"url":"https:\/\/www.noticiasradioreflejos.com.ar\/2021\/author\/arnaldo\/"}]}},"_links":{"self":[{"href":"https:\/\/www.noticiasradioreflejos.com.ar\/2021\/wp-json\/wp\/v2\/posts\/107969","targetHints":{"allow":["GET"]}}],"collection":[{"href":"https:\/\/www.noticiasradioreflejos.com.ar\/2021\/wp-json\/wp\/v2\/posts"}],"about":[{"href":"https:\/\/www.noticiasradioreflejos.com.ar\/2021\/wp-json\/wp\/v2\/types\/post"}],"author":[{"embeddable":true,"href":"https:\/\/www.noticiasradioreflejos.com.ar\/2021\/wp-json\/wp\/v2\/users\/3"}],"replies":[{"embeddable":true,"href":"https:\/\/www.noticiasradioreflejos.com.ar\/2021\/wp-json\/wp\/v2\/comments?post=107969"}],"version-history":[{"count":2,"href":"https:\/\/www.noticiasradioreflejos.com.ar\/2021\/wp-json\/wp\/v2\/posts\/107969\/revisions"}],"predecessor-version":[{"id":107979,"href":"https:\/\/www.noticiasradioreflejos.com.ar\/2021\/wp-json\/wp\/v2\/posts\/107969\/revisions\/107979"}],"wp:attachment":[{"href":"https:\/\/www.noticiasradioreflejos.com.ar\/2021\/wp-json\/wp\/v2\/media?parent=107969"}],"wp:term":[{"taxonomy":"category","embeddable":true,"href":"https:\/\/www.noticiasradioreflejos.com.ar\/2021\/wp-json\/wp\/v2\/categories?post=107969"},{"taxonomy":"post_tag","embeddable":true,"href":"https:\/\/www.noticiasradioreflejos.com.ar\/2021\/wp-json\/wp\/v2\/tags?post=107969"}],"curies":[{"name":"wp","href":"https:\/\/api.w.org\/{rel}","templated":true}]}}