{"id":10789,"date":"2017-06-02T19:07:59","date_gmt":"2017-06-02T22:07:59","guid":{"rendered":"http:\/\/noticiasradioreflejos.com.ar\/noticias\/?p=10789"},"modified":"2017-06-02T19:07:59","modified_gmt":"2017-06-02T22:07:59","slug":"festejo-triple-en-el-cuartel-de-bomberos-de-villa-ventana","status":"publish","type":"post","link":"https:\/\/www.noticiasradioreflejos.com.ar\/2021\/festejo-triple-en-el-cuartel-de-bomberos-de-villa-ventana\/","title":{"rendered":"Festejo triple en el  Cuartel de Bomberos de Villa Ventana."},"content":{"rendered":"<p><a title=\"D\u00eda del Bombero Villa Ventana (12)\" href=\"http:\/\/farm5.staticflickr.com\/4213\/34247628013_21b113376a.jpg\" rel=\"\"><img loading=\"lazy\" decoding=\"async\" class=\"alignleft\" style=\"float: left;\" title=\"D\u00eda del Bombero Villa Ventana (12)\" src=\"http:\/\/farm5.staticflickr.com\/4213\/34247628013_21b113376a.jpg\" alt=\"D\u00eda del Bombero Villa Ventana (12)\" width=\"500\" height=\"281\" \/><\/a>Con un amplio acompa\u00f1amiento de la comunidad y todas sus instituciones, el Cuerpo de Bomberos Voluntarios de Villa Ventana celebr\u00f3 su d\u00eda, inaugur\u00f3 la obra de los portones de su edificio y present\u00f3 una nueva autobomba.<!--more--><br \/>\nCon la presencia de autoridades municipales, concejales, establecimientos educativos e integrantes de las instituciones intermedias de Villa Ventana, el Cuerpo local festej\u00f3 el D\u00eda Nacional del Bombero Voluntario. Pero no s\u00f3lo se limit\u00f3 la celebraci\u00f3n a reconocer la incansable y admirable tarea de los servidores p\u00fablicos, sino que tambi\u00e9n, en una muestra muy clara del esfuerzo y sacrificio que realizan los integrantes del cuerpo activo y de la comisi\u00f3n directiva, habilitaron los nuevos portones construidos con los fondos del presupuesto participativo 2016 y adem\u00e1s, presentaron una nueva unidad m\u00f3vil.<br \/>\n<a title=\"D\u00eda del Bombero Villa Ventana (21)\" href=\"http:\/\/farm5.staticflickr.com\/4282\/35058259195_8bd9165098_z.jpg\" rel=\"\"><img loading=\"lazy\" decoding=\"async\" class=\"aligncenter\" title=\"D\u00eda del Bombero Villa Ventana (21)\" src=\"http:\/\/farm5.staticflickr.com\/4282\/35058259195_8bd9165098_z.jpg\" alt=\"D\u00eda del Bombero Villa Ventana (21)\" width=\"640\" height=\"360\" \/><\/a><br \/>\nEl acto fue sencillo, tuvo la presencia de las banderas de ceremonia de todas las instituciones participantes, el izamiento del pabell\u00f3n nacional y lectura de cartas de reconocimiento y saludo, enviadas con motivos de la fecha.<br \/>\nLas palabras alusivas estuvieron a cargo de Juan Bustriazo, Secretario de la comisi\u00f3n directiva bomberil, quien luego de hacer una breve rese\u00f1a hist\u00f3rica sobre la conmemoraci\u00f3n, record\u00f3 a los bomberos fallecidos, entre los que destac\u00f3 adem\u00e1s a Jorge Bottaro por haber sido Presidente de la instituci\u00f3n y al memorable Osvaldo \u00abVarita\u00bb Manieri junto a Oscar Reising, por los cuales solicit\u00f3 un minuto de silencio en su memoria. A posteriori, alumnos del Jard\u00edn de Infantes 906 \u00abSapito de las Sierras\u00bb y de la Escuela Primaria Nro. 21 \u00abConstancio C. Vigil\u00bb, hicieron entrega de presentes.<br \/>\n<a title=\"D\u00eda del Bombero Villa Ventana (47)\" href=\"http:\/\/farm5.staticflickr.com\/4269\/35058254745_0985a3b7e9_z.jpg\" rel=\"\"><img loading=\"lazy\" decoding=\"async\" class=\"aligncenter\" title=\"D\u00eda del Bombero Villa Ventana (47)\" src=\"http:\/\/farm5.staticflickr.com\/4269\/35058254745_0985a3b7e9_z.jpg\" alt=\"D\u00eda del Bombero Villa Ventana (47)\" width=\"640\" height=\"360\" \/><\/a><br \/>\nPosteriormente, Ra\u00fal Salerno presidente de la Asociaci\u00f3n, invit\u00f3 a trasladarse al frente del edificio para realizar la segunda parte del acto, que consisti\u00f3 en la puesta en marcha del sistema electr\u00f3nico de elevaci\u00f3n de los portones, la que estuvo a cargo del Secretario de Gobierno y Hacienda de Tornquist Municipio, Ezequiel Gabella y del propio \u00abQuito\u00bb Salerno, quienes posteriormente hicieron uso de la palabra.<br \/>\nEl bombero N\u00e9stor Panetta present\u00f3 la nueva autobomba y dio referencias t\u00e9cnicas de la unidad.<br \/>\nActo seguido el Di\u00e1cono Fernando Alcaraz bendijo las nuevas instalaciones y el m\u00f3vil, y agreg\u00f3 en sus plegarias a todos quienes hicieron posible que esto se hiciera realidad.<br \/>\nFinalmente se comparti\u00f3 un chocolate con tortas en las instalaciones del nuevo edificio.<br \/>\n<a title=\"D\u00eda del Bombero Villa Ventana (58)\" href=\"http:\/\/farm5.staticflickr.com\/4290\/35058252335_8dda881bb0_z.jpg\" rel=\"\"><img loading=\"lazy\" decoding=\"async\" class=\"aligncenter\" title=\"D\u00eda del Bombero Villa Ventana (58)\" src=\"http:\/\/farm5.staticflickr.com\/4290\/35058252335_8dda881bb0_z.jpg\" alt=\"D\u00eda del Bombero Villa Ventana (58)\" width=\"640\" height=\"360\" \/><\/a><br \/>\n<a href=\"https:\/\/www.facebook.com\/reflejosfm\/media_set?set=a.10213169371017657.1073742040.1496587978&amp;type=3&amp;uploaded=59\">Mas Fotos<\/a><\/p>\n","protected":false},"excerpt":{"rendered":"<p>Con un amplio acompa\u00f1amiento de la comunidad y todas sus instituciones, el Cuerpo de Bomberos Voluntarios de Villa Ventana celebr\u00f3 su d\u00eda, inaugur\u00f3 la obra de los portones de su edificio y present\u00f3 una nueva autobomba.<\/p>\n","protected":false},"author":3,"featured_media":0,"comment_status":"closed","ping_status":"closed","sticky":false,"template":"","format":"standard","meta":{"footnotes":""},"categories":[26],"tags":[],"class_list":["post-10789","post","type-post","status-publish","format-standard","hentry","category-sociedad"],"yoast_head":"<!-- This site is optimized with the Yoast SEO plugin v25.9 - https:\/\/yoast.com\/wordpress\/plugins\/seo\/ -->\n<title>Festejo triple en el Cuartel de Bomberos de Villa Ventana. - Noticias Radio Reflejos<\/title>\n<meta name=\"robots\" content=\"index, follow, max-snippet:-1, max-image-preview:large, max-video-preview:-1\" \/>\n<link rel=\"canonical\" href=\"https:\/\/www.noticiasradioreflejos.com.ar\/2021\/festejo-triple-en-el-cuartel-de-bomberos-de-villa-ventana\/\" \/>\n<meta property=\"og:locale\" content=\"es_ES\" \/>\n<meta property=\"og:type\" content=\"article\" \/>\n<meta property=\"og:title\" content=\"Festejo triple en el Cuartel de Bomberos de Villa Ventana. - Noticias Radio Reflejos\" \/>\n<meta property=\"og:description\" content=\"Con un amplio acompa\u00f1amiento de la comunidad y todas sus instituciones, el Cuerpo de Bomberos Voluntarios de Villa Ventana celebr\u00f3 su d\u00eda, inaugur\u00f3 la obra de los portones de su edificio y present\u00f3 una nueva autobomba.\" \/>\n<meta property=\"og:url\" content=\"https:\/\/www.noticiasradioreflejos.com.ar\/2021\/festejo-triple-en-el-cuartel-de-bomberos-de-villa-ventana\/\" \/>\n<meta property=\"og:site_name\" content=\"Noticias Radio Reflejos\" \/>\n<meta property=\"article:published_time\" content=\"2017-06-02T22:07:59+00:00\" \/>\n<meta property=\"og:image\" content=\"http:\/\/farm5.staticflickr.com\/4213\/34247628013_21b113376a.jpg\" \/>\n<meta name=\"author\" content=\"Arnaldo Botto\" \/>\n<meta name=\"twitter:card\" content=\"summary_large_image\" \/>\n<script type=\"application\/ld+json\" class=\"yoast-schema-graph\">{\"@context\":\"https:\/\/schema.org\",\"@graph\":[{\"@type\":\"WebPage\",\"@id\":\"https:\/\/www.noticiasradioreflejos.com.ar\/2021\/festejo-triple-en-el-cuartel-de-bomberos-de-villa-ventana\/\",\"url\":\"https:\/\/www.noticiasradioreflejos.com.ar\/2021\/festejo-triple-en-el-cuartel-de-bomberos-de-villa-ventana\/\",\"name\":\"Festejo triple en el Cuartel de Bomberos de Villa Ventana. - Noticias Radio Reflejos\",\"isPartOf\":{\"@id\":\"https:\/\/www.noticiasradioreflejos.com.ar\/2021\/#website\"},\"primaryImageOfPage\":{\"@id\":\"https:\/\/www.noticiasradioreflejos.com.ar\/2021\/festejo-triple-en-el-cuartel-de-bomberos-de-villa-ventana\/#primaryimage\"},\"image\":{\"@id\":\"https:\/\/www.noticiasradioreflejos.com.ar\/2021\/festejo-triple-en-el-cuartel-de-bomberos-de-villa-ventana\/#primaryimage\"},\"thumbnailUrl\":\"http:\/\/farm5.staticflickr.com\/4213\/34247628013_21b113376a.jpg\",\"datePublished\":\"2017-06-02T22:07:59+00:00\",\"author\":{\"@id\":\"https:\/\/www.noticiasradioreflejos.com.ar\/2021\/#\/schema\/person\/ad82545263dcc5ec0996818884fd5fb1\"},\"breadcrumb\":{\"@id\":\"https:\/\/www.noticiasradioreflejos.com.ar\/2021\/festejo-triple-en-el-cuartel-de-bomberos-de-villa-ventana\/#breadcrumb\"},\"inLanguage\":\"es\",\"potentialAction\":[{\"@type\":\"ReadAction\",\"target\":[\"https:\/\/www.noticiasradioreflejos.com.ar\/2021\/festejo-triple-en-el-cuartel-de-bomberos-de-villa-ventana\/\"]}]},{\"@type\":\"ImageObject\",\"inLanguage\":\"es\",\"@id\":\"https:\/\/www.noticiasradioreflejos.com.ar\/2021\/festejo-triple-en-el-cuartel-de-bomberos-de-villa-ventana\/#primaryimage\",\"url\":\"http:\/\/farm5.staticflickr.com\/4213\/34247628013_21b113376a.jpg\",\"contentUrl\":\"http:\/\/farm5.staticflickr.com\/4213\/34247628013_21b113376a.jpg\"},{\"@type\":\"BreadcrumbList\",\"@id\":\"https:\/\/www.noticiasradioreflejos.com.ar\/2021\/festejo-triple-en-el-cuartel-de-bomberos-de-villa-ventana\/#breadcrumb\",\"itemListElement\":[{\"@type\":\"ListItem\",\"position\":1,\"name\":\"Portada\",\"item\":\"https:\/\/www.noticiasradioreflejos.com.ar\/2021\/\"},{\"@type\":\"ListItem\",\"position\":2,\"name\":\"Festejo triple en el Cuartel de Bomberos de Villa Ventana.\"}]},{\"@type\":\"WebSite\",\"@id\":\"https:\/\/www.noticiasradioreflejos.com.ar\/2021\/#website\",\"url\":\"https:\/\/www.noticiasradioreflejos.com.ar\/2021\/\",\"name\":\"Noticias Radio Reflejos\",\"description\":\"Las noticias de mi comarca\",\"potentialAction\":[{\"@type\":\"SearchAction\",\"target\":{\"@type\":\"EntryPoint\",\"urlTemplate\":\"https:\/\/www.noticiasradioreflejos.com.ar\/2021\/?s={search_term_string}\"},\"query-input\":{\"@type\":\"PropertyValueSpecification\",\"valueRequired\":true,\"valueName\":\"search_term_string\"}}],\"inLanguage\":\"es\"},{\"@type\":\"Person\",\"@id\":\"https:\/\/www.noticiasradioreflejos.com.ar\/2021\/#\/schema\/person\/ad82545263dcc5ec0996818884fd5fb1\",\"name\":\"Arnaldo Botto\",\"image\":{\"@type\":\"ImageObject\",\"inLanguage\":\"es\",\"@id\":\"https:\/\/www.noticiasradioreflejos.com.ar\/2021\/#\/schema\/person\/image\/\",\"url\":\"https:\/\/secure.gravatar.com\/avatar\/55cb5e37c1efa326397366e6974cb338056df65cb50e7d64d1cf314e87504837?s=96&d=mm&r=g\",\"contentUrl\":\"https:\/\/secure.gravatar.com\/avatar\/55cb5e37c1efa326397366e6974cb338056df65cb50e7d64d1cf314e87504837?s=96&d=mm&r=g\",\"caption\":\"Arnaldo Botto\"},\"url\":\"https:\/\/www.noticiasradioreflejos.com.ar\/2021\/author\/arnaldo\/\"}]}<\/script>\n<!-- \/ Yoast SEO plugin. -->","yoast_head_json":{"title":"Festejo triple en el Cuartel de Bomberos de Villa Ventana. - Noticias Radio Reflejos","robots":{"index":"index","follow":"follow","max-snippet":"max-snippet:-1","max-image-preview":"max-image-preview:large","max-video-preview":"max-video-preview:-1"},"canonical":"https:\/\/www.noticiasradioreflejos.com.ar\/2021\/festejo-triple-en-el-cuartel-de-bomberos-de-villa-ventana\/","og_locale":"es_ES","og_type":"article","og_title":"Festejo triple en el Cuartel de Bomberos de Villa Ventana. - Noticias Radio Reflejos","og_description":"Con un amplio acompa\u00f1amiento de la comunidad y todas sus instituciones, el Cuerpo de Bomberos Voluntarios de Villa Ventana celebr\u00f3 su d\u00eda, inaugur\u00f3 la obra de los portones de su edificio y present\u00f3 una nueva autobomba.","og_url":"https:\/\/www.noticiasradioreflejos.com.ar\/2021\/festejo-triple-en-el-cuartel-de-bomberos-de-villa-ventana\/","og_site_name":"Noticias Radio Reflejos","article_published_time":"2017-06-02T22:07:59+00:00","og_image":[{"url":"http:\/\/farm5.staticflickr.com\/4213\/34247628013_21b113376a.jpg","type":"","width":"","height":""}],"author":"Arnaldo Botto","twitter_card":"summary_large_image","schema":{"@context":"https:\/\/schema.org","@graph":[{"@type":"WebPage","@id":"https:\/\/www.noticiasradioreflejos.com.ar\/2021\/festejo-triple-en-el-cuartel-de-bomberos-de-villa-ventana\/","url":"https:\/\/www.noticiasradioreflejos.com.ar\/2021\/festejo-triple-en-el-cuartel-de-bomberos-de-villa-ventana\/","name":"Festejo triple en el Cuartel de Bomberos de Villa Ventana. - Noticias Radio Reflejos","isPartOf":{"@id":"https:\/\/www.noticiasradioreflejos.com.ar\/2021\/#website"},"primaryImageOfPage":{"@id":"https:\/\/www.noticiasradioreflejos.com.ar\/2021\/festejo-triple-en-el-cuartel-de-bomberos-de-villa-ventana\/#primaryimage"},"image":{"@id":"https:\/\/www.noticiasradioreflejos.com.ar\/2021\/festejo-triple-en-el-cuartel-de-bomberos-de-villa-ventana\/#primaryimage"},"thumbnailUrl":"http:\/\/farm5.staticflickr.com\/4213\/34247628013_21b113376a.jpg","datePublished":"2017-06-02T22:07:59+00:00","author":{"@id":"https:\/\/www.noticiasradioreflejos.com.ar\/2021\/#\/schema\/person\/ad82545263dcc5ec0996818884fd5fb1"},"breadcrumb":{"@id":"https:\/\/www.noticiasradioreflejos.com.ar\/2021\/festejo-triple-en-el-cuartel-de-bomberos-de-villa-ventana\/#breadcrumb"},"inLanguage":"es","potentialAction":[{"@type":"ReadAction","target":["https:\/\/www.noticiasradioreflejos.com.ar\/2021\/festejo-triple-en-el-cuartel-de-bomberos-de-villa-ventana\/"]}]},{"@type":"ImageObject","inLanguage":"es","@id":"https:\/\/www.noticiasradioreflejos.com.ar\/2021\/festejo-triple-en-el-cuartel-de-bomberos-de-villa-ventana\/#primaryimage","url":"http:\/\/farm5.staticflickr.com\/4213\/34247628013_21b113376a.jpg","contentUrl":"http:\/\/farm5.staticflickr.com\/4213\/34247628013_21b113376a.jpg"},{"@type":"BreadcrumbList","@id":"https:\/\/www.noticiasradioreflejos.com.ar\/2021\/festejo-triple-en-el-cuartel-de-bomberos-de-villa-ventana\/#breadcrumb","itemListElement":[{"@type":"ListItem","position":1,"name":"Portada","item":"https:\/\/www.noticiasradioreflejos.com.ar\/2021\/"},{"@type":"ListItem","position":2,"name":"Festejo triple en el Cuartel de Bomberos de Villa Ventana."}]},{"@type":"WebSite","@id":"https:\/\/www.noticiasradioreflejos.com.ar\/2021\/#website","url":"https:\/\/www.noticiasradioreflejos.com.ar\/2021\/","name":"Noticias Radio Reflejos","description":"Las noticias de mi comarca","potentialAction":[{"@type":"SearchAction","target":{"@type":"EntryPoint","urlTemplate":"https:\/\/www.noticiasradioreflejos.com.ar\/2021\/?s={search_term_string}"},"query-input":{"@type":"PropertyValueSpecification","valueRequired":true,"valueName":"search_term_string"}}],"inLanguage":"es"},{"@type":"Person","@id":"https:\/\/www.noticiasradioreflejos.com.ar\/2021\/#\/schema\/person\/ad82545263dcc5ec0996818884fd5fb1","name":"Arnaldo Botto","image":{"@type":"ImageObject","inLanguage":"es","@id":"https:\/\/www.noticiasradioreflejos.com.ar\/2021\/#\/schema\/person\/image\/","url":"https:\/\/secure.gravatar.com\/avatar\/55cb5e37c1efa326397366e6974cb338056df65cb50e7d64d1cf314e87504837?s=96&d=mm&r=g","contentUrl":"https:\/\/secure.gravatar.com\/avatar\/55cb5e37c1efa326397366e6974cb338056df65cb50e7d64d1cf314e87504837?s=96&d=mm&r=g","caption":"Arnaldo Botto"},"url":"https:\/\/www.noticiasradioreflejos.com.ar\/2021\/author\/arnaldo\/"}]}},"_links":{"self":[{"href":"https:\/\/www.noticiasradioreflejos.com.ar\/2021\/wp-json\/wp\/v2\/posts\/10789","targetHints":{"allow":["GET"]}}],"collection":[{"href":"https:\/\/www.noticiasradioreflejos.com.ar\/2021\/wp-json\/wp\/v2\/posts"}],"about":[{"href":"https:\/\/www.noticiasradioreflejos.com.ar\/2021\/wp-json\/wp\/v2\/types\/post"}],"author":[{"embeddable":true,"href":"https:\/\/www.noticiasradioreflejos.com.ar\/2021\/wp-json\/wp\/v2\/users\/3"}],"replies":[{"embeddable":true,"href":"https:\/\/www.noticiasradioreflejos.com.ar\/2021\/wp-json\/wp\/v2\/comments?post=10789"}],"version-history":[{"count":0,"href":"https:\/\/www.noticiasradioreflejos.com.ar\/2021\/wp-json\/wp\/v2\/posts\/10789\/revisions"}],"wp:attachment":[{"href":"https:\/\/www.noticiasradioreflejos.com.ar\/2021\/wp-json\/wp\/v2\/media?parent=10789"}],"wp:term":[{"taxonomy":"category","embeddable":true,"href":"https:\/\/www.noticiasradioreflejos.com.ar\/2021\/wp-json\/wp\/v2\/categories?post=10789"},{"taxonomy":"post_tag","embeddable":true,"href":"https:\/\/www.noticiasradioreflejos.com.ar\/2021\/wp-json\/wp\/v2\/tags?post=10789"}],"curies":[{"name":"wp","href":"https:\/\/api.w.org\/{rel}","templated":true}]}}