{"id":107808,"date":"2024-09-25T19:27:13","date_gmt":"2024-09-25T22:27:13","guid":{"rendered":"https:\/\/www.noticiasradioreflejos.com.ar\/2021\/?p=107808"},"modified":"2024-09-25T19:29:19","modified_gmt":"2024-09-25T22:29:19","slug":"fabio-abraham-fue-una-barbaridad-festejar-que-a-los-jubilados-les-va-a-ir-peor","status":"publish","type":"post","link":"https:\/\/www.noticiasradioreflejos.com.ar\/2021\/fabio-abraham-fue-una-barbaridad-festejar-que-a-los-jubilados-les-va-a-ir-peor\/","title":{"rendered":"Fabio Abraham: \u201cfue una barbaridad festejar que a los jubilados les va a ir peor\u201d"},"content":{"rendered":"<p>El dirigente radical dio su visi\u00f3n de la actualidad del pa\u00eds y de su espacio pol\u00edtico.<!--more--><\/p>\n<p>Con la Uni\u00f3n C\u00edvica Radical dirimiendo el futuro de su partido tanto a nivel provincial como nacional, el dirigente Fabio Abraham dej\u00f3 en claro su postura.<\/p>\n<p>Al respecto, y yendo a un tema de actualidad como lo fue el asado post veto de la ley jubilatoria, asegur\u00f3 que \u201cme parece una barbaridad festejar que los jubilados les va a ir peor. Es un cinismo que nunca se vio. Hemos visto ajustes en distintas esferas, pero festejarlos es incre\u00edble\u201d.<\/p>\n<p>Sumando que \u201cel presidente vive de la depresi\u00f3n a la exaltaci\u00f3n en un minuto y medio, puede decir cualquier barbaridad y lamentablemente es terrible esto\u201d.<\/p>\n<p>Trasladando la situaci\u00f3n a lo que sucede dentro de su espacio, afirm\u00f3 que \u201cel radicalismo tendr\u00eda o podr\u00eda cumplir un rol fundamental en esta etapa de la vida nacional, pero para eso tenemos que cambiar un mont\u00f3n de cosas\u201d.<\/p>\n<p>Agregando que \u201cesta interna va a ser de baja intensidad porque en la mayor\u00eda de los distritos se pusieron de acuerdo en listas de unidad. Sacando Bah\u00eda, en la mayor\u00eda de los distritos de la sexta hay lista de unidad. El radicalismo de base coincide en la forma de pensar\u201d.<\/p>\n<p>Seg\u00fan su visi\u00f3n \u201cac\u00e1 hay una interna provincial que se juega dos estilos de partidos. Los que acompa\u00f1amos a Pablo Dominichini y a Federico Storani, queremos un partido que opine de las cuestiones nacionales y provinciales, y que no ceda a otro partido esas discusiones\u201d.<\/p>\n<p>Y mirando en la otra vereda \u201cel otro sector, el 2015 se escondi\u00f3 detr\u00e1s de decir que lograron m\u00e1s concejales o intendentes y a cambio de eso cedieron el debate nacional y provincial, municipalizando el partido. Pasamos de algo nacional a hablar de baches y recolecci\u00f3n de residuos. No est\u00e1 mal, pero el partido debe tener un debate a nivel provincial y nacional\u201d.<\/p>\n<p>\u201cEllos se lo cedieron al PRO, ahora algunos sectores quieren hacer lo mismo con La Libertad Avanza y acompa\u00f1an las posturas de quien gobierna. Yo no quiero ese radicalismo que va atr\u00e1s de otros partidos. M\u00e1ximo cuando uno analiza c\u00f3mo se componen esas fuerzas\u201d concluy\u00f3.<\/p>\n<p><iframe loading=\"lazy\" width=\"100%\" height=\"166\" scrolling=\"no\" frameborder=\"no\" allow=\"autoplay\" src=\"https:\/\/w.soundcloud.com\/player\/?url=https%3A\/\/api.soundcloud.com\/tracks\/1923329516&#038;color=%23ff5500&#038;auto_play=false&#038;hide_related=false&#038;show_comments=true&#038;show_user=true&#038;show_reposts=false&#038;show_teaser=true\"><\/iframe><\/p>\n<div style=\"font-size: 10px; color: #cccccc;line-break: anywhere;word-break: normal;overflow: hidden;white-space: nowrap;text-overflow: ellipsis; font-family: Interstate,Lucida Grande,Lucida Sans Unicode,Lucida Sans,Garuda,Verdana,Tahoma,sans-serif;font-weight: 100;\"><a href=\"https:\/\/soundcloud.com\/fmreflejos-103-7\" title=\"fmreflejos 103.7\" target=\"_blank\" style=\"color: #cccccc; text-decoration: none;\" rel=\"noopener\">fmreflejos 103.7<\/a> \u00b7 <a href=\"https:\/\/soundcloud.com\/fmreflejos-103-7\/flabio-abraham-25-09\" title=\"Flabio Abraham 25 - 09\" target=\"_blank\" style=\"color: #cccccc; text-decoration: none;\" rel=\"noopener\">Flabio Abraham 25 &#8211; 09<\/a><\/div>\n","protected":false},"excerpt":{"rendered":"<p>El dirigente radical dio su visi\u00f3n de la actualidad del pa\u00eds y de su espacio pol\u00edtico.<\/p>\n","protected":false},"author":3,"featured_media":107814,"comment_status":"closed","ping_status":"closed","sticky":false,"template":"","format":"standard","meta":{"footnotes":""},"categories":[24],"tags":[48],"class_list":["post-107808","post","type-post","status-publish","format-standard","has-post-thumbnail","hentry","category-politica","tag-destacada"],"yoast_head":"<!-- This site is optimized with the Yoast SEO plugin v25.9 - https:\/\/yoast.com\/wordpress\/plugins\/seo\/ -->\n<title>Fabio Abraham: \u201cfue una barbaridad festejar que a los jubilados les va a ir peor\u201d - Noticias Radio Reflejos<\/title>\n<meta name=\"robots\" content=\"index, follow, max-snippet:-1, max-image-preview:large, max-video-preview:-1\" \/>\n<link rel=\"canonical\" href=\"https:\/\/www.noticiasradioreflejos.com.ar\/2021\/fabio-abraham-fue-una-barbaridad-festejar-que-a-los-jubilados-les-va-a-ir-peor\/\" \/>\n<meta property=\"og:locale\" content=\"es_ES\" \/>\n<meta property=\"og:type\" content=\"article\" \/>\n<meta property=\"og:title\" content=\"Fabio Abraham: \u201cfue una barbaridad festejar que a los jubilados les va a ir peor\u201d - Noticias Radio Reflejos\" \/>\n<meta property=\"og:description\" content=\"El dirigente radical dio su visi\u00f3n de la actualidad del pa\u00eds y de su espacio pol\u00edtico.\" \/>\n<meta property=\"og:url\" content=\"https:\/\/www.noticiasradioreflejos.com.ar\/2021\/fabio-abraham-fue-una-barbaridad-festejar-que-a-los-jubilados-les-va-a-ir-peor\/\" \/>\n<meta property=\"og:site_name\" content=\"Noticias Radio Reflejos\" \/>\n<meta property=\"article:published_time\" content=\"2024-09-25T22:27:13+00:00\" \/>\n<meta property=\"article:modified_time\" content=\"2024-09-25T22:29:19+00:00\" \/>\n<meta property=\"og:image\" content=\"https:\/\/www.noticiasradioreflejos.com.ar\/2021\/wp-content\/uploads\/2024\/09\/Fabio-Abraham.jpeg\" \/>\n\t<meta property=\"og:image:width\" content=\"1142\" \/>\n\t<meta property=\"og:image:height\" content=\"1232\" \/>\n\t<meta property=\"og:image:type\" content=\"image\/jpeg\" \/>\n<meta name=\"author\" content=\"Arnaldo Botto\" \/>\n<meta name=\"twitter:card\" content=\"summary_large_image\" \/>\n<script type=\"application\/ld+json\" class=\"yoast-schema-graph\">{\"@context\":\"https:\/\/schema.org\",\"@graph\":[{\"@type\":\"WebPage\",\"@id\":\"https:\/\/www.noticiasradioreflejos.com.ar\/2021\/fabio-abraham-fue-una-barbaridad-festejar-que-a-los-jubilados-les-va-a-ir-peor\/\",\"url\":\"https:\/\/www.noticiasradioreflejos.com.ar\/2021\/fabio-abraham-fue-una-barbaridad-festejar-que-a-los-jubilados-les-va-a-ir-peor\/\",\"name\":\"Fabio Abraham: \u201cfue una barbaridad festejar que a los jubilados les va a ir peor\u201d - Noticias Radio Reflejos\",\"isPartOf\":{\"@id\":\"https:\/\/www.noticiasradioreflejos.com.ar\/2021\/#website\"},\"primaryImageOfPage\":{\"@id\":\"https:\/\/www.noticiasradioreflejos.com.ar\/2021\/fabio-abraham-fue-una-barbaridad-festejar-que-a-los-jubilados-les-va-a-ir-peor\/#primaryimage\"},\"image\":{\"@id\":\"https:\/\/www.noticiasradioreflejos.com.ar\/2021\/fabio-abraham-fue-una-barbaridad-festejar-que-a-los-jubilados-les-va-a-ir-peor\/#primaryimage\"},\"thumbnailUrl\":\"https:\/\/www.noticiasradioreflejos.com.ar\/2021\/wp-content\/uploads\/2024\/09\/Fabio-Abraham.jpeg\",\"datePublished\":\"2024-09-25T22:27:13+00:00\",\"dateModified\":\"2024-09-25T22:29:19+00:00\",\"author\":{\"@id\":\"https:\/\/www.noticiasradioreflejos.com.ar\/2021\/#\/schema\/person\/ad82545263dcc5ec0996818884fd5fb1\"},\"breadcrumb\":{\"@id\":\"https:\/\/www.noticiasradioreflejos.com.ar\/2021\/fabio-abraham-fue-una-barbaridad-festejar-que-a-los-jubilados-les-va-a-ir-peor\/#breadcrumb\"},\"inLanguage\":\"es\",\"potentialAction\":[{\"@type\":\"ReadAction\",\"target\":[\"https:\/\/www.noticiasradioreflejos.com.ar\/2021\/fabio-abraham-fue-una-barbaridad-festejar-que-a-los-jubilados-les-va-a-ir-peor\/\"]}]},{\"@type\":\"ImageObject\",\"inLanguage\":\"es\",\"@id\":\"https:\/\/www.noticiasradioreflejos.com.ar\/2021\/fabio-abraham-fue-una-barbaridad-festejar-que-a-los-jubilados-les-va-a-ir-peor\/#primaryimage\",\"url\":\"https:\/\/www.noticiasradioreflejos.com.ar\/2021\/wp-content\/uploads\/2024\/09\/Fabio-Abraham.jpeg\",\"contentUrl\":\"https:\/\/www.noticiasradioreflejos.com.ar\/2021\/wp-content\/uploads\/2024\/09\/Fabio-Abraham.jpeg\",\"width\":1142,\"height\":1232},{\"@type\":\"BreadcrumbList\",\"@id\":\"https:\/\/www.noticiasradioreflejos.com.ar\/2021\/fabio-abraham-fue-una-barbaridad-festejar-que-a-los-jubilados-les-va-a-ir-peor\/#breadcrumb\",\"itemListElement\":[{\"@type\":\"ListItem\",\"position\":1,\"name\":\"Portada\",\"item\":\"https:\/\/www.noticiasradioreflejos.com.ar\/2021\/\"},{\"@type\":\"ListItem\",\"position\":2,\"name\":\"Fabio Abraham: \u201cfue una barbaridad festejar que a los jubilados les va a ir peor\u201d\"}]},{\"@type\":\"WebSite\",\"@id\":\"https:\/\/www.noticiasradioreflejos.com.ar\/2021\/#website\",\"url\":\"https:\/\/www.noticiasradioreflejos.com.ar\/2021\/\",\"name\":\"Noticias Radio Reflejos\",\"description\":\"Las noticias de mi comarca\",\"potentialAction\":[{\"@type\":\"SearchAction\",\"target\":{\"@type\":\"EntryPoint\",\"urlTemplate\":\"https:\/\/www.noticiasradioreflejos.com.ar\/2021\/?s={search_term_string}\"},\"query-input\":{\"@type\":\"PropertyValueSpecification\",\"valueRequired\":true,\"valueName\":\"search_term_string\"}}],\"inLanguage\":\"es\"},{\"@type\":\"Person\",\"@id\":\"https:\/\/www.noticiasradioreflejos.com.ar\/2021\/#\/schema\/person\/ad82545263dcc5ec0996818884fd5fb1\",\"name\":\"Arnaldo Botto\",\"image\":{\"@type\":\"ImageObject\",\"inLanguage\":\"es\",\"@id\":\"https:\/\/www.noticiasradioreflejos.com.ar\/2021\/#\/schema\/person\/image\/\",\"url\":\"https:\/\/secure.gravatar.com\/avatar\/55cb5e37c1efa326397366e6974cb338056df65cb50e7d64d1cf314e87504837?s=96&d=mm&r=g\",\"contentUrl\":\"https:\/\/secure.gravatar.com\/avatar\/55cb5e37c1efa326397366e6974cb338056df65cb50e7d64d1cf314e87504837?s=96&d=mm&r=g\",\"caption\":\"Arnaldo Botto\"},\"url\":\"https:\/\/www.noticiasradioreflejos.com.ar\/2021\/author\/arnaldo\/\"}]}<\/script>\n<!-- \/ Yoast SEO plugin. -->","yoast_head_json":{"title":"Fabio Abraham: \u201cfue una barbaridad festejar que a los jubilados les va a ir peor\u201d - Noticias Radio Reflejos","robots":{"index":"index","follow":"follow","max-snippet":"max-snippet:-1","max-image-preview":"max-image-preview:large","max-video-preview":"max-video-preview:-1"},"canonical":"https:\/\/www.noticiasradioreflejos.com.ar\/2021\/fabio-abraham-fue-una-barbaridad-festejar-que-a-los-jubilados-les-va-a-ir-peor\/","og_locale":"es_ES","og_type":"article","og_title":"Fabio Abraham: \u201cfue una barbaridad festejar que a los jubilados les va a ir peor\u201d - Noticias Radio Reflejos","og_description":"El dirigente radical dio su visi\u00f3n de la actualidad del pa\u00eds y de su espacio pol\u00edtico.","og_url":"https:\/\/www.noticiasradioreflejos.com.ar\/2021\/fabio-abraham-fue-una-barbaridad-festejar-que-a-los-jubilados-les-va-a-ir-peor\/","og_site_name":"Noticias Radio Reflejos","article_published_time":"2024-09-25T22:27:13+00:00","article_modified_time":"2024-09-25T22:29:19+00:00","og_image":[{"width":1142,"height":1232,"url":"https:\/\/www.noticiasradioreflejos.com.ar\/2021\/wp-content\/uploads\/2024\/09\/Fabio-Abraham.jpeg","type":"image\/jpeg"}],"author":"Arnaldo Botto","twitter_card":"summary_large_image","schema":{"@context":"https:\/\/schema.org","@graph":[{"@type":"WebPage","@id":"https:\/\/www.noticiasradioreflejos.com.ar\/2021\/fabio-abraham-fue-una-barbaridad-festejar-que-a-los-jubilados-les-va-a-ir-peor\/","url":"https:\/\/www.noticiasradioreflejos.com.ar\/2021\/fabio-abraham-fue-una-barbaridad-festejar-que-a-los-jubilados-les-va-a-ir-peor\/","name":"Fabio Abraham: \u201cfue una barbaridad festejar que a los jubilados les va a ir peor\u201d - Noticias Radio Reflejos","isPartOf":{"@id":"https:\/\/www.noticiasradioreflejos.com.ar\/2021\/#website"},"primaryImageOfPage":{"@id":"https:\/\/www.noticiasradioreflejos.com.ar\/2021\/fabio-abraham-fue-una-barbaridad-festejar-que-a-los-jubilados-les-va-a-ir-peor\/#primaryimage"},"image":{"@id":"https:\/\/www.noticiasradioreflejos.com.ar\/2021\/fabio-abraham-fue-una-barbaridad-festejar-que-a-los-jubilados-les-va-a-ir-peor\/#primaryimage"},"thumbnailUrl":"https:\/\/www.noticiasradioreflejos.com.ar\/2021\/wp-content\/uploads\/2024\/09\/Fabio-Abraham.jpeg","datePublished":"2024-09-25T22:27:13+00:00","dateModified":"2024-09-25T22:29:19+00:00","author":{"@id":"https:\/\/www.noticiasradioreflejos.com.ar\/2021\/#\/schema\/person\/ad82545263dcc5ec0996818884fd5fb1"},"breadcrumb":{"@id":"https:\/\/www.noticiasradioreflejos.com.ar\/2021\/fabio-abraham-fue-una-barbaridad-festejar-que-a-los-jubilados-les-va-a-ir-peor\/#breadcrumb"},"inLanguage":"es","potentialAction":[{"@type":"ReadAction","target":["https:\/\/www.noticiasradioreflejos.com.ar\/2021\/fabio-abraham-fue-una-barbaridad-festejar-que-a-los-jubilados-les-va-a-ir-peor\/"]}]},{"@type":"ImageObject","inLanguage":"es","@id":"https:\/\/www.noticiasradioreflejos.com.ar\/2021\/fabio-abraham-fue-una-barbaridad-festejar-que-a-los-jubilados-les-va-a-ir-peor\/#primaryimage","url":"https:\/\/www.noticiasradioreflejos.com.ar\/2021\/wp-content\/uploads\/2024\/09\/Fabio-Abraham.jpeg","contentUrl":"https:\/\/www.noticiasradioreflejos.com.ar\/2021\/wp-content\/uploads\/2024\/09\/Fabio-Abraham.jpeg","width":1142,"height":1232},{"@type":"BreadcrumbList","@id":"https:\/\/www.noticiasradioreflejos.com.ar\/2021\/fabio-abraham-fue-una-barbaridad-festejar-que-a-los-jubilados-les-va-a-ir-peor\/#breadcrumb","itemListElement":[{"@type":"ListItem","position":1,"name":"Portada","item":"https:\/\/www.noticiasradioreflejos.com.ar\/2021\/"},{"@type":"ListItem","position":2,"name":"Fabio Abraham: \u201cfue una barbaridad festejar que a los jubilados les va a ir peor\u201d"}]},{"@type":"WebSite","@id":"https:\/\/www.noticiasradioreflejos.com.ar\/2021\/#website","url":"https:\/\/www.noticiasradioreflejos.com.ar\/2021\/","name":"Noticias Radio Reflejos","description":"Las noticias de mi comarca","potentialAction":[{"@type":"SearchAction","target":{"@type":"EntryPoint","urlTemplate":"https:\/\/www.noticiasradioreflejos.com.ar\/2021\/?s={search_term_string}"},"query-input":{"@type":"PropertyValueSpecification","valueRequired":true,"valueName":"search_term_string"}}],"inLanguage":"es"},{"@type":"Person","@id":"https:\/\/www.noticiasradioreflejos.com.ar\/2021\/#\/schema\/person\/ad82545263dcc5ec0996818884fd5fb1","name":"Arnaldo Botto","image":{"@type":"ImageObject","inLanguage":"es","@id":"https:\/\/www.noticiasradioreflejos.com.ar\/2021\/#\/schema\/person\/image\/","url":"https:\/\/secure.gravatar.com\/avatar\/55cb5e37c1efa326397366e6974cb338056df65cb50e7d64d1cf314e87504837?s=96&d=mm&r=g","contentUrl":"https:\/\/secure.gravatar.com\/avatar\/55cb5e37c1efa326397366e6974cb338056df65cb50e7d64d1cf314e87504837?s=96&d=mm&r=g","caption":"Arnaldo Botto"},"url":"https:\/\/www.noticiasradioreflejos.com.ar\/2021\/author\/arnaldo\/"}]}},"_links":{"self":[{"href":"https:\/\/www.noticiasradioreflejos.com.ar\/2021\/wp-json\/wp\/v2\/posts\/107808","targetHints":{"allow":["GET"]}}],"collection":[{"href":"https:\/\/www.noticiasradioreflejos.com.ar\/2021\/wp-json\/wp\/v2\/posts"}],"about":[{"href":"https:\/\/www.noticiasradioreflejos.com.ar\/2021\/wp-json\/wp\/v2\/types\/post"}],"author":[{"embeddable":true,"href":"https:\/\/www.noticiasradioreflejos.com.ar\/2021\/wp-json\/wp\/v2\/users\/3"}],"replies":[{"embeddable":true,"href":"https:\/\/www.noticiasradioreflejos.com.ar\/2021\/wp-json\/wp\/v2\/comments?post=107808"}],"version-history":[{"count":2,"href":"https:\/\/www.noticiasradioreflejos.com.ar\/2021\/wp-json\/wp\/v2\/posts\/107808\/revisions"}],"predecessor-version":[{"id":107813,"href":"https:\/\/www.noticiasradioreflejos.com.ar\/2021\/wp-json\/wp\/v2\/posts\/107808\/revisions\/107813"}],"wp:featuredmedia":[{"embeddable":true,"href":"https:\/\/www.noticiasradioreflejos.com.ar\/2021\/wp-json\/wp\/v2\/media\/107814"}],"wp:attachment":[{"href":"https:\/\/www.noticiasradioreflejos.com.ar\/2021\/wp-json\/wp\/v2\/media?parent=107808"}],"wp:term":[{"taxonomy":"category","embeddable":true,"href":"https:\/\/www.noticiasradioreflejos.com.ar\/2021\/wp-json\/wp\/v2\/categories?post=107808"},{"taxonomy":"post_tag","embeddable":true,"href":"https:\/\/www.noticiasradioreflejos.com.ar\/2021\/wp-json\/wp\/v2\/tags?post=107808"}],"curies":[{"name":"wp","href":"https:\/\/api.w.org\/{rel}","templated":true}]}}