{"id":107798,"date":"2024-09-25T14:43:55","date_gmt":"2024-09-25T17:43:55","guid":{"rendered":"https:\/\/www.noticiasradioreflejos.com.ar\/2021\/?p=107798"},"modified":"2024-09-25T14:43:55","modified_gmt":"2024-09-25T17:43:55","slug":"en-caso-de-incendios-dispondremos-de-helicopteros-de-la-provincia","status":"publish","type":"post","link":"https:\/\/www.noticiasradioreflejos.com.ar\/2021\/en-caso-de-incendios-dispondremos-de-helicopteros-de-la-provincia\/","title":{"rendered":"\u201cEn caso de incendios dispondremos de helic\u00f3pteros de la provincia\u201d"},"content":{"rendered":"<p>As\u00ed lo inform\u00f3 el<strong> jefe de Defensa Civil local, Rodrigo Fuhr<\/strong>. Del mismo modo subray\u00f3 que \u201cla realidad de C\u00f3rdoba es distinta a la nuestra\u201d.<!--more--><\/p>\n<p>Esta ma\u00f1ana el Jefe de Defensa Civil local, Rodrigo Fuhr, sali\u00f3 al cruce de la desinformaci\u00f3n reinante y le llev\u00f3 tranquilidad a la poblaci\u00f3n de la comarca.<\/p>\n<p>&nbsp;<\/p>\n<p><a href=\"https:\/\/www.noticiasradioreflejos.com.ar\/2021\/en-caso-de-incendios-dispondremos-de-helicopteros-de-la-provincia\/furh-nicolini-bordoni\/\" rel=\"attachment wp-att-107800\"><img loading=\"lazy\" decoding=\"async\" class=\"aligncenter size-full wp-image-107800\" src=\"https:\/\/www.noticiasradioreflejos.com.ar\/2021\/wp-content\/uploads\/2024\/09\/Furh-Nicolini-bordoni.jpeg\" alt=\"\" width=\"1080\" height=\"544\" \/><\/a><\/p>\n<h5><strong>Rodrigo Fuhr jefe de DC, Julio Nicolini (Pte de Bomberos de Tornquist) y Sergio Bordoni (intendente) en la planificaci\u00f3n contra incendios.<\/strong><\/h5>\n<p>&nbsp;<\/p>\n<p>En ese sentido destac\u00f3 que \u201cla realidad nuestra es distinta a la de C\u00f3rdoba. Los incendios forestales en nuestra zona los manejan los bomberos voluntarios, no hay ninguna otra organizaci\u00f3n al medio que se sume como para hacer un intercambio de ideas\u201d.<\/p>\n<p>En l\u00ednea con esto subray\u00f3; \u201cquiero llevar tranquilidad a la comunidad, ya que el municipio a trav\u00e9s del intendente, nos dio la autorizaci\u00f3n para poner a disposici\u00f3n todos los recursos humanos y mec\u00e1nicos que tengamos a disposici\u00f3n en caso de tener un incendio forestal, de la mejor manera, organizada, para que el recurso sea \u00f3ptimo y eficaz\u201d.<\/p>\n<p>&nbsp;<\/p>\n<p><a href=\"https:\/\/www.noticiasradioreflejos.com.ar\/2021\/en-caso-de-incendios-dispondremos-de-helicopteros-de-la-provincia\/incendio-villa\/\" rel=\"attachment wp-att-107802\"><img loading=\"lazy\" decoding=\"async\" class=\"aligncenter size-full wp-image-107802\" src=\"https:\/\/www.noticiasradioreflejos.com.ar\/2021\/wp-content\/uploads\/2024\/09\/incendio-villa.jpg\" alt=\"\" width=\"1417\" height=\"747\" srcset=\"https:\/\/www.noticiasradioreflejos.com.ar\/2021\/wp-content\/uploads\/2024\/09\/incendio-villa.jpg 1417w, https:\/\/www.noticiasradioreflejos.com.ar\/2021\/wp-content\/uploads\/2024\/09\/incendio-villa-300x158.jpg 300w, https:\/\/www.noticiasradioreflejos.com.ar\/2021\/wp-content\/uploads\/2024\/09\/incendio-villa-1024x540.jpg 1024w, https:\/\/www.noticiasradioreflejos.com.ar\/2021\/wp-content\/uploads\/2024\/09\/incendio-villa-768x405.jpg 768w, https:\/\/www.noticiasradioreflejos.com.ar\/2021\/wp-content\/uploads\/2024\/09\/incendio-villa-750x395.jpg 750w, https:\/\/www.noticiasradioreflejos.com.ar\/2021\/wp-content\/uploads\/2024\/09\/incendio-villa-1140x601.jpg 1140w\" sizes=\"auto, (max-width: 1417px) 100vw, 1417px\" \/><\/a><\/p>\n<p>A su vez coment\u00f3 que \u201ctuvimos una reuni\u00f3n con el director provincial de Defensa Civil y nos asegur\u00f3 que los helic\u00f3pteros de la provincia est\u00e1n a disposici\u00f3n y la idea es que uno haga base ac\u00e1, aunque lo vemos medio dif\u00edcil porque son de la polic\u00eda y cumplen otra funci\u00f3n, pero llegado el caso, en cinco horas est\u00e1n ac\u00e1 y hacen un trabajo formidable\u201d.<\/p>\n<p>Por \u00faltimo, sostuvo que \u201cdesde C\u00f3rdoba dicen que el Plan Nacional de Manejo del Fuego se est\u00e1 desfinanciando, el presupuesto es el del 2023. Hubo muchos cambios y creo que la idea es que desaparezca. Si lo que dicen los medios es verdad, el apoyo de naci\u00f3n lleg\u00f3 pasado el incendio\u201d.<\/p>\n<p>&nbsp;<br \/>\n<iframe loading=\"lazy\" width=\"100%\" height=\"166\" scrolling=\"no\" frameborder=\"no\" allow=\"autoplay\" src=\"https:\/\/w.soundcloud.com\/player\/?url=https%3A\/\/api.soundcloud.com\/tracks\/1923277493&#038;color=%23ff5500&#038;auto_play=false&#038;hide_related=false&#038;show_comments=true&#038;show_user=true&#038;show_reposts=false&#038;show_teaser=true\"><\/iframe><\/p>\n<div style=\"font-size: 10px; color: #cccccc;line-break: anywhere;word-break: normal;overflow: hidden;white-space: nowrap;text-overflow: ellipsis; font-family: Interstate,Lucida Grande,Lucida Sans Unicode,Lucida Sans,Garuda,Verdana,Tahoma,sans-serif;font-weight: 100;\"><a href=\"https:\/\/soundcloud.com\/fmreflejos-103-7\" title=\"fmreflejos 103.7\" target=\"_blank\" style=\"color: #cccccc; text-decoration: none;\" rel=\"noopener\">fmreflejos 103.7<\/a> \u00b7 <a href=\"https:\/\/soundcloud.com\/fmreflejos-103-7\/rodrigo-fuhrjefe-defensa-civil-25-09\" title=\"Rodrigo Fuhr(jefe Defensa Civil) 25 - 09\" target=\"_blank\" style=\"color: #cccccc; text-decoration: none;\" rel=\"noopener\">Rodrigo Fuhr(jefe Defensa Civil) 25 &#8211; 09<\/a><\/div>\n<p>&nbsp;<\/p>\n","protected":false},"excerpt":{"rendered":"<p>As\u00ed lo inform\u00f3 el jefe de Defensa Civil local, Rodrigo Fuhr. Del mismo modo subray\u00f3 que \u201cla realidad de C\u00f3rdoba es distinta a la nuestra\u201d.<\/p>\n","protected":false},"author":3,"featured_media":107801,"comment_status":"closed","ping_status":"closed","sticky":false,"template":"","format":"standard","meta":{"footnotes":""},"categories":[28],"tags":[48],"class_list":["post-107798","post","type-post","status-publish","format-standard","has-post-thumbnail","hentry","category-municipales","tag-destacada"],"yoast_head":"<!-- This site is optimized with the Yoast SEO plugin v25.9 - https:\/\/yoast.com\/wordpress\/plugins\/seo\/ -->\n<title>\u201cEn caso de incendios dispondremos de helic\u00f3pteros de la provincia\u201d - Noticias Radio Reflejos<\/title>\n<meta name=\"robots\" content=\"index, follow, max-snippet:-1, max-image-preview:large, max-video-preview:-1\" \/>\n<link rel=\"canonical\" href=\"https:\/\/www.noticiasradioreflejos.com.ar\/2021\/en-caso-de-incendios-dispondremos-de-helicopteros-de-la-provincia\/\" \/>\n<meta property=\"og:locale\" content=\"es_ES\" \/>\n<meta property=\"og:type\" content=\"article\" \/>\n<meta property=\"og:title\" content=\"\u201cEn caso de incendios dispondremos de helic\u00f3pteros de la provincia\u201d - Noticias Radio Reflejos\" \/>\n<meta property=\"og:description\" content=\"As\u00ed lo inform\u00f3 el jefe de Defensa Civil local, Rodrigo Fuhr. Del mismo modo subray\u00f3 que \u201cla realidad de C\u00f3rdoba es distinta a la nuestra\u201d.\" \/>\n<meta property=\"og:url\" content=\"https:\/\/www.noticiasradioreflejos.com.ar\/2021\/en-caso-de-incendios-dispondremos-de-helicopteros-de-la-provincia\/\" \/>\n<meta property=\"og:site_name\" content=\"Noticias Radio Reflejos\" \/>\n<meta property=\"article:published_time\" content=\"2024-09-25T17:43:55+00:00\" \/>\n<meta property=\"og:image\" content=\"https:\/\/www.noticiasradioreflejos.com.ar\/2021\/wp-content\/uploads\/2024\/09\/Heli-incendios.jpg\" \/>\n\t<meta property=\"og:image:width\" content=\"992\" \/>\n\t<meta property=\"og:image:height\" content=\"660\" \/>\n\t<meta property=\"og:image:type\" content=\"image\/jpeg\" \/>\n<meta name=\"author\" content=\"Arnaldo Botto\" \/>\n<meta name=\"twitter:card\" content=\"summary_large_image\" \/>\n<script type=\"application\/ld+json\" class=\"yoast-schema-graph\">{\"@context\":\"https:\/\/schema.org\",\"@graph\":[{\"@type\":\"WebPage\",\"@id\":\"https:\/\/www.noticiasradioreflejos.com.ar\/2021\/en-caso-de-incendios-dispondremos-de-helicopteros-de-la-provincia\/\",\"url\":\"https:\/\/www.noticiasradioreflejos.com.ar\/2021\/en-caso-de-incendios-dispondremos-de-helicopteros-de-la-provincia\/\",\"name\":\"\u201cEn caso de incendios dispondremos de helic\u00f3pteros de la provincia\u201d - Noticias Radio Reflejos\",\"isPartOf\":{\"@id\":\"https:\/\/www.noticiasradioreflejos.com.ar\/2021\/#website\"},\"primaryImageOfPage\":{\"@id\":\"https:\/\/www.noticiasradioreflejos.com.ar\/2021\/en-caso-de-incendios-dispondremos-de-helicopteros-de-la-provincia\/#primaryimage\"},\"image\":{\"@id\":\"https:\/\/www.noticiasradioreflejos.com.ar\/2021\/en-caso-de-incendios-dispondremos-de-helicopteros-de-la-provincia\/#primaryimage\"},\"thumbnailUrl\":\"https:\/\/www.noticiasradioreflejos.com.ar\/2021\/wp-content\/uploads\/2024\/09\/Heli-incendios.jpg\",\"datePublished\":\"2024-09-25T17:43:55+00:00\",\"author\":{\"@id\":\"https:\/\/www.noticiasradioreflejos.com.ar\/2021\/#\/schema\/person\/ad82545263dcc5ec0996818884fd5fb1\"},\"breadcrumb\":{\"@id\":\"https:\/\/www.noticiasradioreflejos.com.ar\/2021\/en-caso-de-incendios-dispondremos-de-helicopteros-de-la-provincia\/#breadcrumb\"},\"inLanguage\":\"es\",\"potentialAction\":[{\"@type\":\"ReadAction\",\"target\":[\"https:\/\/www.noticiasradioreflejos.com.ar\/2021\/en-caso-de-incendios-dispondremos-de-helicopteros-de-la-provincia\/\"]}]},{\"@type\":\"ImageObject\",\"inLanguage\":\"es\",\"@id\":\"https:\/\/www.noticiasradioreflejos.com.ar\/2021\/en-caso-de-incendios-dispondremos-de-helicopteros-de-la-provincia\/#primaryimage\",\"url\":\"https:\/\/www.noticiasradioreflejos.com.ar\/2021\/wp-content\/uploads\/2024\/09\/Heli-incendios.jpg\",\"contentUrl\":\"https:\/\/www.noticiasradioreflejos.com.ar\/2021\/wp-content\/uploads\/2024\/09\/Heli-incendios.jpg\",\"width\":992,\"height\":660},{\"@type\":\"BreadcrumbList\",\"@id\":\"https:\/\/www.noticiasradioreflejos.com.ar\/2021\/en-caso-de-incendios-dispondremos-de-helicopteros-de-la-provincia\/#breadcrumb\",\"itemListElement\":[{\"@type\":\"ListItem\",\"position\":1,\"name\":\"Portada\",\"item\":\"https:\/\/www.noticiasradioreflejos.com.ar\/2021\/\"},{\"@type\":\"ListItem\",\"position\":2,\"name\":\"\u201cEn caso de incendios dispondremos de helic\u00f3pteros de la provincia\u201d\"}]},{\"@type\":\"WebSite\",\"@id\":\"https:\/\/www.noticiasradioreflejos.com.ar\/2021\/#website\",\"url\":\"https:\/\/www.noticiasradioreflejos.com.ar\/2021\/\",\"name\":\"Noticias Radio Reflejos\",\"description\":\"Las noticias de mi comarca\",\"potentialAction\":[{\"@type\":\"SearchAction\",\"target\":{\"@type\":\"EntryPoint\",\"urlTemplate\":\"https:\/\/www.noticiasradioreflejos.com.ar\/2021\/?s={search_term_string}\"},\"query-input\":{\"@type\":\"PropertyValueSpecification\",\"valueRequired\":true,\"valueName\":\"search_term_string\"}}],\"inLanguage\":\"es\"},{\"@type\":\"Person\",\"@id\":\"https:\/\/www.noticiasradioreflejos.com.ar\/2021\/#\/schema\/person\/ad82545263dcc5ec0996818884fd5fb1\",\"name\":\"Arnaldo Botto\",\"image\":{\"@type\":\"ImageObject\",\"inLanguage\":\"es\",\"@id\":\"https:\/\/www.noticiasradioreflejos.com.ar\/2021\/#\/schema\/person\/image\/\",\"url\":\"https:\/\/secure.gravatar.com\/avatar\/55cb5e37c1efa326397366e6974cb338056df65cb50e7d64d1cf314e87504837?s=96&d=mm&r=g\",\"contentUrl\":\"https:\/\/secure.gravatar.com\/avatar\/55cb5e37c1efa326397366e6974cb338056df65cb50e7d64d1cf314e87504837?s=96&d=mm&r=g\",\"caption\":\"Arnaldo Botto\"},\"url\":\"https:\/\/www.noticiasradioreflejos.com.ar\/2021\/author\/arnaldo\/\"}]}<\/script>\n<!-- \/ Yoast SEO plugin. -->","yoast_head_json":{"title":"\u201cEn caso de incendios dispondremos de helic\u00f3pteros de la provincia\u201d - Noticias Radio Reflejos","robots":{"index":"index","follow":"follow","max-snippet":"max-snippet:-1","max-image-preview":"max-image-preview:large","max-video-preview":"max-video-preview:-1"},"canonical":"https:\/\/www.noticiasradioreflejos.com.ar\/2021\/en-caso-de-incendios-dispondremos-de-helicopteros-de-la-provincia\/","og_locale":"es_ES","og_type":"article","og_title":"\u201cEn caso de incendios dispondremos de helic\u00f3pteros de la provincia\u201d - Noticias Radio Reflejos","og_description":"As\u00ed lo inform\u00f3 el jefe de Defensa Civil local, Rodrigo Fuhr. Del mismo modo subray\u00f3 que \u201cla realidad de C\u00f3rdoba es distinta a la nuestra\u201d.","og_url":"https:\/\/www.noticiasradioreflejos.com.ar\/2021\/en-caso-de-incendios-dispondremos-de-helicopteros-de-la-provincia\/","og_site_name":"Noticias Radio Reflejos","article_published_time":"2024-09-25T17:43:55+00:00","og_image":[{"width":992,"height":660,"url":"https:\/\/www.noticiasradioreflejos.com.ar\/2021\/wp-content\/uploads\/2024\/09\/Heli-incendios.jpg","type":"image\/jpeg"}],"author":"Arnaldo Botto","twitter_card":"summary_large_image","schema":{"@context":"https:\/\/schema.org","@graph":[{"@type":"WebPage","@id":"https:\/\/www.noticiasradioreflejos.com.ar\/2021\/en-caso-de-incendios-dispondremos-de-helicopteros-de-la-provincia\/","url":"https:\/\/www.noticiasradioreflejos.com.ar\/2021\/en-caso-de-incendios-dispondremos-de-helicopteros-de-la-provincia\/","name":"\u201cEn caso de incendios dispondremos de helic\u00f3pteros de la provincia\u201d - Noticias Radio Reflejos","isPartOf":{"@id":"https:\/\/www.noticiasradioreflejos.com.ar\/2021\/#website"},"primaryImageOfPage":{"@id":"https:\/\/www.noticiasradioreflejos.com.ar\/2021\/en-caso-de-incendios-dispondremos-de-helicopteros-de-la-provincia\/#primaryimage"},"image":{"@id":"https:\/\/www.noticiasradioreflejos.com.ar\/2021\/en-caso-de-incendios-dispondremos-de-helicopteros-de-la-provincia\/#primaryimage"},"thumbnailUrl":"https:\/\/www.noticiasradioreflejos.com.ar\/2021\/wp-content\/uploads\/2024\/09\/Heli-incendios.jpg","datePublished":"2024-09-25T17:43:55+00:00","author":{"@id":"https:\/\/www.noticiasradioreflejos.com.ar\/2021\/#\/schema\/person\/ad82545263dcc5ec0996818884fd5fb1"},"breadcrumb":{"@id":"https:\/\/www.noticiasradioreflejos.com.ar\/2021\/en-caso-de-incendios-dispondremos-de-helicopteros-de-la-provincia\/#breadcrumb"},"inLanguage":"es","potentialAction":[{"@type":"ReadAction","target":["https:\/\/www.noticiasradioreflejos.com.ar\/2021\/en-caso-de-incendios-dispondremos-de-helicopteros-de-la-provincia\/"]}]},{"@type":"ImageObject","inLanguage":"es","@id":"https:\/\/www.noticiasradioreflejos.com.ar\/2021\/en-caso-de-incendios-dispondremos-de-helicopteros-de-la-provincia\/#primaryimage","url":"https:\/\/www.noticiasradioreflejos.com.ar\/2021\/wp-content\/uploads\/2024\/09\/Heli-incendios.jpg","contentUrl":"https:\/\/www.noticiasradioreflejos.com.ar\/2021\/wp-content\/uploads\/2024\/09\/Heli-incendios.jpg","width":992,"height":660},{"@type":"BreadcrumbList","@id":"https:\/\/www.noticiasradioreflejos.com.ar\/2021\/en-caso-de-incendios-dispondremos-de-helicopteros-de-la-provincia\/#breadcrumb","itemListElement":[{"@type":"ListItem","position":1,"name":"Portada","item":"https:\/\/www.noticiasradioreflejos.com.ar\/2021\/"},{"@type":"ListItem","position":2,"name":"\u201cEn caso de incendios dispondremos de helic\u00f3pteros de la provincia\u201d"}]},{"@type":"WebSite","@id":"https:\/\/www.noticiasradioreflejos.com.ar\/2021\/#website","url":"https:\/\/www.noticiasradioreflejos.com.ar\/2021\/","name":"Noticias Radio Reflejos","description":"Las noticias de mi comarca","potentialAction":[{"@type":"SearchAction","target":{"@type":"EntryPoint","urlTemplate":"https:\/\/www.noticiasradioreflejos.com.ar\/2021\/?s={search_term_string}"},"query-input":{"@type":"PropertyValueSpecification","valueRequired":true,"valueName":"search_term_string"}}],"inLanguage":"es"},{"@type":"Person","@id":"https:\/\/www.noticiasradioreflejos.com.ar\/2021\/#\/schema\/person\/ad82545263dcc5ec0996818884fd5fb1","name":"Arnaldo Botto","image":{"@type":"ImageObject","inLanguage":"es","@id":"https:\/\/www.noticiasradioreflejos.com.ar\/2021\/#\/schema\/person\/image\/","url":"https:\/\/secure.gravatar.com\/avatar\/55cb5e37c1efa326397366e6974cb338056df65cb50e7d64d1cf314e87504837?s=96&d=mm&r=g","contentUrl":"https:\/\/secure.gravatar.com\/avatar\/55cb5e37c1efa326397366e6974cb338056df65cb50e7d64d1cf314e87504837?s=96&d=mm&r=g","caption":"Arnaldo Botto"},"url":"https:\/\/www.noticiasradioreflejos.com.ar\/2021\/author\/arnaldo\/"}]}},"_links":{"self":[{"href":"https:\/\/www.noticiasradioreflejos.com.ar\/2021\/wp-json\/wp\/v2\/posts\/107798","targetHints":{"allow":["GET"]}}],"collection":[{"href":"https:\/\/www.noticiasradioreflejos.com.ar\/2021\/wp-json\/wp\/v2\/posts"}],"about":[{"href":"https:\/\/www.noticiasradioreflejos.com.ar\/2021\/wp-json\/wp\/v2\/types\/post"}],"author":[{"embeddable":true,"href":"https:\/\/www.noticiasradioreflejos.com.ar\/2021\/wp-json\/wp\/v2\/users\/3"}],"replies":[{"embeddable":true,"href":"https:\/\/www.noticiasradioreflejos.com.ar\/2021\/wp-json\/wp\/v2\/comments?post=107798"}],"version-history":[{"count":3,"href":"https:\/\/www.noticiasradioreflejos.com.ar\/2021\/wp-json\/wp\/v2\/posts\/107798\/revisions"}],"predecessor-version":[{"id":107805,"href":"https:\/\/www.noticiasradioreflejos.com.ar\/2021\/wp-json\/wp\/v2\/posts\/107798\/revisions\/107805"}],"wp:featuredmedia":[{"embeddable":true,"href":"https:\/\/www.noticiasradioreflejos.com.ar\/2021\/wp-json\/wp\/v2\/media\/107801"}],"wp:attachment":[{"href":"https:\/\/www.noticiasradioreflejos.com.ar\/2021\/wp-json\/wp\/v2\/media?parent=107798"}],"wp:term":[{"taxonomy":"category","embeddable":true,"href":"https:\/\/www.noticiasradioreflejos.com.ar\/2021\/wp-json\/wp\/v2\/categories?post=107798"},{"taxonomy":"post_tag","embeddable":true,"href":"https:\/\/www.noticiasradioreflejos.com.ar\/2021\/wp-json\/wp\/v2\/tags?post=107798"}],"curies":[{"name":"wp","href":"https:\/\/api.w.org\/{rel}","templated":true}]}}