{"id":107773,"date":"2024-09-25T08:40:37","date_gmt":"2024-09-25T11:40:37","guid":{"rendered":"https:\/\/www.noticiasradioreflejos.com.ar\/2021\/?p=107773"},"modified":"2024-09-25T08:40:37","modified_gmt":"2024-09-25T11:40:37","slug":"descubren-mutaciones-que-hacen-mas-fuerte-al-dengue-podrian-multiplicarse-los-contagios","status":"publish","type":"post","link":"https:\/\/www.noticiasradioreflejos.com.ar\/2021\/descubren-mutaciones-que-hacen-mas-fuerte-al-dengue-podrian-multiplicarse-los-contagios\/","title":{"rendered":"Descubren mutaciones que hacen m\u00e1s fuerte al Dengue: podr\u00edan multiplicarse los contagios"},"content":{"rendered":"<p>La noticia pone en alerta a la comunidad cient\u00edfica y a la poblaci\u00f3n civil ante la temporada propicia para el nacimiento de larvas de mosquitos que se avecina.<!--more--><\/p>\n<div class=\"sizer\" data-sizer=\"aspect-ratio\" data-tadevel-template=\"web\/aspect-ratio\"><\/div>\n<div class=\"article-body\" data-tadevel-template=\"web\/article-body\">\n<div class=\"article-body-content\">\n<p>El hallazgo que alarma a la ciudadan\u00eda result\u00f3 de un\u00a0<strong>estudio realizado por investigadores del Laboratorio de Neurobiolog\u00eda de Insectos de la\u00a0<\/strong><a href=\"https:\/\/noticiasargentinas.com\/politica\/la-unlp-exige-carnet-sanitario-para-la-vuelta-a-la-presencialidad\"><strong>Universidad Nacional de La Plata (UNLP)<\/strong><\/a>. Se trata de tres mutaciones gen\u00e9ticas en el mosquito que transmite la enfermedad del\u00a0<a href=\"https:\/\/noticiasargentinas.com\/sociedad\/llegaron-las-vacunas-gratuitas-contra-el-dengue--como-y-donde-conseguirlas_a66edbbc24f756c6b6a8c8f48\"><strong>Dengue\u00a0<\/strong><\/a>en el\u00a0<strong>\u00c1rea Metropolitana de Buenos Aires<\/strong>\u00a0(AMBA).\u00a0Las variantes podr\u00edan hacerlo m\u00e1s virulento y dif\u00edcil de controlar.<\/p>\n<\/div>\n<p><a href=\"https:\/\/www.noticiasradioreflejos.com.ar\/2021\/bomberos-de-tornquist-saldungaray-y-sierra-trabajan-en-un-incendio-en-la-zona-de-estomba\/fumigacion-pcia\/\" rel=\"attachment wp-att-97726\"><img loading=\"lazy\" decoding=\"async\" class=\"aligncenter size-full wp-image-97726\" src=\"https:\/\/www.noticiasradioreflejos.com.ar\/2021\/wp-content\/uploads\/2024\/01\/fumigacion-Pcia.jpg\" alt=\"\" width=\"1200\" height=\"675\" srcset=\"https:\/\/www.noticiasradioreflejos.com.ar\/2021\/wp-content\/uploads\/2024\/01\/fumigacion-Pcia.jpg 1200w, https:\/\/www.noticiasradioreflejos.com.ar\/2021\/wp-content\/uploads\/2024\/01\/fumigacion-Pcia-300x169.jpg 300w, https:\/\/www.noticiasradioreflejos.com.ar\/2021\/wp-content\/uploads\/2024\/01\/fumigacion-Pcia-1024x576.jpg 1024w, https:\/\/www.noticiasradioreflejos.com.ar\/2021\/wp-content\/uploads\/2024\/01\/fumigacion-Pcia-768x432.jpg 768w, https:\/\/www.noticiasradioreflejos.com.ar\/2021\/wp-content\/uploads\/2024\/01\/fumigacion-Pcia-750x422.jpg 750w, https:\/\/www.noticiasradioreflejos.com.ar\/2021\/wp-content\/uploads\/2024\/01\/fumigacion-Pcia-1140x641.jpg 1140w\" sizes=\"auto, (max-width: 1200px) 100vw, 1200px\" \/><\/a><\/p>\n<div class=\"article-body-content\">\n<p>De las investigaciones se desprende que<strong>\u00a0hasta hace 5 a\u00f1os las variantes<\/strong>\u00a0eran tan solo 1 resultantes del cambio gen\u00e9tico del insecto;\u00a0<strong>hoy son tres haci\u00e9ndolos m\u00e1s resistentes<\/strong>\u00a0y adem\u00e1s est\u00e1n m\u00e1s ampliamente extendidas.<\/p>\n<h3><strong>Qu\u00e9 podr\u00eda ocurrir en el verano 2024-2025<\/strong><\/h3>\n<p>Teniendo en cuenta que los expertos en meteorolog\u00eda\u00a0<strong>anuncian una primavera-verano<\/strong>\u00a0atravesada por el fen\u00f3meno de La Ni\u00f1a\u00a0<strong>d<\/strong><a href=\"https:\/\/noticiasargentinas.com\/sociedad\/como-estara-el-clima-hoy-martes-24-de-septiembre-en-buenos-aires_a66f23b11cda8ce600599cdba\"><strong>onde las precipitaciones ser\u00e1n escasas<\/strong><\/a>, el descubrimiento alerta, pero, con tales condiciones prematuramente hace pensar y planificar en esquemas de\u00a0<strong>fumigaci\u00f3n temprana\u00a0<\/strong>que ser\u00e1 fundamental para controlar el brote de dengue. Su eficacia depender\u00e1 de los trabajos previos que se lleven a cabo en los diversos distritos del pa\u00eds.<\/p>\n<p>Asimismo los investigadores esperan que este a\u00f1o haya muchos casos de dengue y, la resistencia en el mosquito vector transmisor del dengue , el\u00a0<strong>Aedes Aegypti<\/strong>, es grande en provincia de Buenos Aires.<\/p>\n<figure class=\"multimedia\" data-type=\"photo\" data-tadevel-template=\"web\/multimedia\"><a href=\"https:\/\/www.noticiasradioreflejos.com.ar\/2021\/gustavo-diaz-las-condiciones-estan-dadas-para-que-tengamos-dengue\/dengue\/\" rel=\"attachment wp-att-97290\"><img loading=\"lazy\" decoding=\"async\" class=\"aligncenter size-full wp-image-97290\" src=\"https:\/\/www.noticiasradioreflejos.com.ar\/2021\/wp-content\/uploads\/2024\/01\/dengue.jpg\" alt=\"\" width=\"964\" height=\"542\" srcset=\"https:\/\/www.noticiasradioreflejos.com.ar\/2021\/wp-content\/uploads\/2024\/01\/dengue.jpg 964w, https:\/\/www.noticiasradioreflejos.com.ar\/2021\/wp-content\/uploads\/2024\/01\/dengue-300x169.jpg 300w, https:\/\/www.noticiasradioreflejos.com.ar\/2021\/wp-content\/uploads\/2024\/01\/dengue-768x432.jpg 768w, https:\/\/www.noticiasradioreflejos.com.ar\/2021\/wp-content\/uploads\/2024\/01\/dengue-750x422.jpg 750w\" sizes=\"auto, (max-width: 964px) 100vw, 964px\" \/><\/a><\/figure>\n<p>En tal sentido,\u00a0<a href=\"https:\/\/noticiasargentinas.com\/sociedad\/sigue-el-calor-pero-vuelve-la-invasion-de-bichitos-negros\"><strong>advierten que las mutaciones le dan docilidad para responder a los insectos<\/strong><\/a>que se adaptan con facilidad a cada cambio de los diversos entornos.<\/p>\n<h3><strong>Consejos para prevenir el Dengue<\/strong><\/h3>\n<p><strong><u>Eliminar criaderos de mosquitos:<\/u><\/strong>revisarlos regularmente. Limpiar y vaciar recipientes que acumulen agua, como macetas, cubos y botellas. Tambi\u00e9n, cubrir tanques y cisternas, como as\u00ed tambi\u00e9n\u00a0 asegurarse de que est\u00e9n bien tapados para evitar la entrada de mosquitos.<\/p>\n<p><strong><u>Uso de repelentes:<\/u><\/strong>\u00a0aplicar repelente. Usar productos que contengan DEET, picaridin o aceite de eucalipto de lim\u00f3n en la piel expuesta y reaplicar regularmente especialmente despu\u00e9s de nadar o sudar.<\/p>\n<p><strong><u>Vestimenta adecuada:<\/u><\/strong>usar ropa de manga larga, camisas y pantalones largos de colores claros para reducir las picaduras. Adem\u00e1s, considerar usar insecticidas en la ropa para una protecci\u00f3n adicional.<\/p>\n<p><strong><u>Instalaci\u00f3n de mosquiteros:<\/u><\/strong>\u00a0Usar mosquiteros en ventanas y puertas: Esto ayuda a mantener a los mosquitos fuera de casa y dormir bajo mosquiteros: Especialmente en \u00e1reas donde el dengue es com\u00fan.<\/p>\n<p><strong><u>Educaci\u00f3n comunitaria:<\/u><\/strong>\u00a0Informar a la comunidad: Participa en campa\u00f1as locales sobre la prevenci\u00f3n del dengue y comparte informaci\u00f3n con tus vecinos.<\/p>\n<p><strong><u>Control profesional:\u00a0<\/u><\/strong>Solicitar fumigaciones: En caso de brotes, contactar a las autoridades de salud para la fumigaci\u00f3n en \u00e1reas afectadas.<\/p>\n<p>Todo lo que se haga ayudar\u00e1 a la\u00a0<strong>disminuci\u00f3n del riesgo de contraer dengue<\/strong>\u00a0y proteger a la salud. Cada acci\u00f3n individual, contribuye tambi\u00e9n al bien com\u00fan.<\/p>\n<p>&nbsp;<\/p>\n<\/div>\n<p><strong>Fuente NA<\/strong><\/p>\n<\/div>\n","protected":false},"excerpt":{"rendered":"<p>La noticia pone en alerta a la comunidad cient\u00edfica y a la poblaci\u00f3n civil ante la temporada propicia para el nacimiento de larvas de mosquitos que se avecina.<\/p>\n","protected":false},"author":3,"featured_media":96925,"comment_status":"closed","ping_status":"closed","sticky":false,"template":"","format":"standard","meta":{"footnotes":""},"categories":[30],"tags":[48],"class_list":["post-107773","post","type-post","status-publish","format-standard","has-post-thumbnail","hentry","category-salud","tag-destacada"],"yoast_head":"<!-- This site is optimized with the Yoast SEO plugin v25.9 - https:\/\/yoast.com\/wordpress\/plugins\/seo\/ -->\n<title>Descubren mutaciones que hacen m\u00e1s fuerte al Dengue: podr\u00edan multiplicarse los contagios - Noticias Radio Reflejos<\/title>\n<meta name=\"robots\" content=\"index, follow, max-snippet:-1, max-image-preview:large, max-video-preview:-1\" \/>\n<link rel=\"canonical\" href=\"https:\/\/www.noticiasradioreflejos.com.ar\/2021\/descubren-mutaciones-que-hacen-mas-fuerte-al-dengue-podrian-multiplicarse-los-contagios\/\" \/>\n<meta property=\"og:locale\" content=\"es_ES\" \/>\n<meta property=\"og:type\" content=\"article\" \/>\n<meta property=\"og:title\" content=\"Descubren mutaciones que hacen m\u00e1s fuerte al Dengue: podr\u00edan multiplicarse los contagios - Noticias Radio Reflejos\" \/>\n<meta property=\"og:description\" content=\"La noticia pone en alerta a la comunidad cient\u00edfica y a la poblaci\u00f3n civil ante la temporada propicia para el nacimiento de larvas de mosquitos que se avecina.\" \/>\n<meta property=\"og:url\" content=\"https:\/\/www.noticiasradioreflejos.com.ar\/2021\/descubren-mutaciones-que-hacen-mas-fuerte-al-dengue-podrian-multiplicarse-los-contagios\/\" \/>\n<meta property=\"og:site_name\" content=\"Noticias Radio Reflejos\" \/>\n<meta property=\"article:published_time\" content=\"2024-09-25T11:40:37+00:00\" \/>\n<meta property=\"og:image\" content=\"https:\/\/www.noticiasradioreflejos.com.ar\/2021\/wp-content\/uploads\/2023\/12\/Dengue-1-1.jpg\" \/>\n\t<meta property=\"og:image:width\" content=\"768\" \/>\n\t<meta property=\"og:image:height\" content=\"432\" \/>\n\t<meta property=\"og:image:type\" content=\"image\/jpeg\" \/>\n<meta name=\"author\" content=\"Arnaldo Botto\" \/>\n<meta name=\"twitter:card\" content=\"summary_large_image\" \/>\n<script type=\"application\/ld+json\" class=\"yoast-schema-graph\">{\"@context\":\"https:\/\/schema.org\",\"@graph\":[{\"@type\":\"WebPage\",\"@id\":\"https:\/\/www.noticiasradioreflejos.com.ar\/2021\/descubren-mutaciones-que-hacen-mas-fuerte-al-dengue-podrian-multiplicarse-los-contagios\/\",\"url\":\"https:\/\/www.noticiasradioreflejos.com.ar\/2021\/descubren-mutaciones-que-hacen-mas-fuerte-al-dengue-podrian-multiplicarse-los-contagios\/\",\"name\":\"Descubren mutaciones que hacen m\u00e1s fuerte al Dengue: podr\u00edan multiplicarse los contagios - Noticias Radio Reflejos\",\"isPartOf\":{\"@id\":\"https:\/\/www.noticiasradioreflejos.com.ar\/2021\/#website\"},\"primaryImageOfPage\":{\"@id\":\"https:\/\/www.noticiasradioreflejos.com.ar\/2021\/descubren-mutaciones-que-hacen-mas-fuerte-al-dengue-podrian-multiplicarse-los-contagios\/#primaryimage\"},\"image\":{\"@id\":\"https:\/\/www.noticiasradioreflejos.com.ar\/2021\/descubren-mutaciones-que-hacen-mas-fuerte-al-dengue-podrian-multiplicarse-los-contagios\/#primaryimage\"},\"thumbnailUrl\":\"https:\/\/www.noticiasradioreflejos.com.ar\/2021\/wp-content\/uploads\/2023\/12\/Dengue-1-1.jpg\",\"datePublished\":\"2024-09-25T11:40:37+00:00\",\"author\":{\"@id\":\"https:\/\/www.noticiasradioreflejos.com.ar\/2021\/#\/schema\/person\/ad82545263dcc5ec0996818884fd5fb1\"},\"breadcrumb\":{\"@id\":\"https:\/\/www.noticiasradioreflejos.com.ar\/2021\/descubren-mutaciones-que-hacen-mas-fuerte-al-dengue-podrian-multiplicarse-los-contagios\/#breadcrumb\"},\"inLanguage\":\"es\",\"potentialAction\":[{\"@type\":\"ReadAction\",\"target\":[\"https:\/\/www.noticiasradioreflejos.com.ar\/2021\/descubren-mutaciones-que-hacen-mas-fuerte-al-dengue-podrian-multiplicarse-los-contagios\/\"]}]},{\"@type\":\"ImageObject\",\"inLanguage\":\"es\",\"@id\":\"https:\/\/www.noticiasradioreflejos.com.ar\/2021\/descubren-mutaciones-que-hacen-mas-fuerte-al-dengue-podrian-multiplicarse-los-contagios\/#primaryimage\",\"url\":\"https:\/\/www.noticiasradioreflejos.com.ar\/2021\/wp-content\/uploads\/2023\/12\/Dengue-1-1.jpg\",\"contentUrl\":\"https:\/\/www.noticiasradioreflejos.com.ar\/2021\/wp-content\/uploads\/2023\/12\/Dengue-1-1.jpg\",\"width\":768,\"height\":432},{\"@type\":\"BreadcrumbList\",\"@id\":\"https:\/\/www.noticiasradioreflejos.com.ar\/2021\/descubren-mutaciones-que-hacen-mas-fuerte-al-dengue-podrian-multiplicarse-los-contagios\/#breadcrumb\",\"itemListElement\":[{\"@type\":\"ListItem\",\"position\":1,\"name\":\"Portada\",\"item\":\"https:\/\/www.noticiasradioreflejos.com.ar\/2021\/\"},{\"@type\":\"ListItem\",\"position\":2,\"name\":\"Descubren mutaciones que hacen m\u00e1s fuerte al Dengue: podr\u00edan multiplicarse los contagios\"}]},{\"@type\":\"WebSite\",\"@id\":\"https:\/\/www.noticiasradioreflejos.com.ar\/2021\/#website\",\"url\":\"https:\/\/www.noticiasradioreflejos.com.ar\/2021\/\",\"name\":\"Noticias Radio Reflejos\",\"description\":\"Las noticias de mi comarca\",\"potentialAction\":[{\"@type\":\"SearchAction\",\"target\":{\"@type\":\"EntryPoint\",\"urlTemplate\":\"https:\/\/www.noticiasradioreflejos.com.ar\/2021\/?s={search_term_string}\"},\"query-input\":{\"@type\":\"PropertyValueSpecification\",\"valueRequired\":true,\"valueName\":\"search_term_string\"}}],\"inLanguage\":\"es\"},{\"@type\":\"Person\",\"@id\":\"https:\/\/www.noticiasradioreflejos.com.ar\/2021\/#\/schema\/person\/ad82545263dcc5ec0996818884fd5fb1\",\"name\":\"Arnaldo Botto\",\"image\":{\"@type\":\"ImageObject\",\"inLanguage\":\"es\",\"@id\":\"https:\/\/www.noticiasradioreflejos.com.ar\/2021\/#\/schema\/person\/image\/\",\"url\":\"https:\/\/secure.gravatar.com\/avatar\/55cb5e37c1efa326397366e6974cb338056df65cb50e7d64d1cf314e87504837?s=96&d=mm&r=g\",\"contentUrl\":\"https:\/\/secure.gravatar.com\/avatar\/55cb5e37c1efa326397366e6974cb338056df65cb50e7d64d1cf314e87504837?s=96&d=mm&r=g\",\"caption\":\"Arnaldo Botto\"},\"url\":\"https:\/\/www.noticiasradioreflejos.com.ar\/2021\/author\/arnaldo\/\"}]}<\/script>\n<!-- \/ Yoast SEO plugin. -->","yoast_head_json":{"title":"Descubren mutaciones que hacen m\u00e1s fuerte al Dengue: podr\u00edan multiplicarse los contagios - Noticias Radio Reflejos","robots":{"index":"index","follow":"follow","max-snippet":"max-snippet:-1","max-image-preview":"max-image-preview:large","max-video-preview":"max-video-preview:-1"},"canonical":"https:\/\/www.noticiasradioreflejos.com.ar\/2021\/descubren-mutaciones-que-hacen-mas-fuerte-al-dengue-podrian-multiplicarse-los-contagios\/","og_locale":"es_ES","og_type":"article","og_title":"Descubren mutaciones que hacen m\u00e1s fuerte al Dengue: podr\u00edan multiplicarse los contagios - Noticias Radio Reflejos","og_description":"La noticia pone en alerta a la comunidad cient\u00edfica y a la poblaci\u00f3n civil ante la temporada propicia para el nacimiento de larvas de mosquitos que se avecina.","og_url":"https:\/\/www.noticiasradioreflejos.com.ar\/2021\/descubren-mutaciones-que-hacen-mas-fuerte-al-dengue-podrian-multiplicarse-los-contagios\/","og_site_name":"Noticias Radio Reflejos","article_published_time":"2024-09-25T11:40:37+00:00","og_image":[{"width":768,"height":432,"url":"https:\/\/www.noticiasradioreflejos.com.ar\/2021\/wp-content\/uploads\/2023\/12\/Dengue-1-1.jpg","type":"image\/jpeg"}],"author":"Arnaldo Botto","twitter_card":"summary_large_image","schema":{"@context":"https:\/\/schema.org","@graph":[{"@type":"WebPage","@id":"https:\/\/www.noticiasradioreflejos.com.ar\/2021\/descubren-mutaciones-que-hacen-mas-fuerte-al-dengue-podrian-multiplicarse-los-contagios\/","url":"https:\/\/www.noticiasradioreflejos.com.ar\/2021\/descubren-mutaciones-que-hacen-mas-fuerte-al-dengue-podrian-multiplicarse-los-contagios\/","name":"Descubren mutaciones que hacen m\u00e1s fuerte al Dengue: podr\u00edan multiplicarse los contagios - Noticias Radio Reflejos","isPartOf":{"@id":"https:\/\/www.noticiasradioreflejos.com.ar\/2021\/#website"},"primaryImageOfPage":{"@id":"https:\/\/www.noticiasradioreflejos.com.ar\/2021\/descubren-mutaciones-que-hacen-mas-fuerte-al-dengue-podrian-multiplicarse-los-contagios\/#primaryimage"},"image":{"@id":"https:\/\/www.noticiasradioreflejos.com.ar\/2021\/descubren-mutaciones-que-hacen-mas-fuerte-al-dengue-podrian-multiplicarse-los-contagios\/#primaryimage"},"thumbnailUrl":"https:\/\/www.noticiasradioreflejos.com.ar\/2021\/wp-content\/uploads\/2023\/12\/Dengue-1-1.jpg","datePublished":"2024-09-25T11:40:37+00:00","author":{"@id":"https:\/\/www.noticiasradioreflejos.com.ar\/2021\/#\/schema\/person\/ad82545263dcc5ec0996818884fd5fb1"},"breadcrumb":{"@id":"https:\/\/www.noticiasradioreflejos.com.ar\/2021\/descubren-mutaciones-que-hacen-mas-fuerte-al-dengue-podrian-multiplicarse-los-contagios\/#breadcrumb"},"inLanguage":"es","potentialAction":[{"@type":"ReadAction","target":["https:\/\/www.noticiasradioreflejos.com.ar\/2021\/descubren-mutaciones-que-hacen-mas-fuerte-al-dengue-podrian-multiplicarse-los-contagios\/"]}]},{"@type":"ImageObject","inLanguage":"es","@id":"https:\/\/www.noticiasradioreflejos.com.ar\/2021\/descubren-mutaciones-que-hacen-mas-fuerte-al-dengue-podrian-multiplicarse-los-contagios\/#primaryimage","url":"https:\/\/www.noticiasradioreflejos.com.ar\/2021\/wp-content\/uploads\/2023\/12\/Dengue-1-1.jpg","contentUrl":"https:\/\/www.noticiasradioreflejos.com.ar\/2021\/wp-content\/uploads\/2023\/12\/Dengue-1-1.jpg","width":768,"height":432},{"@type":"BreadcrumbList","@id":"https:\/\/www.noticiasradioreflejos.com.ar\/2021\/descubren-mutaciones-que-hacen-mas-fuerte-al-dengue-podrian-multiplicarse-los-contagios\/#breadcrumb","itemListElement":[{"@type":"ListItem","position":1,"name":"Portada","item":"https:\/\/www.noticiasradioreflejos.com.ar\/2021\/"},{"@type":"ListItem","position":2,"name":"Descubren mutaciones que hacen m\u00e1s fuerte al Dengue: podr\u00edan multiplicarse los contagios"}]},{"@type":"WebSite","@id":"https:\/\/www.noticiasradioreflejos.com.ar\/2021\/#website","url":"https:\/\/www.noticiasradioreflejos.com.ar\/2021\/","name":"Noticias Radio Reflejos","description":"Las noticias de mi comarca","potentialAction":[{"@type":"SearchAction","target":{"@type":"EntryPoint","urlTemplate":"https:\/\/www.noticiasradioreflejos.com.ar\/2021\/?s={search_term_string}"},"query-input":{"@type":"PropertyValueSpecification","valueRequired":true,"valueName":"search_term_string"}}],"inLanguage":"es"},{"@type":"Person","@id":"https:\/\/www.noticiasradioreflejos.com.ar\/2021\/#\/schema\/person\/ad82545263dcc5ec0996818884fd5fb1","name":"Arnaldo Botto","image":{"@type":"ImageObject","inLanguage":"es","@id":"https:\/\/www.noticiasradioreflejos.com.ar\/2021\/#\/schema\/person\/image\/","url":"https:\/\/secure.gravatar.com\/avatar\/55cb5e37c1efa326397366e6974cb338056df65cb50e7d64d1cf314e87504837?s=96&d=mm&r=g","contentUrl":"https:\/\/secure.gravatar.com\/avatar\/55cb5e37c1efa326397366e6974cb338056df65cb50e7d64d1cf314e87504837?s=96&d=mm&r=g","caption":"Arnaldo Botto"},"url":"https:\/\/www.noticiasradioreflejos.com.ar\/2021\/author\/arnaldo\/"}]}},"_links":{"self":[{"href":"https:\/\/www.noticiasradioreflejos.com.ar\/2021\/wp-json\/wp\/v2\/posts\/107773","targetHints":{"allow":["GET"]}}],"collection":[{"href":"https:\/\/www.noticiasradioreflejos.com.ar\/2021\/wp-json\/wp\/v2\/posts"}],"about":[{"href":"https:\/\/www.noticiasradioreflejos.com.ar\/2021\/wp-json\/wp\/v2\/types\/post"}],"author":[{"embeddable":true,"href":"https:\/\/www.noticiasradioreflejos.com.ar\/2021\/wp-json\/wp\/v2\/users\/3"}],"replies":[{"embeddable":true,"href":"https:\/\/www.noticiasradioreflejos.com.ar\/2021\/wp-json\/wp\/v2\/comments?post=107773"}],"version-history":[{"count":1,"href":"https:\/\/www.noticiasradioreflejos.com.ar\/2021\/wp-json\/wp\/v2\/posts\/107773\/revisions"}],"predecessor-version":[{"id":107774,"href":"https:\/\/www.noticiasradioreflejos.com.ar\/2021\/wp-json\/wp\/v2\/posts\/107773\/revisions\/107774"}],"wp:featuredmedia":[{"embeddable":true,"href":"https:\/\/www.noticiasradioreflejos.com.ar\/2021\/wp-json\/wp\/v2\/media\/96925"}],"wp:attachment":[{"href":"https:\/\/www.noticiasradioreflejos.com.ar\/2021\/wp-json\/wp\/v2\/media?parent=107773"}],"wp:term":[{"taxonomy":"category","embeddable":true,"href":"https:\/\/www.noticiasradioreflejos.com.ar\/2021\/wp-json\/wp\/v2\/categories?post=107773"},{"taxonomy":"post_tag","embeddable":true,"href":"https:\/\/www.noticiasradioreflejos.com.ar\/2021\/wp-json\/wp\/v2\/tags?post=107773"}],"curies":[{"name":"wp","href":"https:\/\/api.w.org\/{rel}","templated":true}]}}