{"id":107766,"date":"2024-09-25T07:24:07","date_gmt":"2024-09-25T10:24:07","guid":{"rendered":"https:\/\/www.noticiasradioreflejos.com.ar\/2021\/?p=107766"},"modified":"2024-09-25T09:51:31","modified_gmt":"2024-09-25T12:51:31","slug":"bonaerenses-porteno-y-automoto-voley-son-finalistas-y-viajan-a-mar-del-plata","status":"publish","type":"post","link":"https:\/\/www.noticiasradioreflejos.com.ar\/2021\/bonaerenses-porteno-y-automoto-voley-son-finalistas-y-viajan-a-mar-del-plata\/","title":{"rendered":"Bonaerenses: Porte\u00f1o y Automoto Voley son finalistas y viajan a Mar del Plata."},"content":{"rendered":"<ul>\n<li>Los equipos del Distrito\u00a0 de Tornquist se impusieron en la categor\u00eda <strong>Sub 18 masculino y femenino<\/strong> tras ser vencedores en el interregional de los Juegos Bonaerenses disputado este martes en el Club Olimpo de Bah\u00eda Blanca.<!--more--><\/li>\n<\/ul>\n<p>Doble jornada y doble alegr\u00eda para el v\u00f3leibol y todo el deporte de Tornquist durante la jornada de ayer en Olimpo.<\/p>\n<p>A las 12.15 hs el equipo masculino de Porte\u00f1o de Saldungaray (Inst. Fort\u00edn Pav\u00f3n &#8211; Saldungaray y EES N\u00b02 &#8211; Sierra de la Ventana) se enfrent\u00f3 a Villalonga y lo derrot\u00f3 por 2 a 0 en parciales de 25 11 y 25 -11. El equipo dirigido por Eber Piedrabuena tuvo una marcha impecable en estos juegos logrando todos triunfos por 2 a 0, que lo posicionan como invicto sin un solo set perdido y hab\u00eda llegado a esta instancia luego de superar la etapa regional dejando en el camino a 9 distritos.<\/p>\n<p><strong>El equipo est\u00e1 integrado por: Santiago Cardoso, Botto Mateo, Gallucci Franco, Artazcoz Mat\u00edas, Gallucci Valentino, Scharff Emilio, C\u00f3rdoba Uriel, Giorgi Juan, Esmoli Facundo y Brunet Juan.<\/strong><\/p>\n<p><a title=\"Porte\u00f1o\" href=\"https:\/\/www.flickr.com\/photos\/182279889@N02\/54020821520\/in\/dateposted-public\/\" data-flickr-embed=\"true\" data-header=\"true\"><img loading=\"lazy\" decoding=\"async\" class=\"aligncenter\" src=\"https:\/\/live.staticflickr.com\/65535\/54020821520_6c258fca0a_c.jpg\" alt=\"Porte\u00f1o\" width=\"599\" height=\"800\" \/><\/a><\/p>\n<p>Por su parte, el equipo femenino de<strong> Automoto (EES N\u00b0 1- Tornquist) dirigido por Sof\u00eda Urriaga<\/strong>, derrot\u00f3 a San Francisco de Bah\u00eda Blanca en tie break dando vuelta un partido\u00a0 en el que el primer set,\u00a0 terminaron en forma re\u00f1ida 23- 25 para imponerse 25 -21 y 15 -12.<\/p>\n<p>A<strong>utomoto est\u00e1 integrado por: Josefina Candal, Luc\u00eda Trankels, Luisina Miconi, Renata Muzi, Luisina Bayon, Camila Pacher, Josefina Manfredi y Catalina Fuhr.<\/strong><\/p>\n<p><a title=\"Automoto\" href=\"https:\/\/www.flickr.com\/photos\/182279889@N02\/54020607238\/in\/dateposted-public\/\" data-flickr-embed=\"true\" data-header=\"true\"><img loading=\"lazy\" decoding=\"async\" class=\"aligncenter\" src=\"https:\/\/live.staticflickr.com\/65535\/54020607238_3b74947e72_c.jpg\" alt=\"Automoto\" width=\"599\" height=\"800\" \/><\/a><\/p>\n<p>La delegaci\u00f3n de Tornquist ya cuenta con un centenar de finalistas y viajar\u00e1 el 27 de octubre a la feliz a medirse en deportes y cultura contra los mejores de toda la provincia.<\/p>\n","protected":false},"excerpt":{"rendered":"<p>Los equipos del Distrito\u00a0 de Tornquist se impusieron en la categor\u00eda Sub 18 masculino y femenino tras ser vencedores en el interregional de los Juegos Bonaerenses disputado este martes en el Club Olimpo de Bah\u00eda Blanca.<\/p>\n","protected":false},"author":3,"featured_media":107767,"comment_status":"closed","ping_status":"closed","sticky":false,"template":"","format":"standard","meta":{"footnotes":""},"categories":[27],"tags":[48],"class_list":["post-107766","post","type-post","status-publish","format-standard","has-post-thumbnail","hentry","category-deportes","tag-destacada"],"yoast_head":"<!-- This site is optimized with the Yoast SEO plugin v25.9 - https:\/\/yoast.com\/wordpress\/plugins\/seo\/ -->\n<title>Bonaerenses: Porte\u00f1o y Automoto Voley son finalistas y viajan a Mar del Plata. - Noticias Radio Reflejos<\/title>\n<meta name=\"robots\" content=\"index, follow, max-snippet:-1, max-image-preview:large, max-video-preview:-1\" \/>\n<link rel=\"canonical\" href=\"https:\/\/www.noticiasradioreflejos.com.ar\/2021\/bonaerenses-porteno-y-automoto-voley-son-finalistas-y-viajan-a-mar-del-plata\/\" \/>\n<meta property=\"og:locale\" content=\"es_ES\" \/>\n<meta property=\"og:type\" content=\"article\" \/>\n<meta property=\"og:title\" content=\"Bonaerenses: Porte\u00f1o y Automoto Voley son finalistas y viajan a Mar del Plata. - Noticias Radio Reflejos\" \/>\n<meta property=\"og:description\" content=\"Los equipos del Distrito\u00a0 de Tornquist se impusieron en la categor\u00eda Sub 18 masculino y femenino tras ser vencedores en el interregional de los Juegos Bonaerenses disputado este martes en el Club Olimpo de Bah\u00eda Blanca.\" \/>\n<meta property=\"og:url\" content=\"https:\/\/www.noticiasradioreflejos.com.ar\/2021\/bonaerenses-porteno-y-automoto-voley-son-finalistas-y-viajan-a-mar-del-plata\/\" \/>\n<meta property=\"og:site_name\" content=\"Noticias Radio Reflejos\" \/>\n<meta property=\"article:published_time\" content=\"2024-09-25T10:24:07+00:00\" \/>\n<meta property=\"article:modified_time\" content=\"2024-09-25T12:51:31+00:00\" \/>\n<meta property=\"og:image\" content=\"https:\/\/www.noticiasradioreflejos.com.ar\/2021\/wp-content\/uploads\/2024\/09\/Voley-finalistas.png\" \/>\n\t<meta property=\"og:image:width\" content=\"543\" \/>\n\t<meta property=\"og:image:height\" content=\"340\" \/>\n\t<meta property=\"og:image:type\" content=\"image\/png\" \/>\n<meta name=\"author\" content=\"Arnaldo Botto\" \/>\n<meta name=\"twitter:card\" content=\"summary_large_image\" \/>\n<script type=\"application\/ld+json\" class=\"yoast-schema-graph\">{\"@context\":\"https:\/\/schema.org\",\"@graph\":[{\"@type\":\"WebPage\",\"@id\":\"https:\/\/www.noticiasradioreflejos.com.ar\/2021\/bonaerenses-porteno-y-automoto-voley-son-finalistas-y-viajan-a-mar-del-plata\/\",\"url\":\"https:\/\/www.noticiasradioreflejos.com.ar\/2021\/bonaerenses-porteno-y-automoto-voley-son-finalistas-y-viajan-a-mar-del-plata\/\",\"name\":\"Bonaerenses: Porte\u00f1o y Automoto Voley son finalistas y viajan a Mar del Plata. - Noticias Radio Reflejos\",\"isPartOf\":{\"@id\":\"https:\/\/www.noticiasradioreflejos.com.ar\/2021\/#website\"},\"primaryImageOfPage\":{\"@id\":\"https:\/\/www.noticiasradioreflejos.com.ar\/2021\/bonaerenses-porteno-y-automoto-voley-son-finalistas-y-viajan-a-mar-del-plata\/#primaryimage\"},\"image\":{\"@id\":\"https:\/\/www.noticiasradioreflejos.com.ar\/2021\/bonaerenses-porteno-y-automoto-voley-son-finalistas-y-viajan-a-mar-del-plata\/#primaryimage\"},\"thumbnailUrl\":\"https:\/\/www.noticiasradioreflejos.com.ar\/2021\/wp-content\/uploads\/2024\/09\/Voley-finalistas.png\",\"datePublished\":\"2024-09-25T10:24:07+00:00\",\"dateModified\":\"2024-09-25T12:51:31+00:00\",\"author\":{\"@id\":\"https:\/\/www.noticiasradioreflejos.com.ar\/2021\/#\/schema\/person\/ad82545263dcc5ec0996818884fd5fb1\"},\"breadcrumb\":{\"@id\":\"https:\/\/www.noticiasradioreflejos.com.ar\/2021\/bonaerenses-porteno-y-automoto-voley-son-finalistas-y-viajan-a-mar-del-plata\/#breadcrumb\"},\"inLanguage\":\"es\",\"potentialAction\":[{\"@type\":\"ReadAction\",\"target\":[\"https:\/\/www.noticiasradioreflejos.com.ar\/2021\/bonaerenses-porteno-y-automoto-voley-son-finalistas-y-viajan-a-mar-del-plata\/\"]}]},{\"@type\":\"ImageObject\",\"inLanguage\":\"es\",\"@id\":\"https:\/\/www.noticiasradioreflejos.com.ar\/2021\/bonaerenses-porteno-y-automoto-voley-son-finalistas-y-viajan-a-mar-del-plata\/#primaryimage\",\"url\":\"https:\/\/www.noticiasradioreflejos.com.ar\/2021\/wp-content\/uploads\/2024\/09\/Voley-finalistas.png\",\"contentUrl\":\"https:\/\/www.noticiasradioreflejos.com.ar\/2021\/wp-content\/uploads\/2024\/09\/Voley-finalistas.png\",\"width\":543,\"height\":340},{\"@type\":\"BreadcrumbList\",\"@id\":\"https:\/\/www.noticiasradioreflejos.com.ar\/2021\/bonaerenses-porteno-y-automoto-voley-son-finalistas-y-viajan-a-mar-del-plata\/#breadcrumb\",\"itemListElement\":[{\"@type\":\"ListItem\",\"position\":1,\"name\":\"Portada\",\"item\":\"https:\/\/www.noticiasradioreflejos.com.ar\/2021\/\"},{\"@type\":\"ListItem\",\"position\":2,\"name\":\"Bonaerenses: Porte\u00f1o y Automoto Voley son finalistas y viajan a Mar del Plata.\"}]},{\"@type\":\"WebSite\",\"@id\":\"https:\/\/www.noticiasradioreflejos.com.ar\/2021\/#website\",\"url\":\"https:\/\/www.noticiasradioreflejos.com.ar\/2021\/\",\"name\":\"Noticias Radio Reflejos\",\"description\":\"Las noticias de mi comarca\",\"potentialAction\":[{\"@type\":\"SearchAction\",\"target\":{\"@type\":\"EntryPoint\",\"urlTemplate\":\"https:\/\/www.noticiasradioreflejos.com.ar\/2021\/?s={search_term_string}\"},\"query-input\":{\"@type\":\"PropertyValueSpecification\",\"valueRequired\":true,\"valueName\":\"search_term_string\"}}],\"inLanguage\":\"es\"},{\"@type\":\"Person\",\"@id\":\"https:\/\/www.noticiasradioreflejos.com.ar\/2021\/#\/schema\/person\/ad82545263dcc5ec0996818884fd5fb1\",\"name\":\"Arnaldo Botto\",\"image\":{\"@type\":\"ImageObject\",\"inLanguage\":\"es\",\"@id\":\"https:\/\/www.noticiasradioreflejos.com.ar\/2021\/#\/schema\/person\/image\/\",\"url\":\"https:\/\/secure.gravatar.com\/avatar\/55cb5e37c1efa326397366e6974cb338056df65cb50e7d64d1cf314e87504837?s=96&d=mm&r=g\",\"contentUrl\":\"https:\/\/secure.gravatar.com\/avatar\/55cb5e37c1efa326397366e6974cb338056df65cb50e7d64d1cf314e87504837?s=96&d=mm&r=g\",\"caption\":\"Arnaldo Botto\"},\"url\":\"https:\/\/www.noticiasradioreflejos.com.ar\/2021\/author\/arnaldo\/\"}]}<\/script>\n<!-- \/ Yoast SEO plugin. -->","yoast_head_json":{"title":"Bonaerenses: Porte\u00f1o y Automoto Voley son finalistas y viajan a Mar del Plata. - Noticias Radio Reflejos","robots":{"index":"index","follow":"follow","max-snippet":"max-snippet:-1","max-image-preview":"max-image-preview:large","max-video-preview":"max-video-preview:-1"},"canonical":"https:\/\/www.noticiasradioreflejos.com.ar\/2021\/bonaerenses-porteno-y-automoto-voley-son-finalistas-y-viajan-a-mar-del-plata\/","og_locale":"es_ES","og_type":"article","og_title":"Bonaerenses: Porte\u00f1o y Automoto Voley son finalistas y viajan a Mar del Plata. - Noticias Radio Reflejos","og_description":"Los equipos del Distrito\u00a0 de Tornquist se impusieron en la categor\u00eda Sub 18 masculino y femenino tras ser vencedores en el interregional de los Juegos Bonaerenses disputado este martes en el Club Olimpo de Bah\u00eda Blanca.","og_url":"https:\/\/www.noticiasradioreflejos.com.ar\/2021\/bonaerenses-porteno-y-automoto-voley-son-finalistas-y-viajan-a-mar-del-plata\/","og_site_name":"Noticias Radio Reflejos","article_published_time":"2024-09-25T10:24:07+00:00","article_modified_time":"2024-09-25T12:51:31+00:00","og_image":[{"width":543,"height":340,"url":"https:\/\/www.noticiasradioreflejos.com.ar\/2021\/wp-content\/uploads\/2024\/09\/Voley-finalistas.png","type":"image\/png"}],"author":"Arnaldo Botto","twitter_card":"summary_large_image","schema":{"@context":"https:\/\/schema.org","@graph":[{"@type":"WebPage","@id":"https:\/\/www.noticiasradioreflejos.com.ar\/2021\/bonaerenses-porteno-y-automoto-voley-son-finalistas-y-viajan-a-mar-del-plata\/","url":"https:\/\/www.noticiasradioreflejos.com.ar\/2021\/bonaerenses-porteno-y-automoto-voley-son-finalistas-y-viajan-a-mar-del-plata\/","name":"Bonaerenses: Porte\u00f1o y Automoto Voley son finalistas y viajan a Mar del Plata. - Noticias Radio Reflejos","isPartOf":{"@id":"https:\/\/www.noticiasradioreflejos.com.ar\/2021\/#website"},"primaryImageOfPage":{"@id":"https:\/\/www.noticiasradioreflejos.com.ar\/2021\/bonaerenses-porteno-y-automoto-voley-son-finalistas-y-viajan-a-mar-del-plata\/#primaryimage"},"image":{"@id":"https:\/\/www.noticiasradioreflejos.com.ar\/2021\/bonaerenses-porteno-y-automoto-voley-son-finalistas-y-viajan-a-mar-del-plata\/#primaryimage"},"thumbnailUrl":"https:\/\/www.noticiasradioreflejos.com.ar\/2021\/wp-content\/uploads\/2024\/09\/Voley-finalistas.png","datePublished":"2024-09-25T10:24:07+00:00","dateModified":"2024-09-25T12:51:31+00:00","author":{"@id":"https:\/\/www.noticiasradioreflejos.com.ar\/2021\/#\/schema\/person\/ad82545263dcc5ec0996818884fd5fb1"},"breadcrumb":{"@id":"https:\/\/www.noticiasradioreflejos.com.ar\/2021\/bonaerenses-porteno-y-automoto-voley-son-finalistas-y-viajan-a-mar-del-plata\/#breadcrumb"},"inLanguage":"es","potentialAction":[{"@type":"ReadAction","target":["https:\/\/www.noticiasradioreflejos.com.ar\/2021\/bonaerenses-porteno-y-automoto-voley-son-finalistas-y-viajan-a-mar-del-plata\/"]}]},{"@type":"ImageObject","inLanguage":"es","@id":"https:\/\/www.noticiasradioreflejos.com.ar\/2021\/bonaerenses-porteno-y-automoto-voley-son-finalistas-y-viajan-a-mar-del-plata\/#primaryimage","url":"https:\/\/www.noticiasradioreflejos.com.ar\/2021\/wp-content\/uploads\/2024\/09\/Voley-finalistas.png","contentUrl":"https:\/\/www.noticiasradioreflejos.com.ar\/2021\/wp-content\/uploads\/2024\/09\/Voley-finalistas.png","width":543,"height":340},{"@type":"BreadcrumbList","@id":"https:\/\/www.noticiasradioreflejos.com.ar\/2021\/bonaerenses-porteno-y-automoto-voley-son-finalistas-y-viajan-a-mar-del-plata\/#breadcrumb","itemListElement":[{"@type":"ListItem","position":1,"name":"Portada","item":"https:\/\/www.noticiasradioreflejos.com.ar\/2021\/"},{"@type":"ListItem","position":2,"name":"Bonaerenses: Porte\u00f1o y Automoto Voley son finalistas y viajan a Mar del Plata."}]},{"@type":"WebSite","@id":"https:\/\/www.noticiasradioreflejos.com.ar\/2021\/#website","url":"https:\/\/www.noticiasradioreflejos.com.ar\/2021\/","name":"Noticias Radio Reflejos","description":"Las noticias de mi comarca","potentialAction":[{"@type":"SearchAction","target":{"@type":"EntryPoint","urlTemplate":"https:\/\/www.noticiasradioreflejos.com.ar\/2021\/?s={search_term_string}"},"query-input":{"@type":"PropertyValueSpecification","valueRequired":true,"valueName":"search_term_string"}}],"inLanguage":"es"},{"@type":"Person","@id":"https:\/\/www.noticiasradioreflejos.com.ar\/2021\/#\/schema\/person\/ad82545263dcc5ec0996818884fd5fb1","name":"Arnaldo Botto","image":{"@type":"ImageObject","inLanguage":"es","@id":"https:\/\/www.noticiasradioreflejos.com.ar\/2021\/#\/schema\/person\/image\/","url":"https:\/\/secure.gravatar.com\/avatar\/55cb5e37c1efa326397366e6974cb338056df65cb50e7d64d1cf314e87504837?s=96&d=mm&r=g","contentUrl":"https:\/\/secure.gravatar.com\/avatar\/55cb5e37c1efa326397366e6974cb338056df65cb50e7d64d1cf314e87504837?s=96&d=mm&r=g","caption":"Arnaldo Botto"},"url":"https:\/\/www.noticiasradioreflejos.com.ar\/2021\/author\/arnaldo\/"}]}},"_links":{"self":[{"href":"https:\/\/www.noticiasradioreflejos.com.ar\/2021\/wp-json\/wp\/v2\/posts\/107766","targetHints":{"allow":["GET"]}}],"collection":[{"href":"https:\/\/www.noticiasradioreflejos.com.ar\/2021\/wp-json\/wp\/v2\/posts"}],"about":[{"href":"https:\/\/www.noticiasradioreflejos.com.ar\/2021\/wp-json\/wp\/v2\/types\/post"}],"author":[{"embeddable":true,"href":"https:\/\/www.noticiasradioreflejos.com.ar\/2021\/wp-json\/wp\/v2\/users\/3"}],"replies":[{"embeddable":true,"href":"https:\/\/www.noticiasradioreflejos.com.ar\/2021\/wp-json\/wp\/v2\/comments?post=107766"}],"version-history":[{"count":4,"href":"https:\/\/www.noticiasradioreflejos.com.ar\/2021\/wp-json\/wp\/v2\/posts\/107766\/revisions"}],"predecessor-version":[{"id":107777,"href":"https:\/\/www.noticiasradioreflejos.com.ar\/2021\/wp-json\/wp\/v2\/posts\/107766\/revisions\/107777"}],"wp:featuredmedia":[{"embeddable":true,"href":"https:\/\/www.noticiasradioreflejos.com.ar\/2021\/wp-json\/wp\/v2\/media\/107767"}],"wp:attachment":[{"href":"https:\/\/www.noticiasradioreflejos.com.ar\/2021\/wp-json\/wp\/v2\/media?parent=107766"}],"wp:term":[{"taxonomy":"category","embeddable":true,"href":"https:\/\/www.noticiasradioreflejos.com.ar\/2021\/wp-json\/wp\/v2\/categories?post=107766"},{"taxonomy":"post_tag","embeddable":true,"href":"https:\/\/www.noticiasradioreflejos.com.ar\/2021\/wp-json\/wp\/v2\/tags?post=107766"}],"curies":[{"name":"wp","href":"https:\/\/api.w.org\/{rel}","templated":true}]}}