{"id":107749,"date":"2024-09-24T19:08:35","date_gmt":"2024-09-24T22:08:35","guid":{"rendered":"https:\/\/www.noticiasradioreflejos.com.ar\/2021\/?p=107749"},"modified":"2024-09-24T19:08:35","modified_gmt":"2024-09-24T22:08:35","slug":"la-ministra-estela-diaz-participo-de-las-actividades-en-la-region-sexta-junto-a-la-directora-ximena-martel","status":"publish","type":"post","link":"https:\/\/www.noticiasradioreflejos.com.ar\/2021\/la-ministra-estela-diaz-participo-de-las-actividades-en-la-region-sexta-junto-a-la-directora-ximena-martel\/","title":{"rendered":"La Ministra Estela D\u00edaz particip\u00f3 de las actividades en la Regi\u00f3n Sexta, junto a la directora Ximena Martel"},"content":{"rendered":"<p>Durante el d\u00eda viernes 20 y el s\u00e1bado 21 se desarrollaron diversas actividades del Ministerio de Mujeres y Diversidad en la regi\u00f3n, contando con la participaci\u00f2n de la Ministra Estela D\u00ecaz, la Secretaria de Pol\u00ecticas Transversales Lidia Fernandez, la Subsecretaria de Regiones Silvia Zaballa y la Directora de la Regi\u00f3n Sexta Ximena Martel.<!--more--><\/p>\n<p><a data-flickr-embed=\"true\" href=\"https:\/\/www.flickr.com\/photos\/182279889@N02\/54019888980\/in\/dateposted-public\/\" title=\"_MG_8077\"><img loading=\"lazy\" decoding=\"async\" src=\"https:\/\/live.staticflickr.com\/65535\/54019888980_2971fe1d25_o.jpg\" width=\"1620\" height=\"1080\" alt=\"_MG_8077\"\/><\/a><script async src=\"\/\/embedr.flickr.com\/assets\/client-code.js\" charset=\"utf-8\"><\/script><\/p>\n<p>Durante el viernes 20 se desarroll\u00f3 en la ciudad de Daireaux el segundo Consejo de Pol\u00edticas de G\u00e9nero y Diversidad para los municipios de la Sexta, contando con la participaci\u00f3n de las \u00e1reas de g\u00e9nero de los distritos de Benito Ju\u00e1rez, Gral. Lamadrid, Daireaux, Cnel. Dorrego, Laprida, Monte Hermoso, Pellegrini, Pu\u00e1n, Saavedra, Salliquel\u00f3, Tornquist, Tres Arroyos y Tres Lomas.<\/p>\n<p>El Consejo es una pol\u00edtica p\u00f9blica propuesta por la Direcci\u00f3n de Pol\u00ecticas Transversales, a cargo de Cintia Nuncifora, que tiene como objetivo transversalizar el enfoque de g\u00e8nero a nivel local y generar acuerdos entre municipios para el desarrollo de pol\u00edticas p\u00f9blicas en la regi\u00f2n. Particip\u00f3 del cierre de este encuentro la Ministra Estela D\u00ecaz.En su visita a la ciudad de Daireaux, la  Ministra junto al intendente Alejandro Acerbo, firmaron los convenios de adhesi\u00f3n a los programas \u201cMunicipios por la Igualdad\u201d y \u201cMonitoreo Electr\u00f3nico de Situaciones de Alto Riesgo\u201d y compartieron actividades destinadas a fortalecer las pol\u00edticas de g\u00e9nero en el distrito.  <\/p>\n<p>Durante el dia s\u00e1bado 21, la ministra Estela D\u00edaz particip\u00f3 de la apertura del Consejo Consultivo de Pol\u00edticas de G\u00e9nero y Diversidad Sexual con organizaciones sociales, sindicales y comunitarias, que se realiz\u00f3 en la ciudad de Carhu\u00e9 y reuni\u00f3 a referentas de numerosos distritos bonaerenses. <\/p>\n<p>\u201cPara nosotras la regionalizaci\u00f3n de los Consejos es una estrategia fundamental porque nuestra Provincia es muy extensa, muy diversa y plural. Claramente necesitamos que el abordaje de las tem\u00e1ticas de g\u00e9nero se sit\u00fae de la manera m\u00e1s cercana posible porque tenemos realidades muy diferentes\u201d, sostuvo Estela D\u00edaz.<\/p>\n<p>Los Consejos Consultivos, que se realizan en toda la Provincia, son un espacio de encuentro e intercambio entre el Estado y las organizaciones territoriales que permite fortalecer las pol\u00edticas p\u00fablicas en relaci\u00f3n al abordaje de las violencias por razones de g\u00e9nero y a la promoci\u00f3n de los derechos de las mujeres y diversidades. <\/p>\n<p>La jornada fue acompa\u00f1ada por la directora provincial de Regiones, Silvia Zaballa, y la directora de Regi\u00f3n Sexta, Ximena Martel, y cont\u00f3 con la presencia de representantes de organizaciones de los municipios de Adolfo Alsina, Bah\u00eda Blanca, Daireaux, Pellegrini, Pu\u00e1n, Saavedra y Tres Arroyos y, de manera virtual, Bah\u00eda Blanca, Carmen de Patagones, Coronel Dorrego, Coronel Rosales, Coronel Pringles, Daireaux, Laprida, Saavedra, Salliquel\u00f3, Tres Arroyos, Tornquist y Villarino. <\/p>\n<p>En el marco de la recorrida por Adolfo Alsina, la Ministra tambi\u00e9n visit\u00f3 el taller de arte textil del programa municipal \u201cJ\u00f3venes en Trama\u201d, donde convers\u00f3 con las y los j\u00f3venes e hizo entrega de materiales del programa provincial \u201cESI con amigues\u201d para que contin\u00faen abordando esta tem\u00e1tica a trav\u00e9s de talleres y actividades l\u00fadicas.  <\/p>\n","protected":false},"excerpt":{"rendered":"<p>Durante el d\u00eda viernes 20 y el s\u00e1bado 21 se desarrollaron diversas actividades del Ministerio de Mujeres y Diversidad en la regi\u00f3n, contando con la participaci\u00f2n de la Ministra Estela D\u00ecaz, la Secretaria de Pol\u00ecticas Transversales Lidia Fernandez, la Subsecretaria de Regiones Silvia Zaballa y la Directora de la Regi\u00f3n Sexta Ximena Martel.<\/p>\n","protected":false},"author":3,"featured_media":0,"comment_status":"closed","ping_status":"closed","sticky":false,"template":"","format":"standard","meta":{"footnotes":""},"categories":[24],"tags":[],"class_list":["post-107749","post","type-post","status-publish","format-standard","hentry","category-politica"],"yoast_head":"<!-- This site is optimized with the Yoast SEO plugin v25.9 - https:\/\/yoast.com\/wordpress\/plugins\/seo\/ -->\n<title>La Ministra Estela D\u00edaz particip\u00f3 de las actividades en la Regi\u00f3n Sexta, junto a la directora Ximena Martel - Noticias Radio Reflejos<\/title>\n<meta name=\"robots\" content=\"index, follow, max-snippet:-1, max-image-preview:large, max-video-preview:-1\" \/>\n<link rel=\"canonical\" href=\"https:\/\/www.noticiasradioreflejos.com.ar\/2021\/la-ministra-estela-diaz-participo-de-las-actividades-en-la-region-sexta-junto-a-la-directora-ximena-martel\/\" \/>\n<meta property=\"og:locale\" content=\"es_ES\" \/>\n<meta property=\"og:type\" content=\"article\" \/>\n<meta property=\"og:title\" content=\"La Ministra Estela D\u00edaz particip\u00f3 de las actividades en la Regi\u00f3n Sexta, junto a la directora Ximena Martel - Noticias Radio Reflejos\" \/>\n<meta property=\"og:description\" content=\"Durante el d\u00eda viernes 20 y el s\u00e1bado 21 se desarrollaron diversas actividades del Ministerio de Mujeres y Diversidad en la regi\u00f3n, contando con la participaci\u00f2n de la Ministra Estela D\u00ecaz, la Secretaria de Pol\u00ecticas Transversales Lidia Fernandez, la Subsecretaria de Regiones Silvia Zaballa y la Directora de la Regi\u00f3n Sexta Ximena Martel.\" \/>\n<meta property=\"og:url\" content=\"https:\/\/www.noticiasradioreflejos.com.ar\/2021\/la-ministra-estela-diaz-participo-de-las-actividades-en-la-region-sexta-junto-a-la-directora-ximena-martel\/\" \/>\n<meta property=\"og:site_name\" content=\"Noticias Radio Reflejos\" \/>\n<meta property=\"article:published_time\" content=\"2024-09-24T22:08:35+00:00\" \/>\n<meta property=\"og:image\" content=\"https:\/\/live.staticflickr.com\/65535\/54019888980_2971fe1d25_o.jpg\" \/>\n<meta name=\"author\" content=\"Arnaldo Botto\" \/>\n<meta name=\"twitter:card\" content=\"summary_large_image\" \/>\n<script type=\"application\/ld+json\" class=\"yoast-schema-graph\">{\"@context\":\"https:\/\/schema.org\",\"@graph\":[{\"@type\":\"WebPage\",\"@id\":\"https:\/\/www.noticiasradioreflejos.com.ar\/2021\/la-ministra-estela-diaz-participo-de-las-actividades-en-la-region-sexta-junto-a-la-directora-ximena-martel\/\",\"url\":\"https:\/\/www.noticiasradioreflejos.com.ar\/2021\/la-ministra-estela-diaz-participo-de-las-actividades-en-la-region-sexta-junto-a-la-directora-ximena-martel\/\",\"name\":\"La Ministra Estela D\u00edaz particip\u00f3 de las actividades en la Regi\u00f3n Sexta, junto a la directora Ximena Martel - Noticias Radio Reflejos\",\"isPartOf\":{\"@id\":\"https:\/\/www.noticiasradioreflejos.com.ar\/2021\/#website\"},\"primaryImageOfPage\":{\"@id\":\"https:\/\/www.noticiasradioreflejos.com.ar\/2021\/la-ministra-estela-diaz-participo-de-las-actividades-en-la-region-sexta-junto-a-la-directora-ximena-martel\/#primaryimage\"},\"image\":{\"@id\":\"https:\/\/www.noticiasradioreflejos.com.ar\/2021\/la-ministra-estela-diaz-participo-de-las-actividades-en-la-region-sexta-junto-a-la-directora-ximena-martel\/#primaryimage\"},\"thumbnailUrl\":\"https:\/\/live.staticflickr.com\/65535\/54019888980_2971fe1d25_o.jpg\",\"datePublished\":\"2024-09-24T22:08:35+00:00\",\"author\":{\"@id\":\"https:\/\/www.noticiasradioreflejos.com.ar\/2021\/#\/schema\/person\/ad82545263dcc5ec0996818884fd5fb1\"},\"breadcrumb\":{\"@id\":\"https:\/\/www.noticiasradioreflejos.com.ar\/2021\/la-ministra-estela-diaz-participo-de-las-actividades-en-la-region-sexta-junto-a-la-directora-ximena-martel\/#breadcrumb\"},\"inLanguage\":\"es\",\"potentialAction\":[{\"@type\":\"ReadAction\",\"target\":[\"https:\/\/www.noticiasradioreflejos.com.ar\/2021\/la-ministra-estela-diaz-participo-de-las-actividades-en-la-region-sexta-junto-a-la-directora-ximena-martel\/\"]}]},{\"@type\":\"ImageObject\",\"inLanguage\":\"es\",\"@id\":\"https:\/\/www.noticiasradioreflejos.com.ar\/2021\/la-ministra-estela-diaz-participo-de-las-actividades-en-la-region-sexta-junto-a-la-directora-ximena-martel\/#primaryimage\",\"url\":\"https:\/\/live.staticflickr.com\/65535\/54019888980_2971fe1d25_o.jpg\",\"contentUrl\":\"https:\/\/live.staticflickr.com\/65535\/54019888980_2971fe1d25_o.jpg\"},{\"@type\":\"BreadcrumbList\",\"@id\":\"https:\/\/www.noticiasradioreflejos.com.ar\/2021\/la-ministra-estela-diaz-participo-de-las-actividades-en-la-region-sexta-junto-a-la-directora-ximena-martel\/#breadcrumb\",\"itemListElement\":[{\"@type\":\"ListItem\",\"position\":1,\"name\":\"Portada\",\"item\":\"https:\/\/www.noticiasradioreflejos.com.ar\/2021\/\"},{\"@type\":\"ListItem\",\"position\":2,\"name\":\"La Ministra Estela D\u00edaz particip\u00f3 de las actividades en la Regi\u00f3n Sexta, junto a la directora Ximena Martel\"}]},{\"@type\":\"WebSite\",\"@id\":\"https:\/\/www.noticiasradioreflejos.com.ar\/2021\/#website\",\"url\":\"https:\/\/www.noticiasradioreflejos.com.ar\/2021\/\",\"name\":\"Noticias Radio Reflejos\",\"description\":\"Las noticias de mi comarca\",\"potentialAction\":[{\"@type\":\"SearchAction\",\"target\":{\"@type\":\"EntryPoint\",\"urlTemplate\":\"https:\/\/www.noticiasradioreflejos.com.ar\/2021\/?s={search_term_string}\"},\"query-input\":{\"@type\":\"PropertyValueSpecification\",\"valueRequired\":true,\"valueName\":\"search_term_string\"}}],\"inLanguage\":\"es\"},{\"@type\":\"Person\",\"@id\":\"https:\/\/www.noticiasradioreflejos.com.ar\/2021\/#\/schema\/person\/ad82545263dcc5ec0996818884fd5fb1\",\"name\":\"Arnaldo Botto\",\"image\":{\"@type\":\"ImageObject\",\"inLanguage\":\"es\",\"@id\":\"https:\/\/www.noticiasradioreflejos.com.ar\/2021\/#\/schema\/person\/image\/\",\"url\":\"https:\/\/secure.gravatar.com\/avatar\/55cb5e37c1efa326397366e6974cb338056df65cb50e7d64d1cf314e87504837?s=96&d=mm&r=g\",\"contentUrl\":\"https:\/\/secure.gravatar.com\/avatar\/55cb5e37c1efa326397366e6974cb338056df65cb50e7d64d1cf314e87504837?s=96&d=mm&r=g\",\"caption\":\"Arnaldo Botto\"},\"url\":\"https:\/\/www.noticiasradioreflejos.com.ar\/2021\/author\/arnaldo\/\"}]}<\/script>\n<!-- \/ Yoast SEO plugin. -->","yoast_head_json":{"title":"La Ministra Estela D\u00edaz particip\u00f3 de las actividades en la Regi\u00f3n Sexta, junto a la directora Ximena Martel - Noticias Radio Reflejos","robots":{"index":"index","follow":"follow","max-snippet":"max-snippet:-1","max-image-preview":"max-image-preview:large","max-video-preview":"max-video-preview:-1"},"canonical":"https:\/\/www.noticiasradioreflejos.com.ar\/2021\/la-ministra-estela-diaz-participo-de-las-actividades-en-la-region-sexta-junto-a-la-directora-ximena-martel\/","og_locale":"es_ES","og_type":"article","og_title":"La Ministra Estela D\u00edaz particip\u00f3 de las actividades en la Regi\u00f3n Sexta, junto a la directora Ximena Martel - Noticias Radio Reflejos","og_description":"Durante el d\u00eda viernes 20 y el s\u00e1bado 21 se desarrollaron diversas actividades del Ministerio de Mujeres y Diversidad en la regi\u00f3n, contando con la participaci\u00f2n de la Ministra Estela D\u00ecaz, la Secretaria de Pol\u00ecticas Transversales Lidia Fernandez, la Subsecretaria de Regiones Silvia Zaballa y la Directora de la Regi\u00f3n Sexta Ximena Martel.","og_url":"https:\/\/www.noticiasradioreflejos.com.ar\/2021\/la-ministra-estela-diaz-participo-de-las-actividades-en-la-region-sexta-junto-a-la-directora-ximena-martel\/","og_site_name":"Noticias Radio Reflejos","article_published_time":"2024-09-24T22:08:35+00:00","og_image":[{"url":"https:\/\/live.staticflickr.com\/65535\/54019888980_2971fe1d25_o.jpg","type":"","width":"","height":""}],"author":"Arnaldo Botto","twitter_card":"summary_large_image","schema":{"@context":"https:\/\/schema.org","@graph":[{"@type":"WebPage","@id":"https:\/\/www.noticiasradioreflejos.com.ar\/2021\/la-ministra-estela-diaz-participo-de-las-actividades-en-la-region-sexta-junto-a-la-directora-ximena-martel\/","url":"https:\/\/www.noticiasradioreflejos.com.ar\/2021\/la-ministra-estela-diaz-participo-de-las-actividades-en-la-region-sexta-junto-a-la-directora-ximena-martel\/","name":"La Ministra Estela D\u00edaz particip\u00f3 de las actividades en la Regi\u00f3n Sexta, junto a la directora Ximena Martel - Noticias Radio Reflejos","isPartOf":{"@id":"https:\/\/www.noticiasradioreflejos.com.ar\/2021\/#website"},"primaryImageOfPage":{"@id":"https:\/\/www.noticiasradioreflejos.com.ar\/2021\/la-ministra-estela-diaz-participo-de-las-actividades-en-la-region-sexta-junto-a-la-directora-ximena-martel\/#primaryimage"},"image":{"@id":"https:\/\/www.noticiasradioreflejos.com.ar\/2021\/la-ministra-estela-diaz-participo-de-las-actividades-en-la-region-sexta-junto-a-la-directora-ximena-martel\/#primaryimage"},"thumbnailUrl":"https:\/\/live.staticflickr.com\/65535\/54019888980_2971fe1d25_o.jpg","datePublished":"2024-09-24T22:08:35+00:00","author":{"@id":"https:\/\/www.noticiasradioreflejos.com.ar\/2021\/#\/schema\/person\/ad82545263dcc5ec0996818884fd5fb1"},"breadcrumb":{"@id":"https:\/\/www.noticiasradioreflejos.com.ar\/2021\/la-ministra-estela-diaz-participo-de-las-actividades-en-la-region-sexta-junto-a-la-directora-ximena-martel\/#breadcrumb"},"inLanguage":"es","potentialAction":[{"@type":"ReadAction","target":["https:\/\/www.noticiasradioreflejos.com.ar\/2021\/la-ministra-estela-diaz-participo-de-las-actividades-en-la-region-sexta-junto-a-la-directora-ximena-martel\/"]}]},{"@type":"ImageObject","inLanguage":"es","@id":"https:\/\/www.noticiasradioreflejos.com.ar\/2021\/la-ministra-estela-diaz-participo-de-las-actividades-en-la-region-sexta-junto-a-la-directora-ximena-martel\/#primaryimage","url":"https:\/\/live.staticflickr.com\/65535\/54019888980_2971fe1d25_o.jpg","contentUrl":"https:\/\/live.staticflickr.com\/65535\/54019888980_2971fe1d25_o.jpg"},{"@type":"BreadcrumbList","@id":"https:\/\/www.noticiasradioreflejos.com.ar\/2021\/la-ministra-estela-diaz-participo-de-las-actividades-en-la-region-sexta-junto-a-la-directora-ximena-martel\/#breadcrumb","itemListElement":[{"@type":"ListItem","position":1,"name":"Portada","item":"https:\/\/www.noticiasradioreflejos.com.ar\/2021\/"},{"@type":"ListItem","position":2,"name":"La Ministra Estela D\u00edaz particip\u00f3 de las actividades en la Regi\u00f3n Sexta, junto a la directora Ximena Martel"}]},{"@type":"WebSite","@id":"https:\/\/www.noticiasradioreflejos.com.ar\/2021\/#website","url":"https:\/\/www.noticiasradioreflejos.com.ar\/2021\/","name":"Noticias Radio Reflejos","description":"Las noticias de mi comarca","potentialAction":[{"@type":"SearchAction","target":{"@type":"EntryPoint","urlTemplate":"https:\/\/www.noticiasradioreflejos.com.ar\/2021\/?s={search_term_string}"},"query-input":{"@type":"PropertyValueSpecification","valueRequired":true,"valueName":"search_term_string"}}],"inLanguage":"es"},{"@type":"Person","@id":"https:\/\/www.noticiasradioreflejos.com.ar\/2021\/#\/schema\/person\/ad82545263dcc5ec0996818884fd5fb1","name":"Arnaldo Botto","image":{"@type":"ImageObject","inLanguage":"es","@id":"https:\/\/www.noticiasradioreflejos.com.ar\/2021\/#\/schema\/person\/image\/","url":"https:\/\/secure.gravatar.com\/avatar\/55cb5e37c1efa326397366e6974cb338056df65cb50e7d64d1cf314e87504837?s=96&d=mm&r=g","contentUrl":"https:\/\/secure.gravatar.com\/avatar\/55cb5e37c1efa326397366e6974cb338056df65cb50e7d64d1cf314e87504837?s=96&d=mm&r=g","caption":"Arnaldo Botto"},"url":"https:\/\/www.noticiasradioreflejos.com.ar\/2021\/author\/arnaldo\/"}]}},"_links":{"self":[{"href":"https:\/\/www.noticiasradioreflejos.com.ar\/2021\/wp-json\/wp\/v2\/posts\/107749","targetHints":{"allow":["GET"]}}],"collection":[{"href":"https:\/\/www.noticiasradioreflejos.com.ar\/2021\/wp-json\/wp\/v2\/posts"}],"about":[{"href":"https:\/\/www.noticiasradioreflejos.com.ar\/2021\/wp-json\/wp\/v2\/types\/post"}],"author":[{"embeddable":true,"href":"https:\/\/www.noticiasradioreflejos.com.ar\/2021\/wp-json\/wp\/v2\/users\/3"}],"replies":[{"embeddable":true,"href":"https:\/\/www.noticiasradioreflejos.com.ar\/2021\/wp-json\/wp\/v2\/comments?post=107749"}],"version-history":[{"count":2,"href":"https:\/\/www.noticiasradioreflejos.com.ar\/2021\/wp-json\/wp\/v2\/posts\/107749\/revisions"}],"predecessor-version":[{"id":107761,"href":"https:\/\/www.noticiasradioreflejos.com.ar\/2021\/wp-json\/wp\/v2\/posts\/107749\/revisions\/107761"}],"wp:attachment":[{"href":"https:\/\/www.noticiasradioreflejos.com.ar\/2021\/wp-json\/wp\/v2\/media?parent=107749"}],"wp:term":[{"taxonomy":"category","embeddable":true,"href":"https:\/\/www.noticiasradioreflejos.com.ar\/2021\/wp-json\/wp\/v2\/categories?post=107749"},{"taxonomy":"post_tag","embeddable":true,"href":"https:\/\/www.noticiasradioreflejos.com.ar\/2021\/wp-json\/wp\/v2\/tags?post=107749"}],"curies":[{"name":"wp","href":"https:\/\/api.w.org\/{rel}","templated":true}]}}