{"id":107722,"date":"2024-09-23T16:17:43","date_gmt":"2024-09-23T19:17:43","guid":{"rendered":"https:\/\/www.noticiasradioreflejos.com.ar\/2021\/?p=107722"},"modified":"2024-09-23T16:17:43","modified_gmt":"2024-09-23T19:17:43","slug":"el-taller-de-punta-de-la-comarca-amplia-sus-servicios","status":"publish","type":"post","link":"https:\/\/www.noticiasradioreflejos.com.ar\/2021\/el-taller-de-punta-de-la-comarca-amplia-sus-servicios\/","title":{"rendered":"El taller de punta de la comarca ampl\u00eda sus servicios"},"content":{"rendered":"<p><strong>Marcelo Castillo<\/strong><em>, propietario de MAC, coment\u00f3 las \u00faltimas innovaciones que sumaron al espacio que no para de crecer.<\/em><!--more--><\/p>\n<p>En \u00e9pocas de crisis hay quienes no bajan los brazos y siguen apostando e invirtiendo. Uno de estos ejemplos es el de MAC Servicio T\u00e9cnico Automotriz.<\/p>\n<p>Su propietario, Marcelo Castillo, no dud\u00f3 en afirmar que \u201cseguimos apostando a la localidad, al distrito, con inversiones, con negocios, con actitud\u201d.<\/p>\n<p><a data-flickr-embed=\"true\" data-header=\"true\" href=\"https:\/\/www.flickr.com\/photos\/182279889@N02\/54017001144\/in\/dateposted-public\/\" title=\"MAC (4)\"><img loading=\"lazy\" decoding=\"async\" src=\"https:\/\/live.staticflickr.com\/65535\/54017001144_dba7c65f6d_c.jpg\" width=\"800\" height=\"600\" alt=\"MAC (4)\"\/><\/a><script async src=\"\/\/embedr.flickr.com\/assets\/client-code.js\" charset=\"utf-8\"><\/script><\/p>\n<p>Repasando todo lo que brindan enumer\u00f3: \u201cTenemos cerrajer\u00eda del automotor, en lo que es reparaci\u00f3n y venta, tenemos todo lo que es luminaria, tambi\u00e9n en est\u00e9reos. De todo un poco. Y ahora le agregamos el lubricentro, con venta y cambio de aceite y filtros, agua destilada, anticongelante y refrigerante\u201d.<\/p>\n<p>Y a todo eso le sum\u00f3 \u201cel pulido de \u00f3pticas, sellado de carrocer\u00edas, todo lo que contempla la est\u00e9tica del automotor. Tambi\u00e9n cambiamos parlantes. Por ahora lo hago todo yo, a veces viene mi hijo a darme una mano, pero no descartamos poder abrir un puesto de trabajo\u201d.<\/p>\n<p>Seg\u00fan explic\u00f3 \u201cla demanda que tenemos es muy grande gracias a Dios. Tenemos mucho trabajo, pero damos facilidades porque sabemos que est\u00e1 complicado el tema. Tenemos todos los medios de pago, los descuentos de cuenta DNI, podemos dar a pagar en dos veces\u201d.<\/p>\n<p>Consultado puntualmente por lo que ocurre con la iluminaci\u00f3n vehicular, el especialista asegur\u00f3 que \u201ccon una \u00f3ptima opaca no se ve, por ah\u00ed lo primero que hacen es cambiar el tipo de l\u00e1mpara pero es alargar un poco m\u00e1s el problema. En cambio, con una buena pulida y ese cambio te queda una iluminaci\u00f3n b\u00e1rbara\u201d.<\/p>\n<p>Por \u00faltimo reiter\u00f3 que se pueden pedir turnos al \u201c2914726760 y despu\u00e9s en Instagram estamos como Mac Servicio T\u00e9cnico Automotriz. Por ah\u00ed tomamos turnos tambi\u00e9n. Siempre buscamos la manera para que nadie se quede a pata\u201d.<\/p>\n<p><iframe loading=\"lazy\" width=\"100%\" height=\"166\" scrolling=\"no\" frameborder=\"no\" allow=\"autoplay\" src=\"https:\/\/w.soundcloud.com\/player\/?url=https%3A\/\/api.soundcloud.com\/tracks\/1921849331&#038;color=%23ff5500&#038;auto_play=false&#038;hide_related=false&#038;show_comments=true&#038;show_user=true&#038;show_reposts=false&#038;show_teaser=true\"><\/iframe><\/p>\n<div style=\"font-size: 10px; color: #cccccc;line-break: anywhere;word-break: normal;overflow: hidden;white-space: nowrap;text-overflow: ellipsis; font-family: Interstate,Lucida Grande,Lucida Sans Unicode,Lucida Sans,Garuda,Verdana,Tahoma,sans-serif;font-weight: 100;\"><a href=\"https:\/\/soundcloud.com\/fmreflejos-103-7\" title=\"fmreflejos 103.7\" target=\"_blank\" style=\"color: #cccccc; text-decoration: none;\" rel=\"noopener\">fmreflejos 103.7<\/a> \u00b7 <a href=\"https:\/\/soundcloud.com\/fmreflejos-103-7\/marcelo-caslillo-23-09\" title=\"Marcelo Castillo 23 - 09\" target=\"_blank\" style=\"color: #cccccc; text-decoration: none;\" rel=\"noopener\">Marcelo Castillo 23 &#8211; 09<\/a><\/div>\n<p><a data-flickr-embed=\"true\" data-header=\"true\" href=\"https:\/\/www.flickr.com\/photos\/182279889@N02\/54015767232\/in\/dateposted-public\/\" title=\"MAC (2)\"><img loading=\"lazy\" decoding=\"async\" src=\"https:\/\/live.staticflickr.com\/65535\/54015767232_a8b92f7284_c.jpg\" width=\"600\" height=\"800\" alt=\"MAC (2)\"\/><\/a><script async src=\"\/\/embedr.flickr.com\/assets\/client-code.js\" charset=\"utf-8\"><\/script><\/p>\n","protected":false},"excerpt":{"rendered":"<p>Marcelo Castillo, propietario de MAC, coment\u00f3 las \u00faltimas innovaciones que sumaron al espacio que no para de crecer.<\/p>\n","protected":false},"author":3,"featured_media":107729,"comment_status":"closed","ping_status":"closed","sticky":false,"template":"","format":"standard","meta":{"footnotes":""},"categories":[26,33],"tags":[48],"class_list":["post-107722","post","type-post","status-publish","format-standard","has-post-thumbnail","hentry","category-sociedad","category-turismo","tag-destacada"],"yoast_head":"<!-- This site is optimized with the Yoast SEO plugin v25.9 - https:\/\/yoast.com\/wordpress\/plugins\/seo\/ -->\n<title>El taller de punta de la comarca ampl\u00eda sus servicios - Noticias Radio Reflejos<\/title>\n<meta name=\"robots\" content=\"index, follow, max-snippet:-1, max-image-preview:large, max-video-preview:-1\" \/>\n<link rel=\"canonical\" href=\"https:\/\/www.noticiasradioreflejos.com.ar\/2021\/el-taller-de-punta-de-la-comarca-amplia-sus-servicios\/\" \/>\n<meta property=\"og:locale\" content=\"es_ES\" \/>\n<meta property=\"og:type\" content=\"article\" \/>\n<meta property=\"og:title\" content=\"El taller de punta de la comarca ampl\u00eda sus servicios - Noticias Radio Reflejos\" \/>\n<meta property=\"og:description\" content=\"Marcelo Castillo, propietario de MAC, coment\u00f3 las \u00faltimas innovaciones que sumaron al espacio que no para de crecer.\" \/>\n<meta property=\"og:url\" content=\"https:\/\/www.noticiasradioreflejos.com.ar\/2021\/el-taller-de-punta-de-la-comarca-amplia-sus-servicios\/\" \/>\n<meta property=\"og:site_name\" content=\"Noticias Radio Reflejos\" \/>\n<meta property=\"article:published_time\" content=\"2024-09-23T19:17:43+00:00\" \/>\n<meta property=\"og:image\" content=\"https:\/\/www.noticiasradioreflejos.com.ar\/2021\/wp-content\/uploads\/2024\/09\/MAC-1.jpeg\" \/>\n\t<meta property=\"og:image:width\" content=\"1080\" \/>\n\t<meta property=\"og:image:height\" content=\"1072\" \/>\n\t<meta property=\"og:image:type\" content=\"image\/jpeg\" \/>\n<meta name=\"author\" content=\"Arnaldo Botto\" \/>\n<meta name=\"twitter:card\" content=\"summary_large_image\" \/>\n<script type=\"application\/ld+json\" class=\"yoast-schema-graph\">{\"@context\":\"https:\/\/schema.org\",\"@graph\":[{\"@type\":\"WebPage\",\"@id\":\"https:\/\/www.noticiasradioreflejos.com.ar\/2021\/el-taller-de-punta-de-la-comarca-amplia-sus-servicios\/\",\"url\":\"https:\/\/www.noticiasradioreflejos.com.ar\/2021\/el-taller-de-punta-de-la-comarca-amplia-sus-servicios\/\",\"name\":\"El taller de punta de la comarca ampl\u00eda sus servicios - Noticias Radio Reflejos\",\"isPartOf\":{\"@id\":\"https:\/\/www.noticiasradioreflejos.com.ar\/2021\/#website\"},\"primaryImageOfPage\":{\"@id\":\"https:\/\/www.noticiasradioreflejos.com.ar\/2021\/el-taller-de-punta-de-la-comarca-amplia-sus-servicios\/#primaryimage\"},\"image\":{\"@id\":\"https:\/\/www.noticiasradioreflejos.com.ar\/2021\/el-taller-de-punta-de-la-comarca-amplia-sus-servicios\/#primaryimage\"},\"thumbnailUrl\":\"https:\/\/www.noticiasradioreflejos.com.ar\/2021\/wp-content\/uploads\/2024\/09\/MAC-1.jpeg\",\"datePublished\":\"2024-09-23T19:17:43+00:00\",\"author\":{\"@id\":\"https:\/\/www.noticiasradioreflejos.com.ar\/2021\/#\/schema\/person\/ad82545263dcc5ec0996818884fd5fb1\"},\"breadcrumb\":{\"@id\":\"https:\/\/www.noticiasradioreflejos.com.ar\/2021\/el-taller-de-punta-de-la-comarca-amplia-sus-servicios\/#breadcrumb\"},\"inLanguage\":\"es\",\"potentialAction\":[{\"@type\":\"ReadAction\",\"target\":[\"https:\/\/www.noticiasradioreflejos.com.ar\/2021\/el-taller-de-punta-de-la-comarca-amplia-sus-servicios\/\"]}]},{\"@type\":\"ImageObject\",\"inLanguage\":\"es\",\"@id\":\"https:\/\/www.noticiasradioreflejos.com.ar\/2021\/el-taller-de-punta-de-la-comarca-amplia-sus-servicios\/#primaryimage\",\"url\":\"https:\/\/www.noticiasradioreflejos.com.ar\/2021\/wp-content\/uploads\/2024\/09\/MAC-1.jpeg\",\"contentUrl\":\"https:\/\/www.noticiasradioreflejos.com.ar\/2021\/wp-content\/uploads\/2024\/09\/MAC-1.jpeg\",\"width\":1080,\"height\":1072},{\"@type\":\"BreadcrumbList\",\"@id\":\"https:\/\/www.noticiasradioreflejos.com.ar\/2021\/el-taller-de-punta-de-la-comarca-amplia-sus-servicios\/#breadcrumb\",\"itemListElement\":[{\"@type\":\"ListItem\",\"position\":1,\"name\":\"Portada\",\"item\":\"https:\/\/www.noticiasradioreflejos.com.ar\/2021\/\"},{\"@type\":\"ListItem\",\"position\":2,\"name\":\"El taller de punta de la comarca ampl\u00eda sus servicios\"}]},{\"@type\":\"WebSite\",\"@id\":\"https:\/\/www.noticiasradioreflejos.com.ar\/2021\/#website\",\"url\":\"https:\/\/www.noticiasradioreflejos.com.ar\/2021\/\",\"name\":\"Noticias Radio Reflejos\",\"description\":\"Las noticias de mi comarca\",\"potentialAction\":[{\"@type\":\"SearchAction\",\"target\":{\"@type\":\"EntryPoint\",\"urlTemplate\":\"https:\/\/www.noticiasradioreflejos.com.ar\/2021\/?s={search_term_string}\"},\"query-input\":{\"@type\":\"PropertyValueSpecification\",\"valueRequired\":true,\"valueName\":\"search_term_string\"}}],\"inLanguage\":\"es\"},{\"@type\":\"Person\",\"@id\":\"https:\/\/www.noticiasradioreflejos.com.ar\/2021\/#\/schema\/person\/ad82545263dcc5ec0996818884fd5fb1\",\"name\":\"Arnaldo Botto\",\"image\":{\"@type\":\"ImageObject\",\"inLanguage\":\"es\",\"@id\":\"https:\/\/www.noticiasradioreflejos.com.ar\/2021\/#\/schema\/person\/image\/\",\"url\":\"https:\/\/secure.gravatar.com\/avatar\/55cb5e37c1efa326397366e6974cb338056df65cb50e7d64d1cf314e87504837?s=96&d=mm&r=g\",\"contentUrl\":\"https:\/\/secure.gravatar.com\/avatar\/55cb5e37c1efa326397366e6974cb338056df65cb50e7d64d1cf314e87504837?s=96&d=mm&r=g\",\"caption\":\"Arnaldo Botto\"},\"url\":\"https:\/\/www.noticiasradioreflejos.com.ar\/2021\/author\/arnaldo\/\"}]}<\/script>\n<!-- \/ Yoast SEO plugin. -->","yoast_head_json":{"title":"El taller de punta de la comarca ampl\u00eda sus servicios - Noticias Radio Reflejos","robots":{"index":"index","follow":"follow","max-snippet":"max-snippet:-1","max-image-preview":"max-image-preview:large","max-video-preview":"max-video-preview:-1"},"canonical":"https:\/\/www.noticiasradioreflejos.com.ar\/2021\/el-taller-de-punta-de-la-comarca-amplia-sus-servicios\/","og_locale":"es_ES","og_type":"article","og_title":"El taller de punta de la comarca ampl\u00eda sus servicios - Noticias Radio Reflejos","og_description":"Marcelo Castillo, propietario de MAC, coment\u00f3 las \u00faltimas innovaciones que sumaron al espacio que no para de crecer.","og_url":"https:\/\/www.noticiasradioreflejos.com.ar\/2021\/el-taller-de-punta-de-la-comarca-amplia-sus-servicios\/","og_site_name":"Noticias Radio Reflejos","article_published_time":"2024-09-23T19:17:43+00:00","og_image":[{"width":1080,"height":1072,"url":"https:\/\/www.noticiasradioreflejos.com.ar\/2021\/wp-content\/uploads\/2024\/09\/MAC-1.jpeg","type":"image\/jpeg"}],"author":"Arnaldo Botto","twitter_card":"summary_large_image","schema":{"@context":"https:\/\/schema.org","@graph":[{"@type":"WebPage","@id":"https:\/\/www.noticiasradioreflejos.com.ar\/2021\/el-taller-de-punta-de-la-comarca-amplia-sus-servicios\/","url":"https:\/\/www.noticiasradioreflejos.com.ar\/2021\/el-taller-de-punta-de-la-comarca-amplia-sus-servicios\/","name":"El taller de punta de la comarca ampl\u00eda sus servicios - Noticias Radio Reflejos","isPartOf":{"@id":"https:\/\/www.noticiasradioreflejos.com.ar\/2021\/#website"},"primaryImageOfPage":{"@id":"https:\/\/www.noticiasradioreflejos.com.ar\/2021\/el-taller-de-punta-de-la-comarca-amplia-sus-servicios\/#primaryimage"},"image":{"@id":"https:\/\/www.noticiasradioreflejos.com.ar\/2021\/el-taller-de-punta-de-la-comarca-amplia-sus-servicios\/#primaryimage"},"thumbnailUrl":"https:\/\/www.noticiasradioreflejos.com.ar\/2021\/wp-content\/uploads\/2024\/09\/MAC-1.jpeg","datePublished":"2024-09-23T19:17:43+00:00","author":{"@id":"https:\/\/www.noticiasradioreflejos.com.ar\/2021\/#\/schema\/person\/ad82545263dcc5ec0996818884fd5fb1"},"breadcrumb":{"@id":"https:\/\/www.noticiasradioreflejos.com.ar\/2021\/el-taller-de-punta-de-la-comarca-amplia-sus-servicios\/#breadcrumb"},"inLanguage":"es","potentialAction":[{"@type":"ReadAction","target":["https:\/\/www.noticiasradioreflejos.com.ar\/2021\/el-taller-de-punta-de-la-comarca-amplia-sus-servicios\/"]}]},{"@type":"ImageObject","inLanguage":"es","@id":"https:\/\/www.noticiasradioreflejos.com.ar\/2021\/el-taller-de-punta-de-la-comarca-amplia-sus-servicios\/#primaryimage","url":"https:\/\/www.noticiasradioreflejos.com.ar\/2021\/wp-content\/uploads\/2024\/09\/MAC-1.jpeg","contentUrl":"https:\/\/www.noticiasradioreflejos.com.ar\/2021\/wp-content\/uploads\/2024\/09\/MAC-1.jpeg","width":1080,"height":1072},{"@type":"BreadcrumbList","@id":"https:\/\/www.noticiasradioreflejos.com.ar\/2021\/el-taller-de-punta-de-la-comarca-amplia-sus-servicios\/#breadcrumb","itemListElement":[{"@type":"ListItem","position":1,"name":"Portada","item":"https:\/\/www.noticiasradioreflejos.com.ar\/2021\/"},{"@type":"ListItem","position":2,"name":"El taller de punta de la comarca ampl\u00eda sus servicios"}]},{"@type":"WebSite","@id":"https:\/\/www.noticiasradioreflejos.com.ar\/2021\/#website","url":"https:\/\/www.noticiasradioreflejos.com.ar\/2021\/","name":"Noticias Radio Reflejos","description":"Las noticias de mi comarca","potentialAction":[{"@type":"SearchAction","target":{"@type":"EntryPoint","urlTemplate":"https:\/\/www.noticiasradioreflejos.com.ar\/2021\/?s={search_term_string}"},"query-input":{"@type":"PropertyValueSpecification","valueRequired":true,"valueName":"search_term_string"}}],"inLanguage":"es"},{"@type":"Person","@id":"https:\/\/www.noticiasradioreflejos.com.ar\/2021\/#\/schema\/person\/ad82545263dcc5ec0996818884fd5fb1","name":"Arnaldo Botto","image":{"@type":"ImageObject","inLanguage":"es","@id":"https:\/\/www.noticiasradioreflejos.com.ar\/2021\/#\/schema\/person\/image\/","url":"https:\/\/secure.gravatar.com\/avatar\/55cb5e37c1efa326397366e6974cb338056df65cb50e7d64d1cf314e87504837?s=96&d=mm&r=g","contentUrl":"https:\/\/secure.gravatar.com\/avatar\/55cb5e37c1efa326397366e6974cb338056df65cb50e7d64d1cf314e87504837?s=96&d=mm&r=g","caption":"Arnaldo Botto"},"url":"https:\/\/www.noticiasradioreflejos.com.ar\/2021\/author\/arnaldo\/"}]}},"_links":{"self":[{"href":"https:\/\/www.noticiasradioreflejos.com.ar\/2021\/wp-json\/wp\/v2\/posts\/107722","targetHints":{"allow":["GET"]}}],"collection":[{"href":"https:\/\/www.noticiasradioreflejos.com.ar\/2021\/wp-json\/wp\/v2\/posts"}],"about":[{"href":"https:\/\/www.noticiasradioreflejos.com.ar\/2021\/wp-json\/wp\/v2\/types\/post"}],"author":[{"embeddable":true,"href":"https:\/\/www.noticiasradioreflejos.com.ar\/2021\/wp-json\/wp\/v2\/users\/3"}],"replies":[{"embeddable":true,"href":"https:\/\/www.noticiasradioreflejos.com.ar\/2021\/wp-json\/wp\/v2\/comments?post=107722"}],"version-history":[{"count":2,"href":"https:\/\/www.noticiasradioreflejos.com.ar\/2021\/wp-json\/wp\/v2\/posts\/107722\/revisions"}],"predecessor-version":[{"id":107730,"href":"https:\/\/www.noticiasradioreflejos.com.ar\/2021\/wp-json\/wp\/v2\/posts\/107722\/revisions\/107730"}],"wp:featuredmedia":[{"embeddable":true,"href":"https:\/\/www.noticiasradioreflejos.com.ar\/2021\/wp-json\/wp\/v2\/media\/107729"}],"wp:attachment":[{"href":"https:\/\/www.noticiasradioreflejos.com.ar\/2021\/wp-json\/wp\/v2\/media?parent=107722"}],"wp:term":[{"taxonomy":"category","embeddable":true,"href":"https:\/\/www.noticiasradioreflejos.com.ar\/2021\/wp-json\/wp\/v2\/categories?post=107722"},{"taxonomy":"post_tag","embeddable":true,"href":"https:\/\/www.noticiasradioreflejos.com.ar\/2021\/wp-json\/wp\/v2\/tags?post=107722"}],"curies":[{"name":"wp","href":"https:\/\/api.w.org\/{rel}","templated":true}]}}