{"id":107689,"date":"2024-09-23T08:42:54","date_gmt":"2024-09-23T11:42:54","guid":{"rendered":"https:\/\/www.noticiasradioreflejos.com.ar\/2021\/?p=107689"},"modified":"2024-09-23T08:42:54","modified_gmt":"2024-09-23T11:42:54","slug":"asi-es-el-primer-hotel-capsula-de-sudamerica-que-se-inaugurara-en-ushuaia","status":"publish","type":"post","link":"https:\/\/www.noticiasradioreflejos.com.ar\/2021\/asi-es-el-primer-hotel-capsula-de-sudamerica-que-se-inaugurara-en-ushuaia\/","title":{"rendered":"As\u00ed es el primer hotel c\u00e1psula de Sudam\u00e9rica que se inaugurar\u00e1 en Ushuaia"},"content":{"rendered":"<p>Inspirado en el estilo japon\u00e9s, cuenta con habitaciones peque\u00f1as de poca altura y escasa superficie.<!--more--><\/p>\n<div class=\"columns\" data-tadevel-template=\"web\/article-columns\">\n<div class=\"column-main\">\n<div class=\"article-body\" data-tadevel-template=\"web\/article-body\">\n<div class=\"article-body-content\">\n<p><u>\u201c<\/u><strong><u>Underground Capsule\u201d<\/u><\/strong><strong><u>abrir\u00e1 en noviembre\u00a0<\/u>y ser\u00e1 el primer hotel c\u00e1psula del continente sudamericano<\/strong>. Por\u00a0<u>45\u00a0<\/u><a href=\"https:\/\/noticiasargentinas.com\/economia\/ocampo-defendio-la-dolarizacion_a66687a9ac589851fa2397172\"><u>d\u00f3lares\u00a0<\/u><\/a><u>la noche<\/u>\u00a0los visitantes podr\u00e1n vivir una experiencia \u00fanica en la tierra m\u00e1s austral del planeta como en los alojamientos similares caracter\u00edsticas existentes en el resto del mundo.<\/p>\n<p>Moderno, funcional, c\u00f3modo, con buena atenci\u00f3n y un entorno natural favorable, los\u00a0<a href=\"https:\/\/noticiasargentinas.com\/economia\/ocampo-defendio-la-dolarizacion_a66687a9ac589851fa2397172\">turistas\u00a0<\/a>pasar\u00e1n unos d\u00edas de estancia placenteros.<\/p>\n<p>Argentina y sobre todo<strong><u>\u00a0la regi\u00f3n Patag\u00f3nica es uno de los destinos m\u00e1s visitados del\u00a0<\/u><\/strong><a href=\"https:\/\/noticiasargentinas.com\/economia\/ocampo-defendio-la-dolarizacion_a66687a9ac589851fa2397172\"><strong><u>mundo<\/u><\/strong><\/a>. Y en ese camino quiere seguir. Por eso, para atraer a cada vez m\u00e1s turismo extranjero, la idea de los empresarios es que se sientan como en su casa, pero, ofreci\u00e9ndoles las m\u00e1s variadas aventuras que ofrece nuestro extenso pa\u00eds. Y una de ellas es la diversidad de paisajes y colores que tiene el sur.<\/p>\n<p><a title=\"hotel c\u00e1psula\" href=\"https:\/\/www.flickr.com\/photos\/182279889@N02\/54015554191\/in\/dateposted-public\/\" data-flickr-embed=\"true\" data-header=\"true\"><img loading=\"lazy\" decoding=\"async\" src=\"https:\/\/live.staticflickr.com\/65535\/54015554191_f4f6cf8823_c.jpg\" alt=\"hotel c\u00e1psula\" width=\"800\" height=\"532\" \/><\/a><\/p>\n<p><em>As\u00ed es un Hotel C\u00e1psula en Tokio. Foto: Agencia de Noticias Argentinas.<\/em><\/p>\n<\/div>\n<p>&nbsp;<\/p>\n<\/div>\n<h3><strong>Qu\u00e9 caracter\u00edsticas tendr\u00e1 el hotel<\/strong><\/h3>\n<p>Vanguardia. Ese es el t\u00e9rmino que desean imponer en la tierra de los campeones del mundo, el sol y el buen vino, el mate y el asado. Para ello, esta es una apuesta que, con sus particularidades, intentar\u00e1 emular a los hoteles de similar estilo ya existentes en\u00a0<a href=\"https:\/\/noticiasargentinas.com\/economia\/ocampo-defendio-la-dolarizacion_a66687a9ac589851fa2397172\">Europa\u00a0<\/a>y Asia.<\/p>\n<p><strong><u>Ser\u00e1n 34 c\u00e1psulas<\/u>\u00a0<\/strong>con las que contar\u00e1 el hotel para sus allegados. De ellas, habr\u00e1\u00a0<strong>32 simples y 2 dobles<\/strong>, pensadas para que el visitante disfrute y elija regresar por excelencia,\u00a0 econom\u00eda, servicios y paisajes.\u00a0<a href=\"https:\/\/noticiasargentinas.com\/economia\/ocampo-defendio-la-dolarizacion_a66687a9ac589851fa2397172\"><strong>Aventura\u00a0<\/strong><\/a><strong>no faltar\u00e1, el fin del mundo tiene mucho para ofrecer y descubrir<\/strong>.<\/p>\n<h3><strong>Comodidad ante todo\u00a0<\/strong><\/h3>\n<p>En el paquete tur\u00edstico los turistas adem\u00e1s de buscar nuevas experiencias y desconectar de la rutina, buscan descansar.\u00a0 En este punto,<strong>\u00a0\u201cUnderground Capsule\u201d<\/strong><strong>\u00a0se basa en ofrecer espacios amplios, luminosos y confortables<\/strong>. Tal condici\u00f3n es ser\u00e1 una realidad que desde el mes 11 los privilegiados en poder hospedarse en el\u00a0<a href=\"https:\/\/noticiasargentinas.com\/economia\/ocampo-defendio-la-dolarizacion_a66687a9ac589851fa2397172\">innovador\u00a0<\/a>hotel c\u00e1psula del sur argentino podr\u00e1n comprobar.<\/p>\n<h3><strong>Con qu\u00e9 contar\u00e1 la c\u00e1psula<\/strong><\/h3>\n<p>Cada hu\u00e9sped tendr\u00e1 a su disposici\u00f3n una caja de seguridad, televisor e internet. acceso a internet.<\/p>\n<p>Adem\u00e1s, el hotel\u00a0<strong><u>contar\u00e1 con\u00a0<\/u><\/strong><a href=\"https:\/\/noticiasargentinas.com\/economia\/ocampo-defendio-la-dolarizacion_a66687a9ac589851fa2397172\"><strong><u>servicios\u00a0<\/u><\/strong><\/a><strong><u>de vestuarios, ba\u00f1os, lockers y una zona de coworking para los trabajadores freelance y remotos<\/u><\/strong>\u00a0y desayuno. Todo por 45 d\u00f3lares iniciales la noche. A mayor espacio, mayor comodidad, lo que se traduce en la variaci\u00f3n del\u00a0 precio en las c\u00e1psulas dobles.<\/p>\n<h3><strong>Innovadora idea sin excepciones\u00a0<\/strong><\/h3>\n<p>Al llegar al hotel, los visitantes deber\u00e1n descalzarse para utilizar el par de crocs que brindar\u00e1 el servicio, ya que, uno de las principales premisas del hotel estar\u00e1 puesta en la\u00a0<a href=\"https:\/\/noticiasargentinas.com\/economia\/ocampo-defendio-la-dolarizacion_a66687a9ac589851fa2397172\"><strong><u>higiene\u00a0<\/u><\/strong><\/a><strong><u>personal y grupal en los espacios comunes<\/u><\/strong>\u00a0del lugar.<\/p>\n<\/div>\n<\/div>\n","protected":false},"excerpt":{"rendered":"<p>Inspirado en el estilo japon\u00e9s, cuenta con habitaciones peque\u00f1as de poca altura y escasa superficie.<\/p>\n","protected":false},"author":3,"featured_media":107690,"comment_status":"closed","ping_status":"closed","sticky":false,"template":"","format":"standard","meta":{"footnotes":""},"categories":[33],"tags":[],"class_list":["post-107689","post","type-post","status-publish","format-standard","has-post-thumbnail","hentry","category-turismo"],"yoast_head":"<!-- This site is optimized with the Yoast SEO plugin v25.9 - https:\/\/yoast.com\/wordpress\/plugins\/seo\/ -->\n<title>As\u00ed es el primer hotel c\u00e1psula de Sudam\u00e9rica que se inaugurar\u00e1 en Ushuaia - Noticias Radio Reflejos<\/title>\n<meta name=\"robots\" content=\"index, follow, max-snippet:-1, max-image-preview:large, max-video-preview:-1\" \/>\n<link rel=\"canonical\" href=\"https:\/\/www.noticiasradioreflejos.com.ar\/2021\/asi-es-el-primer-hotel-capsula-de-sudamerica-que-se-inaugurara-en-ushuaia\/\" \/>\n<meta property=\"og:locale\" content=\"es_ES\" \/>\n<meta property=\"og:type\" content=\"article\" \/>\n<meta property=\"og:title\" content=\"As\u00ed es el primer hotel c\u00e1psula de Sudam\u00e9rica que se inaugurar\u00e1 en Ushuaia - Noticias Radio Reflejos\" \/>\n<meta property=\"og:description\" content=\"Inspirado en el estilo japon\u00e9s, cuenta con habitaciones peque\u00f1as de poca altura y escasa superficie.\" \/>\n<meta property=\"og:url\" content=\"https:\/\/www.noticiasradioreflejos.com.ar\/2021\/asi-es-el-primer-hotel-capsula-de-sudamerica-que-se-inaugurara-en-ushuaia\/\" \/>\n<meta property=\"og:site_name\" content=\"Noticias Radio Reflejos\" \/>\n<meta property=\"article:published_time\" content=\"2024-09-23T11:42:54+00:00\" \/>\n<meta property=\"og:image\" content=\"https:\/\/www.noticiasradioreflejos.com.ar\/2021\/wp-content\/uploads\/2024\/09\/Ushuaia.jpg\" \/>\n\t<meta property=\"og:image:width\" content=\"1200\" \/>\n\t<meta property=\"og:image:height\" content=\"800\" \/>\n\t<meta property=\"og:image:type\" content=\"image\/jpeg\" \/>\n<meta name=\"author\" content=\"Arnaldo Botto\" \/>\n<meta name=\"twitter:card\" content=\"summary_large_image\" \/>\n<script type=\"application\/ld+json\" class=\"yoast-schema-graph\">{\"@context\":\"https:\/\/schema.org\",\"@graph\":[{\"@type\":\"WebPage\",\"@id\":\"https:\/\/www.noticiasradioreflejos.com.ar\/2021\/asi-es-el-primer-hotel-capsula-de-sudamerica-que-se-inaugurara-en-ushuaia\/\",\"url\":\"https:\/\/www.noticiasradioreflejos.com.ar\/2021\/asi-es-el-primer-hotel-capsula-de-sudamerica-que-se-inaugurara-en-ushuaia\/\",\"name\":\"As\u00ed es el primer hotel c\u00e1psula de Sudam\u00e9rica que se inaugurar\u00e1 en Ushuaia - Noticias Radio Reflejos\",\"isPartOf\":{\"@id\":\"https:\/\/www.noticiasradioreflejos.com.ar\/2021\/#website\"},\"primaryImageOfPage\":{\"@id\":\"https:\/\/www.noticiasradioreflejos.com.ar\/2021\/asi-es-el-primer-hotel-capsula-de-sudamerica-que-se-inaugurara-en-ushuaia\/#primaryimage\"},\"image\":{\"@id\":\"https:\/\/www.noticiasradioreflejos.com.ar\/2021\/asi-es-el-primer-hotel-capsula-de-sudamerica-que-se-inaugurara-en-ushuaia\/#primaryimage\"},\"thumbnailUrl\":\"https:\/\/www.noticiasradioreflejos.com.ar\/2021\/wp-content\/uploads\/2024\/09\/Ushuaia.jpg\",\"datePublished\":\"2024-09-23T11:42:54+00:00\",\"author\":{\"@id\":\"https:\/\/www.noticiasradioreflejos.com.ar\/2021\/#\/schema\/person\/ad82545263dcc5ec0996818884fd5fb1\"},\"breadcrumb\":{\"@id\":\"https:\/\/www.noticiasradioreflejos.com.ar\/2021\/asi-es-el-primer-hotel-capsula-de-sudamerica-que-se-inaugurara-en-ushuaia\/#breadcrumb\"},\"inLanguage\":\"es\",\"potentialAction\":[{\"@type\":\"ReadAction\",\"target\":[\"https:\/\/www.noticiasradioreflejos.com.ar\/2021\/asi-es-el-primer-hotel-capsula-de-sudamerica-que-se-inaugurara-en-ushuaia\/\"]}]},{\"@type\":\"ImageObject\",\"inLanguage\":\"es\",\"@id\":\"https:\/\/www.noticiasradioreflejos.com.ar\/2021\/asi-es-el-primer-hotel-capsula-de-sudamerica-que-se-inaugurara-en-ushuaia\/#primaryimage\",\"url\":\"https:\/\/www.noticiasradioreflejos.com.ar\/2021\/wp-content\/uploads\/2024\/09\/Ushuaia.jpg\",\"contentUrl\":\"https:\/\/www.noticiasradioreflejos.com.ar\/2021\/wp-content\/uploads\/2024\/09\/Ushuaia.jpg\",\"width\":1200,\"height\":800},{\"@type\":\"BreadcrumbList\",\"@id\":\"https:\/\/www.noticiasradioreflejos.com.ar\/2021\/asi-es-el-primer-hotel-capsula-de-sudamerica-que-se-inaugurara-en-ushuaia\/#breadcrumb\",\"itemListElement\":[{\"@type\":\"ListItem\",\"position\":1,\"name\":\"Portada\",\"item\":\"https:\/\/www.noticiasradioreflejos.com.ar\/2021\/\"},{\"@type\":\"ListItem\",\"position\":2,\"name\":\"As\u00ed es el primer hotel c\u00e1psula de Sudam\u00e9rica que se inaugurar\u00e1 en Ushuaia\"}]},{\"@type\":\"WebSite\",\"@id\":\"https:\/\/www.noticiasradioreflejos.com.ar\/2021\/#website\",\"url\":\"https:\/\/www.noticiasradioreflejos.com.ar\/2021\/\",\"name\":\"Noticias Radio Reflejos\",\"description\":\"Las noticias de mi comarca\",\"potentialAction\":[{\"@type\":\"SearchAction\",\"target\":{\"@type\":\"EntryPoint\",\"urlTemplate\":\"https:\/\/www.noticiasradioreflejos.com.ar\/2021\/?s={search_term_string}\"},\"query-input\":{\"@type\":\"PropertyValueSpecification\",\"valueRequired\":true,\"valueName\":\"search_term_string\"}}],\"inLanguage\":\"es\"},{\"@type\":\"Person\",\"@id\":\"https:\/\/www.noticiasradioreflejos.com.ar\/2021\/#\/schema\/person\/ad82545263dcc5ec0996818884fd5fb1\",\"name\":\"Arnaldo Botto\",\"image\":{\"@type\":\"ImageObject\",\"inLanguage\":\"es\",\"@id\":\"https:\/\/www.noticiasradioreflejos.com.ar\/2021\/#\/schema\/person\/image\/\",\"url\":\"https:\/\/secure.gravatar.com\/avatar\/55cb5e37c1efa326397366e6974cb338056df65cb50e7d64d1cf314e87504837?s=96&d=mm&r=g\",\"contentUrl\":\"https:\/\/secure.gravatar.com\/avatar\/55cb5e37c1efa326397366e6974cb338056df65cb50e7d64d1cf314e87504837?s=96&d=mm&r=g\",\"caption\":\"Arnaldo Botto\"},\"url\":\"https:\/\/www.noticiasradioreflejos.com.ar\/2021\/author\/arnaldo\/\"}]}<\/script>\n<!-- \/ Yoast SEO plugin. -->","yoast_head_json":{"title":"As\u00ed es el primer hotel c\u00e1psula de Sudam\u00e9rica que se inaugurar\u00e1 en Ushuaia - Noticias Radio Reflejos","robots":{"index":"index","follow":"follow","max-snippet":"max-snippet:-1","max-image-preview":"max-image-preview:large","max-video-preview":"max-video-preview:-1"},"canonical":"https:\/\/www.noticiasradioreflejos.com.ar\/2021\/asi-es-el-primer-hotel-capsula-de-sudamerica-que-se-inaugurara-en-ushuaia\/","og_locale":"es_ES","og_type":"article","og_title":"As\u00ed es el primer hotel c\u00e1psula de Sudam\u00e9rica que se inaugurar\u00e1 en Ushuaia - Noticias Radio Reflejos","og_description":"Inspirado en el estilo japon\u00e9s, cuenta con habitaciones peque\u00f1as de poca altura y escasa superficie.","og_url":"https:\/\/www.noticiasradioreflejos.com.ar\/2021\/asi-es-el-primer-hotel-capsula-de-sudamerica-que-se-inaugurara-en-ushuaia\/","og_site_name":"Noticias Radio Reflejos","article_published_time":"2024-09-23T11:42:54+00:00","og_image":[{"width":1200,"height":800,"url":"https:\/\/www.noticiasradioreflejos.com.ar\/2021\/wp-content\/uploads\/2024\/09\/Ushuaia.jpg","type":"image\/jpeg"}],"author":"Arnaldo Botto","twitter_card":"summary_large_image","schema":{"@context":"https:\/\/schema.org","@graph":[{"@type":"WebPage","@id":"https:\/\/www.noticiasradioreflejos.com.ar\/2021\/asi-es-el-primer-hotel-capsula-de-sudamerica-que-se-inaugurara-en-ushuaia\/","url":"https:\/\/www.noticiasradioreflejos.com.ar\/2021\/asi-es-el-primer-hotel-capsula-de-sudamerica-que-se-inaugurara-en-ushuaia\/","name":"As\u00ed es el primer hotel c\u00e1psula de Sudam\u00e9rica que se inaugurar\u00e1 en Ushuaia - Noticias Radio Reflejos","isPartOf":{"@id":"https:\/\/www.noticiasradioreflejos.com.ar\/2021\/#website"},"primaryImageOfPage":{"@id":"https:\/\/www.noticiasradioreflejos.com.ar\/2021\/asi-es-el-primer-hotel-capsula-de-sudamerica-que-se-inaugurara-en-ushuaia\/#primaryimage"},"image":{"@id":"https:\/\/www.noticiasradioreflejos.com.ar\/2021\/asi-es-el-primer-hotel-capsula-de-sudamerica-que-se-inaugurara-en-ushuaia\/#primaryimage"},"thumbnailUrl":"https:\/\/www.noticiasradioreflejos.com.ar\/2021\/wp-content\/uploads\/2024\/09\/Ushuaia.jpg","datePublished":"2024-09-23T11:42:54+00:00","author":{"@id":"https:\/\/www.noticiasradioreflejos.com.ar\/2021\/#\/schema\/person\/ad82545263dcc5ec0996818884fd5fb1"},"breadcrumb":{"@id":"https:\/\/www.noticiasradioreflejos.com.ar\/2021\/asi-es-el-primer-hotel-capsula-de-sudamerica-que-se-inaugurara-en-ushuaia\/#breadcrumb"},"inLanguage":"es","potentialAction":[{"@type":"ReadAction","target":["https:\/\/www.noticiasradioreflejos.com.ar\/2021\/asi-es-el-primer-hotel-capsula-de-sudamerica-que-se-inaugurara-en-ushuaia\/"]}]},{"@type":"ImageObject","inLanguage":"es","@id":"https:\/\/www.noticiasradioreflejos.com.ar\/2021\/asi-es-el-primer-hotel-capsula-de-sudamerica-que-se-inaugurara-en-ushuaia\/#primaryimage","url":"https:\/\/www.noticiasradioreflejos.com.ar\/2021\/wp-content\/uploads\/2024\/09\/Ushuaia.jpg","contentUrl":"https:\/\/www.noticiasradioreflejos.com.ar\/2021\/wp-content\/uploads\/2024\/09\/Ushuaia.jpg","width":1200,"height":800},{"@type":"BreadcrumbList","@id":"https:\/\/www.noticiasradioreflejos.com.ar\/2021\/asi-es-el-primer-hotel-capsula-de-sudamerica-que-se-inaugurara-en-ushuaia\/#breadcrumb","itemListElement":[{"@type":"ListItem","position":1,"name":"Portada","item":"https:\/\/www.noticiasradioreflejos.com.ar\/2021\/"},{"@type":"ListItem","position":2,"name":"As\u00ed es el primer hotel c\u00e1psula de Sudam\u00e9rica que se inaugurar\u00e1 en Ushuaia"}]},{"@type":"WebSite","@id":"https:\/\/www.noticiasradioreflejos.com.ar\/2021\/#website","url":"https:\/\/www.noticiasradioreflejos.com.ar\/2021\/","name":"Noticias Radio Reflejos","description":"Las noticias de mi comarca","potentialAction":[{"@type":"SearchAction","target":{"@type":"EntryPoint","urlTemplate":"https:\/\/www.noticiasradioreflejos.com.ar\/2021\/?s={search_term_string}"},"query-input":{"@type":"PropertyValueSpecification","valueRequired":true,"valueName":"search_term_string"}}],"inLanguage":"es"},{"@type":"Person","@id":"https:\/\/www.noticiasradioreflejos.com.ar\/2021\/#\/schema\/person\/ad82545263dcc5ec0996818884fd5fb1","name":"Arnaldo Botto","image":{"@type":"ImageObject","inLanguage":"es","@id":"https:\/\/www.noticiasradioreflejos.com.ar\/2021\/#\/schema\/person\/image\/","url":"https:\/\/secure.gravatar.com\/avatar\/55cb5e37c1efa326397366e6974cb338056df65cb50e7d64d1cf314e87504837?s=96&d=mm&r=g","contentUrl":"https:\/\/secure.gravatar.com\/avatar\/55cb5e37c1efa326397366e6974cb338056df65cb50e7d64d1cf314e87504837?s=96&d=mm&r=g","caption":"Arnaldo Botto"},"url":"https:\/\/www.noticiasradioreflejos.com.ar\/2021\/author\/arnaldo\/"}]}},"_links":{"self":[{"href":"https:\/\/www.noticiasradioreflejos.com.ar\/2021\/wp-json\/wp\/v2\/posts\/107689","targetHints":{"allow":["GET"]}}],"collection":[{"href":"https:\/\/www.noticiasradioreflejos.com.ar\/2021\/wp-json\/wp\/v2\/posts"}],"about":[{"href":"https:\/\/www.noticiasradioreflejos.com.ar\/2021\/wp-json\/wp\/v2\/types\/post"}],"author":[{"embeddable":true,"href":"https:\/\/www.noticiasradioreflejos.com.ar\/2021\/wp-json\/wp\/v2\/users\/3"}],"replies":[{"embeddable":true,"href":"https:\/\/www.noticiasradioreflejos.com.ar\/2021\/wp-json\/wp\/v2\/comments?post=107689"}],"version-history":[{"count":1,"href":"https:\/\/www.noticiasradioreflejos.com.ar\/2021\/wp-json\/wp\/v2\/posts\/107689\/revisions"}],"predecessor-version":[{"id":107691,"href":"https:\/\/www.noticiasradioreflejos.com.ar\/2021\/wp-json\/wp\/v2\/posts\/107689\/revisions\/107691"}],"wp:featuredmedia":[{"embeddable":true,"href":"https:\/\/www.noticiasradioreflejos.com.ar\/2021\/wp-json\/wp\/v2\/media\/107690"}],"wp:attachment":[{"href":"https:\/\/www.noticiasradioreflejos.com.ar\/2021\/wp-json\/wp\/v2\/media?parent=107689"}],"wp:term":[{"taxonomy":"category","embeddable":true,"href":"https:\/\/www.noticiasradioreflejos.com.ar\/2021\/wp-json\/wp\/v2\/categories?post=107689"},{"taxonomy":"post_tag","embeddable":true,"href":"https:\/\/www.noticiasradioreflejos.com.ar\/2021\/wp-json\/wp\/v2\/tags?post=107689"}],"curies":[{"name":"wp","href":"https:\/\/api.w.org\/{rel}","templated":true}]}}