{"id":107659,"date":"2024-09-21T13:20:17","date_gmt":"2024-09-21T16:20:17","guid":{"rendered":"https:\/\/www.noticiasradioreflejos.com.ar\/2021\/?p=107659"},"modified":"2024-09-23T11:37:11","modified_gmt":"2024-09-23T14:37:11","slug":"por-un-estudio-para-mejorar-el-recurso-se-realizaran-cortes-diarios-de-agua-en-villa-ventana","status":"publish","type":"post","link":"https:\/\/www.noticiasradioreflejos.com.ar\/2021\/por-un-estudio-para-mejorar-el-recurso-se-realizaran-cortes-diarios-de-agua-en-villa-ventana\/","title":{"rendered":"Por un estudio para mejorar el recurso se realizar\u00e1n cortes diarios de agua en Villa Ventana"},"content":{"rendered":"<p>A partir de la situaci\u00f3n de estr\u00e9s h\u00eddrico en la localidad de Villa Ventana, Tornquist Municipio, junto a la Universidad Nacional de Sur, llevar\u00e1 a cabo un estudio que permitir\u00e1 mejorar el conocimiento del agua subterr\u00e1nea con el objetivo de realizar obras de infraestructura que aumenten el abastecimiento de agua potable en la mencionada localidad.<!--more-->El procedimiento, que implica llevar a cabo cortes parciales y diarios; se desarrollar\u00e1 en las perforaciones, donde se realizar\u00e1 un muestreo de agua para lo que se requiere el reposo de los pozos.<\/p>\n<p>Las tareas iniciar\u00e1n el martes 24 venidero, y se extender\u00e1n hasta el martes 1 de octubre, tiempo sujeto a imprevistos clim\u00e1ticos. En la primera jornada, se detendr\u00e1n las bombas de todos los pozos por 24hs (comenzando desde el lunes al mediod\u00eda), mientras que a partir del mi\u00e9rcoles 25, se intervendr\u00e1 de a una perforaci\u00f3n por d\u00eda.<br \/>\nComo consecuencia, las cisternas de almacenamiento no llegar\u00e1n a recomponer su capacidad m\u00e1xima.<br \/>\nEn ese sentido, Tornquist Municipio se encuentra a total disposici\u00f3n de los vecinos al mismo tiempo, que solicita extremar la preservaci\u00f3n del recurso, ya que el servicio permanecer\u00e1 interrumpido mientras se realizan las tareas necesarias, a cargo de los agentes universitarios. Los trabajos se llevaran a cabo en horas de la ma\u00f1ana y parte de la tarde.<\/p>\n<p>Hagamos un uso sustentable, sostenible y racional del recurso h\u00eddrico subterr\u00e1neo.<\/p>\n","protected":false},"excerpt":{"rendered":"<p>A partir de la situaci\u00f3n de estr\u00e9s h\u00eddrico en la localidad de Villa Ventana, Tornquist Municipio, junto a la Universidad Nacional de Sur, llevar\u00e1 a cabo un estudio que permitir\u00e1 mejorar el conocimiento del agua subterr\u00e1nea con el objetivo de realizar obras de infraestructura que aumenten el abastecimiento de agua potable en la mencionada localidad.<\/p>\n","protected":false},"author":3,"featured_media":6465,"comment_status":"closed","ping_status":"closed","sticky":false,"template":"","format":"standard","meta":{"footnotes":""},"categories":[28],"tags":[],"class_list":["post-107659","post","type-post","status-publish","format-standard","has-post-thumbnail","hentry","category-municipales"],"yoast_head":"<!-- This site is optimized with the Yoast SEO plugin v25.9 - https:\/\/yoast.com\/wordpress\/plugins\/seo\/ -->\n<title>Por un estudio para mejorar el recurso se realizar\u00e1n cortes diarios de agua en Villa Ventana - Noticias Radio Reflejos<\/title>\n<meta name=\"robots\" content=\"index, follow, max-snippet:-1, max-image-preview:large, max-video-preview:-1\" \/>\n<link rel=\"canonical\" href=\"https:\/\/www.noticiasradioreflejos.com.ar\/2021\/por-un-estudio-para-mejorar-el-recurso-se-realizaran-cortes-diarios-de-agua-en-villa-ventana\/\" \/>\n<meta property=\"og:locale\" content=\"es_ES\" \/>\n<meta property=\"og:type\" content=\"article\" \/>\n<meta property=\"og:title\" content=\"Por un estudio para mejorar el recurso se realizar\u00e1n cortes diarios de agua en Villa Ventana - Noticias Radio Reflejos\" \/>\n<meta property=\"og:description\" content=\"A partir de la situaci\u00f3n de estr\u00e9s h\u00eddrico en la localidad de Villa Ventana, Tornquist Municipio, junto a la Universidad Nacional de Sur, llevar\u00e1 a cabo un estudio que permitir\u00e1 mejorar el conocimiento del agua subterr\u00e1nea con el objetivo de realizar obras de infraestructura que aumenten el abastecimiento de agua potable en la mencionada localidad.\" \/>\n<meta property=\"og:url\" content=\"https:\/\/www.noticiasradioreflejos.com.ar\/2021\/por-un-estudio-para-mejorar-el-recurso-se-realizaran-cortes-diarios-de-agua-en-villa-ventana\/\" \/>\n<meta property=\"og:site_name\" content=\"Noticias Radio Reflejos\" \/>\n<meta property=\"article:published_time\" content=\"2024-09-21T16:20:17+00:00\" \/>\n<meta property=\"article:modified_time\" content=\"2024-09-23T14:37:11+00:00\" \/>\n<meta property=\"og:image\" content=\"https:\/\/www.noticiasradioreflejos.com.ar\/2021\/wp-content\/uploads\/2017\/01\/2a-Cablagata-Esc.-Agraria-Villa-Ventana-2.jpg\" \/>\n\t<meta property=\"og:image:width\" content=\"2304\" \/>\n\t<meta property=\"og:image:height\" content=\"1296\" \/>\n\t<meta property=\"og:image:type\" content=\"image\/jpeg\" \/>\n<meta name=\"author\" content=\"Arnaldo Botto\" \/>\n<meta name=\"twitter:card\" content=\"summary_large_image\" \/>\n<script type=\"application\/ld+json\" class=\"yoast-schema-graph\">{\"@context\":\"https:\/\/schema.org\",\"@graph\":[{\"@type\":\"WebPage\",\"@id\":\"https:\/\/www.noticiasradioreflejos.com.ar\/2021\/por-un-estudio-para-mejorar-el-recurso-se-realizaran-cortes-diarios-de-agua-en-villa-ventana\/\",\"url\":\"https:\/\/www.noticiasradioreflejos.com.ar\/2021\/por-un-estudio-para-mejorar-el-recurso-se-realizaran-cortes-diarios-de-agua-en-villa-ventana\/\",\"name\":\"Por un estudio para mejorar el recurso se realizar\u00e1n cortes diarios de agua en Villa Ventana - Noticias Radio Reflejos\",\"isPartOf\":{\"@id\":\"https:\/\/www.noticiasradioreflejos.com.ar\/2021\/#website\"},\"primaryImageOfPage\":{\"@id\":\"https:\/\/www.noticiasradioreflejos.com.ar\/2021\/por-un-estudio-para-mejorar-el-recurso-se-realizaran-cortes-diarios-de-agua-en-villa-ventana\/#primaryimage\"},\"image\":{\"@id\":\"https:\/\/www.noticiasradioreflejos.com.ar\/2021\/por-un-estudio-para-mejorar-el-recurso-se-realizaran-cortes-diarios-de-agua-en-villa-ventana\/#primaryimage\"},\"thumbnailUrl\":\"https:\/\/www.noticiasradioreflejos.com.ar\/2021\/wp-content\/uploads\/2017\/01\/2a-Cablagata-Esc.-Agraria-Villa-Ventana-2.jpg\",\"datePublished\":\"2024-09-21T16:20:17+00:00\",\"dateModified\":\"2024-09-23T14:37:11+00:00\",\"author\":{\"@id\":\"https:\/\/www.noticiasradioreflejos.com.ar\/2021\/#\/schema\/person\/ad82545263dcc5ec0996818884fd5fb1\"},\"breadcrumb\":{\"@id\":\"https:\/\/www.noticiasradioreflejos.com.ar\/2021\/por-un-estudio-para-mejorar-el-recurso-se-realizaran-cortes-diarios-de-agua-en-villa-ventana\/#breadcrumb\"},\"inLanguage\":\"es\",\"potentialAction\":[{\"@type\":\"ReadAction\",\"target\":[\"https:\/\/www.noticiasradioreflejos.com.ar\/2021\/por-un-estudio-para-mejorar-el-recurso-se-realizaran-cortes-diarios-de-agua-en-villa-ventana\/\"]}]},{\"@type\":\"ImageObject\",\"inLanguage\":\"es\",\"@id\":\"https:\/\/www.noticiasradioreflejos.com.ar\/2021\/por-un-estudio-para-mejorar-el-recurso-se-realizaran-cortes-diarios-de-agua-en-villa-ventana\/#primaryimage\",\"url\":\"https:\/\/www.noticiasradioreflejos.com.ar\/2021\/wp-content\/uploads\/2017\/01\/2a-Cablagata-Esc.-Agraria-Villa-Ventana-2.jpg\",\"contentUrl\":\"https:\/\/www.noticiasradioreflejos.com.ar\/2021\/wp-content\/uploads\/2017\/01\/2a-Cablagata-Esc.-Agraria-Villa-Ventana-2.jpg\",\"width\":2304,\"height\":1296},{\"@type\":\"BreadcrumbList\",\"@id\":\"https:\/\/www.noticiasradioreflejos.com.ar\/2021\/por-un-estudio-para-mejorar-el-recurso-se-realizaran-cortes-diarios-de-agua-en-villa-ventana\/#breadcrumb\",\"itemListElement\":[{\"@type\":\"ListItem\",\"position\":1,\"name\":\"Portada\",\"item\":\"https:\/\/www.noticiasradioreflejos.com.ar\/2021\/\"},{\"@type\":\"ListItem\",\"position\":2,\"name\":\"Por un estudio para mejorar el recurso se realizar\u00e1n cortes diarios de agua en Villa Ventana\"}]},{\"@type\":\"WebSite\",\"@id\":\"https:\/\/www.noticiasradioreflejos.com.ar\/2021\/#website\",\"url\":\"https:\/\/www.noticiasradioreflejos.com.ar\/2021\/\",\"name\":\"Noticias Radio Reflejos\",\"description\":\"Las noticias de mi comarca\",\"potentialAction\":[{\"@type\":\"SearchAction\",\"target\":{\"@type\":\"EntryPoint\",\"urlTemplate\":\"https:\/\/www.noticiasradioreflejos.com.ar\/2021\/?s={search_term_string}\"},\"query-input\":{\"@type\":\"PropertyValueSpecification\",\"valueRequired\":true,\"valueName\":\"search_term_string\"}}],\"inLanguage\":\"es\"},{\"@type\":\"Person\",\"@id\":\"https:\/\/www.noticiasradioreflejos.com.ar\/2021\/#\/schema\/person\/ad82545263dcc5ec0996818884fd5fb1\",\"name\":\"Arnaldo Botto\",\"image\":{\"@type\":\"ImageObject\",\"inLanguage\":\"es\",\"@id\":\"https:\/\/www.noticiasradioreflejos.com.ar\/2021\/#\/schema\/person\/image\/\",\"url\":\"https:\/\/secure.gravatar.com\/avatar\/55cb5e37c1efa326397366e6974cb338056df65cb50e7d64d1cf314e87504837?s=96&d=mm&r=g\",\"contentUrl\":\"https:\/\/secure.gravatar.com\/avatar\/55cb5e37c1efa326397366e6974cb338056df65cb50e7d64d1cf314e87504837?s=96&d=mm&r=g\",\"caption\":\"Arnaldo Botto\"},\"url\":\"https:\/\/www.noticiasradioreflejos.com.ar\/2021\/author\/arnaldo\/\"}]}<\/script>\n<!-- \/ Yoast SEO plugin. -->","yoast_head_json":{"title":"Por un estudio para mejorar el recurso se realizar\u00e1n cortes diarios de agua en Villa Ventana - Noticias Radio Reflejos","robots":{"index":"index","follow":"follow","max-snippet":"max-snippet:-1","max-image-preview":"max-image-preview:large","max-video-preview":"max-video-preview:-1"},"canonical":"https:\/\/www.noticiasradioreflejos.com.ar\/2021\/por-un-estudio-para-mejorar-el-recurso-se-realizaran-cortes-diarios-de-agua-en-villa-ventana\/","og_locale":"es_ES","og_type":"article","og_title":"Por un estudio para mejorar el recurso se realizar\u00e1n cortes diarios de agua en Villa Ventana - Noticias Radio Reflejos","og_description":"A partir de la situaci\u00f3n de estr\u00e9s h\u00eddrico en la localidad de Villa Ventana, Tornquist Municipio, junto a la Universidad Nacional de Sur, llevar\u00e1 a cabo un estudio que permitir\u00e1 mejorar el conocimiento del agua subterr\u00e1nea con el objetivo de realizar obras de infraestructura que aumenten el abastecimiento de agua potable en la mencionada localidad.","og_url":"https:\/\/www.noticiasradioreflejos.com.ar\/2021\/por-un-estudio-para-mejorar-el-recurso-se-realizaran-cortes-diarios-de-agua-en-villa-ventana\/","og_site_name":"Noticias Radio Reflejos","article_published_time":"2024-09-21T16:20:17+00:00","article_modified_time":"2024-09-23T14:37:11+00:00","og_image":[{"width":2304,"height":1296,"url":"https:\/\/www.noticiasradioreflejos.com.ar\/2021\/wp-content\/uploads\/2017\/01\/2a-Cablagata-Esc.-Agraria-Villa-Ventana-2.jpg","type":"image\/jpeg"}],"author":"Arnaldo Botto","twitter_card":"summary_large_image","schema":{"@context":"https:\/\/schema.org","@graph":[{"@type":"WebPage","@id":"https:\/\/www.noticiasradioreflejos.com.ar\/2021\/por-un-estudio-para-mejorar-el-recurso-se-realizaran-cortes-diarios-de-agua-en-villa-ventana\/","url":"https:\/\/www.noticiasradioreflejos.com.ar\/2021\/por-un-estudio-para-mejorar-el-recurso-se-realizaran-cortes-diarios-de-agua-en-villa-ventana\/","name":"Por un estudio para mejorar el recurso se realizar\u00e1n cortes diarios de agua en Villa Ventana - Noticias Radio Reflejos","isPartOf":{"@id":"https:\/\/www.noticiasradioreflejos.com.ar\/2021\/#website"},"primaryImageOfPage":{"@id":"https:\/\/www.noticiasradioreflejos.com.ar\/2021\/por-un-estudio-para-mejorar-el-recurso-se-realizaran-cortes-diarios-de-agua-en-villa-ventana\/#primaryimage"},"image":{"@id":"https:\/\/www.noticiasradioreflejos.com.ar\/2021\/por-un-estudio-para-mejorar-el-recurso-se-realizaran-cortes-diarios-de-agua-en-villa-ventana\/#primaryimage"},"thumbnailUrl":"https:\/\/www.noticiasradioreflejos.com.ar\/2021\/wp-content\/uploads\/2017\/01\/2a-Cablagata-Esc.-Agraria-Villa-Ventana-2.jpg","datePublished":"2024-09-21T16:20:17+00:00","dateModified":"2024-09-23T14:37:11+00:00","author":{"@id":"https:\/\/www.noticiasradioreflejos.com.ar\/2021\/#\/schema\/person\/ad82545263dcc5ec0996818884fd5fb1"},"breadcrumb":{"@id":"https:\/\/www.noticiasradioreflejos.com.ar\/2021\/por-un-estudio-para-mejorar-el-recurso-se-realizaran-cortes-diarios-de-agua-en-villa-ventana\/#breadcrumb"},"inLanguage":"es","potentialAction":[{"@type":"ReadAction","target":["https:\/\/www.noticiasradioreflejos.com.ar\/2021\/por-un-estudio-para-mejorar-el-recurso-se-realizaran-cortes-diarios-de-agua-en-villa-ventana\/"]}]},{"@type":"ImageObject","inLanguage":"es","@id":"https:\/\/www.noticiasradioreflejos.com.ar\/2021\/por-un-estudio-para-mejorar-el-recurso-se-realizaran-cortes-diarios-de-agua-en-villa-ventana\/#primaryimage","url":"https:\/\/www.noticiasradioreflejos.com.ar\/2021\/wp-content\/uploads\/2017\/01\/2a-Cablagata-Esc.-Agraria-Villa-Ventana-2.jpg","contentUrl":"https:\/\/www.noticiasradioreflejos.com.ar\/2021\/wp-content\/uploads\/2017\/01\/2a-Cablagata-Esc.-Agraria-Villa-Ventana-2.jpg","width":2304,"height":1296},{"@type":"BreadcrumbList","@id":"https:\/\/www.noticiasradioreflejos.com.ar\/2021\/por-un-estudio-para-mejorar-el-recurso-se-realizaran-cortes-diarios-de-agua-en-villa-ventana\/#breadcrumb","itemListElement":[{"@type":"ListItem","position":1,"name":"Portada","item":"https:\/\/www.noticiasradioreflejos.com.ar\/2021\/"},{"@type":"ListItem","position":2,"name":"Por un estudio para mejorar el recurso se realizar\u00e1n cortes diarios de agua en Villa Ventana"}]},{"@type":"WebSite","@id":"https:\/\/www.noticiasradioreflejos.com.ar\/2021\/#website","url":"https:\/\/www.noticiasradioreflejos.com.ar\/2021\/","name":"Noticias Radio Reflejos","description":"Las noticias de mi comarca","potentialAction":[{"@type":"SearchAction","target":{"@type":"EntryPoint","urlTemplate":"https:\/\/www.noticiasradioreflejos.com.ar\/2021\/?s={search_term_string}"},"query-input":{"@type":"PropertyValueSpecification","valueRequired":true,"valueName":"search_term_string"}}],"inLanguage":"es"},{"@type":"Person","@id":"https:\/\/www.noticiasradioreflejos.com.ar\/2021\/#\/schema\/person\/ad82545263dcc5ec0996818884fd5fb1","name":"Arnaldo Botto","image":{"@type":"ImageObject","inLanguage":"es","@id":"https:\/\/www.noticiasradioreflejos.com.ar\/2021\/#\/schema\/person\/image\/","url":"https:\/\/secure.gravatar.com\/avatar\/55cb5e37c1efa326397366e6974cb338056df65cb50e7d64d1cf314e87504837?s=96&d=mm&r=g","contentUrl":"https:\/\/secure.gravatar.com\/avatar\/55cb5e37c1efa326397366e6974cb338056df65cb50e7d64d1cf314e87504837?s=96&d=mm&r=g","caption":"Arnaldo Botto"},"url":"https:\/\/www.noticiasradioreflejos.com.ar\/2021\/author\/arnaldo\/"}]}},"_links":{"self":[{"href":"https:\/\/www.noticiasradioreflejos.com.ar\/2021\/wp-json\/wp\/v2\/posts\/107659","targetHints":{"allow":["GET"]}}],"collection":[{"href":"https:\/\/www.noticiasradioreflejos.com.ar\/2021\/wp-json\/wp\/v2\/posts"}],"about":[{"href":"https:\/\/www.noticiasradioreflejos.com.ar\/2021\/wp-json\/wp\/v2\/types\/post"}],"author":[{"embeddable":true,"href":"https:\/\/www.noticiasradioreflejos.com.ar\/2021\/wp-json\/wp\/v2\/users\/3"}],"replies":[{"embeddable":true,"href":"https:\/\/www.noticiasradioreflejos.com.ar\/2021\/wp-json\/wp\/v2\/comments?post=107659"}],"version-history":[{"count":2,"href":"https:\/\/www.noticiasradioreflejos.com.ar\/2021\/wp-json\/wp\/v2\/posts\/107659\/revisions"}],"predecessor-version":[{"id":107697,"href":"https:\/\/www.noticiasradioreflejos.com.ar\/2021\/wp-json\/wp\/v2\/posts\/107659\/revisions\/107697"}],"wp:featuredmedia":[{"embeddable":true,"href":"https:\/\/www.noticiasradioreflejos.com.ar\/2021\/wp-json\/wp\/v2\/media\/6465"}],"wp:attachment":[{"href":"https:\/\/www.noticiasradioreflejos.com.ar\/2021\/wp-json\/wp\/v2\/media?parent=107659"}],"wp:term":[{"taxonomy":"category","embeddable":true,"href":"https:\/\/www.noticiasradioreflejos.com.ar\/2021\/wp-json\/wp\/v2\/categories?post=107659"},{"taxonomy":"post_tag","embeddable":true,"href":"https:\/\/www.noticiasradioreflejos.com.ar\/2021\/wp-json\/wp\/v2\/tags?post=107659"}],"curies":[{"name":"wp","href":"https:\/\/api.w.org\/{rel}","templated":true}]}}