{"id":107608,"date":"2024-09-20T10:03:32","date_gmt":"2024-09-20T13:03:32","guid":{"rendered":"https:\/\/www.noticiasradioreflejos.com.ar\/2021\/?p=107608"},"modified":"2024-09-20T10:11:21","modified_gmt":"2024-09-20T13:11:21","slug":"fuerte-critica-del-papa-al-gobierno-en-vez-de-pagar-la-justicia-social-pago-el-gas-pimienta-le-convenia","status":"publish","type":"post","link":"https:\/\/www.noticiasradioreflejos.com.ar\/2021\/fuerte-critica-del-papa-al-gobierno-en-vez-de-pagar-la-justicia-social-pago-el-gas-pimienta-le-convenia\/","title":{"rendered":"Fuerte cr\u00edtica del Papa al Gobierno: \u00abEn vez de pagar la justicia social pag\u00f3 el gas pimienta, le conven\u00eda\u00bb"},"content":{"rendered":"<p>En un acto con movimientos sociales y ante la presencia de Juan Grabois, el Sumo Pont\u00edfice cuestion\u00f3 el accionar policial contra \u00abla gente que ped\u00eda por sus derechos en la calle\u00bb<!--more--><\/p>\n<div class=\"columns\" data-tadevel-template=\"web\/article-columns\">\n<div class=\"column-main\">\n<div class=\"article-body\" data-tadevel-template=\"web\/article-body\">\n<div class=\"article-body-content\">\n<p>El\u00a0<strong>Papa Francisco<\/strong>\u00a0profes\u00f3 hoy cr\u00edticas contra el gobierno de\u00a0<strong>Javier Milei<\/strong>\u00a0por el accionar que suelen desplegar los efectivos policiales contra los manifestantes, bajo coordinaci\u00f3n del Ministerio de Seguridad, a cargo de la ministra\u00a0<strong>Patricia Bullrich<\/strong>.\u00a0<i>\u201c<strong>El Gobierno se puso firme y en vez de pagar la justicia social pag\u00f3 el gas pimienta, le conven\u00eda\u201d<\/strong><\/i>, sentenci\u00f3.<\/p>\n<p>En el marco de la Conmemoraci\u00f3n de los 10 a\u00f1os del primer Encuentro Mundial de Movimientos Populares, bajo el lema<strong>\u00ab<\/strong><i><strong>Plantando bandera frente a la deshumanizaci\u00f3n\u00bb<\/strong><\/i><strong>,\u00a0<\/strong>y ante la presencia de distintos dirigentes de movimientos sociales, entre ellos,\u00a0<strong>Juan Grabois<\/strong>, la m\u00e1xima autoridad eclesi\u00e1stica contradijo a la administraci\u00f3n libertaria al pronunciarse a favor de la justicia social y cuestionar la represi\u00f3n.<\/p>\n<p><i>\u201cMe hicieron ver un filmado de una represi\u00f3n de hace una semana o un poco menos.<strong>\u00a0Obreros, gente que ped\u00eda por sus derechos en la calle y la polic\u00eda la rechazaba con una cosa que es lo m\u00e1s caro que hay, el gas pimienta de primera calidad. No ten\u00edan derecho a reclamar lo suyo, porque eran revoltosos, comunistas<\/strong><\/i><strong>\u201d,\u00a0<\/strong>sostuvo el Papa, y agreg\u00f3:\u00a0<strong>\u201c<\/strong><i><strong>El gobierno se puso firme: en vez de pagar la justicia social pag\u00f3 el gas pimienta, le conven\u00eda. T\u00e9nganlo en cuenta eso\u201d.<\/strong><\/i><\/p>\n<p>En la misma l\u00ednea, remarc\u00f3: \u201c<i>Mirar desde lejos, mirar desde arriba, con indiferencia, con desprecio, con odio. As\u00ed se gesta la violencia:\u00a0<strong>el silencio de la indiferencia habilita el rugido del odio.<\/strong><strong>\u00a0El silencio frente a la injusticia abre paso a la divisi\u00f3n social, la divisi\u00f3n social a la violencia verbal, la violencia verbal a la violencia f\u00edsica, la violencia f\u00edsica a la guerra de todos contra todos. Ah\u00ed est\u00e1 la cola del diablo\u00bb.<\/strong><\/i><\/p>\n<p>Sus palabras referencian al accionar policial durante una movilizaci\u00f3n convocada en rechazo del veto presidencial a la actualizaci\u00f3n de los haberes jubilatorios que culmin\u00f3 con un mega operativo de seguridad que avanz\u00f3 con gases contra los manifestantes.<\/p>\n<p>Pese a que el Presidente expuesto que \u201cel concepto de Justicia Social es aberrante\u201d y la ha definido como \u00abrobarle a alguien para darle a otro\u00bb,\u00a0<strong>el Papa Francisco pidi\u00f3 rezar para \u201crealizar la verdadera justicia social\u201d.\u00a0<\/strong><\/p>\n<p>Incluso, expuso un episodio de \u201ccorrupci\u00f3n\u201d por parte de un funcionario del Gobierno que habr\u00eda tenido lugar recientemente, aunque evit\u00f3 precisar nombres.\u00a0<i>\u201cMe contaba un emprendedor internacional que estaba haciendo en Argentina unas inversiones de extensi\u00f3n de eso que ellos estaban llevando adelante, y fue a presentar al ministro un nuevo plan de nuevas extensiones. El ministro lo atendi\u00f3 muy bien y dijo \u2018dejemel\u00f3, ya lo van a llamar&#8230;\u2019\u201d<\/i>, narr\u00f3, y agreg\u00f3: \u201c<i>Al d\u00eda siguiente, el secretario del ministro lo llam\u00f3, le dijo si podr\u00eda pasar \u2018en dos d\u00edas, as\u00ed le entregamos el permiso\u2019. Pas\u00f3, le entreg\u00f3 los papeles y la firma y cuando \u00e9l (el emprendedor) se estaba por levantar,\u00a0<strong>le dijo: \u00bfy para nosotros, cu\u00e1nto?\u00bfY para nosotros, cu\u00e1nto? La coima. El diablo entra por el bolsillo, no se olviden\u201d<\/strong>.<\/i><\/p>\n<p>En otro pasaje de su discurso, pidi\u00f3 \u201c<i>que nadie nos robe la memoria hist\u00f3rica y el sentido de pertenencia a un pueblo<\/i>\u201d, y cuestion\u00f3 a\u00a0<strong>Julio Argentino Roca<\/strong>, uno de los pr\u00f3ceres venerados por el libertario.\u00a0<i><strong>\u201cLos argentinos, que tenemos solo 600 mil abor\u00edgenes, acord\u00e9monos de Roca que les cort\u00f3 la cabeza a todos los abor\u00edgenes, una cosa vergonzosa<\/strong><\/i><strong>\u201d<\/strong>, sentenci\u00f3.<\/p>\n<h3>El mensaje a los movimientos sociales<\/h3>\n<p>Ante representantes de Am\u00e9rica Latina, \u00c1frica, Asia y Europa, y dirigentes argentinos como<strong>\u00a0Alejandro Gramajo,<\/strong>\u00a0secretario gremial de la UTEP, y<strong>\u00a0Juan Grabois,<\/strong>\u00a0el Papa Francisco les solicit\u00f3 que ayuden a los pol\u00edticos \u201c<i><strong>para que no se entreguen a los cocodrilos, para que no se arrodillen ante la estatua de oro por miedo al horno\u201d<\/strong><\/i><strong>.<\/strong><\/p>\n<p>\u201cUstedes tienen que ser custodios de la Justicia Social, tienen que estar ah\u00ed para recordarles al servicio de qui\u00e9n est\u00e1n, insistiendo, insistiendo, para que hagan justicia\u201d, pidi\u00f3 al tiempo que remarc\u00f3 que se debe seguir\u00a0<strong>\u00ab<\/strong><i><strong>combatiendo la econom\u00eda criminal con la econom\u00eda popular\u201d<\/strong><\/i><\/p>\n<p>Por su parte, alert\u00f3 por el avance del<strong>\u00a0narcotr\u00e1fico,<\/strong><strong>\u00a0la prostituci\u00f3n infantil, la trata de personas, la violencia en los barrios, la formas de criminalidad organizada y las apuestas online,\u00a0<\/strong>por lo que expuso la necesidad de atacar las causas estructurales, acercando a personas a la Iglesia.<strong>\u00a0\u201cNo aflojen, por favor\u201d,<\/strong>\u00a0suplic\u00f3.<\/p>\n<p>Tambi\u00e9n reiter\u00f3 sus cr\u00edticas al sistema capitalista y a la desigual distribuci\u00f3n de la riqueza desde una perspectiva cristiana.\u00a0\u201c<i>Dicen que el sistema que permiti\u00f3 amasar fortunas a las personas ricas, y permite agregar riquezas rid\u00edculas, es inmoral, que debe ser notificado, que\u00a0<strong>debe haber m\u00e1s impuestos a los billonarios<\/strong><\/i>\u201d,\u00a0reclam\u00f3.<\/p>\n<p><i>\u00abCuando el Papa habla, habla para todos porque la iglesia es para todos, pero el Papa no puede sustraerse de la centralidad de los pobres en el Evangelio.\u00a0<strong>Esto no es comunismo, es el Evangelio puro<\/strong>. No es el Papa, sino Jes\u00fas el que los pone al centro, en ese lugar. Es una cuesti\u00f3n de nuestra fe y no se puede negociar<\/i>\u201d, precis\u00f3.<\/p>\n<p>Por \u00faltimo, en un mensaje direccionado a \u201c<i><strong>los m\u00e1s humildes, los explotados, los pobres y excluidos\u201d<\/strong>, plante\u00f3 que<strong>\u00a0\u201cel futuro de la humanidad est\u00e1 en sus manos<\/strong><\/i><strong>\u201d. \u00ab<\/strong>Les invito a construir una alternativa humana a la globalizaci\u00f3n excluyente. No se achiquen<strong>\u201d<\/strong>, concluy\u00f3.<\/p>\n<\/div>\n<\/div>\n<\/div>\n<\/div>\n<p>&nbsp;<\/p>\n<p><em><strong>Fuente NA<\/strong><\/em><\/p>\n","protected":false},"excerpt":{"rendered":"<p>En un acto con movimientos sociales y ante la presencia de Juan Grabois, el Sumo Pont\u00edfice cuestion\u00f3 el accionar policial contra \u00abla gente que ped\u00eda por sus derechos en la calle\u00bb<\/p>\n","protected":false},"author":3,"featured_media":107609,"comment_status":"closed","ping_status":"closed","sticky":false,"template":"","format":"standard","meta":{"footnotes":""},"categories":[24],"tags":[48],"class_list":["post-107608","post","type-post","status-publish","format-standard","has-post-thumbnail","hentry","category-politica","tag-destacada"],"yoast_head":"<!-- This site is optimized with the Yoast SEO plugin v25.9 - https:\/\/yoast.com\/wordpress\/plugins\/seo\/ -->\n<title>Fuerte cr\u00edtica del Papa al Gobierno: &quot;En vez de pagar la justicia social pag\u00f3 el gas pimienta, le conven\u00eda&quot; - Noticias Radio Reflejos<\/title>\n<meta name=\"robots\" content=\"index, follow, max-snippet:-1, max-image-preview:large, max-video-preview:-1\" \/>\n<link rel=\"canonical\" href=\"https:\/\/www.noticiasradioreflejos.com.ar\/2021\/fuerte-critica-del-papa-al-gobierno-en-vez-de-pagar-la-justicia-social-pago-el-gas-pimienta-le-convenia\/\" \/>\n<meta property=\"og:locale\" content=\"es_ES\" \/>\n<meta property=\"og:type\" content=\"article\" \/>\n<meta property=\"og:title\" content=\"Fuerte cr\u00edtica del Papa al Gobierno: &quot;En vez de pagar la justicia social pag\u00f3 el gas pimienta, le conven\u00eda&quot; - Noticias Radio Reflejos\" \/>\n<meta property=\"og:description\" content=\"En un acto con movimientos sociales y ante la presencia de Juan Grabois, el Sumo Pont\u00edfice cuestion\u00f3 el accionar policial contra \u00abla gente que ped\u00eda por sus derechos en la calle\u00bb\" \/>\n<meta property=\"og:url\" content=\"https:\/\/www.noticiasradioreflejos.com.ar\/2021\/fuerte-critica-del-papa-al-gobierno-en-vez-de-pagar-la-justicia-social-pago-el-gas-pimienta-le-convenia\/\" \/>\n<meta property=\"og:site_name\" content=\"Noticias Radio Reflejos\" \/>\n<meta property=\"article:published_time\" content=\"2024-09-20T13:03:32+00:00\" \/>\n<meta property=\"article:modified_time\" content=\"2024-09-20T13:11:21+00:00\" \/>\n<meta property=\"og:image\" content=\"https:\/\/www.noticiasradioreflejos.com.ar\/2021\/wp-content\/uploads\/2024\/09\/Francisco.jpg\" \/>\n\t<meta property=\"og:image:width\" content=\"960\" \/>\n\t<meta property=\"og:image:height\" content=\"640\" \/>\n\t<meta property=\"og:image:type\" content=\"image\/jpeg\" \/>\n<meta name=\"author\" content=\"Arnaldo Botto\" \/>\n<meta name=\"twitter:card\" content=\"summary_large_image\" \/>\n<script type=\"application\/ld+json\" class=\"yoast-schema-graph\">{\"@context\":\"https:\/\/schema.org\",\"@graph\":[{\"@type\":\"WebPage\",\"@id\":\"https:\/\/www.noticiasradioreflejos.com.ar\/2021\/fuerte-critica-del-papa-al-gobierno-en-vez-de-pagar-la-justicia-social-pago-el-gas-pimienta-le-convenia\/\",\"url\":\"https:\/\/www.noticiasradioreflejos.com.ar\/2021\/fuerte-critica-del-papa-al-gobierno-en-vez-de-pagar-la-justicia-social-pago-el-gas-pimienta-le-convenia\/\",\"name\":\"Fuerte cr\u00edtica del Papa al Gobierno: \\\"En vez de pagar la justicia social pag\u00f3 el gas pimienta, le conven\u00eda\\\" - Noticias Radio Reflejos\",\"isPartOf\":{\"@id\":\"https:\/\/www.noticiasradioreflejos.com.ar\/2021\/#website\"},\"primaryImageOfPage\":{\"@id\":\"https:\/\/www.noticiasradioreflejos.com.ar\/2021\/fuerte-critica-del-papa-al-gobierno-en-vez-de-pagar-la-justicia-social-pago-el-gas-pimienta-le-convenia\/#primaryimage\"},\"image\":{\"@id\":\"https:\/\/www.noticiasradioreflejos.com.ar\/2021\/fuerte-critica-del-papa-al-gobierno-en-vez-de-pagar-la-justicia-social-pago-el-gas-pimienta-le-convenia\/#primaryimage\"},\"thumbnailUrl\":\"https:\/\/www.noticiasradioreflejos.com.ar\/2021\/wp-content\/uploads\/2024\/09\/Francisco.jpg\",\"datePublished\":\"2024-09-20T13:03:32+00:00\",\"dateModified\":\"2024-09-20T13:11:21+00:00\",\"author\":{\"@id\":\"https:\/\/www.noticiasradioreflejos.com.ar\/2021\/#\/schema\/person\/ad82545263dcc5ec0996818884fd5fb1\"},\"breadcrumb\":{\"@id\":\"https:\/\/www.noticiasradioreflejos.com.ar\/2021\/fuerte-critica-del-papa-al-gobierno-en-vez-de-pagar-la-justicia-social-pago-el-gas-pimienta-le-convenia\/#breadcrumb\"},\"inLanguage\":\"es\",\"potentialAction\":[{\"@type\":\"ReadAction\",\"target\":[\"https:\/\/www.noticiasradioreflejos.com.ar\/2021\/fuerte-critica-del-papa-al-gobierno-en-vez-de-pagar-la-justicia-social-pago-el-gas-pimienta-le-convenia\/\"]}]},{\"@type\":\"ImageObject\",\"inLanguage\":\"es\",\"@id\":\"https:\/\/www.noticiasradioreflejos.com.ar\/2021\/fuerte-critica-del-papa-al-gobierno-en-vez-de-pagar-la-justicia-social-pago-el-gas-pimienta-le-convenia\/#primaryimage\",\"url\":\"https:\/\/www.noticiasradioreflejos.com.ar\/2021\/wp-content\/uploads\/2024\/09\/Francisco.jpg\",\"contentUrl\":\"https:\/\/www.noticiasradioreflejos.com.ar\/2021\/wp-content\/uploads\/2024\/09\/Francisco.jpg\",\"width\":960,\"height\":640},{\"@type\":\"BreadcrumbList\",\"@id\":\"https:\/\/www.noticiasradioreflejos.com.ar\/2021\/fuerte-critica-del-papa-al-gobierno-en-vez-de-pagar-la-justicia-social-pago-el-gas-pimienta-le-convenia\/#breadcrumb\",\"itemListElement\":[{\"@type\":\"ListItem\",\"position\":1,\"name\":\"Portada\",\"item\":\"https:\/\/www.noticiasradioreflejos.com.ar\/2021\/\"},{\"@type\":\"ListItem\",\"position\":2,\"name\":\"Fuerte cr\u00edtica del Papa al Gobierno: \u00abEn vez de pagar la justicia social pag\u00f3 el gas pimienta, le conven\u00eda\u00bb\"}]},{\"@type\":\"WebSite\",\"@id\":\"https:\/\/www.noticiasradioreflejos.com.ar\/2021\/#website\",\"url\":\"https:\/\/www.noticiasradioreflejos.com.ar\/2021\/\",\"name\":\"Noticias Radio Reflejos\",\"description\":\"Las noticias de mi comarca\",\"potentialAction\":[{\"@type\":\"SearchAction\",\"target\":{\"@type\":\"EntryPoint\",\"urlTemplate\":\"https:\/\/www.noticiasradioreflejos.com.ar\/2021\/?s={search_term_string}\"},\"query-input\":{\"@type\":\"PropertyValueSpecification\",\"valueRequired\":true,\"valueName\":\"search_term_string\"}}],\"inLanguage\":\"es\"},{\"@type\":\"Person\",\"@id\":\"https:\/\/www.noticiasradioreflejos.com.ar\/2021\/#\/schema\/person\/ad82545263dcc5ec0996818884fd5fb1\",\"name\":\"Arnaldo Botto\",\"image\":{\"@type\":\"ImageObject\",\"inLanguage\":\"es\",\"@id\":\"https:\/\/www.noticiasradioreflejos.com.ar\/2021\/#\/schema\/person\/image\/\",\"url\":\"https:\/\/secure.gravatar.com\/avatar\/55cb5e37c1efa326397366e6974cb338056df65cb50e7d64d1cf314e87504837?s=96&d=mm&r=g\",\"contentUrl\":\"https:\/\/secure.gravatar.com\/avatar\/55cb5e37c1efa326397366e6974cb338056df65cb50e7d64d1cf314e87504837?s=96&d=mm&r=g\",\"caption\":\"Arnaldo Botto\"},\"url\":\"https:\/\/www.noticiasradioreflejos.com.ar\/2021\/author\/arnaldo\/\"}]}<\/script>\n<!-- \/ Yoast SEO plugin. -->","yoast_head_json":{"title":"Fuerte cr\u00edtica del Papa al Gobierno: \"En vez de pagar la justicia social pag\u00f3 el gas pimienta, le conven\u00eda\" - Noticias Radio Reflejos","robots":{"index":"index","follow":"follow","max-snippet":"max-snippet:-1","max-image-preview":"max-image-preview:large","max-video-preview":"max-video-preview:-1"},"canonical":"https:\/\/www.noticiasradioreflejos.com.ar\/2021\/fuerte-critica-del-papa-al-gobierno-en-vez-de-pagar-la-justicia-social-pago-el-gas-pimienta-le-convenia\/","og_locale":"es_ES","og_type":"article","og_title":"Fuerte cr\u00edtica del Papa al Gobierno: \"En vez de pagar la justicia social pag\u00f3 el gas pimienta, le conven\u00eda\" - Noticias Radio Reflejos","og_description":"En un acto con movimientos sociales y ante la presencia de Juan Grabois, el Sumo Pont\u00edfice cuestion\u00f3 el accionar policial contra \u00abla gente que ped\u00eda por sus derechos en la calle\u00bb","og_url":"https:\/\/www.noticiasradioreflejos.com.ar\/2021\/fuerte-critica-del-papa-al-gobierno-en-vez-de-pagar-la-justicia-social-pago-el-gas-pimienta-le-convenia\/","og_site_name":"Noticias Radio Reflejos","article_published_time":"2024-09-20T13:03:32+00:00","article_modified_time":"2024-09-20T13:11:21+00:00","og_image":[{"width":960,"height":640,"url":"https:\/\/www.noticiasradioreflejos.com.ar\/2021\/wp-content\/uploads\/2024\/09\/Francisco.jpg","type":"image\/jpeg"}],"author":"Arnaldo Botto","twitter_card":"summary_large_image","schema":{"@context":"https:\/\/schema.org","@graph":[{"@type":"WebPage","@id":"https:\/\/www.noticiasradioreflejos.com.ar\/2021\/fuerte-critica-del-papa-al-gobierno-en-vez-de-pagar-la-justicia-social-pago-el-gas-pimienta-le-convenia\/","url":"https:\/\/www.noticiasradioreflejos.com.ar\/2021\/fuerte-critica-del-papa-al-gobierno-en-vez-de-pagar-la-justicia-social-pago-el-gas-pimienta-le-convenia\/","name":"Fuerte cr\u00edtica del Papa al Gobierno: \"En vez de pagar la justicia social pag\u00f3 el gas pimienta, le conven\u00eda\" - Noticias Radio Reflejos","isPartOf":{"@id":"https:\/\/www.noticiasradioreflejos.com.ar\/2021\/#website"},"primaryImageOfPage":{"@id":"https:\/\/www.noticiasradioreflejos.com.ar\/2021\/fuerte-critica-del-papa-al-gobierno-en-vez-de-pagar-la-justicia-social-pago-el-gas-pimienta-le-convenia\/#primaryimage"},"image":{"@id":"https:\/\/www.noticiasradioreflejos.com.ar\/2021\/fuerte-critica-del-papa-al-gobierno-en-vez-de-pagar-la-justicia-social-pago-el-gas-pimienta-le-convenia\/#primaryimage"},"thumbnailUrl":"https:\/\/www.noticiasradioreflejos.com.ar\/2021\/wp-content\/uploads\/2024\/09\/Francisco.jpg","datePublished":"2024-09-20T13:03:32+00:00","dateModified":"2024-09-20T13:11:21+00:00","author":{"@id":"https:\/\/www.noticiasradioreflejos.com.ar\/2021\/#\/schema\/person\/ad82545263dcc5ec0996818884fd5fb1"},"breadcrumb":{"@id":"https:\/\/www.noticiasradioreflejos.com.ar\/2021\/fuerte-critica-del-papa-al-gobierno-en-vez-de-pagar-la-justicia-social-pago-el-gas-pimienta-le-convenia\/#breadcrumb"},"inLanguage":"es","potentialAction":[{"@type":"ReadAction","target":["https:\/\/www.noticiasradioreflejos.com.ar\/2021\/fuerte-critica-del-papa-al-gobierno-en-vez-de-pagar-la-justicia-social-pago-el-gas-pimienta-le-convenia\/"]}]},{"@type":"ImageObject","inLanguage":"es","@id":"https:\/\/www.noticiasradioreflejos.com.ar\/2021\/fuerte-critica-del-papa-al-gobierno-en-vez-de-pagar-la-justicia-social-pago-el-gas-pimienta-le-convenia\/#primaryimage","url":"https:\/\/www.noticiasradioreflejos.com.ar\/2021\/wp-content\/uploads\/2024\/09\/Francisco.jpg","contentUrl":"https:\/\/www.noticiasradioreflejos.com.ar\/2021\/wp-content\/uploads\/2024\/09\/Francisco.jpg","width":960,"height":640},{"@type":"BreadcrumbList","@id":"https:\/\/www.noticiasradioreflejos.com.ar\/2021\/fuerte-critica-del-papa-al-gobierno-en-vez-de-pagar-la-justicia-social-pago-el-gas-pimienta-le-convenia\/#breadcrumb","itemListElement":[{"@type":"ListItem","position":1,"name":"Portada","item":"https:\/\/www.noticiasradioreflejos.com.ar\/2021\/"},{"@type":"ListItem","position":2,"name":"Fuerte cr\u00edtica del Papa al Gobierno: \u00abEn vez de pagar la justicia social pag\u00f3 el gas pimienta, le conven\u00eda\u00bb"}]},{"@type":"WebSite","@id":"https:\/\/www.noticiasradioreflejos.com.ar\/2021\/#website","url":"https:\/\/www.noticiasradioreflejos.com.ar\/2021\/","name":"Noticias Radio Reflejos","description":"Las noticias de mi comarca","potentialAction":[{"@type":"SearchAction","target":{"@type":"EntryPoint","urlTemplate":"https:\/\/www.noticiasradioreflejos.com.ar\/2021\/?s={search_term_string}"},"query-input":{"@type":"PropertyValueSpecification","valueRequired":true,"valueName":"search_term_string"}}],"inLanguage":"es"},{"@type":"Person","@id":"https:\/\/www.noticiasradioreflejos.com.ar\/2021\/#\/schema\/person\/ad82545263dcc5ec0996818884fd5fb1","name":"Arnaldo Botto","image":{"@type":"ImageObject","inLanguage":"es","@id":"https:\/\/www.noticiasradioreflejos.com.ar\/2021\/#\/schema\/person\/image\/","url":"https:\/\/secure.gravatar.com\/avatar\/55cb5e37c1efa326397366e6974cb338056df65cb50e7d64d1cf314e87504837?s=96&d=mm&r=g","contentUrl":"https:\/\/secure.gravatar.com\/avatar\/55cb5e37c1efa326397366e6974cb338056df65cb50e7d64d1cf314e87504837?s=96&d=mm&r=g","caption":"Arnaldo Botto"},"url":"https:\/\/www.noticiasradioreflejos.com.ar\/2021\/author\/arnaldo\/"}]}},"_links":{"self":[{"href":"https:\/\/www.noticiasradioreflejos.com.ar\/2021\/wp-json\/wp\/v2\/posts\/107608","targetHints":{"allow":["GET"]}}],"collection":[{"href":"https:\/\/www.noticiasradioreflejos.com.ar\/2021\/wp-json\/wp\/v2\/posts"}],"about":[{"href":"https:\/\/www.noticiasradioreflejos.com.ar\/2021\/wp-json\/wp\/v2\/types\/post"}],"author":[{"embeddable":true,"href":"https:\/\/www.noticiasradioreflejos.com.ar\/2021\/wp-json\/wp\/v2\/users\/3"}],"replies":[{"embeddable":true,"href":"https:\/\/www.noticiasradioreflejos.com.ar\/2021\/wp-json\/wp\/v2\/comments?post=107608"}],"version-history":[{"count":3,"href":"https:\/\/www.noticiasradioreflejos.com.ar\/2021\/wp-json\/wp\/v2\/posts\/107608\/revisions"}],"predecessor-version":[{"id":107612,"href":"https:\/\/www.noticiasradioreflejos.com.ar\/2021\/wp-json\/wp\/v2\/posts\/107608\/revisions\/107612"}],"wp:featuredmedia":[{"embeddable":true,"href":"https:\/\/www.noticiasradioreflejos.com.ar\/2021\/wp-json\/wp\/v2\/media\/107609"}],"wp:attachment":[{"href":"https:\/\/www.noticiasradioreflejos.com.ar\/2021\/wp-json\/wp\/v2\/media?parent=107608"}],"wp:term":[{"taxonomy":"category","embeddable":true,"href":"https:\/\/www.noticiasradioreflejos.com.ar\/2021\/wp-json\/wp\/v2\/categories?post=107608"},{"taxonomy":"post_tag","embeddable":true,"href":"https:\/\/www.noticiasradioreflejos.com.ar\/2021\/wp-json\/wp\/v2\/tags?post=107608"}],"curies":[{"name":"wp","href":"https:\/\/api.w.org\/{rel}","templated":true}]}}