{"id":10756,"date":"2017-06-02T12:42:04","date_gmt":"2017-06-02T15:42:04","guid":{"rendered":"http:\/\/noticiasradioreflejos.com.ar\/noticias\/?p=10756"},"modified":"2017-06-02T12:42:04","modified_gmt":"2017-06-02T15:42:04","slug":"importantes-avances-en-el-servico-de-internet-y-tv-por-cable-en-sierra-de-la-ventana","status":"publish","type":"post","link":"https:\/\/www.noticiasradioreflejos.com.ar\/2021\/importantes-avances-en-el-servico-de-internet-y-tv-por-cable-en-sierra-de-la-ventana\/","title":{"rendered":"Importantes avances en el servico de Internet y TV por Cable en Sierra de la Ventana"},"content":{"rendered":"<p>Desde hace 14 a\u00f1os, <strong>Fernando Girou<\/strong> trabaja en atenci\u00f3n al p\u00fablico y asesoramiento de la empresa Sierra Visi\u00f3n y Visi\u00f3n Net.<br \/>\nEn dialogo con nuestro medio, nos describe como fue el trabajo de brindar el servicio de TV por Cable en la localidad y de que manera se sum\u00f3 posteriormente, a partir del 2008 el servicio de Internet.<br \/>\nNos anticipa que en pocos d\u00edas mas, la prestaci\u00f3n de Internet aumentar\u00e1 considerablemente su servicio, pasando de 3 megas que tiene en la actualidad a 10 megas con un bajo costo de diferencia.<br \/>\nAdem\u00e1s adelanta que habr\u00e1 novedades en el servicio de Televisi\u00f3n con mejoras notables para sus abonados.<!--more--><br \/>\nImportantes anuncios para\u00a0los usuarios de los servicio de \u00a0Internet y TV Cable de Sierra de la Ventana, realiz\u00f3 Fernando Girou de la empresa Sierra Visi\u00f3n y visi\u00f3n Net.<br \/>\n\u00abComenzamos con apenas 25 canales y hoy tenemos mas de 70, luego de a\u00f1os de trabaja a p\u00e9rdida\u00bb coment\u00f3 en parte de la nota Girou que administra las empresas serranas.<br \/>\nHace 15 a\u00f1os, el sistema de TV por cable en la localidad pertenec\u00eda a una empresa que termin\u00f3 con una quiebra fraudulenta, la justicia termin\u00f3 realizando el remate de todos los bienes del cable en octubre del 2003 \u00a0y en el acto\u00a0lo adquiri\u00f3 la firma Visi\u00f3n Net.<br \/>\nDesde entonces, Fernando se encuentra al frente del mostrador brindando informaci\u00f3n y asesoramiento sobre el servicio. En el a\u00f1o 2008 comenz\u00f3 en Sierra de la Ventana la era de Internet, y as\u00ed se form\u00f3 Visi\u00f3n Net. \u00abComenzamos con much\u00edsimos problemas, entregando la se\u00f1al de Internet en forma a\u00e9rea\u00bb apuntaba Girou al tiempo que anunci\u00f3: \u00abHoy tenemos la buena noticia que mas all\u00e1 de tener todo el pueblo con cable modem,\u00a0entregando 3 megas con un servicio que mejor\u00f3 notablemente, en unos d\u00edas comenzaremos a emitir la banda con 10 megas de velocidad\u00bb.<br \/>\nConsultado en relaci\u00f3n a la tarifa que tendr\u00e1 este nuevo servicio el empleado afirm\u00f3: \u00abhabr\u00e1 categor\u00edas para cada servcio y el costo ser\u00e1 \u00ednfimo entre \u00a0 uno y otro.<br \/>\nTambi\u00e9n anticipa que se vienen mejoras muy importantes para la TV por Cable, pero para eso falta mas tiempo.<br \/>\n&nbsp;<br \/>\n<iframe loading=\"lazy\" src=\"https:\/\/w.soundcloud.com\/player\/?url=https%3A\/\/api.soundcloud.com\/tracks\/325602284&amp;color=ff5500&amp;auto_play=false&amp;hide_related=false&amp;show_comments=true&amp;show_user=true&amp;show_reposts=false\" width=\"100%\" height=\"166\" frameborder=\"no\" scrolling=\"no\"><\/iframe><\/p>\n","protected":false},"excerpt":{"rendered":"<p>Desde hace 14 a\u00f1os, Fernando Girou trabaja en atenci\u00f3n al p\u00fablico y asesoramiento de la empresa Sierra Visi\u00f3n y Visi\u00f3n Net. En dialogo con nuestro medio, nos describe como fue el trabajo de brindar el servicio de TV por Cable en la localidad y de que manera se sum\u00f3 posteriormente, a partir del 2008 el [&hellip;]<\/p>\n","protected":false},"author":3,"featured_media":0,"comment_status":"closed","ping_status":"open","sticky":false,"template":"","format":"standard","meta":{"footnotes":""},"categories":[26],"tags":[],"class_list":["post-10756","post","type-post","status-publish","format-standard","hentry","category-sociedad"],"yoast_head":"<!-- This site is optimized with the Yoast SEO plugin v25.9 - https:\/\/yoast.com\/wordpress\/plugins\/seo\/ -->\n<title>Importantes avances en el servico de Internet y TV por Cable en Sierra de la Ventana - Noticias Radio Reflejos<\/title>\n<meta name=\"robots\" content=\"index, follow, max-snippet:-1, max-image-preview:large, max-video-preview:-1\" \/>\n<link rel=\"canonical\" href=\"https:\/\/www.noticiasradioreflejos.com.ar\/2021\/importantes-avances-en-el-servico-de-internet-y-tv-por-cable-en-sierra-de-la-ventana\/\" \/>\n<meta property=\"og:locale\" content=\"es_ES\" \/>\n<meta property=\"og:type\" content=\"article\" \/>\n<meta property=\"og:title\" content=\"Importantes avances en el servico de Internet y TV por Cable en Sierra de la Ventana - Noticias Radio Reflejos\" \/>\n<meta property=\"og:description\" content=\"Desde hace 14 a\u00f1os, Fernando Girou trabaja en atenci\u00f3n al p\u00fablico y asesoramiento de la empresa Sierra Visi\u00f3n y Visi\u00f3n Net. En dialogo con nuestro medio, nos describe como fue el trabajo de brindar el servicio de TV por Cable en la localidad y de que manera se sum\u00f3 posteriormente, a partir del 2008 el [&hellip;]\" \/>\n<meta property=\"og:url\" content=\"https:\/\/www.noticiasradioreflejos.com.ar\/2021\/importantes-avances-en-el-servico-de-internet-y-tv-por-cable-en-sierra-de-la-ventana\/\" \/>\n<meta property=\"og:site_name\" content=\"Noticias Radio Reflejos\" \/>\n<meta property=\"article:published_time\" content=\"2017-06-02T15:42:04+00:00\" \/>\n<meta property=\"og:image\" content=\"https:\/\/www.noticiasradioreflejos.com.ar\/2021\/wp-content\/uploads\/2021\/07\/logosol300x200.png\" \/>\n\t<meta property=\"og:image:width\" content=\"300\" \/>\n\t<meta property=\"og:image:height\" content=\"200\" \/>\n\t<meta property=\"og:image:type\" content=\"image\/png\" \/>\n<meta name=\"author\" content=\"Arnaldo Botto\" \/>\n<meta name=\"twitter:card\" content=\"summary_large_image\" \/>\n<script type=\"application\/ld+json\" class=\"yoast-schema-graph\">{\"@context\":\"https:\/\/schema.org\",\"@graph\":[{\"@type\":\"WebPage\",\"@id\":\"https:\/\/www.noticiasradioreflejos.com.ar\/2021\/importantes-avances-en-el-servico-de-internet-y-tv-por-cable-en-sierra-de-la-ventana\/\",\"url\":\"https:\/\/www.noticiasradioreflejos.com.ar\/2021\/importantes-avances-en-el-servico-de-internet-y-tv-por-cable-en-sierra-de-la-ventana\/\",\"name\":\"Importantes avances en el servico de Internet y TV por Cable en Sierra de la Ventana - Noticias Radio Reflejos\",\"isPartOf\":{\"@id\":\"https:\/\/www.noticiasradioreflejos.com.ar\/2021\/#website\"},\"datePublished\":\"2017-06-02T15:42:04+00:00\",\"author\":{\"@id\":\"https:\/\/www.noticiasradioreflejos.com.ar\/2021\/#\/schema\/person\/ad82545263dcc5ec0996818884fd5fb1\"},\"breadcrumb\":{\"@id\":\"https:\/\/www.noticiasradioreflejos.com.ar\/2021\/importantes-avances-en-el-servico-de-internet-y-tv-por-cable-en-sierra-de-la-ventana\/#breadcrumb\"},\"inLanguage\":\"es\",\"potentialAction\":[{\"@type\":\"ReadAction\",\"target\":[\"https:\/\/www.noticiasradioreflejos.com.ar\/2021\/importantes-avances-en-el-servico-de-internet-y-tv-por-cable-en-sierra-de-la-ventana\/\"]}]},{\"@type\":\"BreadcrumbList\",\"@id\":\"https:\/\/www.noticiasradioreflejos.com.ar\/2021\/importantes-avances-en-el-servico-de-internet-y-tv-por-cable-en-sierra-de-la-ventana\/#breadcrumb\",\"itemListElement\":[{\"@type\":\"ListItem\",\"position\":1,\"name\":\"Portada\",\"item\":\"https:\/\/www.noticiasradioreflejos.com.ar\/2021\/\"},{\"@type\":\"ListItem\",\"position\":2,\"name\":\"Importantes avances en el servico de Internet y TV por Cable en Sierra de la Ventana\"}]},{\"@type\":\"WebSite\",\"@id\":\"https:\/\/www.noticiasradioreflejos.com.ar\/2021\/#website\",\"url\":\"https:\/\/www.noticiasradioreflejos.com.ar\/2021\/\",\"name\":\"Noticias Radio Reflejos\",\"description\":\"Las noticias de mi comarca\",\"potentialAction\":[{\"@type\":\"SearchAction\",\"target\":{\"@type\":\"EntryPoint\",\"urlTemplate\":\"https:\/\/www.noticiasradioreflejos.com.ar\/2021\/?s={search_term_string}\"},\"query-input\":{\"@type\":\"PropertyValueSpecification\",\"valueRequired\":true,\"valueName\":\"search_term_string\"}}],\"inLanguage\":\"es\"},{\"@type\":\"Person\",\"@id\":\"https:\/\/www.noticiasradioreflejos.com.ar\/2021\/#\/schema\/person\/ad82545263dcc5ec0996818884fd5fb1\",\"name\":\"Arnaldo Botto\",\"image\":{\"@type\":\"ImageObject\",\"inLanguage\":\"es\",\"@id\":\"https:\/\/www.noticiasradioreflejos.com.ar\/2021\/#\/schema\/person\/image\/\",\"url\":\"https:\/\/secure.gravatar.com\/avatar\/55cb5e37c1efa326397366e6974cb338056df65cb50e7d64d1cf314e87504837?s=96&d=mm&r=g\",\"contentUrl\":\"https:\/\/secure.gravatar.com\/avatar\/55cb5e37c1efa326397366e6974cb338056df65cb50e7d64d1cf314e87504837?s=96&d=mm&r=g\",\"caption\":\"Arnaldo Botto\"},\"url\":\"https:\/\/www.noticiasradioreflejos.com.ar\/2021\/author\/arnaldo\/\"}]}<\/script>\n<!-- \/ Yoast SEO plugin. -->","yoast_head_json":{"title":"Importantes avances en el servico de Internet y TV por Cable en Sierra de la Ventana - Noticias Radio Reflejos","robots":{"index":"index","follow":"follow","max-snippet":"max-snippet:-1","max-image-preview":"max-image-preview:large","max-video-preview":"max-video-preview:-1"},"canonical":"https:\/\/www.noticiasradioreflejos.com.ar\/2021\/importantes-avances-en-el-servico-de-internet-y-tv-por-cable-en-sierra-de-la-ventana\/","og_locale":"es_ES","og_type":"article","og_title":"Importantes avances en el servico de Internet y TV por Cable en Sierra de la Ventana - Noticias Radio Reflejos","og_description":"Desde hace 14 a\u00f1os, Fernando Girou trabaja en atenci\u00f3n al p\u00fablico y asesoramiento de la empresa Sierra Visi\u00f3n y Visi\u00f3n Net. En dialogo con nuestro medio, nos describe como fue el trabajo de brindar el servicio de TV por Cable en la localidad y de que manera se sum\u00f3 posteriormente, a partir del 2008 el [&hellip;]","og_url":"https:\/\/www.noticiasradioreflejos.com.ar\/2021\/importantes-avances-en-el-servico-de-internet-y-tv-por-cable-en-sierra-de-la-ventana\/","og_site_name":"Noticias Radio Reflejos","article_published_time":"2017-06-02T15:42:04+00:00","og_image":[{"width":300,"height":200,"url":"https:\/\/www.noticiasradioreflejos.com.ar\/2021\/wp-content\/uploads\/2021\/07\/logosol300x200.png","type":"image\/png"}],"author":"Arnaldo Botto","twitter_card":"summary_large_image","schema":{"@context":"https:\/\/schema.org","@graph":[{"@type":"WebPage","@id":"https:\/\/www.noticiasradioreflejos.com.ar\/2021\/importantes-avances-en-el-servico-de-internet-y-tv-por-cable-en-sierra-de-la-ventana\/","url":"https:\/\/www.noticiasradioreflejos.com.ar\/2021\/importantes-avances-en-el-servico-de-internet-y-tv-por-cable-en-sierra-de-la-ventana\/","name":"Importantes avances en el servico de Internet y TV por Cable en Sierra de la Ventana - Noticias Radio Reflejos","isPartOf":{"@id":"https:\/\/www.noticiasradioreflejos.com.ar\/2021\/#website"},"datePublished":"2017-06-02T15:42:04+00:00","author":{"@id":"https:\/\/www.noticiasradioreflejos.com.ar\/2021\/#\/schema\/person\/ad82545263dcc5ec0996818884fd5fb1"},"breadcrumb":{"@id":"https:\/\/www.noticiasradioreflejos.com.ar\/2021\/importantes-avances-en-el-servico-de-internet-y-tv-por-cable-en-sierra-de-la-ventana\/#breadcrumb"},"inLanguage":"es","potentialAction":[{"@type":"ReadAction","target":["https:\/\/www.noticiasradioreflejos.com.ar\/2021\/importantes-avances-en-el-servico-de-internet-y-tv-por-cable-en-sierra-de-la-ventana\/"]}]},{"@type":"BreadcrumbList","@id":"https:\/\/www.noticiasradioreflejos.com.ar\/2021\/importantes-avances-en-el-servico-de-internet-y-tv-por-cable-en-sierra-de-la-ventana\/#breadcrumb","itemListElement":[{"@type":"ListItem","position":1,"name":"Portada","item":"https:\/\/www.noticiasradioreflejos.com.ar\/2021\/"},{"@type":"ListItem","position":2,"name":"Importantes avances en el servico de Internet y TV por Cable en Sierra de la Ventana"}]},{"@type":"WebSite","@id":"https:\/\/www.noticiasradioreflejos.com.ar\/2021\/#website","url":"https:\/\/www.noticiasradioreflejos.com.ar\/2021\/","name":"Noticias Radio Reflejos","description":"Las noticias de mi comarca","potentialAction":[{"@type":"SearchAction","target":{"@type":"EntryPoint","urlTemplate":"https:\/\/www.noticiasradioreflejos.com.ar\/2021\/?s={search_term_string}"},"query-input":{"@type":"PropertyValueSpecification","valueRequired":true,"valueName":"search_term_string"}}],"inLanguage":"es"},{"@type":"Person","@id":"https:\/\/www.noticiasradioreflejos.com.ar\/2021\/#\/schema\/person\/ad82545263dcc5ec0996818884fd5fb1","name":"Arnaldo Botto","image":{"@type":"ImageObject","inLanguage":"es","@id":"https:\/\/www.noticiasradioreflejos.com.ar\/2021\/#\/schema\/person\/image\/","url":"https:\/\/secure.gravatar.com\/avatar\/55cb5e37c1efa326397366e6974cb338056df65cb50e7d64d1cf314e87504837?s=96&d=mm&r=g","contentUrl":"https:\/\/secure.gravatar.com\/avatar\/55cb5e37c1efa326397366e6974cb338056df65cb50e7d64d1cf314e87504837?s=96&d=mm&r=g","caption":"Arnaldo Botto"},"url":"https:\/\/www.noticiasradioreflejos.com.ar\/2021\/author\/arnaldo\/"}]}},"_links":{"self":[{"href":"https:\/\/www.noticiasradioreflejos.com.ar\/2021\/wp-json\/wp\/v2\/posts\/10756","targetHints":{"allow":["GET"]}}],"collection":[{"href":"https:\/\/www.noticiasradioreflejos.com.ar\/2021\/wp-json\/wp\/v2\/posts"}],"about":[{"href":"https:\/\/www.noticiasradioreflejos.com.ar\/2021\/wp-json\/wp\/v2\/types\/post"}],"author":[{"embeddable":true,"href":"https:\/\/www.noticiasradioreflejos.com.ar\/2021\/wp-json\/wp\/v2\/users\/3"}],"replies":[{"embeddable":true,"href":"https:\/\/www.noticiasradioreflejos.com.ar\/2021\/wp-json\/wp\/v2\/comments?post=10756"}],"version-history":[{"count":0,"href":"https:\/\/www.noticiasradioreflejos.com.ar\/2021\/wp-json\/wp\/v2\/posts\/10756\/revisions"}],"wp:attachment":[{"href":"https:\/\/www.noticiasradioreflejos.com.ar\/2021\/wp-json\/wp\/v2\/media?parent=10756"}],"wp:term":[{"taxonomy":"category","embeddable":true,"href":"https:\/\/www.noticiasradioreflejos.com.ar\/2021\/wp-json\/wp\/v2\/categories?post=10756"},{"taxonomy":"post_tag","embeddable":true,"href":"https:\/\/www.noticiasradioreflejos.com.ar\/2021\/wp-json\/wp\/v2\/tags?post=10756"}],"curies":[{"name":"wp","href":"https:\/\/api.w.org\/{rel}","templated":true}]}}