{"id":107499,"date":"2024-09-17T14:11:49","date_gmt":"2024-09-17T17:11:49","guid":{"rendered":"https:\/\/www.noticiasradioreflejos.com.ar\/2021\/?p=107499"},"modified":"2024-09-17T15:43:48","modified_gmt":"2024-09-17T18:43:48","slug":"sergio-bordoni-firmo-un-convenio-para-la-finalizacion-de-otras-10-viviendas-en-tornquist","status":"publish","type":"post","link":"https:\/\/www.noticiasradioreflejos.com.ar\/2021\/sergio-bordoni-firmo-un-convenio-para-la-finalizacion-de-otras-10-viviendas-en-tornquist\/","title":{"rendered":"Sergio Bordoni firm\u00f3 un convenio para la finalizaci\u00f3n de otras 10 viviendas en Tornquist"},"content":{"rendered":"<p>Este martes, el intendente municipal, Sergio Bordoni, firm\u00f3 un convenio para la finalizaci\u00f3n de las diez viviendas inconclusas del exPlan Buenos Aires Hogar, ubicado en el norte de la ciudad de Tornquist.<!--more--><\/p>\n<p>La r\u00fabrica fue formalizada en la sede de la Caja de Retiros, Jubilaciones y Pensiones de las Polic\u00edas de la Provincia de Buenos Aires, que ser\u00e1 el ente encargado de financiar la obra y cuyos afiliados ser\u00e1n los beneficiarios de las unidades familiares.<\/p>\n<p>En la jornada estuvieron junto al jefe comunal de Tornquist, el Presidente de la Caja de Retiros, Dr. Carlos Enrique Langone, y miembros de su Directorio y Comisi\u00f3n Fiscalizadora; y los concejales Leandro Guerrero y Mart\u00edn Olhaberry.<\/p>\n<p>Las viviendas constan de dos dormitorios, cocina-comedor, ba\u00f1o y lavadero, con una superficie total de 60,46 m2 cubiertos.<\/p>\n","protected":false},"excerpt":{"rendered":"<p>Este martes, el intendente municipal, Sergio Bordoni, firm\u00f3 un convenio para la finalizaci\u00f3n de las diez viviendas inconclusas del exPlan Buenos Aires Hogar, ubicado en el norte de la ciudad de Tornquist.<\/p>\n","protected":false},"author":3,"featured_media":0,"comment_status":"closed","ping_status":"closed","sticky":false,"template":"","format":"standard","meta":{"footnotes":""},"categories":[28],"tags":[],"class_list":["post-107499","post","type-post","status-publish","format-standard","hentry","category-municipales"],"yoast_head":"<!-- This site is optimized with the Yoast SEO plugin v25.9 - https:\/\/yoast.com\/wordpress\/plugins\/seo\/ -->\n<title>Sergio Bordoni firm\u00f3 un convenio para la finalizaci\u00f3n de otras 10 viviendas en Tornquist - Noticias Radio Reflejos<\/title>\n<meta name=\"robots\" content=\"index, follow, max-snippet:-1, max-image-preview:large, max-video-preview:-1\" \/>\n<link rel=\"canonical\" href=\"https:\/\/www.noticiasradioreflejos.com.ar\/2021\/sergio-bordoni-firmo-un-convenio-para-la-finalizacion-de-otras-10-viviendas-en-tornquist\/\" \/>\n<meta property=\"og:locale\" content=\"es_ES\" \/>\n<meta property=\"og:type\" content=\"article\" \/>\n<meta property=\"og:title\" content=\"Sergio Bordoni firm\u00f3 un convenio para la finalizaci\u00f3n de otras 10 viviendas en Tornquist - Noticias Radio Reflejos\" \/>\n<meta property=\"og:description\" content=\"Este martes, el intendente municipal, Sergio Bordoni, firm\u00f3 un convenio para la finalizaci\u00f3n de las diez viviendas inconclusas del exPlan Buenos Aires Hogar, ubicado en el norte de la ciudad de Tornquist.\" \/>\n<meta property=\"og:url\" content=\"https:\/\/www.noticiasradioreflejos.com.ar\/2021\/sergio-bordoni-firmo-un-convenio-para-la-finalizacion-de-otras-10-viviendas-en-tornquist\/\" \/>\n<meta property=\"og:site_name\" content=\"Noticias Radio Reflejos\" \/>\n<meta property=\"article:published_time\" content=\"2024-09-17T17:11:49+00:00\" \/>\n<meta property=\"article:modified_time\" content=\"2024-09-17T18:43:48+00:00\" \/>\n<meta property=\"og:image\" content=\"https:\/\/www.noticiasradioreflejos.com.ar\/2021\/wp-content\/uploads\/2024\/09\/Firma-convenio-viviendas-scaled.jpeg\" \/>\n\t<meta property=\"og:image:width\" content=\"1920\" \/>\n\t<meta property=\"og:image:height\" content=\"2560\" \/>\n\t<meta property=\"og:image:type\" content=\"image\/jpeg\" \/>\n<meta name=\"author\" content=\"Arnaldo Botto\" \/>\n<meta name=\"twitter:card\" content=\"summary_large_image\" \/>\n<script type=\"application\/ld+json\" class=\"yoast-schema-graph\">{\"@context\":\"https:\/\/schema.org\",\"@graph\":[{\"@type\":\"WebPage\",\"@id\":\"https:\/\/www.noticiasradioreflejos.com.ar\/2021\/sergio-bordoni-firmo-un-convenio-para-la-finalizacion-de-otras-10-viviendas-en-tornquist\/\",\"url\":\"https:\/\/www.noticiasradioreflejos.com.ar\/2021\/sergio-bordoni-firmo-un-convenio-para-la-finalizacion-de-otras-10-viviendas-en-tornquist\/\",\"name\":\"Sergio Bordoni firm\u00f3 un convenio para la finalizaci\u00f3n de otras 10 viviendas en Tornquist - Noticias Radio Reflejos\",\"isPartOf\":{\"@id\":\"https:\/\/www.noticiasradioreflejos.com.ar\/2021\/#website\"},\"datePublished\":\"2024-09-17T17:11:49+00:00\",\"dateModified\":\"2024-09-17T18:43:48+00:00\",\"author\":{\"@id\":\"https:\/\/www.noticiasradioreflejos.com.ar\/2021\/#\/schema\/person\/ad82545263dcc5ec0996818884fd5fb1\"},\"breadcrumb\":{\"@id\":\"https:\/\/www.noticiasradioreflejos.com.ar\/2021\/sergio-bordoni-firmo-un-convenio-para-la-finalizacion-de-otras-10-viviendas-en-tornquist\/#breadcrumb\"},\"inLanguage\":\"es\",\"potentialAction\":[{\"@type\":\"ReadAction\",\"target\":[\"https:\/\/www.noticiasradioreflejos.com.ar\/2021\/sergio-bordoni-firmo-un-convenio-para-la-finalizacion-de-otras-10-viviendas-en-tornquist\/\"]}]},{\"@type\":\"BreadcrumbList\",\"@id\":\"https:\/\/www.noticiasradioreflejos.com.ar\/2021\/sergio-bordoni-firmo-un-convenio-para-la-finalizacion-de-otras-10-viviendas-en-tornquist\/#breadcrumb\",\"itemListElement\":[{\"@type\":\"ListItem\",\"position\":1,\"name\":\"Portada\",\"item\":\"https:\/\/www.noticiasradioreflejos.com.ar\/2021\/\"},{\"@type\":\"ListItem\",\"position\":2,\"name\":\"Sergio Bordoni firm\u00f3 un convenio para la finalizaci\u00f3n de otras 10 viviendas en Tornquist\"}]},{\"@type\":\"WebSite\",\"@id\":\"https:\/\/www.noticiasradioreflejos.com.ar\/2021\/#website\",\"url\":\"https:\/\/www.noticiasradioreflejos.com.ar\/2021\/\",\"name\":\"Noticias Radio Reflejos\",\"description\":\"Las noticias de mi comarca\",\"potentialAction\":[{\"@type\":\"SearchAction\",\"target\":{\"@type\":\"EntryPoint\",\"urlTemplate\":\"https:\/\/www.noticiasradioreflejos.com.ar\/2021\/?s={search_term_string}\"},\"query-input\":{\"@type\":\"PropertyValueSpecification\",\"valueRequired\":true,\"valueName\":\"search_term_string\"}}],\"inLanguage\":\"es\"},{\"@type\":\"Person\",\"@id\":\"https:\/\/www.noticiasradioreflejos.com.ar\/2021\/#\/schema\/person\/ad82545263dcc5ec0996818884fd5fb1\",\"name\":\"Arnaldo Botto\",\"image\":{\"@type\":\"ImageObject\",\"inLanguage\":\"es\",\"@id\":\"https:\/\/www.noticiasradioreflejos.com.ar\/2021\/#\/schema\/person\/image\/\",\"url\":\"https:\/\/secure.gravatar.com\/avatar\/55cb5e37c1efa326397366e6974cb338056df65cb50e7d64d1cf314e87504837?s=96&d=mm&r=g\",\"contentUrl\":\"https:\/\/secure.gravatar.com\/avatar\/55cb5e37c1efa326397366e6974cb338056df65cb50e7d64d1cf314e87504837?s=96&d=mm&r=g\",\"caption\":\"Arnaldo Botto\"},\"url\":\"https:\/\/www.noticiasradioreflejos.com.ar\/2021\/author\/arnaldo\/\"}]}<\/script>\n<!-- \/ Yoast SEO plugin. -->","yoast_head_json":{"title":"Sergio Bordoni firm\u00f3 un convenio para la finalizaci\u00f3n de otras 10 viviendas en Tornquist - Noticias Radio Reflejos","robots":{"index":"index","follow":"follow","max-snippet":"max-snippet:-1","max-image-preview":"max-image-preview:large","max-video-preview":"max-video-preview:-1"},"canonical":"https:\/\/www.noticiasradioreflejos.com.ar\/2021\/sergio-bordoni-firmo-un-convenio-para-la-finalizacion-de-otras-10-viviendas-en-tornquist\/","og_locale":"es_ES","og_type":"article","og_title":"Sergio Bordoni firm\u00f3 un convenio para la finalizaci\u00f3n de otras 10 viviendas en Tornquist - Noticias Radio Reflejos","og_description":"Este martes, el intendente municipal, Sergio Bordoni, firm\u00f3 un convenio para la finalizaci\u00f3n de las diez viviendas inconclusas del exPlan Buenos Aires Hogar, ubicado en el norte de la ciudad de Tornquist.","og_url":"https:\/\/www.noticiasradioreflejos.com.ar\/2021\/sergio-bordoni-firmo-un-convenio-para-la-finalizacion-de-otras-10-viviendas-en-tornquist\/","og_site_name":"Noticias Radio Reflejos","article_published_time":"2024-09-17T17:11:49+00:00","article_modified_time":"2024-09-17T18:43:48+00:00","og_image":[{"width":1920,"height":2560,"url":"https:\/\/www.noticiasradioreflejos.com.ar\/2021\/wp-content\/uploads\/2024\/09\/Firma-convenio-viviendas-scaled.jpeg","type":"image\/jpeg"}],"author":"Arnaldo Botto","twitter_card":"summary_large_image","schema":{"@context":"https:\/\/schema.org","@graph":[{"@type":"WebPage","@id":"https:\/\/www.noticiasradioreflejos.com.ar\/2021\/sergio-bordoni-firmo-un-convenio-para-la-finalizacion-de-otras-10-viviendas-en-tornquist\/","url":"https:\/\/www.noticiasradioreflejos.com.ar\/2021\/sergio-bordoni-firmo-un-convenio-para-la-finalizacion-de-otras-10-viviendas-en-tornquist\/","name":"Sergio Bordoni firm\u00f3 un convenio para la finalizaci\u00f3n de otras 10 viviendas en Tornquist - Noticias Radio Reflejos","isPartOf":{"@id":"https:\/\/www.noticiasradioreflejos.com.ar\/2021\/#website"},"datePublished":"2024-09-17T17:11:49+00:00","dateModified":"2024-09-17T18:43:48+00:00","author":{"@id":"https:\/\/www.noticiasradioreflejos.com.ar\/2021\/#\/schema\/person\/ad82545263dcc5ec0996818884fd5fb1"},"breadcrumb":{"@id":"https:\/\/www.noticiasradioreflejos.com.ar\/2021\/sergio-bordoni-firmo-un-convenio-para-la-finalizacion-de-otras-10-viviendas-en-tornquist\/#breadcrumb"},"inLanguage":"es","potentialAction":[{"@type":"ReadAction","target":["https:\/\/www.noticiasradioreflejos.com.ar\/2021\/sergio-bordoni-firmo-un-convenio-para-la-finalizacion-de-otras-10-viviendas-en-tornquist\/"]}]},{"@type":"BreadcrumbList","@id":"https:\/\/www.noticiasradioreflejos.com.ar\/2021\/sergio-bordoni-firmo-un-convenio-para-la-finalizacion-de-otras-10-viviendas-en-tornquist\/#breadcrumb","itemListElement":[{"@type":"ListItem","position":1,"name":"Portada","item":"https:\/\/www.noticiasradioreflejos.com.ar\/2021\/"},{"@type":"ListItem","position":2,"name":"Sergio Bordoni firm\u00f3 un convenio para la finalizaci\u00f3n de otras 10 viviendas en Tornquist"}]},{"@type":"WebSite","@id":"https:\/\/www.noticiasradioreflejos.com.ar\/2021\/#website","url":"https:\/\/www.noticiasradioreflejos.com.ar\/2021\/","name":"Noticias Radio Reflejos","description":"Las noticias de mi comarca","potentialAction":[{"@type":"SearchAction","target":{"@type":"EntryPoint","urlTemplate":"https:\/\/www.noticiasradioreflejos.com.ar\/2021\/?s={search_term_string}"},"query-input":{"@type":"PropertyValueSpecification","valueRequired":true,"valueName":"search_term_string"}}],"inLanguage":"es"},{"@type":"Person","@id":"https:\/\/www.noticiasradioreflejos.com.ar\/2021\/#\/schema\/person\/ad82545263dcc5ec0996818884fd5fb1","name":"Arnaldo Botto","image":{"@type":"ImageObject","inLanguage":"es","@id":"https:\/\/www.noticiasradioreflejos.com.ar\/2021\/#\/schema\/person\/image\/","url":"https:\/\/secure.gravatar.com\/avatar\/55cb5e37c1efa326397366e6974cb338056df65cb50e7d64d1cf314e87504837?s=96&d=mm&r=g","contentUrl":"https:\/\/secure.gravatar.com\/avatar\/55cb5e37c1efa326397366e6974cb338056df65cb50e7d64d1cf314e87504837?s=96&d=mm&r=g","caption":"Arnaldo Botto"},"url":"https:\/\/www.noticiasradioreflejos.com.ar\/2021\/author\/arnaldo\/"}]}},"_links":{"self":[{"href":"https:\/\/www.noticiasradioreflejos.com.ar\/2021\/wp-json\/wp\/v2\/posts\/107499","targetHints":{"allow":["GET"]}}],"collection":[{"href":"https:\/\/www.noticiasradioreflejos.com.ar\/2021\/wp-json\/wp\/v2\/posts"}],"about":[{"href":"https:\/\/www.noticiasradioreflejos.com.ar\/2021\/wp-json\/wp\/v2\/types\/post"}],"author":[{"embeddable":true,"href":"https:\/\/www.noticiasradioreflejos.com.ar\/2021\/wp-json\/wp\/v2\/users\/3"}],"replies":[{"embeddable":true,"href":"https:\/\/www.noticiasradioreflejos.com.ar\/2021\/wp-json\/wp\/v2\/comments?post=107499"}],"version-history":[{"count":2,"href":"https:\/\/www.noticiasradioreflejos.com.ar\/2021\/wp-json\/wp\/v2\/posts\/107499\/revisions"}],"predecessor-version":[{"id":107511,"href":"https:\/\/www.noticiasradioreflejos.com.ar\/2021\/wp-json\/wp\/v2\/posts\/107499\/revisions\/107511"}],"wp:attachment":[{"href":"https:\/\/www.noticiasradioreflejos.com.ar\/2021\/wp-json\/wp\/v2\/media?parent=107499"}],"wp:term":[{"taxonomy":"category","embeddable":true,"href":"https:\/\/www.noticiasradioreflejos.com.ar\/2021\/wp-json\/wp\/v2\/categories?post=107499"},{"taxonomy":"post_tag","embeddable":true,"href":"https:\/\/www.noticiasradioreflejos.com.ar\/2021\/wp-json\/wp\/v2\/tags?post=107499"}],"curies":[{"name":"wp","href":"https:\/\/api.w.org\/{rel}","templated":true}]}}