{"id":107496,"date":"2024-09-17T14:09:41","date_gmt":"2024-09-17T17:09:41","guid":{"rendered":"https:\/\/www.noticiasradioreflejos.com.ar\/2021\/?p=107496"},"modified":"2024-09-17T14:09:41","modified_gmt":"2024-09-17T17:09:41","slug":"semana-de-la-movilidad-sostenible-por-tu-salud-y-por-el-medio-ambiente","status":"publish","type":"post","link":"https:\/\/www.noticiasradioreflejos.com.ar\/2021\/semana-de-la-movilidad-sostenible-por-tu-salud-y-por-el-medio-ambiente\/","title":{"rendered":"Semana de la Movilidad Sostenible, por tu salud y por el medio ambiente"},"content":{"rendered":"<p>Un mensaje de Luchemos por la Vida.<!--more--><\/p>\n<p><strong>  La movilidad activa tiene un impacto fundamental en la salud f\u00edsica y mental<\/strong><\/p>\n<p>Adem\u00e1s de mejorar la salud f\u00edsica de las personas, un paseo de 30 minutos al d\u00eda, a pie o en bicicleta, contribuye a la salud mental. Mejora el estado de \u00e1nimo general y la calidad del sue\u00f1o, contribuye a reducir el estr\u00e9s, la ansiedad y la fatiga. Las personas f\u00edsicamente activas reducen hasta un 30% el riesgo de sufrir depresi\u00f3n.<\/p>\n<p><a data-flickr-embed=\"true\" href=\"https:\/\/www.flickr.com\/photos\/182279889@N02\/54002361731\/in\/dateposted-public\/\" title=\"unnamed (1)\"><img loading=\"lazy\" decoding=\"async\" src=\"https:\/\/live.staticflickr.com\/65535\/54002361731_846855e4fc_b.jpg\" width=\"1024\" height=\"1024\" alt=\"unnamed (1)\"\/><\/a><script async src=\"\/\/embedr.flickr.com\/assets\/client-code.js\" charset=\"utf-8\"><\/script><\/p>\n<p><strong>El dise\u00f1o urbano tiene mucho que aportar<\/strong><\/p>\n<p>Es necesario generar una infraestructura amigable para los transe\u00fantes para incentivar los desplazamientos sin auto. Las ciudades con espacios verdes y \u00e1reas exclusivas para la circulaci\u00f3n peatonal y\/o en bicicleta generan bienestar en sus habitantes, seg\u00fan varias investigaciones europeas y americanas.<\/p>\n<p>La percepci\u00f3n de seguridad, por medio de la iluminaci\u00f3n y la vigilancia adecuadas de las calles, estimula a las personas a caminar.<\/p>\n<p>Las estrategias de reducci\u00f3n del ruido del tr\u00e1nsito y de la contaminaci\u00f3n del aire, contribuyen al medio ambiente y a la salud de las personas.<\/p>\n<p><a href=\"https:\/\/luchemos.org.ar\/es\/noticias\/velocidad-30-km-h-en-calles-cual-es-el-sentido\" rel=\"noopener\" target=\"_blank\">La reducci\u00f3n de los l\u00edmites de velocidad en las zonas urbanas, la habilitaci\u00f3n del uso de la movilidad activa mientras se restringen los accesos de veh\u00edculos motorizados contribuyen a esto.<\/a><br \/>\nUn transporte p\u00fablico eficiente y no contaminante contribuye a disminuir el uso de veh\u00edculos de motor.<\/p>\n<p>       Muchas ciudades de todos los continentes ya est\u00e1n disfrutando de los beneficios de #RepensarlaMovilidad, <a href=\"https:\/\/luchemos.org.ar\/revistas\/articulos\/rev26\/pag08.pdf\" rel=\"noopener\" target=\"_blank\">ciudades m\u00e1s verdes, seguras y habitables<\/a>.<\/p>\n","protected":false},"excerpt":{"rendered":"<p>Un mensaje de Luchemos por la Vida.<\/p>\n","protected":false},"author":3,"featured_media":0,"comment_status":"closed","ping_status":"closed","sticky":false,"template":"","format":"standard","meta":{"footnotes":""},"categories":[26],"tags":[],"class_list":["post-107496","post","type-post","status-publish","format-standard","hentry","category-sociedad"],"yoast_head":"<!-- This site is optimized with the Yoast SEO plugin v25.9 - https:\/\/yoast.com\/wordpress\/plugins\/seo\/ -->\n<title>Semana de la Movilidad Sostenible, por tu salud y por el medio ambiente - Noticias Radio Reflejos<\/title>\n<meta name=\"robots\" content=\"index, follow, max-snippet:-1, max-image-preview:large, max-video-preview:-1\" \/>\n<link rel=\"canonical\" href=\"https:\/\/www.noticiasradioreflejos.com.ar\/2021\/semana-de-la-movilidad-sostenible-por-tu-salud-y-por-el-medio-ambiente\/\" \/>\n<meta property=\"og:locale\" content=\"es_ES\" \/>\n<meta property=\"og:type\" content=\"article\" \/>\n<meta property=\"og:title\" content=\"Semana de la Movilidad Sostenible, por tu salud y por el medio ambiente - Noticias Radio Reflejos\" \/>\n<meta property=\"og:description\" content=\"Un mensaje de Luchemos por la Vida.\" \/>\n<meta property=\"og:url\" content=\"https:\/\/www.noticiasradioreflejos.com.ar\/2021\/semana-de-la-movilidad-sostenible-por-tu-salud-y-por-el-medio-ambiente\/\" \/>\n<meta property=\"og:site_name\" content=\"Noticias Radio Reflejos\" \/>\n<meta property=\"article:published_time\" content=\"2024-09-17T17:09:41+00:00\" \/>\n<meta property=\"og:image\" content=\"https:\/\/live.staticflickr.com\/65535\/54002361731_846855e4fc_b.jpg\" \/>\n<meta name=\"author\" content=\"Arnaldo Botto\" \/>\n<meta name=\"twitter:card\" content=\"summary_large_image\" \/>\n<script type=\"application\/ld+json\" class=\"yoast-schema-graph\">{\"@context\":\"https:\/\/schema.org\",\"@graph\":[{\"@type\":\"WebPage\",\"@id\":\"https:\/\/www.noticiasradioreflejos.com.ar\/2021\/semana-de-la-movilidad-sostenible-por-tu-salud-y-por-el-medio-ambiente\/\",\"url\":\"https:\/\/www.noticiasradioreflejos.com.ar\/2021\/semana-de-la-movilidad-sostenible-por-tu-salud-y-por-el-medio-ambiente\/\",\"name\":\"Semana de la Movilidad Sostenible, por tu salud y por el medio ambiente - Noticias Radio Reflejos\",\"isPartOf\":{\"@id\":\"https:\/\/www.noticiasradioreflejos.com.ar\/2021\/#website\"},\"primaryImageOfPage\":{\"@id\":\"https:\/\/www.noticiasradioreflejos.com.ar\/2021\/semana-de-la-movilidad-sostenible-por-tu-salud-y-por-el-medio-ambiente\/#primaryimage\"},\"image\":{\"@id\":\"https:\/\/www.noticiasradioreflejos.com.ar\/2021\/semana-de-la-movilidad-sostenible-por-tu-salud-y-por-el-medio-ambiente\/#primaryimage\"},\"thumbnailUrl\":\"https:\/\/live.staticflickr.com\/65535\/54002361731_846855e4fc_b.jpg\",\"datePublished\":\"2024-09-17T17:09:41+00:00\",\"author\":{\"@id\":\"https:\/\/www.noticiasradioreflejos.com.ar\/2021\/#\/schema\/person\/ad82545263dcc5ec0996818884fd5fb1\"},\"breadcrumb\":{\"@id\":\"https:\/\/www.noticiasradioreflejos.com.ar\/2021\/semana-de-la-movilidad-sostenible-por-tu-salud-y-por-el-medio-ambiente\/#breadcrumb\"},\"inLanguage\":\"es\",\"potentialAction\":[{\"@type\":\"ReadAction\",\"target\":[\"https:\/\/www.noticiasradioreflejos.com.ar\/2021\/semana-de-la-movilidad-sostenible-por-tu-salud-y-por-el-medio-ambiente\/\"]}]},{\"@type\":\"ImageObject\",\"inLanguage\":\"es\",\"@id\":\"https:\/\/www.noticiasradioreflejos.com.ar\/2021\/semana-de-la-movilidad-sostenible-por-tu-salud-y-por-el-medio-ambiente\/#primaryimage\",\"url\":\"https:\/\/live.staticflickr.com\/65535\/54002361731_846855e4fc_b.jpg\",\"contentUrl\":\"https:\/\/live.staticflickr.com\/65535\/54002361731_846855e4fc_b.jpg\"},{\"@type\":\"BreadcrumbList\",\"@id\":\"https:\/\/www.noticiasradioreflejos.com.ar\/2021\/semana-de-la-movilidad-sostenible-por-tu-salud-y-por-el-medio-ambiente\/#breadcrumb\",\"itemListElement\":[{\"@type\":\"ListItem\",\"position\":1,\"name\":\"Portada\",\"item\":\"https:\/\/www.noticiasradioreflejos.com.ar\/2021\/\"},{\"@type\":\"ListItem\",\"position\":2,\"name\":\"Semana de la Movilidad Sostenible, por tu salud y por el medio ambiente\"}]},{\"@type\":\"WebSite\",\"@id\":\"https:\/\/www.noticiasradioreflejos.com.ar\/2021\/#website\",\"url\":\"https:\/\/www.noticiasradioreflejos.com.ar\/2021\/\",\"name\":\"Noticias Radio Reflejos\",\"description\":\"Las noticias de mi comarca\",\"potentialAction\":[{\"@type\":\"SearchAction\",\"target\":{\"@type\":\"EntryPoint\",\"urlTemplate\":\"https:\/\/www.noticiasradioreflejos.com.ar\/2021\/?s={search_term_string}\"},\"query-input\":{\"@type\":\"PropertyValueSpecification\",\"valueRequired\":true,\"valueName\":\"search_term_string\"}}],\"inLanguage\":\"es\"},{\"@type\":\"Person\",\"@id\":\"https:\/\/www.noticiasradioreflejos.com.ar\/2021\/#\/schema\/person\/ad82545263dcc5ec0996818884fd5fb1\",\"name\":\"Arnaldo Botto\",\"image\":{\"@type\":\"ImageObject\",\"inLanguage\":\"es\",\"@id\":\"https:\/\/www.noticiasradioreflejos.com.ar\/2021\/#\/schema\/person\/image\/\",\"url\":\"https:\/\/secure.gravatar.com\/avatar\/55cb5e37c1efa326397366e6974cb338056df65cb50e7d64d1cf314e87504837?s=96&d=mm&r=g\",\"contentUrl\":\"https:\/\/secure.gravatar.com\/avatar\/55cb5e37c1efa326397366e6974cb338056df65cb50e7d64d1cf314e87504837?s=96&d=mm&r=g\",\"caption\":\"Arnaldo Botto\"},\"url\":\"https:\/\/www.noticiasradioreflejos.com.ar\/2021\/author\/arnaldo\/\"}]}<\/script>\n<!-- \/ Yoast SEO plugin. -->","yoast_head_json":{"title":"Semana de la Movilidad Sostenible, por tu salud y por el medio ambiente - Noticias Radio Reflejos","robots":{"index":"index","follow":"follow","max-snippet":"max-snippet:-1","max-image-preview":"max-image-preview:large","max-video-preview":"max-video-preview:-1"},"canonical":"https:\/\/www.noticiasradioreflejos.com.ar\/2021\/semana-de-la-movilidad-sostenible-por-tu-salud-y-por-el-medio-ambiente\/","og_locale":"es_ES","og_type":"article","og_title":"Semana de la Movilidad Sostenible, por tu salud y por el medio ambiente - Noticias Radio Reflejos","og_description":"Un mensaje de Luchemos por la Vida.","og_url":"https:\/\/www.noticiasradioreflejos.com.ar\/2021\/semana-de-la-movilidad-sostenible-por-tu-salud-y-por-el-medio-ambiente\/","og_site_name":"Noticias Radio Reflejos","article_published_time":"2024-09-17T17:09:41+00:00","og_image":[{"url":"https:\/\/live.staticflickr.com\/65535\/54002361731_846855e4fc_b.jpg","type":"","width":"","height":""}],"author":"Arnaldo Botto","twitter_card":"summary_large_image","schema":{"@context":"https:\/\/schema.org","@graph":[{"@type":"WebPage","@id":"https:\/\/www.noticiasradioreflejos.com.ar\/2021\/semana-de-la-movilidad-sostenible-por-tu-salud-y-por-el-medio-ambiente\/","url":"https:\/\/www.noticiasradioreflejos.com.ar\/2021\/semana-de-la-movilidad-sostenible-por-tu-salud-y-por-el-medio-ambiente\/","name":"Semana de la Movilidad Sostenible, por tu salud y por el medio ambiente - Noticias Radio Reflejos","isPartOf":{"@id":"https:\/\/www.noticiasradioreflejos.com.ar\/2021\/#website"},"primaryImageOfPage":{"@id":"https:\/\/www.noticiasradioreflejos.com.ar\/2021\/semana-de-la-movilidad-sostenible-por-tu-salud-y-por-el-medio-ambiente\/#primaryimage"},"image":{"@id":"https:\/\/www.noticiasradioreflejos.com.ar\/2021\/semana-de-la-movilidad-sostenible-por-tu-salud-y-por-el-medio-ambiente\/#primaryimage"},"thumbnailUrl":"https:\/\/live.staticflickr.com\/65535\/54002361731_846855e4fc_b.jpg","datePublished":"2024-09-17T17:09:41+00:00","author":{"@id":"https:\/\/www.noticiasradioreflejos.com.ar\/2021\/#\/schema\/person\/ad82545263dcc5ec0996818884fd5fb1"},"breadcrumb":{"@id":"https:\/\/www.noticiasradioreflejos.com.ar\/2021\/semana-de-la-movilidad-sostenible-por-tu-salud-y-por-el-medio-ambiente\/#breadcrumb"},"inLanguage":"es","potentialAction":[{"@type":"ReadAction","target":["https:\/\/www.noticiasradioreflejos.com.ar\/2021\/semana-de-la-movilidad-sostenible-por-tu-salud-y-por-el-medio-ambiente\/"]}]},{"@type":"ImageObject","inLanguage":"es","@id":"https:\/\/www.noticiasradioreflejos.com.ar\/2021\/semana-de-la-movilidad-sostenible-por-tu-salud-y-por-el-medio-ambiente\/#primaryimage","url":"https:\/\/live.staticflickr.com\/65535\/54002361731_846855e4fc_b.jpg","contentUrl":"https:\/\/live.staticflickr.com\/65535\/54002361731_846855e4fc_b.jpg"},{"@type":"BreadcrumbList","@id":"https:\/\/www.noticiasradioreflejos.com.ar\/2021\/semana-de-la-movilidad-sostenible-por-tu-salud-y-por-el-medio-ambiente\/#breadcrumb","itemListElement":[{"@type":"ListItem","position":1,"name":"Portada","item":"https:\/\/www.noticiasradioreflejos.com.ar\/2021\/"},{"@type":"ListItem","position":2,"name":"Semana de la Movilidad Sostenible, por tu salud y por el medio ambiente"}]},{"@type":"WebSite","@id":"https:\/\/www.noticiasradioreflejos.com.ar\/2021\/#website","url":"https:\/\/www.noticiasradioreflejos.com.ar\/2021\/","name":"Noticias Radio Reflejos","description":"Las noticias de mi comarca","potentialAction":[{"@type":"SearchAction","target":{"@type":"EntryPoint","urlTemplate":"https:\/\/www.noticiasradioreflejos.com.ar\/2021\/?s={search_term_string}"},"query-input":{"@type":"PropertyValueSpecification","valueRequired":true,"valueName":"search_term_string"}}],"inLanguage":"es"},{"@type":"Person","@id":"https:\/\/www.noticiasradioreflejos.com.ar\/2021\/#\/schema\/person\/ad82545263dcc5ec0996818884fd5fb1","name":"Arnaldo Botto","image":{"@type":"ImageObject","inLanguage":"es","@id":"https:\/\/www.noticiasradioreflejos.com.ar\/2021\/#\/schema\/person\/image\/","url":"https:\/\/secure.gravatar.com\/avatar\/55cb5e37c1efa326397366e6974cb338056df65cb50e7d64d1cf314e87504837?s=96&d=mm&r=g","contentUrl":"https:\/\/secure.gravatar.com\/avatar\/55cb5e37c1efa326397366e6974cb338056df65cb50e7d64d1cf314e87504837?s=96&d=mm&r=g","caption":"Arnaldo Botto"},"url":"https:\/\/www.noticiasradioreflejos.com.ar\/2021\/author\/arnaldo\/"}]}},"_links":{"self":[{"href":"https:\/\/www.noticiasradioreflejos.com.ar\/2021\/wp-json\/wp\/v2\/posts\/107496","targetHints":{"allow":["GET"]}}],"collection":[{"href":"https:\/\/www.noticiasradioreflejos.com.ar\/2021\/wp-json\/wp\/v2\/posts"}],"about":[{"href":"https:\/\/www.noticiasradioreflejos.com.ar\/2021\/wp-json\/wp\/v2\/types\/post"}],"author":[{"embeddable":true,"href":"https:\/\/www.noticiasradioreflejos.com.ar\/2021\/wp-json\/wp\/v2\/users\/3"}],"replies":[{"embeddable":true,"href":"https:\/\/www.noticiasradioreflejos.com.ar\/2021\/wp-json\/wp\/v2\/comments?post=107496"}],"version-history":[{"count":1,"href":"https:\/\/www.noticiasradioreflejos.com.ar\/2021\/wp-json\/wp\/v2\/posts\/107496\/revisions"}],"predecessor-version":[{"id":107498,"href":"https:\/\/www.noticiasradioreflejos.com.ar\/2021\/wp-json\/wp\/v2\/posts\/107496\/revisions\/107498"}],"wp:attachment":[{"href":"https:\/\/www.noticiasradioreflejos.com.ar\/2021\/wp-json\/wp\/v2\/media?parent=107496"}],"wp:term":[{"taxonomy":"category","embeddable":true,"href":"https:\/\/www.noticiasradioreflejos.com.ar\/2021\/wp-json\/wp\/v2\/categories?post=107496"},{"taxonomy":"post_tag","embeddable":true,"href":"https:\/\/www.noticiasradioreflejos.com.ar\/2021\/wp-json\/wp\/v2\/tags?post=107496"}],"curies":[{"name":"wp","href":"https:\/\/api.w.org\/{rel}","templated":true}]}}