{"id":107389,"date":"2024-09-15T09:43:20","date_gmt":"2024-09-15T12:43:20","guid":{"rendered":"https:\/\/www.noticiasradioreflejos.com.ar\/2021\/?p=107389"},"modified":"2024-09-15T09:43:20","modified_gmt":"2024-09-15T12:43:20","slug":"cual-es-el-tramite-que-reemplaza-a-la-tarjeta-azul-y-permite-que-otra-persona-conduzca-el-auto","status":"publish","type":"post","link":"https:\/\/www.noticiasradioreflejos.com.ar\/2021\/cual-es-el-tramite-que-reemplaza-a-la-tarjeta-azul-y-permite-que-otra-persona-conduzca-el-auto\/","title":{"rendered":"Cu\u00e1l es el tr\u00e1mite que reemplaza a la tarjeta azul y permite que otra persona conduzca el auto"},"content":{"rendered":"<p>La administraci\u00f3n nacional a cargo del presidente Javier Milei elimin\u00f3 la c\u00e9dula azul y cre\u00f3 un nuevo documento habilitante.<!--more--><\/p>\n<div class=\"columns\" data-tadevel-template=\"web\/article-columns\">\n<div class=\"column-main\">\n<div class=\"article-body\" data-tadevel-template=\"web\/article-body\">\n<div class=\"article-body-content\">\n<p>Cambio en las\u00a0<a href=\"https:\/\/noticiasargentinas.com\/sociedad\/las-rutas-mas-lindas-de-la-argentina-segun-la-inteligencia-artificial?srsltid=AfmBOoqMRL8o94WtdodbmUiHAHS-AqFYDf0NRVrICkma_MvEcMnkty4C\"><strong>rutas argentinas<\/strong><\/a>. Las fuerzas de seguridad \u00a0y control ya no pueden pedir ni demorar a una persona por manejar un auto ajeno, es que desde mayo qued\u00f3 desafectada la obligatoriedad de presentar la tarjeta azul como documento identificatorio cuando se public\u00f3 la Disposici\u00f3n 29\/2024.<\/p>\n<p>Sin embargo, hay una nueva manera que reemplaza y s\u00ed valida su posici\u00f3n al volante.\u00a0\u201cEl titular registral podr\u00e1 solicitar que su propia c\u00e9dula sea visualizada en el perfil digital de uno o m\u00e1s terceros determinados\u201d, seg\u00fan se informa en el art\u00edculo 5 de la disposici\u00f3n.<\/p>\n<h3><strong>No se vence m\u00e1s<\/strong><\/h3>\n<p>Otro dato sobresaliente es que la c\u00e9dula verde ya no tiene fecha de vencimiento; adem\u00e1s, se podr\u00e1 presentar en ambos formatos, f\u00edsico como digital, en este caso, exhibiendo la misma a trav\u00e9s de la aplicaci\u00f3n Mi Argentina.<\/p>\n<\/div>\n<p><a href=\"https:\/\/www.noticiasradioreflejos.com.ar\/2021\/en-la-provincia-vtv-documentacion-y-papeles-al-dia\/vtv-seguridad-vial\/\" rel=\"attachment wp-att-96981\"><img loading=\"lazy\" decoding=\"async\" class=\"aligncenter size-full wp-image-96981\" src=\"https:\/\/www.noticiasradioreflejos.com.ar\/2021\/wp-content\/uploads\/2023\/12\/vtv-Seguridad-Vial.jpg\" alt=\"\" width=\"700\" height=\"466\" srcset=\"https:\/\/www.noticiasradioreflejos.com.ar\/2021\/wp-content\/uploads\/2023\/12\/vtv-Seguridad-Vial.jpg 700w, https:\/\/www.noticiasradioreflejos.com.ar\/2021\/wp-content\/uploads\/2023\/12\/vtv-Seguridad-Vial-300x200.jpg 300w\" sizes=\"auto, (max-width: 700px) 100vw, 700px\" \/><\/a><\/p>\n<div class=\"article-body-content\">\n<h3><strong>Qu\u00e9 documentaci\u00f3n sigue siendo obligatoria para transitar por el pa\u00eds<\/strong><\/h3>\n<p>Asimismo, circular por las rutas Argentinas sin documentaci\u00f3n no es una opci\u00f3n. Por eso, estos son los documentos obligatorios para desplazarse en regla por el territorio nacional.<\/p>\n<ul>\n<li>Documento Nacional de Identidad (DNI).<\/li>\n<li>Licencia Nacional de Conducir.<\/li>\n<li>C\u00e9dula verde (o C\u00e9dula azul vigente y autorizada por el titular en caso de no contar con la C\u00e9dula verde).<\/li>\n<li>Comprobante de seguro vigente.<\/li>\n<li>Constancia de Revisi\u00f3n T\u00e9cnica Obligatoria (RTO) o Verificaci\u00f3n T\u00e9cnica Vehicular (VTV).<\/li>\n<li>Chapas patente colocadas visibles, sin alteraciones y en buen estado.<\/li>\n<li>Matafuegos con fecha vigente y balizas triangulares.<\/li>\n<\/ul>\n<figure class=\"multimedia\" data-type=\"photo\" data-tadevel-template=\"web\/multimedia\"><\/figure>\n<h3><strong>Pasos para autorizar habilitar el volante a terceros<\/strong><\/h3>\n<p>Si bien no es obligaci\u00f3n presentar ante la autoridad la c\u00e9dula azul, el titular de la licencia s\u00ed debe autorizar al tercero a conducir. Estos son los \u00edtems que deben cumplirse.<\/p>\n<ul>\n<li>Ingresar al Sistema Integral de\u00a0<a href=\"https:\/\/noticiasargentinas.com\/politica\/modernizan-el-reglamento-de-infracciones-del-transporte-aereo_a66e186011f81c9e6ec26e2cc\">Tr\u00e1mites<\/a>\u00a0Electr\u00f3nicos.<\/li>\n<li>Validarse en el portal de la Administraci\u00f3n Federal de Ingresos P\u00fablicos (AFIP) con clave fiscal.<\/li>\n<li>Seleccionar el dominio sobre el cual se es titular.<\/li>\n<li>Identificar al tercero mediante su nombre y apellido y CUIT, CUIL o CDI.<\/li>\n<\/ul>\n<p>Culminado los pasos, la persona autorizada ver\u00e1 reflejada la c\u00e9dula verde del veh\u00edculo para el que fue habilitado por el due\u00f1o a conducir en \u201cMis veh\u00edculos\u201d, la pesta\u00f1a de la aplicaci\u00f3n.<\/p>\n<p>Y en caso de querer desafectar a una persona al manejo del veh\u00edculo, el procedimiento es el mismo.<\/p>\n<\/div>\n<\/div>\n<\/div>\n<\/div>\n","protected":false},"excerpt":{"rendered":"<p>La administraci\u00f3n nacional a cargo del presidente Javier Milei elimin\u00f3 la c\u00e9dula azul y cre\u00f3 un nuevo documento habilitante.<\/p>\n","protected":false},"author":3,"featured_media":0,"comment_status":"closed","ping_status":"closed","sticky":false,"template":"","format":"standard","meta":{"footnotes":""},"categories":[24],"tags":[],"class_list":["post-107389","post","type-post","status-publish","format-standard","hentry","category-politica"],"yoast_head":"<!-- This site is optimized with the Yoast SEO plugin v25.9 - https:\/\/yoast.com\/wordpress\/plugins\/seo\/ -->\n<title>Cu\u00e1l es el tr\u00e1mite que reemplaza a la tarjeta azul y permite que otra persona conduzca el auto - Noticias Radio Reflejos<\/title>\n<meta name=\"robots\" content=\"index, follow, max-snippet:-1, max-image-preview:large, max-video-preview:-1\" \/>\n<link rel=\"canonical\" href=\"https:\/\/www.noticiasradioreflejos.com.ar\/2021\/cual-es-el-tramite-que-reemplaza-a-la-tarjeta-azul-y-permite-que-otra-persona-conduzca-el-auto\/\" \/>\n<meta property=\"og:locale\" content=\"es_ES\" \/>\n<meta property=\"og:type\" content=\"article\" \/>\n<meta property=\"og:title\" content=\"Cu\u00e1l es el tr\u00e1mite que reemplaza a la tarjeta azul y permite que otra persona conduzca el auto - Noticias Radio Reflejos\" \/>\n<meta property=\"og:description\" content=\"La administraci\u00f3n nacional a cargo del presidente Javier Milei elimin\u00f3 la c\u00e9dula azul y cre\u00f3 un nuevo documento habilitante.\" \/>\n<meta property=\"og:url\" content=\"https:\/\/www.noticiasradioreflejos.com.ar\/2021\/cual-es-el-tramite-que-reemplaza-a-la-tarjeta-azul-y-permite-que-otra-persona-conduzca-el-auto\/\" \/>\n<meta property=\"og:site_name\" content=\"Noticias Radio Reflejos\" \/>\n<meta property=\"article:published_time\" content=\"2024-09-15T12:43:20+00:00\" \/>\n<meta property=\"og:image\" content=\"https:\/\/www.noticiasradioreflejos.com.ar\/2021\/wp-content\/uploads\/2024\/05\/cedula-verde-azul.jpg\" \/>\n\t<meta property=\"og:image:width\" content=\"768\" \/>\n\t<meta property=\"og:image:height\" content=\"432\" \/>\n\t<meta property=\"og:image:type\" content=\"image\/jpeg\" \/>\n<meta name=\"author\" content=\"Arnaldo Botto\" \/>\n<meta name=\"twitter:card\" content=\"summary_large_image\" \/>\n<script type=\"application\/ld+json\" class=\"yoast-schema-graph\">{\"@context\":\"https:\/\/schema.org\",\"@graph\":[{\"@type\":\"WebPage\",\"@id\":\"https:\/\/www.noticiasradioreflejos.com.ar\/2021\/cual-es-el-tramite-que-reemplaza-a-la-tarjeta-azul-y-permite-que-otra-persona-conduzca-el-auto\/\",\"url\":\"https:\/\/www.noticiasradioreflejos.com.ar\/2021\/cual-es-el-tramite-que-reemplaza-a-la-tarjeta-azul-y-permite-que-otra-persona-conduzca-el-auto\/\",\"name\":\"Cu\u00e1l es el tr\u00e1mite que reemplaza a la tarjeta azul y permite que otra persona conduzca el auto - Noticias Radio Reflejos\",\"isPartOf\":{\"@id\":\"https:\/\/www.noticiasradioreflejos.com.ar\/2021\/#website\"},\"primaryImageOfPage\":{\"@id\":\"https:\/\/www.noticiasradioreflejos.com.ar\/2021\/cual-es-el-tramite-que-reemplaza-a-la-tarjeta-azul-y-permite-que-otra-persona-conduzca-el-auto\/#primaryimage\"},\"image\":{\"@id\":\"https:\/\/www.noticiasradioreflejos.com.ar\/2021\/cual-es-el-tramite-que-reemplaza-a-la-tarjeta-azul-y-permite-que-otra-persona-conduzca-el-auto\/#primaryimage\"},\"thumbnailUrl\":\"https:\/\/www.noticiasradioreflejos.com.ar\/2021\/wp-content\/uploads\/2023\/12\/vtv-Seguridad-Vial.jpg\",\"datePublished\":\"2024-09-15T12:43:20+00:00\",\"author\":{\"@id\":\"https:\/\/www.noticiasradioreflejos.com.ar\/2021\/#\/schema\/person\/ad82545263dcc5ec0996818884fd5fb1\"},\"breadcrumb\":{\"@id\":\"https:\/\/www.noticiasradioreflejos.com.ar\/2021\/cual-es-el-tramite-que-reemplaza-a-la-tarjeta-azul-y-permite-que-otra-persona-conduzca-el-auto\/#breadcrumb\"},\"inLanguage\":\"es\",\"potentialAction\":[{\"@type\":\"ReadAction\",\"target\":[\"https:\/\/www.noticiasradioreflejos.com.ar\/2021\/cual-es-el-tramite-que-reemplaza-a-la-tarjeta-azul-y-permite-que-otra-persona-conduzca-el-auto\/\"]}]},{\"@type\":\"ImageObject\",\"inLanguage\":\"es\",\"@id\":\"https:\/\/www.noticiasradioreflejos.com.ar\/2021\/cual-es-el-tramite-que-reemplaza-a-la-tarjeta-azul-y-permite-que-otra-persona-conduzca-el-auto\/#primaryimage\",\"url\":\"https:\/\/www.noticiasradioreflejos.com.ar\/2021\/wp-content\/uploads\/2023\/12\/vtv-Seguridad-Vial.jpg\",\"contentUrl\":\"https:\/\/www.noticiasradioreflejos.com.ar\/2021\/wp-content\/uploads\/2023\/12\/vtv-Seguridad-Vial.jpg\",\"width\":700,\"height\":466},{\"@type\":\"BreadcrumbList\",\"@id\":\"https:\/\/www.noticiasradioreflejos.com.ar\/2021\/cual-es-el-tramite-que-reemplaza-a-la-tarjeta-azul-y-permite-que-otra-persona-conduzca-el-auto\/#breadcrumb\",\"itemListElement\":[{\"@type\":\"ListItem\",\"position\":1,\"name\":\"Portada\",\"item\":\"https:\/\/www.noticiasradioreflejos.com.ar\/2021\/\"},{\"@type\":\"ListItem\",\"position\":2,\"name\":\"Cu\u00e1l es el tr\u00e1mite que reemplaza a la tarjeta azul y permite que otra persona conduzca el auto\"}]},{\"@type\":\"WebSite\",\"@id\":\"https:\/\/www.noticiasradioreflejos.com.ar\/2021\/#website\",\"url\":\"https:\/\/www.noticiasradioreflejos.com.ar\/2021\/\",\"name\":\"Noticias Radio Reflejos\",\"description\":\"Las noticias de mi comarca\",\"potentialAction\":[{\"@type\":\"SearchAction\",\"target\":{\"@type\":\"EntryPoint\",\"urlTemplate\":\"https:\/\/www.noticiasradioreflejos.com.ar\/2021\/?s={search_term_string}\"},\"query-input\":{\"@type\":\"PropertyValueSpecification\",\"valueRequired\":true,\"valueName\":\"search_term_string\"}}],\"inLanguage\":\"es\"},{\"@type\":\"Person\",\"@id\":\"https:\/\/www.noticiasradioreflejos.com.ar\/2021\/#\/schema\/person\/ad82545263dcc5ec0996818884fd5fb1\",\"name\":\"Arnaldo Botto\",\"image\":{\"@type\":\"ImageObject\",\"inLanguage\":\"es\",\"@id\":\"https:\/\/www.noticiasradioreflejos.com.ar\/2021\/#\/schema\/person\/image\/\",\"url\":\"https:\/\/secure.gravatar.com\/avatar\/55cb5e37c1efa326397366e6974cb338056df65cb50e7d64d1cf314e87504837?s=96&d=mm&r=g\",\"contentUrl\":\"https:\/\/secure.gravatar.com\/avatar\/55cb5e37c1efa326397366e6974cb338056df65cb50e7d64d1cf314e87504837?s=96&d=mm&r=g\",\"caption\":\"Arnaldo Botto\"},\"url\":\"https:\/\/www.noticiasradioreflejos.com.ar\/2021\/author\/arnaldo\/\"}]}<\/script>\n<!-- \/ Yoast SEO plugin. -->","yoast_head_json":{"title":"Cu\u00e1l es el tr\u00e1mite que reemplaza a la tarjeta azul y permite que otra persona conduzca el auto - Noticias Radio Reflejos","robots":{"index":"index","follow":"follow","max-snippet":"max-snippet:-1","max-image-preview":"max-image-preview:large","max-video-preview":"max-video-preview:-1"},"canonical":"https:\/\/www.noticiasradioreflejos.com.ar\/2021\/cual-es-el-tramite-que-reemplaza-a-la-tarjeta-azul-y-permite-que-otra-persona-conduzca-el-auto\/","og_locale":"es_ES","og_type":"article","og_title":"Cu\u00e1l es el tr\u00e1mite que reemplaza a la tarjeta azul y permite que otra persona conduzca el auto - Noticias Radio Reflejos","og_description":"La administraci\u00f3n nacional a cargo del presidente Javier Milei elimin\u00f3 la c\u00e9dula azul y cre\u00f3 un nuevo documento habilitante.","og_url":"https:\/\/www.noticiasradioreflejos.com.ar\/2021\/cual-es-el-tramite-que-reemplaza-a-la-tarjeta-azul-y-permite-que-otra-persona-conduzca-el-auto\/","og_site_name":"Noticias Radio Reflejos","article_published_time":"2024-09-15T12:43:20+00:00","og_image":[{"width":768,"height":432,"url":"https:\/\/www.noticiasradioreflejos.com.ar\/2021\/wp-content\/uploads\/2024\/05\/cedula-verde-azul.jpg","type":"image\/jpeg"}],"author":"Arnaldo Botto","twitter_card":"summary_large_image","schema":{"@context":"https:\/\/schema.org","@graph":[{"@type":"WebPage","@id":"https:\/\/www.noticiasradioreflejos.com.ar\/2021\/cual-es-el-tramite-que-reemplaza-a-la-tarjeta-azul-y-permite-que-otra-persona-conduzca-el-auto\/","url":"https:\/\/www.noticiasradioreflejos.com.ar\/2021\/cual-es-el-tramite-que-reemplaza-a-la-tarjeta-azul-y-permite-que-otra-persona-conduzca-el-auto\/","name":"Cu\u00e1l es el tr\u00e1mite que reemplaza a la tarjeta azul y permite que otra persona conduzca el auto - Noticias Radio Reflejos","isPartOf":{"@id":"https:\/\/www.noticiasradioreflejos.com.ar\/2021\/#website"},"primaryImageOfPage":{"@id":"https:\/\/www.noticiasradioreflejos.com.ar\/2021\/cual-es-el-tramite-que-reemplaza-a-la-tarjeta-azul-y-permite-que-otra-persona-conduzca-el-auto\/#primaryimage"},"image":{"@id":"https:\/\/www.noticiasradioreflejos.com.ar\/2021\/cual-es-el-tramite-que-reemplaza-a-la-tarjeta-azul-y-permite-que-otra-persona-conduzca-el-auto\/#primaryimage"},"thumbnailUrl":"https:\/\/www.noticiasradioreflejos.com.ar\/2021\/wp-content\/uploads\/2023\/12\/vtv-Seguridad-Vial.jpg","datePublished":"2024-09-15T12:43:20+00:00","author":{"@id":"https:\/\/www.noticiasradioreflejos.com.ar\/2021\/#\/schema\/person\/ad82545263dcc5ec0996818884fd5fb1"},"breadcrumb":{"@id":"https:\/\/www.noticiasradioreflejos.com.ar\/2021\/cual-es-el-tramite-que-reemplaza-a-la-tarjeta-azul-y-permite-que-otra-persona-conduzca-el-auto\/#breadcrumb"},"inLanguage":"es","potentialAction":[{"@type":"ReadAction","target":["https:\/\/www.noticiasradioreflejos.com.ar\/2021\/cual-es-el-tramite-que-reemplaza-a-la-tarjeta-azul-y-permite-que-otra-persona-conduzca-el-auto\/"]}]},{"@type":"ImageObject","inLanguage":"es","@id":"https:\/\/www.noticiasradioreflejos.com.ar\/2021\/cual-es-el-tramite-que-reemplaza-a-la-tarjeta-azul-y-permite-que-otra-persona-conduzca-el-auto\/#primaryimage","url":"https:\/\/www.noticiasradioreflejos.com.ar\/2021\/wp-content\/uploads\/2023\/12\/vtv-Seguridad-Vial.jpg","contentUrl":"https:\/\/www.noticiasradioreflejos.com.ar\/2021\/wp-content\/uploads\/2023\/12\/vtv-Seguridad-Vial.jpg","width":700,"height":466},{"@type":"BreadcrumbList","@id":"https:\/\/www.noticiasradioreflejos.com.ar\/2021\/cual-es-el-tramite-que-reemplaza-a-la-tarjeta-azul-y-permite-que-otra-persona-conduzca-el-auto\/#breadcrumb","itemListElement":[{"@type":"ListItem","position":1,"name":"Portada","item":"https:\/\/www.noticiasradioreflejos.com.ar\/2021\/"},{"@type":"ListItem","position":2,"name":"Cu\u00e1l es el tr\u00e1mite que reemplaza a la tarjeta azul y permite que otra persona conduzca el auto"}]},{"@type":"WebSite","@id":"https:\/\/www.noticiasradioreflejos.com.ar\/2021\/#website","url":"https:\/\/www.noticiasradioreflejos.com.ar\/2021\/","name":"Noticias Radio Reflejos","description":"Las noticias de mi comarca","potentialAction":[{"@type":"SearchAction","target":{"@type":"EntryPoint","urlTemplate":"https:\/\/www.noticiasradioreflejos.com.ar\/2021\/?s={search_term_string}"},"query-input":{"@type":"PropertyValueSpecification","valueRequired":true,"valueName":"search_term_string"}}],"inLanguage":"es"},{"@type":"Person","@id":"https:\/\/www.noticiasradioreflejos.com.ar\/2021\/#\/schema\/person\/ad82545263dcc5ec0996818884fd5fb1","name":"Arnaldo Botto","image":{"@type":"ImageObject","inLanguage":"es","@id":"https:\/\/www.noticiasradioreflejos.com.ar\/2021\/#\/schema\/person\/image\/","url":"https:\/\/secure.gravatar.com\/avatar\/55cb5e37c1efa326397366e6974cb338056df65cb50e7d64d1cf314e87504837?s=96&d=mm&r=g","contentUrl":"https:\/\/secure.gravatar.com\/avatar\/55cb5e37c1efa326397366e6974cb338056df65cb50e7d64d1cf314e87504837?s=96&d=mm&r=g","caption":"Arnaldo Botto"},"url":"https:\/\/www.noticiasradioreflejos.com.ar\/2021\/author\/arnaldo\/"}]}},"_links":{"self":[{"href":"https:\/\/www.noticiasradioreflejos.com.ar\/2021\/wp-json\/wp\/v2\/posts\/107389","targetHints":{"allow":["GET"]}}],"collection":[{"href":"https:\/\/www.noticiasradioreflejos.com.ar\/2021\/wp-json\/wp\/v2\/posts"}],"about":[{"href":"https:\/\/www.noticiasradioreflejos.com.ar\/2021\/wp-json\/wp\/v2\/types\/post"}],"author":[{"embeddable":true,"href":"https:\/\/www.noticiasradioreflejos.com.ar\/2021\/wp-json\/wp\/v2\/users\/3"}],"replies":[{"embeddable":true,"href":"https:\/\/www.noticiasradioreflejos.com.ar\/2021\/wp-json\/wp\/v2\/comments?post=107389"}],"version-history":[{"count":1,"href":"https:\/\/www.noticiasradioreflejos.com.ar\/2021\/wp-json\/wp\/v2\/posts\/107389\/revisions"}],"predecessor-version":[{"id":107390,"href":"https:\/\/www.noticiasradioreflejos.com.ar\/2021\/wp-json\/wp\/v2\/posts\/107389\/revisions\/107390"}],"wp:attachment":[{"href":"https:\/\/www.noticiasradioreflejos.com.ar\/2021\/wp-json\/wp\/v2\/media?parent=107389"}],"wp:term":[{"taxonomy":"category","embeddable":true,"href":"https:\/\/www.noticiasradioreflejos.com.ar\/2021\/wp-json\/wp\/v2\/categories?post=107389"},{"taxonomy":"post_tag","embeddable":true,"href":"https:\/\/www.noticiasradioreflejos.com.ar\/2021\/wp-json\/wp\/v2\/tags?post=107389"}],"curies":[{"name":"wp","href":"https:\/\/api.w.org\/{rel}","templated":true}]}}