{"id":107383,"date":"2024-09-14T10:39:41","date_gmt":"2024-09-14T13:39:41","guid":{"rendered":"https:\/\/www.noticiasradioreflejos.com.ar\/2021\/?p=107383"},"modified":"2024-09-14T10:41:12","modified_gmt":"2024-09-14T13:41:12","slug":"aumenta-el-minimo-no-imponible-de-ganancias-que-salarios-deberan-pagar-el-impuesto","status":"publish","type":"post","link":"https:\/\/www.noticiasradioreflejos.com.ar\/2021\/aumenta-el-minimo-no-imponible-de-ganancias-que-salarios-deberan-pagar-el-impuesto\/","title":{"rendered":"Aumenta el m\u00ednimo no imponible de Ganancias: qu\u00e9 salarios deber\u00e1n pagar el impuesto"},"content":{"rendered":"<p>Desde este mes se actualizar\u00e1 el tope salarial en el que se tributa el gravamen.<!--more--><\/p>\n<div class=\"column-main\">\n<div class=\"article-body\" data-tadevel-template=\"web\/article-body\">\n<div class=\"article-body-content\">\n<p>De acuerdo a los t\u00e9rminos de la reforma fiscal, a partir de septiembre se actualiza el m\u00ednimo no imponible del Impuesto a las Ganancias, en l\u00ednea con la inflaci\u00f3n acumulada entre junio, julio y agosto.<\/p>\n<p>El m\u00ednimo no imponible pasar\u00e1 de $1.800.000 a $2.040.300 en bruto para los trabajadores solteros y sin hijos. Mientras que para los casados con dos hijos, el piso salarial pasar\u00e1 de $2.300.000 a $2.682.208.<\/p>\n<p>Esto se fija en base a la variaci\u00f3n de precios que mide el INDEC. En esta oportunidad, se tomar\u00e1 el IPC trimestral correspondiente al per\u00edodo junio y agosto, que alcanz\u00f3 13,3%.<\/p>\n<p>A partir del 2025, los montos y las escalas se ajustar\u00e1n de forma semestral, es decir, el 1\u00b0 de enero y el 1\u00b0 de julio en l\u00ednea con el \u00edndice de Precios al Consumidor (IPC).<\/p>\n<\/div>\n<\/div>\n<\/div>\n","protected":false},"excerpt":{"rendered":"<p>Desde este mes se actualizar\u00e1 el tope salarial en el que se tributa el gravamen.<\/p>\n","protected":false},"author":3,"featured_media":98067,"comment_status":"closed","ping_status":"closed","sticky":false,"template":"","format":"standard","meta":{"footnotes":""},"categories":[36],"tags":[],"class_list":["post-107383","post","type-post","status-publish","format-standard","has-post-thumbnail","hentry","category-economia"],"yoast_head":"<!-- This site is optimized with the Yoast SEO plugin v25.9 - https:\/\/yoast.com\/wordpress\/plugins\/seo\/ -->\n<title>Aumenta el m\u00ednimo no imponible de Ganancias: qu\u00e9 salarios deber\u00e1n pagar el impuesto - Noticias Radio Reflejos<\/title>\n<meta name=\"robots\" content=\"index, follow, max-snippet:-1, max-image-preview:large, max-video-preview:-1\" \/>\n<link rel=\"canonical\" href=\"https:\/\/www.noticiasradioreflejos.com.ar\/2021\/aumenta-el-minimo-no-imponible-de-ganancias-que-salarios-deberan-pagar-el-impuesto\/\" \/>\n<meta property=\"og:locale\" content=\"es_ES\" \/>\n<meta property=\"og:type\" content=\"article\" \/>\n<meta property=\"og:title\" content=\"Aumenta el m\u00ednimo no imponible de Ganancias: qu\u00e9 salarios deber\u00e1n pagar el impuesto - Noticias Radio Reflejos\" \/>\n<meta property=\"og:description\" content=\"Desde este mes se actualizar\u00e1 el tope salarial en el que se tributa el gravamen.\" \/>\n<meta property=\"og:url\" content=\"https:\/\/www.noticiasradioreflejos.com.ar\/2021\/aumenta-el-minimo-no-imponible-de-ganancias-que-salarios-deberan-pagar-el-impuesto\/\" \/>\n<meta property=\"og:site_name\" content=\"Noticias Radio Reflejos\" \/>\n<meta property=\"article:published_time\" content=\"2024-09-14T13:39:41+00:00\" \/>\n<meta property=\"article:modified_time\" content=\"2024-09-14T13:41:12+00:00\" \/>\n<meta property=\"og:image\" content=\"https:\/\/www.noticiasradioreflejos.com.ar\/2021\/wp-content\/uploads\/2024\/01\/impuesto-a-las-ganaias.jpg\" \/>\n\t<meta property=\"og:image:width\" content=\"960\" \/>\n\t<meta property=\"og:image:height\" content=\"640\" \/>\n\t<meta property=\"og:image:type\" content=\"image\/jpeg\" \/>\n<meta name=\"author\" content=\"Arnaldo Botto\" \/>\n<meta name=\"twitter:card\" content=\"summary_large_image\" \/>\n<script type=\"application\/ld+json\" class=\"yoast-schema-graph\">{\"@context\":\"https:\/\/schema.org\",\"@graph\":[{\"@type\":\"WebPage\",\"@id\":\"https:\/\/www.noticiasradioreflejos.com.ar\/2021\/aumenta-el-minimo-no-imponible-de-ganancias-que-salarios-deberan-pagar-el-impuesto\/\",\"url\":\"https:\/\/www.noticiasradioreflejos.com.ar\/2021\/aumenta-el-minimo-no-imponible-de-ganancias-que-salarios-deberan-pagar-el-impuesto\/\",\"name\":\"Aumenta el m\u00ednimo no imponible de Ganancias: qu\u00e9 salarios deber\u00e1n pagar el impuesto - Noticias Radio Reflejos\",\"isPartOf\":{\"@id\":\"https:\/\/www.noticiasradioreflejos.com.ar\/2021\/#website\"},\"primaryImageOfPage\":{\"@id\":\"https:\/\/www.noticiasradioreflejos.com.ar\/2021\/aumenta-el-minimo-no-imponible-de-ganancias-que-salarios-deberan-pagar-el-impuesto\/#primaryimage\"},\"image\":{\"@id\":\"https:\/\/www.noticiasradioreflejos.com.ar\/2021\/aumenta-el-minimo-no-imponible-de-ganancias-que-salarios-deberan-pagar-el-impuesto\/#primaryimage\"},\"thumbnailUrl\":\"https:\/\/www.noticiasradioreflejos.com.ar\/2021\/wp-content\/uploads\/2024\/01\/impuesto-a-las-ganaias.jpg\",\"datePublished\":\"2024-09-14T13:39:41+00:00\",\"dateModified\":\"2024-09-14T13:41:12+00:00\",\"author\":{\"@id\":\"https:\/\/www.noticiasradioreflejos.com.ar\/2021\/#\/schema\/person\/ad82545263dcc5ec0996818884fd5fb1\"},\"breadcrumb\":{\"@id\":\"https:\/\/www.noticiasradioreflejos.com.ar\/2021\/aumenta-el-minimo-no-imponible-de-ganancias-que-salarios-deberan-pagar-el-impuesto\/#breadcrumb\"},\"inLanguage\":\"es\",\"potentialAction\":[{\"@type\":\"ReadAction\",\"target\":[\"https:\/\/www.noticiasradioreflejos.com.ar\/2021\/aumenta-el-minimo-no-imponible-de-ganancias-que-salarios-deberan-pagar-el-impuesto\/\"]}]},{\"@type\":\"ImageObject\",\"inLanguage\":\"es\",\"@id\":\"https:\/\/www.noticiasradioreflejos.com.ar\/2021\/aumenta-el-minimo-no-imponible-de-ganancias-que-salarios-deberan-pagar-el-impuesto\/#primaryimage\",\"url\":\"https:\/\/www.noticiasradioreflejos.com.ar\/2021\/wp-content\/uploads\/2024\/01\/impuesto-a-las-ganaias.jpg\",\"contentUrl\":\"https:\/\/www.noticiasradioreflejos.com.ar\/2021\/wp-content\/uploads\/2024\/01\/impuesto-a-las-ganaias.jpg\",\"width\":960,\"height\":640},{\"@type\":\"BreadcrumbList\",\"@id\":\"https:\/\/www.noticiasradioreflejos.com.ar\/2021\/aumenta-el-minimo-no-imponible-de-ganancias-que-salarios-deberan-pagar-el-impuesto\/#breadcrumb\",\"itemListElement\":[{\"@type\":\"ListItem\",\"position\":1,\"name\":\"Portada\",\"item\":\"https:\/\/www.noticiasradioreflejos.com.ar\/2021\/\"},{\"@type\":\"ListItem\",\"position\":2,\"name\":\"Aumenta el m\u00ednimo no imponible de Ganancias: qu\u00e9 salarios deber\u00e1n pagar el impuesto\"}]},{\"@type\":\"WebSite\",\"@id\":\"https:\/\/www.noticiasradioreflejos.com.ar\/2021\/#website\",\"url\":\"https:\/\/www.noticiasradioreflejos.com.ar\/2021\/\",\"name\":\"Noticias Radio Reflejos\",\"description\":\"Las noticias de mi comarca\",\"potentialAction\":[{\"@type\":\"SearchAction\",\"target\":{\"@type\":\"EntryPoint\",\"urlTemplate\":\"https:\/\/www.noticiasradioreflejos.com.ar\/2021\/?s={search_term_string}\"},\"query-input\":{\"@type\":\"PropertyValueSpecification\",\"valueRequired\":true,\"valueName\":\"search_term_string\"}}],\"inLanguage\":\"es\"},{\"@type\":\"Person\",\"@id\":\"https:\/\/www.noticiasradioreflejos.com.ar\/2021\/#\/schema\/person\/ad82545263dcc5ec0996818884fd5fb1\",\"name\":\"Arnaldo Botto\",\"image\":{\"@type\":\"ImageObject\",\"inLanguage\":\"es\",\"@id\":\"https:\/\/www.noticiasradioreflejos.com.ar\/2021\/#\/schema\/person\/image\/\",\"url\":\"https:\/\/secure.gravatar.com\/avatar\/55cb5e37c1efa326397366e6974cb338056df65cb50e7d64d1cf314e87504837?s=96&d=mm&r=g\",\"contentUrl\":\"https:\/\/secure.gravatar.com\/avatar\/55cb5e37c1efa326397366e6974cb338056df65cb50e7d64d1cf314e87504837?s=96&d=mm&r=g\",\"caption\":\"Arnaldo Botto\"},\"url\":\"https:\/\/www.noticiasradioreflejos.com.ar\/2021\/author\/arnaldo\/\"}]}<\/script>\n<!-- \/ Yoast SEO plugin. -->","yoast_head_json":{"title":"Aumenta el m\u00ednimo no imponible de Ganancias: qu\u00e9 salarios deber\u00e1n pagar el impuesto - Noticias Radio Reflejos","robots":{"index":"index","follow":"follow","max-snippet":"max-snippet:-1","max-image-preview":"max-image-preview:large","max-video-preview":"max-video-preview:-1"},"canonical":"https:\/\/www.noticiasradioreflejos.com.ar\/2021\/aumenta-el-minimo-no-imponible-de-ganancias-que-salarios-deberan-pagar-el-impuesto\/","og_locale":"es_ES","og_type":"article","og_title":"Aumenta el m\u00ednimo no imponible de Ganancias: qu\u00e9 salarios deber\u00e1n pagar el impuesto - Noticias Radio Reflejos","og_description":"Desde este mes se actualizar\u00e1 el tope salarial en el que se tributa el gravamen.","og_url":"https:\/\/www.noticiasradioreflejos.com.ar\/2021\/aumenta-el-minimo-no-imponible-de-ganancias-que-salarios-deberan-pagar-el-impuesto\/","og_site_name":"Noticias Radio Reflejos","article_published_time":"2024-09-14T13:39:41+00:00","article_modified_time":"2024-09-14T13:41:12+00:00","og_image":[{"width":960,"height":640,"url":"https:\/\/www.noticiasradioreflejos.com.ar\/2021\/wp-content\/uploads\/2024\/01\/impuesto-a-las-ganaias.jpg","type":"image\/jpeg"}],"author":"Arnaldo Botto","twitter_card":"summary_large_image","schema":{"@context":"https:\/\/schema.org","@graph":[{"@type":"WebPage","@id":"https:\/\/www.noticiasradioreflejos.com.ar\/2021\/aumenta-el-minimo-no-imponible-de-ganancias-que-salarios-deberan-pagar-el-impuesto\/","url":"https:\/\/www.noticiasradioreflejos.com.ar\/2021\/aumenta-el-minimo-no-imponible-de-ganancias-que-salarios-deberan-pagar-el-impuesto\/","name":"Aumenta el m\u00ednimo no imponible de Ganancias: qu\u00e9 salarios deber\u00e1n pagar el impuesto - Noticias Radio Reflejos","isPartOf":{"@id":"https:\/\/www.noticiasradioreflejos.com.ar\/2021\/#website"},"primaryImageOfPage":{"@id":"https:\/\/www.noticiasradioreflejos.com.ar\/2021\/aumenta-el-minimo-no-imponible-de-ganancias-que-salarios-deberan-pagar-el-impuesto\/#primaryimage"},"image":{"@id":"https:\/\/www.noticiasradioreflejos.com.ar\/2021\/aumenta-el-minimo-no-imponible-de-ganancias-que-salarios-deberan-pagar-el-impuesto\/#primaryimage"},"thumbnailUrl":"https:\/\/www.noticiasradioreflejos.com.ar\/2021\/wp-content\/uploads\/2024\/01\/impuesto-a-las-ganaias.jpg","datePublished":"2024-09-14T13:39:41+00:00","dateModified":"2024-09-14T13:41:12+00:00","author":{"@id":"https:\/\/www.noticiasradioreflejos.com.ar\/2021\/#\/schema\/person\/ad82545263dcc5ec0996818884fd5fb1"},"breadcrumb":{"@id":"https:\/\/www.noticiasradioreflejos.com.ar\/2021\/aumenta-el-minimo-no-imponible-de-ganancias-que-salarios-deberan-pagar-el-impuesto\/#breadcrumb"},"inLanguage":"es","potentialAction":[{"@type":"ReadAction","target":["https:\/\/www.noticiasradioreflejos.com.ar\/2021\/aumenta-el-minimo-no-imponible-de-ganancias-que-salarios-deberan-pagar-el-impuesto\/"]}]},{"@type":"ImageObject","inLanguage":"es","@id":"https:\/\/www.noticiasradioreflejos.com.ar\/2021\/aumenta-el-minimo-no-imponible-de-ganancias-que-salarios-deberan-pagar-el-impuesto\/#primaryimage","url":"https:\/\/www.noticiasradioreflejos.com.ar\/2021\/wp-content\/uploads\/2024\/01\/impuesto-a-las-ganaias.jpg","contentUrl":"https:\/\/www.noticiasradioreflejos.com.ar\/2021\/wp-content\/uploads\/2024\/01\/impuesto-a-las-ganaias.jpg","width":960,"height":640},{"@type":"BreadcrumbList","@id":"https:\/\/www.noticiasradioreflejos.com.ar\/2021\/aumenta-el-minimo-no-imponible-de-ganancias-que-salarios-deberan-pagar-el-impuesto\/#breadcrumb","itemListElement":[{"@type":"ListItem","position":1,"name":"Portada","item":"https:\/\/www.noticiasradioreflejos.com.ar\/2021\/"},{"@type":"ListItem","position":2,"name":"Aumenta el m\u00ednimo no imponible de Ganancias: qu\u00e9 salarios deber\u00e1n pagar el impuesto"}]},{"@type":"WebSite","@id":"https:\/\/www.noticiasradioreflejos.com.ar\/2021\/#website","url":"https:\/\/www.noticiasradioreflejos.com.ar\/2021\/","name":"Noticias Radio Reflejos","description":"Las noticias de mi comarca","potentialAction":[{"@type":"SearchAction","target":{"@type":"EntryPoint","urlTemplate":"https:\/\/www.noticiasradioreflejos.com.ar\/2021\/?s={search_term_string}"},"query-input":{"@type":"PropertyValueSpecification","valueRequired":true,"valueName":"search_term_string"}}],"inLanguage":"es"},{"@type":"Person","@id":"https:\/\/www.noticiasradioreflejos.com.ar\/2021\/#\/schema\/person\/ad82545263dcc5ec0996818884fd5fb1","name":"Arnaldo Botto","image":{"@type":"ImageObject","inLanguage":"es","@id":"https:\/\/www.noticiasradioreflejos.com.ar\/2021\/#\/schema\/person\/image\/","url":"https:\/\/secure.gravatar.com\/avatar\/55cb5e37c1efa326397366e6974cb338056df65cb50e7d64d1cf314e87504837?s=96&d=mm&r=g","contentUrl":"https:\/\/secure.gravatar.com\/avatar\/55cb5e37c1efa326397366e6974cb338056df65cb50e7d64d1cf314e87504837?s=96&d=mm&r=g","caption":"Arnaldo Botto"},"url":"https:\/\/www.noticiasradioreflejos.com.ar\/2021\/author\/arnaldo\/"}]}},"_links":{"self":[{"href":"https:\/\/www.noticiasradioreflejos.com.ar\/2021\/wp-json\/wp\/v2\/posts\/107383","targetHints":{"allow":["GET"]}}],"collection":[{"href":"https:\/\/www.noticiasradioreflejos.com.ar\/2021\/wp-json\/wp\/v2\/posts"}],"about":[{"href":"https:\/\/www.noticiasradioreflejos.com.ar\/2021\/wp-json\/wp\/v2\/types\/post"}],"author":[{"embeddable":true,"href":"https:\/\/www.noticiasradioreflejos.com.ar\/2021\/wp-json\/wp\/v2\/users\/3"}],"replies":[{"embeddable":true,"href":"https:\/\/www.noticiasradioreflejos.com.ar\/2021\/wp-json\/wp\/v2\/comments?post=107383"}],"version-history":[{"count":2,"href":"https:\/\/www.noticiasradioreflejos.com.ar\/2021\/wp-json\/wp\/v2\/posts\/107383\/revisions"}],"predecessor-version":[{"id":107385,"href":"https:\/\/www.noticiasradioreflejos.com.ar\/2021\/wp-json\/wp\/v2\/posts\/107383\/revisions\/107385"}],"wp:featuredmedia":[{"embeddable":true,"href":"https:\/\/www.noticiasradioreflejos.com.ar\/2021\/wp-json\/wp\/v2\/media\/98067"}],"wp:attachment":[{"href":"https:\/\/www.noticiasradioreflejos.com.ar\/2021\/wp-json\/wp\/v2\/media?parent=107383"}],"wp:term":[{"taxonomy":"category","embeddable":true,"href":"https:\/\/www.noticiasradioreflejos.com.ar\/2021\/wp-json\/wp\/v2\/categories?post=107383"},{"taxonomy":"post_tag","embeddable":true,"href":"https:\/\/www.noticiasradioreflejos.com.ar\/2021\/wp-json\/wp\/v2\/tags?post=107383"}],"curies":[{"name":"wp","href":"https:\/\/api.w.org\/{rel}","templated":true}]}}