{"id":107381,"date":"2024-09-14T09:48:03","date_gmt":"2024-09-14T12:48:03","guid":{"rendered":"https:\/\/www.noticiasradioreflejos.com.ar\/2021\/?p=107381"},"modified":"2024-09-14T09:48:03","modified_gmt":"2024-09-14T12:48:03","slug":"la-nina-esta-por-llegar-a-la-argentina-se-esperan-fuertes-sequias-y-un-clima-fuera-de-lo-normal","status":"publish","type":"post","link":"https:\/\/www.noticiasradioreflejos.com.ar\/2021\/la-nina-esta-por-llegar-a-la-argentina-se-esperan-fuertes-sequias-y-un-clima-fuera-de-lo-normal\/","title":{"rendered":"La Ni\u00f1a est\u00e1 por llegar a la Argentina: se esperan fuertes sequ\u00edas y un clima fuera de lo normal"},"content":{"rendered":"<p>Escasez de lluvias y temperaturas por debajo de lo registrado para la \u00e9poca son algunas de las consecuencias.<\/p>\n<div class=\"column-main\">\n<figure class=\"multimedia\" data-type=\"photo\" data-tadevel-template=\"web\/multimedia\"><\/figure>\n<div class=\"article-body\" data-tadevel-template=\"web\/article-body\">\n<div class=\"article-body-content\">\n<p>Como ya se viene anunciando,\u00a0<strong>la temporada primavera-verano estar\u00e1 signada por el fen\u00f3meno de \u201c<\/strong><a href=\"https:\/\/noticiasargentinas.com\/sociedad\/la-nina-podria-agravar-la-bajante--extrema--del-rio-parana--preocupacion-entre-los-expertos-_a66df6340c5ef988992a10598?srsltid=AfmBOoowdnOIcy_l4RPNEKdlSAAkjhJHWSFW_p5J6dGXQlneeJKtPjl0\"><strong>La Ni\u00f1a<\/strong><\/a><strong>\u201d, asociado a la sequ\u00eda. Lo propio es sin\u00f3nimo de bajas lluvias<\/strong>, a diferencia de \u201cEl Ni\u00f1o\u201d, periodo en el cual las precipitaciones son abundantes. Ambos extremos son da\u00f1inos para la poblaci\u00f3n en general y, el sector agropecuario, motor del pa\u00eds, en particular.<\/p>\n<p>Tambi\u00e9n, preocupa en zonas tur\u00edsticas como la\u00a0<a href=\"https:\/\/noticiasargentinas.com\/sociedad\/cordoba-en-llamas--alerta-por-incendio-en-ascochinga-y-en-toda-la-provincia_a66be4a9f33d5e7b7e72e5c87?srsltid=AfmBOooUV8-9tUH9BEkfH5KiJxMSyIxGv9bhh9Sa6ZfEddTA9K9FP8Mq\"><strong>provincia de C\u00f3rdoba, entre otras, donde se vienen registrando incendios<\/strong><\/a>.<\/p>\n<\/div>\n<p><a href=\"https:\/\/www.noticiasradioreflejos.com.ar\/2021\/ola-de-calor-en-grecia-siguen-las-evacuaciones-por-incendios-forestales-en-la-isla-de-corfu-y-rodas\/24-07-2023_la_gente_observa_los_incendios\/\" rel=\"attachment wp-att-90761\"><img loading=\"lazy\" decoding=\"async\" class=\"aligncenter size-full wp-image-90761\" src=\"https:\/\/www.noticiasradioreflejos.com.ar\/2021\/wp-content\/uploads\/2023\/07\/24-07-2023_la_gente_observa_los_incendios.jpg\" alt=\"\" width=\"1000\" height=\"667\" srcset=\"https:\/\/www.noticiasradioreflejos.com.ar\/2021\/wp-content\/uploads\/2023\/07\/24-07-2023_la_gente_observa_los_incendios.jpg 1000w, https:\/\/www.noticiasradioreflejos.com.ar\/2021\/wp-content\/uploads\/2023\/07\/24-07-2023_la_gente_observa_los_incendios-300x200.jpg 300w, https:\/\/www.noticiasradioreflejos.com.ar\/2021\/wp-content\/uploads\/2023\/07\/24-07-2023_la_gente_observa_los_incendios-768x512.jpg 768w, https:\/\/www.noticiasradioreflejos.com.ar\/2021\/wp-content\/uploads\/2023\/07\/24-07-2023_la_gente_observa_los_incendios-750x500.jpg 750w\" sizes=\"auto, (max-width: 1000px) 100vw, 1000px\" \/><\/a><\/p>\n<div class=\"article-body-content\">\n<h3><strong>Informe internacional sobre \u201cLa Ni\u00f1a\u201d<\/strong><\/h3>\n<p>Es el informe de la Oficina Nacional de Administraci\u00f3n Oce\u00e1nica y Atmosf\u00e9rica (NOAA) el que indica que con la llegada de la primavera, el 21 de septiembre, \u201cLa Ni\u00f1a\u201d comenzar\u00e1 a instalarse en Am\u00e9rica del Sur afectando a todo el continente y, particularmente a Brasil, Uruguay, Paraguay y Argentina, principales productores de granos y semillas.<\/p>\n<p>Seg\u00fan el reporte, el verano ser\u00e1 seco y menos caluroso de lo acostumbrado; generando mayores sequ\u00edas y heladas, estas \u00faltimas, m\u00e1s acordes a la estaci\u00f3n invernal.<\/p>\n<p>Seg\u00fan el documento de la NOAA los meses de septiembre y octubre estar\u00e1n atravesados por \u201cLa Ni\u00f1a\u201d. Pero qu\u00e9 dice el Servicio Meteorol\u00f3gico Nacional Argentino al respecto.<\/p>\n<h3><strong>As\u00ed ser\u00e1 la primavera argentina seg\u00fan el SMN<\/strong><\/h3>\n<p>La web oficial del Servicio Meteorol\u00f3gico Nacional de Argentina, indica que:\u201cDe acuerdo a los modelos din\u00e1micos y estad\u00edsticos, en promedio, en el trimestre septiembre-octubre-noviembre 2024 (SON), hay 55% de probabilidad de que las condiciones sean neutrales y 41% de chances de desarrollo de La Ni\u00f1a\u201d.<\/p>\n<h3><strong>\u00bfQu\u00e9 es \u201cLa Ni\u00f1a\u201d?<\/strong><\/h3>\n<p>A diferencia de \u201cEl Ni\u00f1o\u201d, \u201cLa Ni\u00f1a\u201d es el fen\u00f3meno clim\u00e1tico que trae consigo un periodo de bajas precipitaciones. En ella, las temperaturas se enfr\u00edan en la superficie del oc\u00e9ano Pac\u00edfico a la altura del Ecuador.<\/p>\n<p>Si bien ambos fen\u00f3menos alternan, no todos los a\u00f1os, si se dan con m\u00e1s frecuencia, aunque su ciclo oscila entre los dos y siete a\u00f1os.<\/p>\n<p>Incendios e inundaciones, seg\u00fan cu\u00e1l sea el fen\u00f3meno que se d\u00e9 son consecuencias de los mismos y, pueden generar cambios clim\u00e1ticos en todo el mundo.<\/p>\n<\/div>\n<\/div>\n<\/div>\n<p><!--more--><\/p>\n","protected":false},"excerpt":{"rendered":"<p>Escasez de lluvias y temperaturas por debajo de lo registrado para la \u00e9poca son algunas de las consecuencias. Como ya se viene anunciando,\u00a0la temporada primavera-verano estar\u00e1 signada por el fen\u00f3meno de \u201cLa Ni\u00f1a\u201d, asociado a la sequ\u00eda. Lo propio es sin\u00f3nimo de bajas lluvias, a diferencia de \u201cEl Ni\u00f1o\u201d, periodo en el cual las precipitaciones [&hellip;]<\/p>\n","protected":false},"author":3,"featured_media":88679,"comment_status":"closed","ping_status":"closed","sticky":false,"template":"","format":"standard","meta":{"footnotes":""},"categories":[46],"tags":[48],"class_list":["post-107381","post","type-post","status-publish","format-standard","has-post-thumbnail","hentry","category-ciencia-y-tecnologia","tag-destacada"],"yoast_head":"<!-- This site is optimized with the Yoast SEO plugin v25.9 - https:\/\/yoast.com\/wordpress\/plugins\/seo\/ -->\n<title>La Ni\u00f1a est\u00e1 por llegar a la Argentina: se esperan fuertes sequ\u00edas y un clima fuera de lo normal - Noticias Radio Reflejos<\/title>\n<meta name=\"robots\" content=\"index, follow, max-snippet:-1, max-image-preview:large, max-video-preview:-1\" \/>\n<link rel=\"canonical\" href=\"https:\/\/www.noticiasradioreflejos.com.ar\/2021\/la-nina-esta-por-llegar-a-la-argentina-se-esperan-fuertes-sequias-y-un-clima-fuera-de-lo-normal\/\" \/>\n<meta property=\"og:locale\" content=\"es_ES\" \/>\n<meta property=\"og:type\" content=\"article\" \/>\n<meta property=\"og:title\" content=\"La Ni\u00f1a est\u00e1 por llegar a la Argentina: se esperan fuertes sequ\u00edas y un clima fuera de lo normal - Noticias Radio Reflejos\" \/>\n<meta property=\"og:description\" content=\"Escasez de lluvias y temperaturas por debajo de lo registrado para la \u00e9poca son algunas de las consecuencias. Como ya se viene anunciando,\u00a0la temporada primavera-verano estar\u00e1 signada por el fen\u00f3meno de \u201cLa Ni\u00f1a\u201d, asociado a la sequ\u00eda. Lo propio es sin\u00f3nimo de bajas lluvias, a diferencia de \u201cEl Ni\u00f1o\u201d, periodo en el cual las precipitaciones [&hellip;]\" \/>\n<meta property=\"og:url\" content=\"https:\/\/www.noticiasradioreflejos.com.ar\/2021\/la-nina-esta-por-llegar-a-la-argentina-se-esperan-fuertes-sequias-y-un-clima-fuera-de-lo-normal\/\" \/>\n<meta property=\"og:site_name\" content=\"Noticias Radio Reflejos\" \/>\n<meta property=\"article:published_time\" content=\"2024-09-14T12:48:03+00:00\" \/>\n<meta property=\"og:image\" content=\"https:\/\/www.noticiasradioreflejos.com.ar\/2021\/wp-content\/uploads\/2023\/06\/sequia_0.jpeg\" \/>\n\t<meta property=\"og:image:width\" content=\"960\" \/>\n\t<meta property=\"og:image:height\" content=\"640\" \/>\n\t<meta property=\"og:image:type\" content=\"image\/jpeg\" \/>\n<meta name=\"author\" content=\"Arnaldo Botto\" \/>\n<meta name=\"twitter:card\" content=\"summary_large_image\" \/>\n<script type=\"application\/ld+json\" class=\"yoast-schema-graph\">{\"@context\":\"https:\/\/schema.org\",\"@graph\":[{\"@type\":\"WebPage\",\"@id\":\"https:\/\/www.noticiasradioreflejos.com.ar\/2021\/la-nina-esta-por-llegar-a-la-argentina-se-esperan-fuertes-sequias-y-un-clima-fuera-de-lo-normal\/\",\"url\":\"https:\/\/www.noticiasradioreflejos.com.ar\/2021\/la-nina-esta-por-llegar-a-la-argentina-se-esperan-fuertes-sequias-y-un-clima-fuera-de-lo-normal\/\",\"name\":\"La Ni\u00f1a est\u00e1 por llegar a la Argentina: se esperan fuertes sequ\u00edas y un clima fuera de lo normal - Noticias Radio Reflejos\",\"isPartOf\":{\"@id\":\"https:\/\/www.noticiasradioreflejos.com.ar\/2021\/#website\"},\"primaryImageOfPage\":{\"@id\":\"https:\/\/www.noticiasradioreflejos.com.ar\/2021\/la-nina-esta-por-llegar-a-la-argentina-se-esperan-fuertes-sequias-y-un-clima-fuera-de-lo-normal\/#primaryimage\"},\"image\":{\"@id\":\"https:\/\/www.noticiasradioreflejos.com.ar\/2021\/la-nina-esta-por-llegar-a-la-argentina-se-esperan-fuertes-sequias-y-un-clima-fuera-de-lo-normal\/#primaryimage\"},\"thumbnailUrl\":\"https:\/\/www.noticiasradioreflejos.com.ar\/2021\/wp-content\/uploads\/2023\/06\/sequia_0.jpeg\",\"datePublished\":\"2024-09-14T12:48:03+00:00\",\"author\":{\"@id\":\"https:\/\/www.noticiasradioreflejos.com.ar\/2021\/#\/schema\/person\/ad82545263dcc5ec0996818884fd5fb1\"},\"breadcrumb\":{\"@id\":\"https:\/\/www.noticiasradioreflejos.com.ar\/2021\/la-nina-esta-por-llegar-a-la-argentina-se-esperan-fuertes-sequias-y-un-clima-fuera-de-lo-normal\/#breadcrumb\"},\"inLanguage\":\"es\",\"potentialAction\":[{\"@type\":\"ReadAction\",\"target\":[\"https:\/\/www.noticiasradioreflejos.com.ar\/2021\/la-nina-esta-por-llegar-a-la-argentina-se-esperan-fuertes-sequias-y-un-clima-fuera-de-lo-normal\/\"]}]},{\"@type\":\"ImageObject\",\"inLanguage\":\"es\",\"@id\":\"https:\/\/www.noticiasradioreflejos.com.ar\/2021\/la-nina-esta-por-llegar-a-la-argentina-se-esperan-fuertes-sequias-y-un-clima-fuera-de-lo-normal\/#primaryimage\",\"url\":\"https:\/\/www.noticiasradioreflejos.com.ar\/2021\/wp-content\/uploads\/2023\/06\/sequia_0.jpeg\",\"contentUrl\":\"https:\/\/www.noticiasradioreflejos.com.ar\/2021\/wp-content\/uploads\/2023\/06\/sequia_0.jpeg\",\"width\":960,\"height\":640},{\"@type\":\"BreadcrumbList\",\"@id\":\"https:\/\/www.noticiasradioreflejos.com.ar\/2021\/la-nina-esta-por-llegar-a-la-argentina-se-esperan-fuertes-sequias-y-un-clima-fuera-de-lo-normal\/#breadcrumb\",\"itemListElement\":[{\"@type\":\"ListItem\",\"position\":1,\"name\":\"Portada\",\"item\":\"https:\/\/www.noticiasradioreflejos.com.ar\/2021\/\"},{\"@type\":\"ListItem\",\"position\":2,\"name\":\"La Ni\u00f1a est\u00e1 por llegar a la Argentina: se esperan fuertes sequ\u00edas y un clima fuera de lo normal\"}]},{\"@type\":\"WebSite\",\"@id\":\"https:\/\/www.noticiasradioreflejos.com.ar\/2021\/#website\",\"url\":\"https:\/\/www.noticiasradioreflejos.com.ar\/2021\/\",\"name\":\"Noticias Radio Reflejos\",\"description\":\"Las noticias de mi comarca\",\"potentialAction\":[{\"@type\":\"SearchAction\",\"target\":{\"@type\":\"EntryPoint\",\"urlTemplate\":\"https:\/\/www.noticiasradioreflejos.com.ar\/2021\/?s={search_term_string}\"},\"query-input\":{\"@type\":\"PropertyValueSpecification\",\"valueRequired\":true,\"valueName\":\"search_term_string\"}}],\"inLanguage\":\"es\"},{\"@type\":\"Person\",\"@id\":\"https:\/\/www.noticiasradioreflejos.com.ar\/2021\/#\/schema\/person\/ad82545263dcc5ec0996818884fd5fb1\",\"name\":\"Arnaldo Botto\",\"image\":{\"@type\":\"ImageObject\",\"inLanguage\":\"es\",\"@id\":\"https:\/\/www.noticiasradioreflejos.com.ar\/2021\/#\/schema\/person\/image\/\",\"url\":\"https:\/\/secure.gravatar.com\/avatar\/55cb5e37c1efa326397366e6974cb338056df65cb50e7d64d1cf314e87504837?s=96&d=mm&r=g\",\"contentUrl\":\"https:\/\/secure.gravatar.com\/avatar\/55cb5e37c1efa326397366e6974cb338056df65cb50e7d64d1cf314e87504837?s=96&d=mm&r=g\",\"caption\":\"Arnaldo Botto\"},\"url\":\"https:\/\/www.noticiasradioreflejos.com.ar\/2021\/author\/arnaldo\/\"}]}<\/script>\n<!-- \/ Yoast SEO plugin. -->","yoast_head_json":{"title":"La Ni\u00f1a est\u00e1 por llegar a la Argentina: se esperan fuertes sequ\u00edas y un clima fuera de lo normal - Noticias Radio Reflejos","robots":{"index":"index","follow":"follow","max-snippet":"max-snippet:-1","max-image-preview":"max-image-preview:large","max-video-preview":"max-video-preview:-1"},"canonical":"https:\/\/www.noticiasradioreflejos.com.ar\/2021\/la-nina-esta-por-llegar-a-la-argentina-se-esperan-fuertes-sequias-y-un-clima-fuera-de-lo-normal\/","og_locale":"es_ES","og_type":"article","og_title":"La Ni\u00f1a est\u00e1 por llegar a la Argentina: se esperan fuertes sequ\u00edas y un clima fuera de lo normal - Noticias Radio Reflejos","og_description":"Escasez de lluvias y temperaturas por debajo de lo registrado para la \u00e9poca son algunas de las consecuencias. Como ya se viene anunciando,\u00a0la temporada primavera-verano estar\u00e1 signada por el fen\u00f3meno de \u201cLa Ni\u00f1a\u201d, asociado a la sequ\u00eda. Lo propio es sin\u00f3nimo de bajas lluvias, a diferencia de \u201cEl Ni\u00f1o\u201d, periodo en el cual las precipitaciones [&hellip;]","og_url":"https:\/\/www.noticiasradioreflejos.com.ar\/2021\/la-nina-esta-por-llegar-a-la-argentina-se-esperan-fuertes-sequias-y-un-clima-fuera-de-lo-normal\/","og_site_name":"Noticias Radio Reflejos","article_published_time":"2024-09-14T12:48:03+00:00","og_image":[{"width":960,"height":640,"url":"https:\/\/www.noticiasradioreflejos.com.ar\/2021\/wp-content\/uploads\/2023\/06\/sequia_0.jpeg","type":"image\/jpeg"}],"author":"Arnaldo Botto","twitter_card":"summary_large_image","schema":{"@context":"https:\/\/schema.org","@graph":[{"@type":"WebPage","@id":"https:\/\/www.noticiasradioreflejos.com.ar\/2021\/la-nina-esta-por-llegar-a-la-argentina-se-esperan-fuertes-sequias-y-un-clima-fuera-de-lo-normal\/","url":"https:\/\/www.noticiasradioreflejos.com.ar\/2021\/la-nina-esta-por-llegar-a-la-argentina-se-esperan-fuertes-sequias-y-un-clima-fuera-de-lo-normal\/","name":"La Ni\u00f1a est\u00e1 por llegar a la Argentina: se esperan fuertes sequ\u00edas y un clima fuera de lo normal - Noticias Radio Reflejos","isPartOf":{"@id":"https:\/\/www.noticiasradioreflejos.com.ar\/2021\/#website"},"primaryImageOfPage":{"@id":"https:\/\/www.noticiasradioreflejos.com.ar\/2021\/la-nina-esta-por-llegar-a-la-argentina-se-esperan-fuertes-sequias-y-un-clima-fuera-de-lo-normal\/#primaryimage"},"image":{"@id":"https:\/\/www.noticiasradioreflejos.com.ar\/2021\/la-nina-esta-por-llegar-a-la-argentina-se-esperan-fuertes-sequias-y-un-clima-fuera-de-lo-normal\/#primaryimage"},"thumbnailUrl":"https:\/\/www.noticiasradioreflejos.com.ar\/2021\/wp-content\/uploads\/2023\/06\/sequia_0.jpeg","datePublished":"2024-09-14T12:48:03+00:00","author":{"@id":"https:\/\/www.noticiasradioreflejos.com.ar\/2021\/#\/schema\/person\/ad82545263dcc5ec0996818884fd5fb1"},"breadcrumb":{"@id":"https:\/\/www.noticiasradioreflejos.com.ar\/2021\/la-nina-esta-por-llegar-a-la-argentina-se-esperan-fuertes-sequias-y-un-clima-fuera-de-lo-normal\/#breadcrumb"},"inLanguage":"es","potentialAction":[{"@type":"ReadAction","target":["https:\/\/www.noticiasradioreflejos.com.ar\/2021\/la-nina-esta-por-llegar-a-la-argentina-se-esperan-fuertes-sequias-y-un-clima-fuera-de-lo-normal\/"]}]},{"@type":"ImageObject","inLanguage":"es","@id":"https:\/\/www.noticiasradioreflejos.com.ar\/2021\/la-nina-esta-por-llegar-a-la-argentina-se-esperan-fuertes-sequias-y-un-clima-fuera-de-lo-normal\/#primaryimage","url":"https:\/\/www.noticiasradioreflejos.com.ar\/2021\/wp-content\/uploads\/2023\/06\/sequia_0.jpeg","contentUrl":"https:\/\/www.noticiasradioreflejos.com.ar\/2021\/wp-content\/uploads\/2023\/06\/sequia_0.jpeg","width":960,"height":640},{"@type":"BreadcrumbList","@id":"https:\/\/www.noticiasradioreflejos.com.ar\/2021\/la-nina-esta-por-llegar-a-la-argentina-se-esperan-fuertes-sequias-y-un-clima-fuera-de-lo-normal\/#breadcrumb","itemListElement":[{"@type":"ListItem","position":1,"name":"Portada","item":"https:\/\/www.noticiasradioreflejos.com.ar\/2021\/"},{"@type":"ListItem","position":2,"name":"La Ni\u00f1a est\u00e1 por llegar a la Argentina: se esperan fuertes sequ\u00edas y un clima fuera de lo normal"}]},{"@type":"WebSite","@id":"https:\/\/www.noticiasradioreflejos.com.ar\/2021\/#website","url":"https:\/\/www.noticiasradioreflejos.com.ar\/2021\/","name":"Noticias Radio Reflejos","description":"Las noticias de mi comarca","potentialAction":[{"@type":"SearchAction","target":{"@type":"EntryPoint","urlTemplate":"https:\/\/www.noticiasradioreflejos.com.ar\/2021\/?s={search_term_string}"},"query-input":{"@type":"PropertyValueSpecification","valueRequired":true,"valueName":"search_term_string"}}],"inLanguage":"es"},{"@type":"Person","@id":"https:\/\/www.noticiasradioreflejos.com.ar\/2021\/#\/schema\/person\/ad82545263dcc5ec0996818884fd5fb1","name":"Arnaldo Botto","image":{"@type":"ImageObject","inLanguage":"es","@id":"https:\/\/www.noticiasradioreflejos.com.ar\/2021\/#\/schema\/person\/image\/","url":"https:\/\/secure.gravatar.com\/avatar\/55cb5e37c1efa326397366e6974cb338056df65cb50e7d64d1cf314e87504837?s=96&d=mm&r=g","contentUrl":"https:\/\/secure.gravatar.com\/avatar\/55cb5e37c1efa326397366e6974cb338056df65cb50e7d64d1cf314e87504837?s=96&d=mm&r=g","caption":"Arnaldo Botto"},"url":"https:\/\/www.noticiasradioreflejos.com.ar\/2021\/author\/arnaldo\/"}]}},"_links":{"self":[{"href":"https:\/\/www.noticiasradioreflejos.com.ar\/2021\/wp-json\/wp\/v2\/posts\/107381","targetHints":{"allow":["GET"]}}],"collection":[{"href":"https:\/\/www.noticiasradioreflejos.com.ar\/2021\/wp-json\/wp\/v2\/posts"}],"about":[{"href":"https:\/\/www.noticiasradioreflejos.com.ar\/2021\/wp-json\/wp\/v2\/types\/post"}],"author":[{"embeddable":true,"href":"https:\/\/www.noticiasradioreflejos.com.ar\/2021\/wp-json\/wp\/v2\/users\/3"}],"replies":[{"embeddable":true,"href":"https:\/\/www.noticiasradioreflejos.com.ar\/2021\/wp-json\/wp\/v2\/comments?post=107381"}],"version-history":[{"count":1,"href":"https:\/\/www.noticiasradioreflejos.com.ar\/2021\/wp-json\/wp\/v2\/posts\/107381\/revisions"}],"predecessor-version":[{"id":107382,"href":"https:\/\/www.noticiasradioreflejos.com.ar\/2021\/wp-json\/wp\/v2\/posts\/107381\/revisions\/107382"}],"wp:featuredmedia":[{"embeddable":true,"href":"https:\/\/www.noticiasradioreflejos.com.ar\/2021\/wp-json\/wp\/v2\/media\/88679"}],"wp:attachment":[{"href":"https:\/\/www.noticiasradioreflejos.com.ar\/2021\/wp-json\/wp\/v2\/media?parent=107381"}],"wp:term":[{"taxonomy":"category","embeddable":true,"href":"https:\/\/www.noticiasradioreflejos.com.ar\/2021\/wp-json\/wp\/v2\/categories?post=107381"},{"taxonomy":"post_tag","embeddable":true,"href":"https:\/\/www.noticiasradioreflejos.com.ar\/2021\/wp-json\/wp\/v2\/tags?post=107381"}],"curies":[{"name":"wp","href":"https:\/\/api.w.org\/{rel}","templated":true}]}}