{"id":107364,"date":"2024-09-13T16:20:45","date_gmt":"2024-09-13T19:20:45","guid":{"rendered":"https:\/\/www.noticiasradioreflejos.com.ar\/2021\/?p=107364"},"modified":"2024-09-13T16:20:45","modified_gmt":"2024-09-13T19:20:45","slug":"bordoni-entrego-diplomas-a-los-22-nuevos-graduados-en-el-distrito","status":"publish","type":"post","link":"https:\/\/www.noticiasradioreflejos.com.ar\/2021\/bordoni-entrego-diplomas-a-los-22-nuevos-graduados-en-el-distrito\/","title":{"rendered":"Bordoni entreg\u00f3 diplomas a los 22 nuevos graduados en el distrito"},"content":{"rendered":"<p>Este jueves se llev\u00f3 a cabo una nueva ceremonia de entrega de diplomas de la Universidad Provincial del Sudoeste (UPSO), en Saldungaray. El evento cont\u00f3 con la presencia de autoridades locales, educativas, alumnos y sus familiares, y fue encabezado por el intendente municipal Sergio Bordoni, la Senadora Provincial, Ayel\u00e9n Duran y la vicerrectora de la UPSO, Mar\u00eda Claudia Dietz.<!--more--><\/p>\n<p>Con esta nueva entrega de certificaciones, el distrito de Tornquist cuenta ahora con 22 nuevos profesionales graduados, que contribuir\u00e1n con su conocimiento a la comunidad. Los t\u00edtulos otorgados el d\u00eda de ayer entre los alumnos fueron: Gu\u00eda Universitario en Turismo, T\u00e9cnico Universitario en Asuntos Municipales y Licenciatura en Pol\u00edticas Locales y Gesti\u00f3n P\u00fablica.<\/p>\n<p>Gracias a las pol\u00edticas implementadas por esta gesti\u00f3n de gobierno, se vienen dictando carreras terciarias y universitarias en el distrito, permitiendo que todos los habitantes tengan acceso a una educaci\u00f3n de calidad y gratuita. Este compromiso con la formaci\u00f3n acad\u00e9mica de la gesti\u00f3n de gobierno municipal ha ampliado las oportunidades para que j\u00f3venes y adultos puedan desarrollarse profesionalmente sin tener que trasladarse a otras localidades, contribuyendo as\u00ed al fortalecimiento y al crecimiento local.<\/p>\n<p>Acompa\u00f1aron al jefe comunal, el Secretario de Gobierno y Gesti\u00f3n P\u00fablica, Lic. Bruno Zacconi; la Secretaria de Hacienda, Estefania Bordoni, el Secretario de Ambiente y Desarrollo Productivo, V\u00edctor Ant\u00f3n; el Delegado local, Gerardo Rolhmann, y la Decana de la Facultad de Desarrollo Local y Regional, Andrea Baier.<\/p>\n<p>&nbsp;<\/p>\n","protected":false},"excerpt":{"rendered":"<p>Este jueves se llev\u00f3 a cabo una nueva ceremonia de entrega de diplomas de la Universidad Provincial del Sudoeste (UPSO), en Saldungaray. El evento cont\u00f3 con la presencia de autoridades locales, educativas, alumnos y sus familiares, y fue encabezado por el intendente municipal Sergio Bordoni, la Senadora Provincial, Ayel\u00e9n Duran y la vicerrectora de la [&hellip;]<\/p>\n","protected":false},"author":3,"featured_media":107365,"comment_status":"closed","ping_status":"closed","sticky":false,"template":"","format":"standard","meta":{"footnotes":""},"categories":[28],"tags":[],"class_list":["post-107364","post","type-post","status-publish","format-standard","has-post-thumbnail","hentry","category-municipales"],"yoast_head":"<!-- This site is optimized with the Yoast SEO plugin v25.9 - https:\/\/yoast.com\/wordpress\/plugins\/seo\/ -->\n<title>Bordoni entreg\u00f3 diplomas a los 22 nuevos graduados en el distrito - Noticias Radio Reflejos<\/title>\n<meta name=\"robots\" content=\"index, follow, max-snippet:-1, max-image-preview:large, max-video-preview:-1\" \/>\n<link rel=\"canonical\" href=\"https:\/\/www.noticiasradioreflejos.com.ar\/2021\/bordoni-entrego-diplomas-a-los-22-nuevos-graduados-en-el-distrito\/\" \/>\n<meta property=\"og:locale\" content=\"es_ES\" \/>\n<meta property=\"og:type\" content=\"article\" \/>\n<meta property=\"og:title\" content=\"Bordoni entreg\u00f3 diplomas a los 22 nuevos graduados en el distrito - Noticias Radio Reflejos\" \/>\n<meta property=\"og:description\" content=\"Este jueves se llev\u00f3 a cabo una nueva ceremonia de entrega de diplomas de la Universidad Provincial del Sudoeste (UPSO), en Saldungaray. El evento cont\u00f3 con la presencia de autoridades locales, educativas, alumnos y sus familiares, y fue encabezado por el intendente municipal Sergio Bordoni, la Senadora Provincial, Ayel\u00e9n Duran y la vicerrectora de la [&hellip;]\" \/>\n<meta property=\"og:url\" content=\"https:\/\/www.noticiasradioreflejos.com.ar\/2021\/bordoni-entrego-diplomas-a-los-22-nuevos-graduados-en-el-distrito\/\" \/>\n<meta property=\"og:site_name\" content=\"Noticias Radio Reflejos\" \/>\n<meta property=\"article:published_time\" content=\"2024-09-13T19:20:45+00:00\" \/>\n<meta property=\"og:image\" content=\"https:\/\/www.noticiasradioreflejos.com.ar\/2021\/wp-content\/uploads\/2024\/09\/upso.jpg\" \/>\n\t<meta property=\"og:image:width\" content=\"1063\" \/>\n\t<meta property=\"og:image:height\" content=\"797\" \/>\n\t<meta property=\"og:image:type\" content=\"image\/jpeg\" \/>\n<meta name=\"author\" content=\"Arnaldo Botto\" \/>\n<meta name=\"twitter:card\" content=\"summary_large_image\" \/>\n<script type=\"application\/ld+json\" class=\"yoast-schema-graph\">{\"@context\":\"https:\/\/schema.org\",\"@graph\":[{\"@type\":\"WebPage\",\"@id\":\"https:\/\/www.noticiasradioreflejos.com.ar\/2021\/bordoni-entrego-diplomas-a-los-22-nuevos-graduados-en-el-distrito\/\",\"url\":\"https:\/\/www.noticiasradioreflejos.com.ar\/2021\/bordoni-entrego-diplomas-a-los-22-nuevos-graduados-en-el-distrito\/\",\"name\":\"Bordoni entreg\u00f3 diplomas a los 22 nuevos graduados en el distrito - Noticias Radio Reflejos\",\"isPartOf\":{\"@id\":\"https:\/\/www.noticiasradioreflejos.com.ar\/2021\/#website\"},\"primaryImageOfPage\":{\"@id\":\"https:\/\/www.noticiasradioreflejos.com.ar\/2021\/bordoni-entrego-diplomas-a-los-22-nuevos-graduados-en-el-distrito\/#primaryimage\"},\"image\":{\"@id\":\"https:\/\/www.noticiasradioreflejos.com.ar\/2021\/bordoni-entrego-diplomas-a-los-22-nuevos-graduados-en-el-distrito\/#primaryimage\"},\"thumbnailUrl\":\"https:\/\/www.noticiasradioreflejos.com.ar\/2021\/wp-content\/uploads\/2024\/09\/upso.jpg\",\"datePublished\":\"2024-09-13T19:20:45+00:00\",\"author\":{\"@id\":\"https:\/\/www.noticiasradioreflejos.com.ar\/2021\/#\/schema\/person\/ad82545263dcc5ec0996818884fd5fb1\"},\"breadcrumb\":{\"@id\":\"https:\/\/www.noticiasradioreflejos.com.ar\/2021\/bordoni-entrego-diplomas-a-los-22-nuevos-graduados-en-el-distrito\/#breadcrumb\"},\"inLanguage\":\"es\",\"potentialAction\":[{\"@type\":\"ReadAction\",\"target\":[\"https:\/\/www.noticiasradioreflejos.com.ar\/2021\/bordoni-entrego-diplomas-a-los-22-nuevos-graduados-en-el-distrito\/\"]}]},{\"@type\":\"ImageObject\",\"inLanguage\":\"es\",\"@id\":\"https:\/\/www.noticiasradioreflejos.com.ar\/2021\/bordoni-entrego-diplomas-a-los-22-nuevos-graduados-en-el-distrito\/#primaryimage\",\"url\":\"https:\/\/www.noticiasradioreflejos.com.ar\/2021\/wp-content\/uploads\/2024\/09\/upso.jpg\",\"contentUrl\":\"https:\/\/www.noticiasradioreflejos.com.ar\/2021\/wp-content\/uploads\/2024\/09\/upso.jpg\",\"width\":1063,\"height\":797},{\"@type\":\"BreadcrumbList\",\"@id\":\"https:\/\/www.noticiasradioreflejos.com.ar\/2021\/bordoni-entrego-diplomas-a-los-22-nuevos-graduados-en-el-distrito\/#breadcrumb\",\"itemListElement\":[{\"@type\":\"ListItem\",\"position\":1,\"name\":\"Portada\",\"item\":\"https:\/\/www.noticiasradioreflejos.com.ar\/2021\/\"},{\"@type\":\"ListItem\",\"position\":2,\"name\":\"Bordoni entreg\u00f3 diplomas a los 22 nuevos graduados en el distrito\"}]},{\"@type\":\"WebSite\",\"@id\":\"https:\/\/www.noticiasradioreflejos.com.ar\/2021\/#website\",\"url\":\"https:\/\/www.noticiasradioreflejos.com.ar\/2021\/\",\"name\":\"Noticias Radio Reflejos\",\"description\":\"Las noticias de mi comarca\",\"potentialAction\":[{\"@type\":\"SearchAction\",\"target\":{\"@type\":\"EntryPoint\",\"urlTemplate\":\"https:\/\/www.noticiasradioreflejos.com.ar\/2021\/?s={search_term_string}\"},\"query-input\":{\"@type\":\"PropertyValueSpecification\",\"valueRequired\":true,\"valueName\":\"search_term_string\"}}],\"inLanguage\":\"es\"},{\"@type\":\"Person\",\"@id\":\"https:\/\/www.noticiasradioreflejos.com.ar\/2021\/#\/schema\/person\/ad82545263dcc5ec0996818884fd5fb1\",\"name\":\"Arnaldo Botto\",\"image\":{\"@type\":\"ImageObject\",\"inLanguage\":\"es\",\"@id\":\"https:\/\/www.noticiasradioreflejos.com.ar\/2021\/#\/schema\/person\/image\/\",\"url\":\"https:\/\/secure.gravatar.com\/avatar\/55cb5e37c1efa326397366e6974cb338056df65cb50e7d64d1cf314e87504837?s=96&d=mm&r=g\",\"contentUrl\":\"https:\/\/secure.gravatar.com\/avatar\/55cb5e37c1efa326397366e6974cb338056df65cb50e7d64d1cf314e87504837?s=96&d=mm&r=g\",\"caption\":\"Arnaldo Botto\"},\"url\":\"https:\/\/www.noticiasradioreflejos.com.ar\/2021\/author\/arnaldo\/\"}]}<\/script>\n<!-- \/ Yoast SEO plugin. -->","yoast_head_json":{"title":"Bordoni entreg\u00f3 diplomas a los 22 nuevos graduados en el distrito - Noticias Radio Reflejos","robots":{"index":"index","follow":"follow","max-snippet":"max-snippet:-1","max-image-preview":"max-image-preview:large","max-video-preview":"max-video-preview:-1"},"canonical":"https:\/\/www.noticiasradioreflejos.com.ar\/2021\/bordoni-entrego-diplomas-a-los-22-nuevos-graduados-en-el-distrito\/","og_locale":"es_ES","og_type":"article","og_title":"Bordoni entreg\u00f3 diplomas a los 22 nuevos graduados en el distrito - Noticias Radio Reflejos","og_description":"Este jueves se llev\u00f3 a cabo una nueva ceremonia de entrega de diplomas de la Universidad Provincial del Sudoeste (UPSO), en Saldungaray. El evento cont\u00f3 con la presencia de autoridades locales, educativas, alumnos y sus familiares, y fue encabezado por el intendente municipal Sergio Bordoni, la Senadora Provincial, Ayel\u00e9n Duran y la vicerrectora de la [&hellip;]","og_url":"https:\/\/www.noticiasradioreflejos.com.ar\/2021\/bordoni-entrego-diplomas-a-los-22-nuevos-graduados-en-el-distrito\/","og_site_name":"Noticias Radio Reflejos","article_published_time":"2024-09-13T19:20:45+00:00","og_image":[{"width":1063,"height":797,"url":"https:\/\/www.noticiasradioreflejos.com.ar\/2021\/wp-content\/uploads\/2024\/09\/upso.jpg","type":"image\/jpeg"}],"author":"Arnaldo Botto","twitter_card":"summary_large_image","schema":{"@context":"https:\/\/schema.org","@graph":[{"@type":"WebPage","@id":"https:\/\/www.noticiasradioreflejos.com.ar\/2021\/bordoni-entrego-diplomas-a-los-22-nuevos-graduados-en-el-distrito\/","url":"https:\/\/www.noticiasradioreflejos.com.ar\/2021\/bordoni-entrego-diplomas-a-los-22-nuevos-graduados-en-el-distrito\/","name":"Bordoni entreg\u00f3 diplomas a los 22 nuevos graduados en el distrito - Noticias Radio Reflejos","isPartOf":{"@id":"https:\/\/www.noticiasradioreflejos.com.ar\/2021\/#website"},"primaryImageOfPage":{"@id":"https:\/\/www.noticiasradioreflejos.com.ar\/2021\/bordoni-entrego-diplomas-a-los-22-nuevos-graduados-en-el-distrito\/#primaryimage"},"image":{"@id":"https:\/\/www.noticiasradioreflejos.com.ar\/2021\/bordoni-entrego-diplomas-a-los-22-nuevos-graduados-en-el-distrito\/#primaryimage"},"thumbnailUrl":"https:\/\/www.noticiasradioreflejos.com.ar\/2021\/wp-content\/uploads\/2024\/09\/upso.jpg","datePublished":"2024-09-13T19:20:45+00:00","author":{"@id":"https:\/\/www.noticiasradioreflejos.com.ar\/2021\/#\/schema\/person\/ad82545263dcc5ec0996818884fd5fb1"},"breadcrumb":{"@id":"https:\/\/www.noticiasradioreflejos.com.ar\/2021\/bordoni-entrego-diplomas-a-los-22-nuevos-graduados-en-el-distrito\/#breadcrumb"},"inLanguage":"es","potentialAction":[{"@type":"ReadAction","target":["https:\/\/www.noticiasradioreflejos.com.ar\/2021\/bordoni-entrego-diplomas-a-los-22-nuevos-graduados-en-el-distrito\/"]}]},{"@type":"ImageObject","inLanguage":"es","@id":"https:\/\/www.noticiasradioreflejos.com.ar\/2021\/bordoni-entrego-diplomas-a-los-22-nuevos-graduados-en-el-distrito\/#primaryimage","url":"https:\/\/www.noticiasradioreflejos.com.ar\/2021\/wp-content\/uploads\/2024\/09\/upso.jpg","contentUrl":"https:\/\/www.noticiasradioreflejos.com.ar\/2021\/wp-content\/uploads\/2024\/09\/upso.jpg","width":1063,"height":797},{"@type":"BreadcrumbList","@id":"https:\/\/www.noticiasradioreflejos.com.ar\/2021\/bordoni-entrego-diplomas-a-los-22-nuevos-graduados-en-el-distrito\/#breadcrumb","itemListElement":[{"@type":"ListItem","position":1,"name":"Portada","item":"https:\/\/www.noticiasradioreflejos.com.ar\/2021\/"},{"@type":"ListItem","position":2,"name":"Bordoni entreg\u00f3 diplomas a los 22 nuevos graduados en el distrito"}]},{"@type":"WebSite","@id":"https:\/\/www.noticiasradioreflejos.com.ar\/2021\/#website","url":"https:\/\/www.noticiasradioreflejos.com.ar\/2021\/","name":"Noticias Radio Reflejos","description":"Las noticias de mi comarca","potentialAction":[{"@type":"SearchAction","target":{"@type":"EntryPoint","urlTemplate":"https:\/\/www.noticiasradioreflejos.com.ar\/2021\/?s={search_term_string}"},"query-input":{"@type":"PropertyValueSpecification","valueRequired":true,"valueName":"search_term_string"}}],"inLanguage":"es"},{"@type":"Person","@id":"https:\/\/www.noticiasradioreflejos.com.ar\/2021\/#\/schema\/person\/ad82545263dcc5ec0996818884fd5fb1","name":"Arnaldo Botto","image":{"@type":"ImageObject","inLanguage":"es","@id":"https:\/\/www.noticiasradioreflejos.com.ar\/2021\/#\/schema\/person\/image\/","url":"https:\/\/secure.gravatar.com\/avatar\/55cb5e37c1efa326397366e6974cb338056df65cb50e7d64d1cf314e87504837?s=96&d=mm&r=g","contentUrl":"https:\/\/secure.gravatar.com\/avatar\/55cb5e37c1efa326397366e6974cb338056df65cb50e7d64d1cf314e87504837?s=96&d=mm&r=g","caption":"Arnaldo Botto"},"url":"https:\/\/www.noticiasradioreflejos.com.ar\/2021\/author\/arnaldo\/"}]}},"_links":{"self":[{"href":"https:\/\/www.noticiasradioreflejos.com.ar\/2021\/wp-json\/wp\/v2\/posts\/107364","targetHints":{"allow":["GET"]}}],"collection":[{"href":"https:\/\/www.noticiasradioreflejos.com.ar\/2021\/wp-json\/wp\/v2\/posts"}],"about":[{"href":"https:\/\/www.noticiasradioreflejos.com.ar\/2021\/wp-json\/wp\/v2\/types\/post"}],"author":[{"embeddable":true,"href":"https:\/\/www.noticiasradioreflejos.com.ar\/2021\/wp-json\/wp\/v2\/users\/3"}],"replies":[{"embeddable":true,"href":"https:\/\/www.noticiasradioreflejos.com.ar\/2021\/wp-json\/wp\/v2\/comments?post=107364"}],"version-history":[{"count":1,"href":"https:\/\/www.noticiasradioreflejos.com.ar\/2021\/wp-json\/wp\/v2\/posts\/107364\/revisions"}],"predecessor-version":[{"id":107366,"href":"https:\/\/www.noticiasradioreflejos.com.ar\/2021\/wp-json\/wp\/v2\/posts\/107364\/revisions\/107366"}],"wp:featuredmedia":[{"embeddable":true,"href":"https:\/\/www.noticiasradioreflejos.com.ar\/2021\/wp-json\/wp\/v2\/media\/107365"}],"wp:attachment":[{"href":"https:\/\/www.noticiasradioreflejos.com.ar\/2021\/wp-json\/wp\/v2\/media?parent=107364"}],"wp:term":[{"taxonomy":"category","embeddable":true,"href":"https:\/\/www.noticiasradioreflejos.com.ar\/2021\/wp-json\/wp\/v2\/categories?post=107364"},{"taxonomy":"post_tag","embeddable":true,"href":"https:\/\/www.noticiasradioreflejos.com.ar\/2021\/wp-json\/wp\/v2\/tags?post=107364"}],"curies":[{"name":"wp","href":"https:\/\/api.w.org\/{rel}","templated":true}]}}