{"id":10735,"date":"2017-06-01T12:10:07","date_gmt":"2017-06-01T15:10:07","guid":{"rendered":"http:\/\/noticiasradioreflejos.com.ar\/noticias\/?p=10735"},"modified":"2017-06-01T12:10:07","modified_gmt":"2017-06-01T15:10:07","slug":"un-auto-se-incrusto-contra-la-reja-de-una-vivienda-en-tornquist","status":"publish","type":"post","link":"https:\/\/www.noticiasradioreflejos.com.ar\/2021\/un-auto-se-incrusto-contra-la-reja-de-una-vivienda-en-tornquist\/","title":{"rendered":"Un auto se incrust\u00f3 contra la reja de una vivienda en Tornquist"},"content":{"rendered":"<p><strong><a title=\"c1ed3686-82c4-437c-8ab3-645cc7c0e275\" href=\"http:\/\/farm5.staticflickr.com\/4225\/35033181345_93c8a7a008.jpg\" rel=\"\"><img loading=\"lazy\" decoding=\"async\" class=\"alignleft\" style=\"float: left;\" title=\"c1ed3686-82c4-437c-8ab3-645cc7c0e275\" src=\"http:\/\/farm5.staticflickr.com\/4225\/35033181345_93c8a7a008.jpg\" alt=\"c1ed3686-82c4-437c-8ab3-645cc7c0e275\" width=\"375\" height=\"500\" \/><\/a>Eugenia Musso<\/strong> al mando de un VW Fox\u00a0 perdi\u00f3 el control del rodado en horas de la ma\u00f1ana de este jueves y termin\u00f3 incrustado en la reja del domicilio de Carlos Oberto ubicado en calle Ameghino al 100 de la ciudad cabecera.<!--more--><br \/>\nMusso fue trasladada al Hospital Municipal producto de una crisis de nervios por el hecho aunque en buen estado de salud.<br \/>\nIntervinieron autoridades. En el lugar Silvia Lanaro que vive en el domicilio afectado indic\u00f3 a nuestro medio que la sorprendi\u00f3 el episodio ya que conoce a Eugenia por ser vecinos.<br \/>\nIndic\u00f3 tambi\u00e9n que hace poco ha comenzado a manejar el nuevo veh\u00edculo que hab\u00eda adquirido y lamentaba lo sucedido mostr\u00e1ndose nerviosa por lo ocurrido y pidiendo la recuperaci\u00f3n de Eugenia.<br \/>\n<a title=\"849143c2-f56f-41ec-9263-60c92646dae1\" href=\"http:\/\/farm5.staticflickr.com\/4198\/34645664160_8c7d4b83c2.jpg\" rel=\"\"><img loading=\"lazy\" decoding=\"async\" class=\"aligncenter\" title=\"849143c2-f56f-41ec-9263-60c92646dae1\" src=\"http:\/\/farm5.staticflickr.com\/4198\/34645664160_8c7d4b83c2.jpg\" alt=\"849143c2-f56f-41ec-9263-60c92646dae1\" width=\"500\" height=\"375\" \/><\/a><br \/>\n<a title=\"d742ece7-dc65-40a1-a4d6-c38a90199b8c\" href=\"http:\/\/farm5.staticflickr.com\/4221\/35033179365_a5501e441e.jpg\" rel=\"\"><img loading=\"lazy\" decoding=\"async\" class=\"aligncenter\" title=\"d742ece7-dc65-40a1-a4d6-c38a90199b8c\" src=\"http:\/\/farm5.staticflickr.com\/4221\/35033179365_a5501e441e.jpg\" alt=\"d742ece7-dc65-40a1-a4d6-c38a90199b8c\" width=\"500\" height=\"375\" \/><\/a><\/p>\n","protected":false},"excerpt":{"rendered":"<p>Eugenia Musso al mando de un VW Fox\u00a0 perdi\u00f3 el control del rodado en horas de la ma\u00f1ana de este jueves y termin\u00f3 incrustado en la reja del domicilio de Carlos Oberto ubicado en calle Ameghino al 100 de la ciudad cabecera.<\/p>\n","protected":false},"author":3,"featured_media":0,"comment_status":"closed","ping_status":"open","sticky":false,"template":"","format":"standard","meta":{"footnotes":""},"categories":[29],"tags":[],"class_list":["post-10735","post","type-post","status-publish","format-standard","hentry","category-policiales"],"yoast_head":"<!-- This site is optimized with the Yoast SEO plugin v25.9 - https:\/\/yoast.com\/wordpress\/plugins\/seo\/ -->\n<title>Un auto se incrust\u00f3 contra la reja de una vivienda en Tornquist - Noticias Radio Reflejos<\/title>\n<meta name=\"robots\" content=\"index, follow, max-snippet:-1, max-image-preview:large, max-video-preview:-1\" \/>\n<link rel=\"canonical\" href=\"https:\/\/www.noticiasradioreflejos.com.ar\/2021\/un-auto-se-incrusto-contra-la-reja-de-una-vivienda-en-tornquist\/\" \/>\n<meta property=\"og:locale\" content=\"es_ES\" \/>\n<meta property=\"og:type\" content=\"article\" \/>\n<meta property=\"og:title\" content=\"Un auto se incrust\u00f3 contra la reja de una vivienda en Tornquist - Noticias Radio Reflejos\" \/>\n<meta property=\"og:description\" content=\"Eugenia Musso al mando de un VW Fox\u00a0 perdi\u00f3 el control del rodado en horas de la ma\u00f1ana de este jueves y termin\u00f3 incrustado en la reja del domicilio de Carlos Oberto ubicado en calle Ameghino al 100 de la ciudad cabecera.\" \/>\n<meta property=\"og:url\" content=\"https:\/\/www.noticiasradioreflejos.com.ar\/2021\/un-auto-se-incrusto-contra-la-reja-de-una-vivienda-en-tornquist\/\" \/>\n<meta property=\"og:site_name\" content=\"Noticias Radio Reflejos\" \/>\n<meta property=\"article:published_time\" content=\"2017-06-01T15:10:07+00:00\" \/>\n<meta property=\"og:image\" content=\"http:\/\/farm5.staticflickr.com\/4225\/35033181345_93c8a7a008.jpg\" \/>\n<meta name=\"author\" content=\"Arnaldo Botto\" \/>\n<meta name=\"twitter:card\" content=\"summary_large_image\" \/>\n<script type=\"application\/ld+json\" class=\"yoast-schema-graph\">{\"@context\":\"https:\/\/schema.org\",\"@graph\":[{\"@type\":\"WebPage\",\"@id\":\"https:\/\/www.noticiasradioreflejos.com.ar\/2021\/un-auto-se-incrusto-contra-la-reja-de-una-vivienda-en-tornquist\/\",\"url\":\"https:\/\/www.noticiasradioreflejos.com.ar\/2021\/un-auto-se-incrusto-contra-la-reja-de-una-vivienda-en-tornquist\/\",\"name\":\"Un auto se incrust\u00f3 contra la reja de una vivienda en Tornquist - Noticias Radio Reflejos\",\"isPartOf\":{\"@id\":\"https:\/\/www.noticiasradioreflejos.com.ar\/2021\/#website\"},\"primaryImageOfPage\":{\"@id\":\"https:\/\/www.noticiasradioreflejos.com.ar\/2021\/un-auto-se-incrusto-contra-la-reja-de-una-vivienda-en-tornquist\/#primaryimage\"},\"image\":{\"@id\":\"https:\/\/www.noticiasradioreflejos.com.ar\/2021\/un-auto-se-incrusto-contra-la-reja-de-una-vivienda-en-tornquist\/#primaryimage\"},\"thumbnailUrl\":\"http:\/\/farm5.staticflickr.com\/4225\/35033181345_93c8a7a008.jpg\",\"datePublished\":\"2017-06-01T15:10:07+00:00\",\"author\":{\"@id\":\"https:\/\/www.noticiasradioreflejos.com.ar\/2021\/#\/schema\/person\/ad82545263dcc5ec0996818884fd5fb1\"},\"breadcrumb\":{\"@id\":\"https:\/\/www.noticiasradioreflejos.com.ar\/2021\/un-auto-se-incrusto-contra-la-reja-de-una-vivienda-en-tornquist\/#breadcrumb\"},\"inLanguage\":\"es\",\"potentialAction\":[{\"@type\":\"ReadAction\",\"target\":[\"https:\/\/www.noticiasradioreflejos.com.ar\/2021\/un-auto-se-incrusto-contra-la-reja-de-una-vivienda-en-tornquist\/\"]}]},{\"@type\":\"ImageObject\",\"inLanguage\":\"es\",\"@id\":\"https:\/\/www.noticiasradioreflejos.com.ar\/2021\/un-auto-se-incrusto-contra-la-reja-de-una-vivienda-en-tornquist\/#primaryimage\",\"url\":\"http:\/\/farm5.staticflickr.com\/4225\/35033181345_93c8a7a008.jpg\",\"contentUrl\":\"http:\/\/farm5.staticflickr.com\/4225\/35033181345_93c8a7a008.jpg\"},{\"@type\":\"BreadcrumbList\",\"@id\":\"https:\/\/www.noticiasradioreflejos.com.ar\/2021\/un-auto-se-incrusto-contra-la-reja-de-una-vivienda-en-tornquist\/#breadcrumb\",\"itemListElement\":[{\"@type\":\"ListItem\",\"position\":1,\"name\":\"Portada\",\"item\":\"https:\/\/www.noticiasradioreflejos.com.ar\/2021\/\"},{\"@type\":\"ListItem\",\"position\":2,\"name\":\"Un auto se incrust\u00f3 contra la reja de una vivienda en Tornquist\"}]},{\"@type\":\"WebSite\",\"@id\":\"https:\/\/www.noticiasradioreflejos.com.ar\/2021\/#website\",\"url\":\"https:\/\/www.noticiasradioreflejos.com.ar\/2021\/\",\"name\":\"Noticias Radio Reflejos\",\"description\":\"Las noticias de mi comarca\",\"potentialAction\":[{\"@type\":\"SearchAction\",\"target\":{\"@type\":\"EntryPoint\",\"urlTemplate\":\"https:\/\/www.noticiasradioreflejos.com.ar\/2021\/?s={search_term_string}\"},\"query-input\":{\"@type\":\"PropertyValueSpecification\",\"valueRequired\":true,\"valueName\":\"search_term_string\"}}],\"inLanguage\":\"es\"},{\"@type\":\"Person\",\"@id\":\"https:\/\/www.noticiasradioreflejos.com.ar\/2021\/#\/schema\/person\/ad82545263dcc5ec0996818884fd5fb1\",\"name\":\"Arnaldo Botto\",\"image\":{\"@type\":\"ImageObject\",\"inLanguage\":\"es\",\"@id\":\"https:\/\/www.noticiasradioreflejos.com.ar\/2021\/#\/schema\/person\/image\/\",\"url\":\"https:\/\/secure.gravatar.com\/avatar\/55cb5e37c1efa326397366e6974cb338056df65cb50e7d64d1cf314e87504837?s=96&d=mm&r=g\",\"contentUrl\":\"https:\/\/secure.gravatar.com\/avatar\/55cb5e37c1efa326397366e6974cb338056df65cb50e7d64d1cf314e87504837?s=96&d=mm&r=g\",\"caption\":\"Arnaldo Botto\"},\"url\":\"https:\/\/www.noticiasradioreflejos.com.ar\/2021\/author\/arnaldo\/\"}]}<\/script>\n<!-- \/ Yoast SEO plugin. -->","yoast_head_json":{"title":"Un auto se incrust\u00f3 contra la reja de una vivienda en Tornquist - Noticias Radio Reflejos","robots":{"index":"index","follow":"follow","max-snippet":"max-snippet:-1","max-image-preview":"max-image-preview:large","max-video-preview":"max-video-preview:-1"},"canonical":"https:\/\/www.noticiasradioreflejos.com.ar\/2021\/un-auto-se-incrusto-contra-la-reja-de-una-vivienda-en-tornquist\/","og_locale":"es_ES","og_type":"article","og_title":"Un auto se incrust\u00f3 contra la reja de una vivienda en Tornquist - Noticias Radio Reflejos","og_description":"Eugenia Musso al mando de un VW Fox\u00a0 perdi\u00f3 el control del rodado en horas de la ma\u00f1ana de este jueves y termin\u00f3 incrustado en la reja del domicilio de Carlos Oberto ubicado en calle Ameghino al 100 de la ciudad cabecera.","og_url":"https:\/\/www.noticiasradioreflejos.com.ar\/2021\/un-auto-se-incrusto-contra-la-reja-de-una-vivienda-en-tornquist\/","og_site_name":"Noticias Radio Reflejos","article_published_time":"2017-06-01T15:10:07+00:00","og_image":[{"url":"http:\/\/farm5.staticflickr.com\/4225\/35033181345_93c8a7a008.jpg","type":"","width":"","height":""}],"author":"Arnaldo Botto","twitter_card":"summary_large_image","schema":{"@context":"https:\/\/schema.org","@graph":[{"@type":"WebPage","@id":"https:\/\/www.noticiasradioreflejos.com.ar\/2021\/un-auto-se-incrusto-contra-la-reja-de-una-vivienda-en-tornquist\/","url":"https:\/\/www.noticiasradioreflejos.com.ar\/2021\/un-auto-se-incrusto-contra-la-reja-de-una-vivienda-en-tornquist\/","name":"Un auto se incrust\u00f3 contra la reja de una vivienda en Tornquist - Noticias Radio Reflejos","isPartOf":{"@id":"https:\/\/www.noticiasradioreflejos.com.ar\/2021\/#website"},"primaryImageOfPage":{"@id":"https:\/\/www.noticiasradioreflejos.com.ar\/2021\/un-auto-se-incrusto-contra-la-reja-de-una-vivienda-en-tornquist\/#primaryimage"},"image":{"@id":"https:\/\/www.noticiasradioreflejos.com.ar\/2021\/un-auto-se-incrusto-contra-la-reja-de-una-vivienda-en-tornquist\/#primaryimage"},"thumbnailUrl":"http:\/\/farm5.staticflickr.com\/4225\/35033181345_93c8a7a008.jpg","datePublished":"2017-06-01T15:10:07+00:00","author":{"@id":"https:\/\/www.noticiasradioreflejos.com.ar\/2021\/#\/schema\/person\/ad82545263dcc5ec0996818884fd5fb1"},"breadcrumb":{"@id":"https:\/\/www.noticiasradioreflejos.com.ar\/2021\/un-auto-se-incrusto-contra-la-reja-de-una-vivienda-en-tornquist\/#breadcrumb"},"inLanguage":"es","potentialAction":[{"@type":"ReadAction","target":["https:\/\/www.noticiasradioreflejos.com.ar\/2021\/un-auto-se-incrusto-contra-la-reja-de-una-vivienda-en-tornquist\/"]}]},{"@type":"ImageObject","inLanguage":"es","@id":"https:\/\/www.noticiasradioreflejos.com.ar\/2021\/un-auto-se-incrusto-contra-la-reja-de-una-vivienda-en-tornquist\/#primaryimage","url":"http:\/\/farm5.staticflickr.com\/4225\/35033181345_93c8a7a008.jpg","contentUrl":"http:\/\/farm5.staticflickr.com\/4225\/35033181345_93c8a7a008.jpg"},{"@type":"BreadcrumbList","@id":"https:\/\/www.noticiasradioreflejos.com.ar\/2021\/un-auto-se-incrusto-contra-la-reja-de-una-vivienda-en-tornquist\/#breadcrumb","itemListElement":[{"@type":"ListItem","position":1,"name":"Portada","item":"https:\/\/www.noticiasradioreflejos.com.ar\/2021\/"},{"@type":"ListItem","position":2,"name":"Un auto se incrust\u00f3 contra la reja de una vivienda en Tornquist"}]},{"@type":"WebSite","@id":"https:\/\/www.noticiasradioreflejos.com.ar\/2021\/#website","url":"https:\/\/www.noticiasradioreflejos.com.ar\/2021\/","name":"Noticias Radio Reflejos","description":"Las noticias de mi comarca","potentialAction":[{"@type":"SearchAction","target":{"@type":"EntryPoint","urlTemplate":"https:\/\/www.noticiasradioreflejos.com.ar\/2021\/?s={search_term_string}"},"query-input":{"@type":"PropertyValueSpecification","valueRequired":true,"valueName":"search_term_string"}}],"inLanguage":"es"},{"@type":"Person","@id":"https:\/\/www.noticiasradioreflejos.com.ar\/2021\/#\/schema\/person\/ad82545263dcc5ec0996818884fd5fb1","name":"Arnaldo Botto","image":{"@type":"ImageObject","inLanguage":"es","@id":"https:\/\/www.noticiasradioreflejos.com.ar\/2021\/#\/schema\/person\/image\/","url":"https:\/\/secure.gravatar.com\/avatar\/55cb5e37c1efa326397366e6974cb338056df65cb50e7d64d1cf314e87504837?s=96&d=mm&r=g","contentUrl":"https:\/\/secure.gravatar.com\/avatar\/55cb5e37c1efa326397366e6974cb338056df65cb50e7d64d1cf314e87504837?s=96&d=mm&r=g","caption":"Arnaldo Botto"},"url":"https:\/\/www.noticiasradioreflejos.com.ar\/2021\/author\/arnaldo\/"}]}},"_links":{"self":[{"href":"https:\/\/www.noticiasradioreflejos.com.ar\/2021\/wp-json\/wp\/v2\/posts\/10735","targetHints":{"allow":["GET"]}}],"collection":[{"href":"https:\/\/www.noticiasradioreflejos.com.ar\/2021\/wp-json\/wp\/v2\/posts"}],"about":[{"href":"https:\/\/www.noticiasradioreflejos.com.ar\/2021\/wp-json\/wp\/v2\/types\/post"}],"author":[{"embeddable":true,"href":"https:\/\/www.noticiasradioreflejos.com.ar\/2021\/wp-json\/wp\/v2\/users\/3"}],"replies":[{"embeddable":true,"href":"https:\/\/www.noticiasradioreflejos.com.ar\/2021\/wp-json\/wp\/v2\/comments?post=10735"}],"version-history":[{"count":0,"href":"https:\/\/www.noticiasradioreflejos.com.ar\/2021\/wp-json\/wp\/v2\/posts\/10735\/revisions"}],"wp:attachment":[{"href":"https:\/\/www.noticiasradioreflejos.com.ar\/2021\/wp-json\/wp\/v2\/media?parent=10735"}],"wp:term":[{"taxonomy":"category","embeddable":true,"href":"https:\/\/www.noticiasradioreflejos.com.ar\/2021\/wp-json\/wp\/v2\/categories?post=10735"},{"taxonomy":"post_tag","embeddable":true,"href":"https:\/\/www.noticiasradioreflejos.com.ar\/2021\/wp-json\/wp\/v2\/tags?post=10735"}],"curies":[{"name":"wp","href":"https:\/\/api.w.org\/{rel}","templated":true}]}}