{"id":107234,"date":"2024-09-10T16:49:04","date_gmt":"2024-09-10T19:49:04","guid":{"rendered":"https:\/\/www.noticiasradioreflejos.com.ar\/2021\/?p=107234"},"modified":"2024-09-10T16:49:04","modified_gmt":"2024-09-10T19:49:04","slug":"advierten-que-sera-un-verano-complicado-por-posibles-cortes-de-luz","status":"publish","type":"post","link":"https:\/\/www.noticiasradioreflejos.com.ar\/2021\/advierten-que-sera-un-verano-complicado-por-posibles-cortes-de-luz\/","title":{"rendered":"Advierten que ser\u00e1 \u201cun verano complicado\u201d por posibles cortes de luz"},"content":{"rendered":"<header id=\"mvp-post-head\" class=\"left relative\">El secretario coordinador de Energ\u00eda y Miner\u00eda de la Naci\u00f3n Daniel Gonz\u00e1lez, habl\u00f3 de la necesidad de implementar medidas inmediatas para mitigar el impacto.<\/p>\n<\/header>\n<p><!--more--><\/p>\n<div class=\"mvp-post-main-out left relative\">\n<div class=\"mvp-post-main-in\">\n<div id=\"mvp-post-content\" class=\"left relative\">\n<div id=\"mvp-content-wrap\" class=\"left relative\">\n<div class=\"mvp-post-soc-out right relative\">\n<div class=\"mvp-post-soc-in\">\n<div id=\"mvp-content-body\" class=\"left relative\">\n<div id=\"mvp-content-body-top\" class=\"left relative\">\n<div id=\"mvp-content-main\" class=\"left relative\">\n<div id=\"textbody\">\n<p>El secretario coordinador de Energ\u00eda y Miner\u00eda de la Naci\u00f3n y ex CEO de YPF, Daniel Gonz\u00e1lez, lanz\u00f3 una advertencia preocupante de cara al verano: se vienen meses dif\u00edciles para el sistema el\u00e9ctrico. Durante su participaci\u00f3n en un evento de Shell Argentina, Gonz\u00e1lez afirm\u00f3 que \u201cva a ser un verano complicado\u201d, anticipando posibles cortes de luz.<\/p>\n<p>Uno de los principales problemas, explic\u00f3 el funcionario, es la falta de inversi\u00f3n en la infraestructura de transmisi\u00f3n y generaci\u00f3n el\u00e9ctrica, lo que aumenta el riesgo de cortes durante los meses de mayor demanda. \u201cEsa es otra consecuencia de much\u00edsimos a\u00f1os, y yo no quiero hablar de un gobierno u otro, \u00bfno? De d\u00e9cadas de hacer las cosas mal\u201d, afirm\u00f3.<\/p>\n<p>Adem\u00e1s, Gonz\u00e1lez advirti\u00f3 que las interrupciones depender\u00e1n, en gran parte, de las condiciones clim\u00e1ticas, entre otros factores, lo que hace que el panorama sea incierto. \u201cLa realidad es que tenemos una restricci\u00f3n en el sector el\u00e9ctrico, sobre todo en transmisi\u00f3n, pero tambi\u00e9n en este verano en generaci\u00f3n, que va a ser dif\u00edcil dependiendo de las temperaturas\u201d, se\u00f1al\u00f3.<\/p>\n<p>Gonz\u00e1lez insisti\u00f3 en que el Gobierno est\u00e1 tomando medidas para mitigar el impacto de estos posibles problemas, pero aclar\u00f3 que las soluciones no ser\u00e1n inmediatas. Un comit\u00e9 ya est\u00e1 trabajando en alternativas a corto plazo, pero reconoci\u00f3 que, debido a la magnitud del problema, \u201clas soluciones de fondo, que es lo m\u00e1s relevante, van a tomar tiempo\u201d.<\/p>\n<p class=\" aBigClassNameToAvoidCollisionInText\">Por otra parte, el secretario coordinador destac\u00f3 que el pa\u00eds tambi\u00e9n enfrenta retos en la generaci\u00f3n de energ\u00eda, particularmente en las centrales hidroel\u00e9ctricas que dependen de la situaci\u00f3n clim\u00e1tica en Brasil. \u201cSi hay menos agua de la que esperamos, el suministro podr\u00eda ser insuficiente\u201d, explic\u00f3. En este sentido, Gonz\u00e1lez admiti\u00f3 que \u201cser\u00e1 un desaf\u00edo manejar la situaci\u00f3n dependiendo de c\u00f3mo se den esos factores\u201d.<\/p>\n<div id=\"sas_45111\"><\/div>\n<div id=\"video\"><\/div>\n<p>Con informaci\u00f3n de\u00a0<em>Infobae<\/em><\/p>\n<\/div>\n<\/div>\n<\/div>\n<\/div>\n<\/div>\n<\/div>\n<\/div>\n<\/div>\n<\/div>\n<\/div>\n","protected":false},"excerpt":{"rendered":"<p>El secretario coordinador de Energ\u00eda y Miner\u00eda de la Naci\u00f3n Daniel Gonz\u00e1lez, habl\u00f3 de la necesidad de implementar medidas inmediatas para mitigar el impacto.<\/p>\n","protected":false},"author":3,"featured_media":84006,"comment_status":"closed","ping_status":"closed","sticky":false,"template":"","format":"standard","meta":{"footnotes":""},"categories":[58],"tags":[],"class_list":["post-107234","post","type-post","status-publish","format-standard","has-post-thumbnail","hentry","category-gobierno"],"yoast_head":"<!-- This site is optimized with the Yoast SEO plugin v25.9 - https:\/\/yoast.com\/wordpress\/plugins\/seo\/ -->\n<title>Advierten que ser\u00e1 \u201cun verano complicado\u201d por posibles cortes de luz - Noticias Radio Reflejos<\/title>\n<meta name=\"robots\" content=\"index, follow, max-snippet:-1, max-image-preview:large, max-video-preview:-1\" \/>\n<link rel=\"canonical\" href=\"https:\/\/www.noticiasradioreflejos.com.ar\/2021\/advierten-que-sera-un-verano-complicado-por-posibles-cortes-de-luz\/\" \/>\n<meta property=\"og:locale\" content=\"es_ES\" \/>\n<meta property=\"og:type\" content=\"article\" \/>\n<meta property=\"og:title\" content=\"Advierten que ser\u00e1 \u201cun verano complicado\u201d por posibles cortes de luz - Noticias Radio Reflejos\" \/>\n<meta property=\"og:description\" content=\"El secretario coordinador de Energ\u00eda y Miner\u00eda de la Naci\u00f3n Daniel Gonz\u00e1lez, habl\u00f3 de la necesidad de implementar medidas inmediatas para mitigar el impacto.\" \/>\n<meta property=\"og:url\" content=\"https:\/\/www.noticiasradioreflejos.com.ar\/2021\/advierten-que-sera-un-verano-complicado-por-posibles-cortes-de-luz\/\" \/>\n<meta property=\"og:site_name\" content=\"Noticias Radio Reflejos\" \/>\n<meta property=\"article:published_time\" content=\"2024-09-10T19:49:04+00:00\" \/>\n<meta property=\"og:image\" content=\"https:\/\/www.noticiasradioreflejos.com.ar\/2021\/wp-content\/uploads\/2023\/02\/cortes-de-luz.jpg\" \/>\n\t<meta property=\"og:image:width\" content=\"1200\" \/>\n\t<meta property=\"og:image:height\" content=\"675\" \/>\n\t<meta property=\"og:image:type\" content=\"image\/jpeg\" \/>\n<meta name=\"author\" content=\"Arnaldo Botto\" \/>\n<meta name=\"twitter:card\" content=\"summary_large_image\" \/>\n<script type=\"application\/ld+json\" class=\"yoast-schema-graph\">{\"@context\":\"https:\/\/schema.org\",\"@graph\":[{\"@type\":\"WebPage\",\"@id\":\"https:\/\/www.noticiasradioreflejos.com.ar\/2021\/advierten-que-sera-un-verano-complicado-por-posibles-cortes-de-luz\/\",\"url\":\"https:\/\/www.noticiasradioreflejos.com.ar\/2021\/advierten-que-sera-un-verano-complicado-por-posibles-cortes-de-luz\/\",\"name\":\"Advierten que ser\u00e1 \u201cun verano complicado\u201d por posibles cortes de luz - Noticias Radio Reflejos\",\"isPartOf\":{\"@id\":\"https:\/\/www.noticiasradioreflejos.com.ar\/2021\/#website\"},\"primaryImageOfPage\":{\"@id\":\"https:\/\/www.noticiasradioreflejos.com.ar\/2021\/advierten-que-sera-un-verano-complicado-por-posibles-cortes-de-luz\/#primaryimage\"},\"image\":{\"@id\":\"https:\/\/www.noticiasradioreflejos.com.ar\/2021\/advierten-que-sera-un-verano-complicado-por-posibles-cortes-de-luz\/#primaryimage\"},\"thumbnailUrl\":\"https:\/\/www.noticiasradioreflejos.com.ar\/2021\/wp-content\/uploads\/2023\/02\/cortes-de-luz.jpg\",\"datePublished\":\"2024-09-10T19:49:04+00:00\",\"author\":{\"@id\":\"https:\/\/www.noticiasradioreflejos.com.ar\/2021\/#\/schema\/person\/ad82545263dcc5ec0996818884fd5fb1\"},\"breadcrumb\":{\"@id\":\"https:\/\/www.noticiasradioreflejos.com.ar\/2021\/advierten-que-sera-un-verano-complicado-por-posibles-cortes-de-luz\/#breadcrumb\"},\"inLanguage\":\"es\",\"potentialAction\":[{\"@type\":\"ReadAction\",\"target\":[\"https:\/\/www.noticiasradioreflejos.com.ar\/2021\/advierten-que-sera-un-verano-complicado-por-posibles-cortes-de-luz\/\"]}]},{\"@type\":\"ImageObject\",\"inLanguage\":\"es\",\"@id\":\"https:\/\/www.noticiasradioreflejos.com.ar\/2021\/advierten-que-sera-un-verano-complicado-por-posibles-cortes-de-luz\/#primaryimage\",\"url\":\"https:\/\/www.noticiasradioreflejos.com.ar\/2021\/wp-content\/uploads\/2023\/02\/cortes-de-luz.jpg\",\"contentUrl\":\"https:\/\/www.noticiasradioreflejos.com.ar\/2021\/wp-content\/uploads\/2023\/02\/cortes-de-luz.jpg\",\"width\":1200,\"height\":675},{\"@type\":\"BreadcrumbList\",\"@id\":\"https:\/\/www.noticiasradioreflejos.com.ar\/2021\/advierten-que-sera-un-verano-complicado-por-posibles-cortes-de-luz\/#breadcrumb\",\"itemListElement\":[{\"@type\":\"ListItem\",\"position\":1,\"name\":\"Portada\",\"item\":\"https:\/\/www.noticiasradioreflejos.com.ar\/2021\/\"},{\"@type\":\"ListItem\",\"position\":2,\"name\":\"Advierten que ser\u00e1 \u201cun verano complicado\u201d por posibles cortes de luz\"}]},{\"@type\":\"WebSite\",\"@id\":\"https:\/\/www.noticiasradioreflejos.com.ar\/2021\/#website\",\"url\":\"https:\/\/www.noticiasradioreflejos.com.ar\/2021\/\",\"name\":\"Noticias Radio Reflejos\",\"description\":\"Las noticias de mi comarca\",\"potentialAction\":[{\"@type\":\"SearchAction\",\"target\":{\"@type\":\"EntryPoint\",\"urlTemplate\":\"https:\/\/www.noticiasradioreflejos.com.ar\/2021\/?s={search_term_string}\"},\"query-input\":{\"@type\":\"PropertyValueSpecification\",\"valueRequired\":true,\"valueName\":\"search_term_string\"}}],\"inLanguage\":\"es\"},{\"@type\":\"Person\",\"@id\":\"https:\/\/www.noticiasradioreflejos.com.ar\/2021\/#\/schema\/person\/ad82545263dcc5ec0996818884fd5fb1\",\"name\":\"Arnaldo Botto\",\"image\":{\"@type\":\"ImageObject\",\"inLanguage\":\"es\",\"@id\":\"https:\/\/www.noticiasradioreflejos.com.ar\/2021\/#\/schema\/person\/image\/\",\"url\":\"https:\/\/secure.gravatar.com\/avatar\/55cb5e37c1efa326397366e6974cb338056df65cb50e7d64d1cf314e87504837?s=96&d=mm&r=g\",\"contentUrl\":\"https:\/\/secure.gravatar.com\/avatar\/55cb5e37c1efa326397366e6974cb338056df65cb50e7d64d1cf314e87504837?s=96&d=mm&r=g\",\"caption\":\"Arnaldo Botto\"},\"url\":\"https:\/\/www.noticiasradioreflejos.com.ar\/2021\/author\/arnaldo\/\"}]}<\/script>\n<!-- \/ Yoast SEO plugin. -->","yoast_head_json":{"title":"Advierten que ser\u00e1 \u201cun verano complicado\u201d por posibles cortes de luz - Noticias Radio Reflejos","robots":{"index":"index","follow":"follow","max-snippet":"max-snippet:-1","max-image-preview":"max-image-preview:large","max-video-preview":"max-video-preview:-1"},"canonical":"https:\/\/www.noticiasradioreflejos.com.ar\/2021\/advierten-que-sera-un-verano-complicado-por-posibles-cortes-de-luz\/","og_locale":"es_ES","og_type":"article","og_title":"Advierten que ser\u00e1 \u201cun verano complicado\u201d por posibles cortes de luz - Noticias Radio Reflejos","og_description":"El secretario coordinador de Energ\u00eda y Miner\u00eda de la Naci\u00f3n Daniel Gonz\u00e1lez, habl\u00f3 de la necesidad de implementar medidas inmediatas para mitigar el impacto.","og_url":"https:\/\/www.noticiasradioreflejos.com.ar\/2021\/advierten-que-sera-un-verano-complicado-por-posibles-cortes-de-luz\/","og_site_name":"Noticias Radio Reflejos","article_published_time":"2024-09-10T19:49:04+00:00","og_image":[{"width":1200,"height":675,"url":"https:\/\/www.noticiasradioreflejos.com.ar\/2021\/wp-content\/uploads\/2023\/02\/cortes-de-luz.jpg","type":"image\/jpeg"}],"author":"Arnaldo Botto","twitter_card":"summary_large_image","schema":{"@context":"https:\/\/schema.org","@graph":[{"@type":"WebPage","@id":"https:\/\/www.noticiasradioreflejos.com.ar\/2021\/advierten-que-sera-un-verano-complicado-por-posibles-cortes-de-luz\/","url":"https:\/\/www.noticiasradioreflejos.com.ar\/2021\/advierten-que-sera-un-verano-complicado-por-posibles-cortes-de-luz\/","name":"Advierten que ser\u00e1 \u201cun verano complicado\u201d por posibles cortes de luz - Noticias Radio Reflejos","isPartOf":{"@id":"https:\/\/www.noticiasradioreflejos.com.ar\/2021\/#website"},"primaryImageOfPage":{"@id":"https:\/\/www.noticiasradioreflejos.com.ar\/2021\/advierten-que-sera-un-verano-complicado-por-posibles-cortes-de-luz\/#primaryimage"},"image":{"@id":"https:\/\/www.noticiasradioreflejos.com.ar\/2021\/advierten-que-sera-un-verano-complicado-por-posibles-cortes-de-luz\/#primaryimage"},"thumbnailUrl":"https:\/\/www.noticiasradioreflejos.com.ar\/2021\/wp-content\/uploads\/2023\/02\/cortes-de-luz.jpg","datePublished":"2024-09-10T19:49:04+00:00","author":{"@id":"https:\/\/www.noticiasradioreflejos.com.ar\/2021\/#\/schema\/person\/ad82545263dcc5ec0996818884fd5fb1"},"breadcrumb":{"@id":"https:\/\/www.noticiasradioreflejos.com.ar\/2021\/advierten-que-sera-un-verano-complicado-por-posibles-cortes-de-luz\/#breadcrumb"},"inLanguage":"es","potentialAction":[{"@type":"ReadAction","target":["https:\/\/www.noticiasradioreflejos.com.ar\/2021\/advierten-que-sera-un-verano-complicado-por-posibles-cortes-de-luz\/"]}]},{"@type":"ImageObject","inLanguage":"es","@id":"https:\/\/www.noticiasradioreflejos.com.ar\/2021\/advierten-que-sera-un-verano-complicado-por-posibles-cortes-de-luz\/#primaryimage","url":"https:\/\/www.noticiasradioreflejos.com.ar\/2021\/wp-content\/uploads\/2023\/02\/cortes-de-luz.jpg","contentUrl":"https:\/\/www.noticiasradioreflejos.com.ar\/2021\/wp-content\/uploads\/2023\/02\/cortes-de-luz.jpg","width":1200,"height":675},{"@type":"BreadcrumbList","@id":"https:\/\/www.noticiasradioreflejos.com.ar\/2021\/advierten-que-sera-un-verano-complicado-por-posibles-cortes-de-luz\/#breadcrumb","itemListElement":[{"@type":"ListItem","position":1,"name":"Portada","item":"https:\/\/www.noticiasradioreflejos.com.ar\/2021\/"},{"@type":"ListItem","position":2,"name":"Advierten que ser\u00e1 \u201cun verano complicado\u201d por posibles cortes de luz"}]},{"@type":"WebSite","@id":"https:\/\/www.noticiasradioreflejos.com.ar\/2021\/#website","url":"https:\/\/www.noticiasradioreflejos.com.ar\/2021\/","name":"Noticias Radio Reflejos","description":"Las noticias de mi comarca","potentialAction":[{"@type":"SearchAction","target":{"@type":"EntryPoint","urlTemplate":"https:\/\/www.noticiasradioreflejos.com.ar\/2021\/?s={search_term_string}"},"query-input":{"@type":"PropertyValueSpecification","valueRequired":true,"valueName":"search_term_string"}}],"inLanguage":"es"},{"@type":"Person","@id":"https:\/\/www.noticiasradioreflejos.com.ar\/2021\/#\/schema\/person\/ad82545263dcc5ec0996818884fd5fb1","name":"Arnaldo Botto","image":{"@type":"ImageObject","inLanguage":"es","@id":"https:\/\/www.noticiasradioreflejos.com.ar\/2021\/#\/schema\/person\/image\/","url":"https:\/\/secure.gravatar.com\/avatar\/55cb5e37c1efa326397366e6974cb338056df65cb50e7d64d1cf314e87504837?s=96&d=mm&r=g","contentUrl":"https:\/\/secure.gravatar.com\/avatar\/55cb5e37c1efa326397366e6974cb338056df65cb50e7d64d1cf314e87504837?s=96&d=mm&r=g","caption":"Arnaldo Botto"},"url":"https:\/\/www.noticiasradioreflejos.com.ar\/2021\/author\/arnaldo\/"}]}},"_links":{"self":[{"href":"https:\/\/www.noticiasradioreflejos.com.ar\/2021\/wp-json\/wp\/v2\/posts\/107234","targetHints":{"allow":["GET"]}}],"collection":[{"href":"https:\/\/www.noticiasradioreflejos.com.ar\/2021\/wp-json\/wp\/v2\/posts"}],"about":[{"href":"https:\/\/www.noticiasradioreflejos.com.ar\/2021\/wp-json\/wp\/v2\/types\/post"}],"author":[{"embeddable":true,"href":"https:\/\/www.noticiasradioreflejos.com.ar\/2021\/wp-json\/wp\/v2\/users\/3"}],"replies":[{"embeddable":true,"href":"https:\/\/www.noticiasradioreflejos.com.ar\/2021\/wp-json\/wp\/v2\/comments?post=107234"}],"version-history":[{"count":1,"href":"https:\/\/www.noticiasradioreflejos.com.ar\/2021\/wp-json\/wp\/v2\/posts\/107234\/revisions"}],"predecessor-version":[{"id":107235,"href":"https:\/\/www.noticiasradioreflejos.com.ar\/2021\/wp-json\/wp\/v2\/posts\/107234\/revisions\/107235"}],"wp:featuredmedia":[{"embeddable":true,"href":"https:\/\/www.noticiasradioreflejos.com.ar\/2021\/wp-json\/wp\/v2\/media\/84006"}],"wp:attachment":[{"href":"https:\/\/www.noticiasradioreflejos.com.ar\/2021\/wp-json\/wp\/v2\/media?parent=107234"}],"wp:term":[{"taxonomy":"category","embeddable":true,"href":"https:\/\/www.noticiasradioreflejos.com.ar\/2021\/wp-json\/wp\/v2\/categories?post=107234"},{"taxonomy":"post_tag","embeddable":true,"href":"https:\/\/www.noticiasradioreflejos.com.ar\/2021\/wp-json\/wp\/v2\/tags?post=107234"}],"curies":[{"name":"wp","href":"https:\/\/api.w.org\/{rel}","templated":true}]}}