{"id":107227,"date":"2024-09-10T14:29:32","date_gmt":"2024-09-10T17:29:32","guid":{"rendered":"https:\/\/www.noticiasradioreflejos.com.ar\/2021\/?p=107227"},"modified":"2024-09-10T14:34:14","modified_gmt":"2024-09-10T17:34:14","slug":"fueron-abusados-en-su-infancia-y-presentan-en-la-comarca-el-libro-somos-sobrevivientes","status":"publish","type":"post","link":"https:\/\/www.noticiasradioreflejos.com.ar\/2021\/fueron-abusados-en-su-infancia-y-presentan-en-la-comarca-el-libro-somos-sobrevivientes\/","title":{"rendered":"Fueron abusados en su infancia y presentan en la comarca el libro \u201cSomos Sobrevivientes\u201d"},"content":{"rendered":"<p><strong>Silvia Piceda, miembro de la ONG<\/strong> que estuvo a cargo de la recopilaci\u00f3n de testimonios, brind\u00f3 detalles de lo que se vivir\u00e1 este fin de semana.<!--more--><\/p>\n<p>Los testimonios hielan la sangre, y al mismo tiempo, generan dolor y bronca. Fueron chicos abusados que hoy son adultos que intentan cambiar el mundo.<\/p>\n<p>De eso trata el libro \u201cSomos Sobrevivientes\u201d, el cual se estar\u00e1 presentando a lo largo de todo el fin de semana en la comarca.<\/p>\n<p><a title=\"457247099_18074775064550262_3106259036533194900_n\" href=\"https:\/\/www.flickr.com\/photos\/182279889@N02\/53971277743\/in\/dateposted-public\/\" data-flickr-embed=\"true\" data-header=\"true\"><img loading=\"lazy\" decoding=\"async\" class=\"alignleft\" src=\"https:\/\/live.staticflickr.com\/65535\/53971277743_8024f47303.jpg\" alt=\"457247099_18074775064550262_3106259036533194900_n\" width=\"347\" height=\"347\" \/><\/a><\/p>\n<p>Para contar m\u00e1s detalles al respecto, <strong>Silvia Piceda,<\/strong> una de las integrantes de la <strong>ONG Adultxs por los Derechos de la Infancia<\/strong> , mencion\u00f3 que \u201cvamos a estar a las 19 en Tornquist, en el Instituto de Formaci\u00f3n Docente, as\u00ed que los esperamos a todos el viernes\u201d.<\/p>\n<p>Seg\u00fan explic\u00f3, \u201clo que notamos es que siempre que salimos a la comunidad encontramos personas sensibilizadas, a personas que sufrieron abuso sexual en la infancia, a personas que acompa\u00f1an o conocen a alguna v\u00edctima. Se trata de conocernos, de apoyarnos, de entendernos. De cambiar la suerte de nuestra infancia\u201d.<\/p>\n<p>Del mismo modo asegur\u00f3 que \u201cla sociedad no estaba dispuesta a hablar, a defender a la v\u00edctima, a rechazar a los agresores. Tenemos que tratar entre todos de que la vida sea m\u00e1s linda para las v\u00edctimas y los sobrevivientes\u201d.<\/p>\n<p>Repasando lo que genera este tipo de encuentros, no dud\u00f3 en afirmar que \u201cnos ha pasado estar en grandes medios de comunicaci\u00f3n, que periodistas relaten p\u00fablicamente que pasaron por una situaci\u00f3n similar. En \u00e1mbitos chicos tambi\u00e9n. El Concejo de Europa dice que el 20% de la poblaci\u00f3n ha sufrido abuso. Lamentablemente siguen siendo millones los ni\u00f1os que a\u00fan pasan por esto\u201d.<\/p>\n<p>Recalcando que \u201cahora muchos sobrevivientes nos animamos a hablar y esto est\u00e1 cambiando la suerte de este delito\u201d.<\/p>\n<p>Seg\u00fan la visi\u00f3n de Silvia, \u201ceste delito sigue siendo el m\u00e1s impune de la tierra. No solo en Argentina, en todo el mundo les cuesta defender a los ni\u00f1os. A\u00fan hay baja denuncia, y si se hace, hay muchas dificultades para condenar. Para un crimen como el abuso en las infancias, las condenas parecen pocas\u201d.<\/p>\n<p>Por \u00faltimo reconoci\u00f3 que \u201cdesde nuestra Asociaci\u00f3n Civil decimos es que nuestra suerte como sobrevivientes y protectores no tiene que estar ligada enteramente a nuestras causas, teniendo en cuenta todas las dificultades del Poder Judicial, lo importante es primero reconocernos como v\u00edctima, segundo unirnos con otros que entienden nuestro sufrimiento, y despu\u00e9s salir a lo p\u00fablico, para visibilizar e intentar cambiar la suerte de los ni\u00f1os de hoy\u201d.<\/p>\n<p>&nbsp;<\/p>\n<p><iframe loading=\"lazy\" src=\"https:\/\/w.soundcloud.com\/player\/?url=https%3A\/\/api.soundcloud.com\/tracks\/1913853236&amp;color=%23ff5500&amp;auto_play=false&amp;hide_related=false&amp;show_comments=true&amp;show_user=true&amp;show_reposts=false&amp;show_teaser=true\" width=\"100%\" height=\"166\" frameborder=\"no\" scrolling=\"no\"><\/iframe><\/p>\n<div style=\"font-size: 10px; color: #cccccc; line-break: anywhere; word-break: normal; overflow: hidden; white-space: nowrap; text-overflow: ellipsis; font-family: Interstate,Lucida Grande,Lucida Sans Unicode,Lucida Sans,Garuda,Verdana,Tahoma,sans-serif; font-weight: 100;\"><a style=\"color: #cccccc; text-decoration: none;\" title=\"fmreflejos 103.7\" href=\"https:\/\/soundcloud.com\/fmreflejos-103-7\" target=\"_blank\" rel=\"noopener\">fmreflejos 103.7<\/a> \u00b7 <a style=\"color: #cccccc; text-decoration: none;\" title=\"Silvia Piceda 10 - 9\" href=\"https:\/\/soundcloud.com\/fmreflejos-103-7\/silvia-piceda-10-9\" target=\"_blank\" rel=\"noopener\">Silvia Piceda 10 &#8211; 9<\/a><\/div>\n<p>Las v\u00edas de contacto cotidianas con la asociaci\u00f3n civil<strong> Adultxs por los Derechos de la Infancia<\/strong> son:<br \/>\nTel\u00e9fono: 11 69729541<\/p>\n<p><em><strong>Correo Electr\u00f3nico:<\/strong><\/em><br \/>\n<a href=\"mailto:adultxsporlainfancia@gmail.com\">adultxsporlainfancia@gmail.com<\/a><\/p>\n<p><em><strong>Redes Sociales:<\/strong><\/em><\/p>\n<p>Instagram: <a href=\"http:\/\/@adultxs1\">@adultxs1<\/a><\/p>\n<p><a href=\"http:\/\/Facebook: Adultxs por los Derechos de la Infancia\">Facebook: Adultxs por los Derechos de la Infancia<\/a><\/p>\n<p>Twitter: <a href=\"http:\/\/@adultxs\">@adultxs<\/a><\/p>\n<p>Web, <a href=\"http:\/\/www.adultxsporlosderechosdelainfancia.com\">www.adultxsporlosderechosdelainfancia.com<\/a><\/p>\n<div style=\"font-size: 10px; color: #cccccc; line-break: anywhere; word-break: normal; overflow: hidden; white-space: nowrap; text-overflow: ellipsis; font-family: Interstate,Lucida Grande,Lucida Sans Unicode,Lucida Sans,Garuda,Verdana,Tahoma,sans-serif; font-weight: 100;\"><\/div>\n<p><a title=\"somos sobrevivientes\" href=\"https:\/\/www.flickr.com\/photos\/182279889@N02\/53985908038\/in\/dateposted-public\/\" data-flickr-embed=\"true\" data-header=\"true\"><img loading=\"lazy\" decoding=\"async\" class=\"aligncenter\" src=\"https:\/\/live.staticflickr.com\/65535\/53985908038_e35cfc3fdd_n.jpg\" alt=\"somos sobrevivientes\" width=\"534\" height=\"534\" \/><\/a><\/p>\n","protected":false},"excerpt":{"rendered":"<p>Silvia Piceda, miembro de la ONG que estuvo a cargo de la recopilaci\u00f3n de testimonios, brind\u00f3 detalles de lo que se vivir\u00e1 este fin de semana.<\/p>\n","protected":false},"author":3,"featured_media":107230,"comment_status":"closed","ping_status":"closed","sticky":false,"template":"","format":"standard","meta":{"footnotes":""},"categories":[24,26],"tags":[48],"class_list":["post-107227","post","type-post","status-publish","format-standard","has-post-thumbnail","hentry","category-politica","category-sociedad","tag-destacada"],"yoast_head":"<!-- This site is optimized with the Yoast SEO plugin v25.9 - https:\/\/yoast.com\/wordpress\/plugins\/seo\/ -->\n<title>Fueron abusados en su infancia y presentan en la comarca el libro \u201cSomos Sobrevivientes\u201d - Noticias Radio Reflejos<\/title>\n<meta name=\"robots\" content=\"index, follow, max-snippet:-1, max-image-preview:large, max-video-preview:-1\" \/>\n<link rel=\"canonical\" href=\"https:\/\/www.noticiasradioreflejos.com.ar\/2021\/fueron-abusados-en-su-infancia-y-presentan-en-la-comarca-el-libro-somos-sobrevivientes\/\" \/>\n<meta property=\"og:locale\" content=\"es_ES\" \/>\n<meta property=\"og:type\" content=\"article\" \/>\n<meta property=\"og:title\" content=\"Fueron abusados en su infancia y presentan en la comarca el libro \u201cSomos Sobrevivientes\u201d - Noticias Radio Reflejos\" \/>\n<meta property=\"og:description\" content=\"Silvia Piceda, miembro de la ONG que estuvo a cargo de la recopilaci\u00f3n de testimonios, brind\u00f3 detalles de lo que se vivir\u00e1 este fin de semana.\" \/>\n<meta property=\"og:url\" content=\"https:\/\/www.noticiasradioreflejos.com.ar\/2021\/fueron-abusados-en-su-infancia-y-presentan-en-la-comarca-el-libro-somos-sobrevivientes\/\" \/>\n<meta property=\"og:site_name\" content=\"Noticias Radio Reflejos\" \/>\n<meta property=\"article:published_time\" content=\"2024-09-10T17:29:32+00:00\" \/>\n<meta property=\"article:modified_time\" content=\"2024-09-10T17:34:14+00:00\" \/>\n<meta property=\"og:image\" content=\"https:\/\/www.noticiasradioreflejos.com.ar\/2021\/wp-content\/uploads\/2024\/09\/Seba-y-Silvia.jpeg\" \/>\n\t<meta property=\"og:image:width\" content=\"1024\" \/>\n\t<meta property=\"og:image:height\" content=\"768\" \/>\n\t<meta property=\"og:image:type\" content=\"image\/jpeg\" \/>\n<meta name=\"author\" content=\"Arnaldo Botto\" \/>\n<meta name=\"twitter:card\" content=\"summary_large_image\" \/>\n<script type=\"application\/ld+json\" class=\"yoast-schema-graph\">{\"@context\":\"https:\/\/schema.org\",\"@graph\":[{\"@type\":\"WebPage\",\"@id\":\"https:\/\/www.noticiasradioreflejos.com.ar\/2021\/fueron-abusados-en-su-infancia-y-presentan-en-la-comarca-el-libro-somos-sobrevivientes\/\",\"url\":\"https:\/\/www.noticiasradioreflejos.com.ar\/2021\/fueron-abusados-en-su-infancia-y-presentan-en-la-comarca-el-libro-somos-sobrevivientes\/\",\"name\":\"Fueron abusados en su infancia y presentan en la comarca el libro \u201cSomos Sobrevivientes\u201d - Noticias Radio Reflejos\",\"isPartOf\":{\"@id\":\"https:\/\/www.noticiasradioreflejos.com.ar\/2021\/#website\"},\"primaryImageOfPage\":{\"@id\":\"https:\/\/www.noticiasradioreflejos.com.ar\/2021\/fueron-abusados-en-su-infancia-y-presentan-en-la-comarca-el-libro-somos-sobrevivientes\/#primaryimage\"},\"image\":{\"@id\":\"https:\/\/www.noticiasradioreflejos.com.ar\/2021\/fueron-abusados-en-su-infancia-y-presentan-en-la-comarca-el-libro-somos-sobrevivientes\/#primaryimage\"},\"thumbnailUrl\":\"https:\/\/www.noticiasradioreflejos.com.ar\/2021\/wp-content\/uploads\/2024\/09\/Seba-y-Silvia.jpeg\",\"datePublished\":\"2024-09-10T17:29:32+00:00\",\"dateModified\":\"2024-09-10T17:34:14+00:00\",\"author\":{\"@id\":\"https:\/\/www.noticiasradioreflejos.com.ar\/2021\/#\/schema\/person\/ad82545263dcc5ec0996818884fd5fb1\"},\"breadcrumb\":{\"@id\":\"https:\/\/www.noticiasradioreflejos.com.ar\/2021\/fueron-abusados-en-su-infancia-y-presentan-en-la-comarca-el-libro-somos-sobrevivientes\/#breadcrumb\"},\"inLanguage\":\"es\",\"potentialAction\":[{\"@type\":\"ReadAction\",\"target\":[\"https:\/\/www.noticiasradioreflejos.com.ar\/2021\/fueron-abusados-en-su-infancia-y-presentan-en-la-comarca-el-libro-somos-sobrevivientes\/\"]}]},{\"@type\":\"ImageObject\",\"inLanguage\":\"es\",\"@id\":\"https:\/\/www.noticiasradioreflejos.com.ar\/2021\/fueron-abusados-en-su-infancia-y-presentan-en-la-comarca-el-libro-somos-sobrevivientes\/#primaryimage\",\"url\":\"https:\/\/www.noticiasradioreflejos.com.ar\/2021\/wp-content\/uploads\/2024\/09\/Seba-y-Silvia.jpeg\",\"contentUrl\":\"https:\/\/www.noticiasradioreflejos.com.ar\/2021\/wp-content\/uploads\/2024\/09\/Seba-y-Silvia.jpeg\",\"width\":1024,\"height\":768},{\"@type\":\"BreadcrumbList\",\"@id\":\"https:\/\/www.noticiasradioreflejos.com.ar\/2021\/fueron-abusados-en-su-infancia-y-presentan-en-la-comarca-el-libro-somos-sobrevivientes\/#breadcrumb\",\"itemListElement\":[{\"@type\":\"ListItem\",\"position\":1,\"name\":\"Portada\",\"item\":\"https:\/\/www.noticiasradioreflejos.com.ar\/2021\/\"},{\"@type\":\"ListItem\",\"position\":2,\"name\":\"Fueron abusados en su infancia y presentan en la comarca el libro \u201cSomos Sobrevivientes\u201d\"}]},{\"@type\":\"WebSite\",\"@id\":\"https:\/\/www.noticiasradioreflejos.com.ar\/2021\/#website\",\"url\":\"https:\/\/www.noticiasradioreflejos.com.ar\/2021\/\",\"name\":\"Noticias Radio Reflejos\",\"description\":\"Las noticias de mi comarca\",\"potentialAction\":[{\"@type\":\"SearchAction\",\"target\":{\"@type\":\"EntryPoint\",\"urlTemplate\":\"https:\/\/www.noticiasradioreflejos.com.ar\/2021\/?s={search_term_string}\"},\"query-input\":{\"@type\":\"PropertyValueSpecification\",\"valueRequired\":true,\"valueName\":\"search_term_string\"}}],\"inLanguage\":\"es\"},{\"@type\":\"Person\",\"@id\":\"https:\/\/www.noticiasradioreflejos.com.ar\/2021\/#\/schema\/person\/ad82545263dcc5ec0996818884fd5fb1\",\"name\":\"Arnaldo Botto\",\"image\":{\"@type\":\"ImageObject\",\"inLanguage\":\"es\",\"@id\":\"https:\/\/www.noticiasradioreflejos.com.ar\/2021\/#\/schema\/person\/image\/\",\"url\":\"https:\/\/secure.gravatar.com\/avatar\/55cb5e37c1efa326397366e6974cb338056df65cb50e7d64d1cf314e87504837?s=96&d=mm&r=g\",\"contentUrl\":\"https:\/\/secure.gravatar.com\/avatar\/55cb5e37c1efa326397366e6974cb338056df65cb50e7d64d1cf314e87504837?s=96&d=mm&r=g\",\"caption\":\"Arnaldo Botto\"},\"url\":\"https:\/\/www.noticiasradioreflejos.com.ar\/2021\/author\/arnaldo\/\"}]}<\/script>\n<!-- \/ Yoast SEO plugin. -->","yoast_head_json":{"title":"Fueron abusados en su infancia y presentan en la comarca el libro \u201cSomos Sobrevivientes\u201d - Noticias Radio Reflejos","robots":{"index":"index","follow":"follow","max-snippet":"max-snippet:-1","max-image-preview":"max-image-preview:large","max-video-preview":"max-video-preview:-1"},"canonical":"https:\/\/www.noticiasradioreflejos.com.ar\/2021\/fueron-abusados-en-su-infancia-y-presentan-en-la-comarca-el-libro-somos-sobrevivientes\/","og_locale":"es_ES","og_type":"article","og_title":"Fueron abusados en su infancia y presentan en la comarca el libro \u201cSomos Sobrevivientes\u201d - Noticias Radio Reflejos","og_description":"Silvia Piceda, miembro de la ONG que estuvo a cargo de la recopilaci\u00f3n de testimonios, brind\u00f3 detalles de lo que se vivir\u00e1 este fin de semana.","og_url":"https:\/\/www.noticiasradioreflejos.com.ar\/2021\/fueron-abusados-en-su-infancia-y-presentan-en-la-comarca-el-libro-somos-sobrevivientes\/","og_site_name":"Noticias Radio Reflejos","article_published_time":"2024-09-10T17:29:32+00:00","article_modified_time":"2024-09-10T17:34:14+00:00","og_image":[{"width":1024,"height":768,"url":"https:\/\/www.noticiasradioreflejos.com.ar\/2021\/wp-content\/uploads\/2024\/09\/Seba-y-Silvia.jpeg","type":"image\/jpeg"}],"author":"Arnaldo Botto","twitter_card":"summary_large_image","schema":{"@context":"https:\/\/schema.org","@graph":[{"@type":"WebPage","@id":"https:\/\/www.noticiasradioreflejos.com.ar\/2021\/fueron-abusados-en-su-infancia-y-presentan-en-la-comarca-el-libro-somos-sobrevivientes\/","url":"https:\/\/www.noticiasradioreflejos.com.ar\/2021\/fueron-abusados-en-su-infancia-y-presentan-en-la-comarca-el-libro-somos-sobrevivientes\/","name":"Fueron abusados en su infancia y presentan en la comarca el libro \u201cSomos Sobrevivientes\u201d - Noticias Radio Reflejos","isPartOf":{"@id":"https:\/\/www.noticiasradioreflejos.com.ar\/2021\/#website"},"primaryImageOfPage":{"@id":"https:\/\/www.noticiasradioreflejos.com.ar\/2021\/fueron-abusados-en-su-infancia-y-presentan-en-la-comarca-el-libro-somos-sobrevivientes\/#primaryimage"},"image":{"@id":"https:\/\/www.noticiasradioreflejos.com.ar\/2021\/fueron-abusados-en-su-infancia-y-presentan-en-la-comarca-el-libro-somos-sobrevivientes\/#primaryimage"},"thumbnailUrl":"https:\/\/www.noticiasradioreflejos.com.ar\/2021\/wp-content\/uploads\/2024\/09\/Seba-y-Silvia.jpeg","datePublished":"2024-09-10T17:29:32+00:00","dateModified":"2024-09-10T17:34:14+00:00","author":{"@id":"https:\/\/www.noticiasradioreflejos.com.ar\/2021\/#\/schema\/person\/ad82545263dcc5ec0996818884fd5fb1"},"breadcrumb":{"@id":"https:\/\/www.noticiasradioreflejos.com.ar\/2021\/fueron-abusados-en-su-infancia-y-presentan-en-la-comarca-el-libro-somos-sobrevivientes\/#breadcrumb"},"inLanguage":"es","potentialAction":[{"@type":"ReadAction","target":["https:\/\/www.noticiasradioreflejos.com.ar\/2021\/fueron-abusados-en-su-infancia-y-presentan-en-la-comarca-el-libro-somos-sobrevivientes\/"]}]},{"@type":"ImageObject","inLanguage":"es","@id":"https:\/\/www.noticiasradioreflejos.com.ar\/2021\/fueron-abusados-en-su-infancia-y-presentan-en-la-comarca-el-libro-somos-sobrevivientes\/#primaryimage","url":"https:\/\/www.noticiasradioreflejos.com.ar\/2021\/wp-content\/uploads\/2024\/09\/Seba-y-Silvia.jpeg","contentUrl":"https:\/\/www.noticiasradioreflejos.com.ar\/2021\/wp-content\/uploads\/2024\/09\/Seba-y-Silvia.jpeg","width":1024,"height":768},{"@type":"BreadcrumbList","@id":"https:\/\/www.noticiasradioreflejos.com.ar\/2021\/fueron-abusados-en-su-infancia-y-presentan-en-la-comarca-el-libro-somos-sobrevivientes\/#breadcrumb","itemListElement":[{"@type":"ListItem","position":1,"name":"Portada","item":"https:\/\/www.noticiasradioreflejos.com.ar\/2021\/"},{"@type":"ListItem","position":2,"name":"Fueron abusados en su infancia y presentan en la comarca el libro \u201cSomos Sobrevivientes\u201d"}]},{"@type":"WebSite","@id":"https:\/\/www.noticiasradioreflejos.com.ar\/2021\/#website","url":"https:\/\/www.noticiasradioreflejos.com.ar\/2021\/","name":"Noticias Radio Reflejos","description":"Las noticias de mi comarca","potentialAction":[{"@type":"SearchAction","target":{"@type":"EntryPoint","urlTemplate":"https:\/\/www.noticiasradioreflejos.com.ar\/2021\/?s={search_term_string}"},"query-input":{"@type":"PropertyValueSpecification","valueRequired":true,"valueName":"search_term_string"}}],"inLanguage":"es"},{"@type":"Person","@id":"https:\/\/www.noticiasradioreflejos.com.ar\/2021\/#\/schema\/person\/ad82545263dcc5ec0996818884fd5fb1","name":"Arnaldo Botto","image":{"@type":"ImageObject","inLanguage":"es","@id":"https:\/\/www.noticiasradioreflejos.com.ar\/2021\/#\/schema\/person\/image\/","url":"https:\/\/secure.gravatar.com\/avatar\/55cb5e37c1efa326397366e6974cb338056df65cb50e7d64d1cf314e87504837?s=96&d=mm&r=g","contentUrl":"https:\/\/secure.gravatar.com\/avatar\/55cb5e37c1efa326397366e6974cb338056df65cb50e7d64d1cf314e87504837?s=96&d=mm&r=g","caption":"Arnaldo Botto"},"url":"https:\/\/www.noticiasradioreflejos.com.ar\/2021\/author\/arnaldo\/"}]}},"_links":{"self":[{"href":"https:\/\/www.noticiasradioreflejos.com.ar\/2021\/wp-json\/wp\/v2\/posts\/107227","targetHints":{"allow":["GET"]}}],"collection":[{"href":"https:\/\/www.noticiasradioreflejos.com.ar\/2021\/wp-json\/wp\/v2\/posts"}],"about":[{"href":"https:\/\/www.noticiasradioreflejos.com.ar\/2021\/wp-json\/wp\/v2\/types\/post"}],"author":[{"embeddable":true,"href":"https:\/\/www.noticiasradioreflejos.com.ar\/2021\/wp-json\/wp\/v2\/users\/3"}],"replies":[{"embeddable":true,"href":"https:\/\/www.noticiasradioreflejos.com.ar\/2021\/wp-json\/wp\/v2\/comments?post=107227"}],"version-history":[{"count":3,"href":"https:\/\/www.noticiasradioreflejos.com.ar\/2021\/wp-json\/wp\/v2\/posts\/107227\/revisions"}],"predecessor-version":[{"id":107232,"href":"https:\/\/www.noticiasradioreflejos.com.ar\/2021\/wp-json\/wp\/v2\/posts\/107227\/revisions\/107232"}],"wp:featuredmedia":[{"embeddable":true,"href":"https:\/\/www.noticiasradioreflejos.com.ar\/2021\/wp-json\/wp\/v2\/media\/107230"}],"wp:attachment":[{"href":"https:\/\/www.noticiasradioreflejos.com.ar\/2021\/wp-json\/wp\/v2\/media?parent=107227"}],"wp:term":[{"taxonomy":"category","embeddable":true,"href":"https:\/\/www.noticiasradioreflejos.com.ar\/2021\/wp-json\/wp\/v2\/categories?post=107227"},{"taxonomy":"post_tag","embeddable":true,"href":"https:\/\/www.noticiasradioreflejos.com.ar\/2021\/wp-json\/wp\/v2\/tags?post=107227"}],"curies":[{"name":"wp","href":"https:\/\/api.w.org\/{rel}","templated":true}]}}