{"id":107217,"date":"2024-09-10T13:58:43","date_gmt":"2024-09-10T16:58:43","guid":{"rendered":"https:\/\/www.noticiasradioreflejos.com.ar\/2021\/?p=107217"},"modified":"2024-09-10T13:58:43","modified_gmt":"2024-09-10T16:58:43","slug":"20-anos-de-prision-por-abusar-de-su-vecina-de-11-anos-y-dejarla-embarazada","status":"publish","type":"post","link":"https:\/\/www.noticiasradioreflejos.com.ar\/2021\/20-anos-de-prision-por-abusar-de-su-vecina-de-11-anos-y-dejarla-embarazada\/","title":{"rendered":"20 a\u00f1os de prisi\u00f3n  por abusar de su vecina de 11 a\u00f1os y dejarla embarazada"},"content":{"rendered":"<p>En el marco de una investigaci\u00f3n realizada por la<strong>\u00a0UFIJ N.\u00ba 14, a cargo del fiscal Marcelo Romero Jard\u00edn,<\/strong>\u00a0el Tribunal en lo Criminal N.\u00ba 3 conden\u00f3 a un hombre a la pena de 20 a\u00f1os de prisi\u00f3n por abusar de una vecina menor de edad a quien dej\u00f3 embarazada.<!--more--><\/p>\n<p>Seg\u00fan la causa, los hechos se produjeron en fechas indeterminadas pero entre los a\u00f1os 2016 y 2019 cuando el acusado abus\u00f3 de la ni\u00f1a, quien ten\u00eda entre 11 y 14 a\u00f1os de edad, en reiteradas oportunidades y diferentes ocasiones.<\/p>\n<p>Los hechos sucedieron en el interior del domicilio del imputado en Bah\u00eda Blanca, quien tomaba por la fuerza y en contra de su voluntad a la joven que pasaba por el lugar, para perpetrar los hechos abusivos.<\/p>\n<p>Fruto de esas situaciones la menor qued\u00f3 embarazada y su familia se dio cuenta de la situaci\u00f3n a trav\u00e9s de sus cambios f\u00edsicos, luego de lo cual confes\u00f3 que el abusador era su vecino.<\/p>\n<p>El hombre fue condenado por el delito de abuso sexual con acceso carnal, reiterado, agravado por resultar un grave da\u00f1o para la salud de la v\u00edctima.<\/p>\n","protected":false},"excerpt":{"rendered":"<p>En el marco de una investigaci\u00f3n realizada por la\u00a0UFIJ N.\u00ba 14, a cargo del fiscal Marcelo Romero Jard\u00edn,\u00a0el Tribunal en lo Criminal N.\u00ba 3 conden\u00f3 a un hombre a la pena de 20 a\u00f1os de prisi\u00f3n por abusar de una vecina menor de edad a quien dej\u00f3 embarazada.<\/p>\n","protected":false},"author":3,"featured_media":43537,"comment_status":"closed","ping_status":"closed","sticky":false,"template":"","format":"standard","meta":{"footnotes":""},"categories":[57],"tags":[],"class_list":["post-107217","post","type-post","status-publish","format-standard","has-post-thumbnail","hentry","category-judiciales"],"yoast_head":"<!-- This site is optimized with the Yoast SEO plugin v25.9 - https:\/\/yoast.com\/wordpress\/plugins\/seo\/ -->\n<title>20 a\u00f1os de prisi\u00f3n por abusar de su vecina de 11 a\u00f1os y dejarla embarazada - Noticias Radio Reflejos<\/title>\n<meta name=\"robots\" content=\"index, follow, max-snippet:-1, max-image-preview:large, max-video-preview:-1\" \/>\n<link rel=\"canonical\" href=\"https:\/\/www.noticiasradioreflejos.com.ar\/2021\/20-anos-de-prision-por-abusar-de-su-vecina-de-11-anos-y-dejarla-embarazada\/\" \/>\n<meta property=\"og:locale\" content=\"es_ES\" \/>\n<meta property=\"og:type\" content=\"article\" \/>\n<meta property=\"og:title\" content=\"20 a\u00f1os de prisi\u00f3n por abusar de su vecina de 11 a\u00f1os y dejarla embarazada - Noticias Radio Reflejos\" \/>\n<meta property=\"og:description\" content=\"En el marco de una investigaci\u00f3n realizada por la\u00a0UFIJ N.\u00ba 14, a cargo del fiscal Marcelo Romero Jard\u00edn,\u00a0el Tribunal en lo Criminal N.\u00ba 3 conden\u00f3 a un hombre a la pena de 20 a\u00f1os de prisi\u00f3n por abusar de una vecina menor de edad a quien dej\u00f3 embarazada.\" \/>\n<meta property=\"og:url\" content=\"https:\/\/www.noticiasradioreflejos.com.ar\/2021\/20-anos-de-prision-por-abusar-de-su-vecina-de-11-anos-y-dejarla-embarazada\/\" \/>\n<meta property=\"og:site_name\" content=\"Noticias Radio Reflejos\" \/>\n<meta property=\"article:published_time\" content=\"2024-09-10T16:58:43+00:00\" \/>\n<meta property=\"og:image\" content=\"https:\/\/www.noticiasradioreflejos.com.ar\/2021\/wp-content\/uploads\/2020\/06\/ABUSO_sexual_menores.jpg\" \/>\n\t<meta property=\"og:image:width\" content=\"550\" \/>\n\t<meta property=\"og:image:height\" content=\"361\" \/>\n\t<meta property=\"og:image:type\" content=\"image\/jpeg\" \/>\n<meta name=\"author\" content=\"Arnaldo Botto\" \/>\n<meta name=\"twitter:card\" content=\"summary_large_image\" \/>\n<script type=\"application\/ld+json\" class=\"yoast-schema-graph\">{\"@context\":\"https:\/\/schema.org\",\"@graph\":[{\"@type\":\"WebPage\",\"@id\":\"https:\/\/www.noticiasradioreflejos.com.ar\/2021\/20-anos-de-prision-por-abusar-de-su-vecina-de-11-anos-y-dejarla-embarazada\/\",\"url\":\"https:\/\/www.noticiasradioreflejos.com.ar\/2021\/20-anos-de-prision-por-abusar-de-su-vecina-de-11-anos-y-dejarla-embarazada\/\",\"name\":\"20 a\u00f1os de prisi\u00f3n por abusar de su vecina de 11 a\u00f1os y dejarla embarazada - Noticias Radio Reflejos\",\"isPartOf\":{\"@id\":\"https:\/\/www.noticiasradioreflejos.com.ar\/2021\/#website\"},\"primaryImageOfPage\":{\"@id\":\"https:\/\/www.noticiasradioreflejos.com.ar\/2021\/20-anos-de-prision-por-abusar-de-su-vecina-de-11-anos-y-dejarla-embarazada\/#primaryimage\"},\"image\":{\"@id\":\"https:\/\/www.noticiasradioreflejos.com.ar\/2021\/20-anos-de-prision-por-abusar-de-su-vecina-de-11-anos-y-dejarla-embarazada\/#primaryimage\"},\"thumbnailUrl\":\"https:\/\/www.noticiasradioreflejos.com.ar\/2021\/wp-content\/uploads\/2020\/06\/ABUSO_sexual_menores.jpg\",\"datePublished\":\"2024-09-10T16:58:43+00:00\",\"author\":{\"@id\":\"https:\/\/www.noticiasradioreflejos.com.ar\/2021\/#\/schema\/person\/ad82545263dcc5ec0996818884fd5fb1\"},\"breadcrumb\":{\"@id\":\"https:\/\/www.noticiasradioreflejos.com.ar\/2021\/20-anos-de-prision-por-abusar-de-su-vecina-de-11-anos-y-dejarla-embarazada\/#breadcrumb\"},\"inLanguage\":\"es\",\"potentialAction\":[{\"@type\":\"ReadAction\",\"target\":[\"https:\/\/www.noticiasradioreflejos.com.ar\/2021\/20-anos-de-prision-por-abusar-de-su-vecina-de-11-anos-y-dejarla-embarazada\/\"]}]},{\"@type\":\"ImageObject\",\"inLanguage\":\"es\",\"@id\":\"https:\/\/www.noticiasradioreflejos.com.ar\/2021\/20-anos-de-prision-por-abusar-de-su-vecina-de-11-anos-y-dejarla-embarazada\/#primaryimage\",\"url\":\"https:\/\/www.noticiasradioreflejos.com.ar\/2021\/wp-content\/uploads\/2020\/06\/ABUSO_sexual_menores.jpg\",\"contentUrl\":\"https:\/\/www.noticiasradioreflejos.com.ar\/2021\/wp-content\/uploads\/2020\/06\/ABUSO_sexual_menores.jpg\",\"width\":550,\"height\":361},{\"@type\":\"BreadcrumbList\",\"@id\":\"https:\/\/www.noticiasradioreflejos.com.ar\/2021\/20-anos-de-prision-por-abusar-de-su-vecina-de-11-anos-y-dejarla-embarazada\/#breadcrumb\",\"itemListElement\":[{\"@type\":\"ListItem\",\"position\":1,\"name\":\"Portada\",\"item\":\"https:\/\/www.noticiasradioreflejos.com.ar\/2021\/\"},{\"@type\":\"ListItem\",\"position\":2,\"name\":\"20 a\u00f1os de prisi\u00f3n por abusar de su vecina de 11 a\u00f1os y dejarla embarazada\"}]},{\"@type\":\"WebSite\",\"@id\":\"https:\/\/www.noticiasradioreflejos.com.ar\/2021\/#website\",\"url\":\"https:\/\/www.noticiasradioreflejos.com.ar\/2021\/\",\"name\":\"Noticias Radio Reflejos\",\"description\":\"Las noticias de mi comarca\",\"potentialAction\":[{\"@type\":\"SearchAction\",\"target\":{\"@type\":\"EntryPoint\",\"urlTemplate\":\"https:\/\/www.noticiasradioreflejos.com.ar\/2021\/?s={search_term_string}\"},\"query-input\":{\"@type\":\"PropertyValueSpecification\",\"valueRequired\":true,\"valueName\":\"search_term_string\"}}],\"inLanguage\":\"es\"},{\"@type\":\"Person\",\"@id\":\"https:\/\/www.noticiasradioreflejos.com.ar\/2021\/#\/schema\/person\/ad82545263dcc5ec0996818884fd5fb1\",\"name\":\"Arnaldo Botto\",\"image\":{\"@type\":\"ImageObject\",\"inLanguage\":\"es\",\"@id\":\"https:\/\/www.noticiasradioreflejos.com.ar\/2021\/#\/schema\/person\/image\/\",\"url\":\"https:\/\/secure.gravatar.com\/avatar\/55cb5e37c1efa326397366e6974cb338056df65cb50e7d64d1cf314e87504837?s=96&d=mm&r=g\",\"contentUrl\":\"https:\/\/secure.gravatar.com\/avatar\/55cb5e37c1efa326397366e6974cb338056df65cb50e7d64d1cf314e87504837?s=96&d=mm&r=g\",\"caption\":\"Arnaldo Botto\"},\"url\":\"https:\/\/www.noticiasradioreflejos.com.ar\/2021\/author\/arnaldo\/\"}]}<\/script>\n<!-- \/ Yoast SEO plugin. -->","yoast_head_json":{"title":"20 a\u00f1os de prisi\u00f3n por abusar de su vecina de 11 a\u00f1os y dejarla embarazada - Noticias Radio Reflejos","robots":{"index":"index","follow":"follow","max-snippet":"max-snippet:-1","max-image-preview":"max-image-preview:large","max-video-preview":"max-video-preview:-1"},"canonical":"https:\/\/www.noticiasradioreflejos.com.ar\/2021\/20-anos-de-prision-por-abusar-de-su-vecina-de-11-anos-y-dejarla-embarazada\/","og_locale":"es_ES","og_type":"article","og_title":"20 a\u00f1os de prisi\u00f3n por abusar de su vecina de 11 a\u00f1os y dejarla embarazada - Noticias Radio Reflejos","og_description":"En el marco de una investigaci\u00f3n realizada por la\u00a0UFIJ N.\u00ba 14, a cargo del fiscal Marcelo Romero Jard\u00edn,\u00a0el Tribunal en lo Criminal N.\u00ba 3 conden\u00f3 a un hombre a la pena de 20 a\u00f1os de prisi\u00f3n por abusar de una vecina menor de edad a quien dej\u00f3 embarazada.","og_url":"https:\/\/www.noticiasradioreflejos.com.ar\/2021\/20-anos-de-prision-por-abusar-de-su-vecina-de-11-anos-y-dejarla-embarazada\/","og_site_name":"Noticias Radio Reflejos","article_published_time":"2024-09-10T16:58:43+00:00","og_image":[{"width":550,"height":361,"url":"https:\/\/www.noticiasradioreflejos.com.ar\/2021\/wp-content\/uploads\/2020\/06\/ABUSO_sexual_menores.jpg","type":"image\/jpeg"}],"author":"Arnaldo Botto","twitter_card":"summary_large_image","schema":{"@context":"https:\/\/schema.org","@graph":[{"@type":"WebPage","@id":"https:\/\/www.noticiasradioreflejos.com.ar\/2021\/20-anos-de-prision-por-abusar-de-su-vecina-de-11-anos-y-dejarla-embarazada\/","url":"https:\/\/www.noticiasradioreflejos.com.ar\/2021\/20-anos-de-prision-por-abusar-de-su-vecina-de-11-anos-y-dejarla-embarazada\/","name":"20 a\u00f1os de prisi\u00f3n por abusar de su vecina de 11 a\u00f1os y dejarla embarazada - Noticias Radio Reflejos","isPartOf":{"@id":"https:\/\/www.noticiasradioreflejos.com.ar\/2021\/#website"},"primaryImageOfPage":{"@id":"https:\/\/www.noticiasradioreflejos.com.ar\/2021\/20-anos-de-prision-por-abusar-de-su-vecina-de-11-anos-y-dejarla-embarazada\/#primaryimage"},"image":{"@id":"https:\/\/www.noticiasradioreflejos.com.ar\/2021\/20-anos-de-prision-por-abusar-de-su-vecina-de-11-anos-y-dejarla-embarazada\/#primaryimage"},"thumbnailUrl":"https:\/\/www.noticiasradioreflejos.com.ar\/2021\/wp-content\/uploads\/2020\/06\/ABUSO_sexual_menores.jpg","datePublished":"2024-09-10T16:58:43+00:00","author":{"@id":"https:\/\/www.noticiasradioreflejos.com.ar\/2021\/#\/schema\/person\/ad82545263dcc5ec0996818884fd5fb1"},"breadcrumb":{"@id":"https:\/\/www.noticiasradioreflejos.com.ar\/2021\/20-anos-de-prision-por-abusar-de-su-vecina-de-11-anos-y-dejarla-embarazada\/#breadcrumb"},"inLanguage":"es","potentialAction":[{"@type":"ReadAction","target":["https:\/\/www.noticiasradioreflejos.com.ar\/2021\/20-anos-de-prision-por-abusar-de-su-vecina-de-11-anos-y-dejarla-embarazada\/"]}]},{"@type":"ImageObject","inLanguage":"es","@id":"https:\/\/www.noticiasradioreflejos.com.ar\/2021\/20-anos-de-prision-por-abusar-de-su-vecina-de-11-anos-y-dejarla-embarazada\/#primaryimage","url":"https:\/\/www.noticiasradioreflejos.com.ar\/2021\/wp-content\/uploads\/2020\/06\/ABUSO_sexual_menores.jpg","contentUrl":"https:\/\/www.noticiasradioreflejos.com.ar\/2021\/wp-content\/uploads\/2020\/06\/ABUSO_sexual_menores.jpg","width":550,"height":361},{"@type":"BreadcrumbList","@id":"https:\/\/www.noticiasradioreflejos.com.ar\/2021\/20-anos-de-prision-por-abusar-de-su-vecina-de-11-anos-y-dejarla-embarazada\/#breadcrumb","itemListElement":[{"@type":"ListItem","position":1,"name":"Portada","item":"https:\/\/www.noticiasradioreflejos.com.ar\/2021\/"},{"@type":"ListItem","position":2,"name":"20 a\u00f1os de prisi\u00f3n por abusar de su vecina de 11 a\u00f1os y dejarla embarazada"}]},{"@type":"WebSite","@id":"https:\/\/www.noticiasradioreflejos.com.ar\/2021\/#website","url":"https:\/\/www.noticiasradioreflejos.com.ar\/2021\/","name":"Noticias Radio Reflejos","description":"Las noticias de mi comarca","potentialAction":[{"@type":"SearchAction","target":{"@type":"EntryPoint","urlTemplate":"https:\/\/www.noticiasradioreflejos.com.ar\/2021\/?s={search_term_string}"},"query-input":{"@type":"PropertyValueSpecification","valueRequired":true,"valueName":"search_term_string"}}],"inLanguage":"es"},{"@type":"Person","@id":"https:\/\/www.noticiasradioreflejos.com.ar\/2021\/#\/schema\/person\/ad82545263dcc5ec0996818884fd5fb1","name":"Arnaldo Botto","image":{"@type":"ImageObject","inLanguage":"es","@id":"https:\/\/www.noticiasradioreflejos.com.ar\/2021\/#\/schema\/person\/image\/","url":"https:\/\/secure.gravatar.com\/avatar\/55cb5e37c1efa326397366e6974cb338056df65cb50e7d64d1cf314e87504837?s=96&d=mm&r=g","contentUrl":"https:\/\/secure.gravatar.com\/avatar\/55cb5e37c1efa326397366e6974cb338056df65cb50e7d64d1cf314e87504837?s=96&d=mm&r=g","caption":"Arnaldo Botto"},"url":"https:\/\/www.noticiasradioreflejos.com.ar\/2021\/author\/arnaldo\/"}]}},"_links":{"self":[{"href":"https:\/\/www.noticiasradioreflejos.com.ar\/2021\/wp-json\/wp\/v2\/posts\/107217","targetHints":{"allow":["GET"]}}],"collection":[{"href":"https:\/\/www.noticiasradioreflejos.com.ar\/2021\/wp-json\/wp\/v2\/posts"}],"about":[{"href":"https:\/\/www.noticiasradioreflejos.com.ar\/2021\/wp-json\/wp\/v2\/types\/post"}],"author":[{"embeddable":true,"href":"https:\/\/www.noticiasradioreflejos.com.ar\/2021\/wp-json\/wp\/v2\/users\/3"}],"replies":[{"embeddable":true,"href":"https:\/\/www.noticiasradioreflejos.com.ar\/2021\/wp-json\/wp\/v2\/comments?post=107217"}],"version-history":[{"count":1,"href":"https:\/\/www.noticiasradioreflejos.com.ar\/2021\/wp-json\/wp\/v2\/posts\/107217\/revisions"}],"predecessor-version":[{"id":107222,"href":"https:\/\/www.noticiasradioreflejos.com.ar\/2021\/wp-json\/wp\/v2\/posts\/107217\/revisions\/107222"}],"wp:featuredmedia":[{"embeddable":true,"href":"https:\/\/www.noticiasradioreflejos.com.ar\/2021\/wp-json\/wp\/v2\/media\/43537"}],"wp:attachment":[{"href":"https:\/\/www.noticiasradioreflejos.com.ar\/2021\/wp-json\/wp\/v2\/media?parent=107217"}],"wp:term":[{"taxonomy":"category","embeddable":true,"href":"https:\/\/www.noticiasradioreflejos.com.ar\/2021\/wp-json\/wp\/v2\/categories?post=107217"},{"taxonomy":"post_tag","embeddable":true,"href":"https:\/\/www.noticiasradioreflejos.com.ar\/2021\/wp-json\/wp\/v2\/tags?post=107217"}],"curies":[{"name":"wp","href":"https:\/\/api.w.org\/{rel}","templated":true}]}}