{"id":107212,"date":"2024-09-10T14:15:06","date_gmt":"2024-09-10T17:15:06","guid":{"rendered":"https:\/\/www.noticiasradioreflejos.com.ar\/2021\/?p=107212"},"modified":"2024-09-10T14:37:15","modified_gmt":"2024-09-10T17:37:15","slug":"pileta-en-sierra-el-16-tiene-que-estar-terminada","status":"publish","type":"post","link":"https:\/\/www.noticiasradioreflejos.com.ar\/2021\/pileta-en-sierra-el-16-tiene-que-estar-terminada\/","title":{"rendered":"Pileta en Sierra: \u201cEl 16 tiene que estar terminada\u201d"},"content":{"rendered":"<p>As\u00ed lo asegur\u00f3 el jefe comunal Sergio Bordoni. Del mismo modo brind\u00f3 detalles de las distintas obras que se llevan adelante.<!--more--><\/p>\n<p>El intendente Sergio Bordoni reiter\u00f3 esta ma\u00f1ana que para dentro de 6 d\u00edas el natatorio de Sierra de la Ventana debe ser inaugurado.<\/p>\n<p>Al respecto subray\u00f3 que \u201cel 16 estamos inaugurando la pileta climatizada de Sierra, queda muy poco por hacer. Con vestuarios nuevos, sanitarios, toda la calefacci\u00f3n, comprado nuevo. El 16 tiene que estar terminado\u201d.<\/p>\n<p>&nbsp;<br \/>\n<a data-flickr-embed=\"true\" data-header=\"true\" href=\"https:\/\/www.flickr.com\/photos\/182279889@N02\/53985908048\/in\/dateposted-public\/\" title=\"pile de sierra (1)\"><img loading=\"lazy\" decoding=\"async\" src=\"https:\/\/live.staticflickr.com\/65535\/53985908048_5080c46524_c.jpg\" width=\"800\" height=\"360\" alt=\"pile de sierra (1)\"\/><\/a><script async src=\"\/\/embedr.flickr.com\/assets\/client-code.js\" charset=\"utf-8\"><\/script><br \/>\n&nbsp;<\/p>\n<p>De la mano con esto mencion\u00f3 que \u201ccomenzamos con el cambio de luminarias en Sierra, Saldungaray y Tornquist; ya hemos comprado 380 luminarias, de las cuales 180 van a Sierra, 120 a Saldungaray y el resto queda en Tornquist y tambi\u00e9n va a Tres Picos\u201d.<\/p>\n<p>En otro pasaje de la charla cont\u00f3 que \u201cavanzan a buen ritmo el segundo barrio de 38 viviendas. Las 32 que hay en breve vamos a sacar para que la gente se empiece a anotar. El otro d\u00eda estuve en H\u00e1bitat de provincia donde ped\u00ed financiaci\u00f3n para los servicios del barrio. En la primera etapa ir\u00e1 agua y electricidad, y en la segunda parte ir\u00e1 el gas y el cord\u00f3n cuneta\u201d.<\/p>\n<p>Sumando que \u201cdel mismo modo el otro d\u00eda vino el nuevo titular de ABSA y me coment\u00f3 que est\u00e1n por hacer el cruce de cloacas en el barrio Sur, donde invertir\u00e1n 200 millones de pesos\u201d.<\/p>\n<p>En ese aspecto sostuvo que \u201cestamos tratando de solucionar el problema habitacional, pero estamos trabajando en una \u00e9poca dif\u00edcil con fondos provinciales. Se est\u00e1n haciendo obras y nos llena de orgullo que la provincia a\u00fan funcione pese a todo\u201d.<\/p>\n<p>Por \u00faltimo coment\u00f3 que \u201cla inauguraci\u00f3n del geri\u00e1trico de Saldungaray era una promesa de mi persona. En la fiesta anterior lo promet\u00ed, se demor\u00f3 m\u00e1s de lo esperado, pensaron que era una promesa de campa\u00f1a, y cuando finalmente entramos nos dimos cuenta que hab\u00eda que hacerle muchas m\u00e1s cosas. Por suerte el a\u00f1o que viene lo vamos a poder coparticipar\u201d.<\/p>\n<p><iframe loading=\"lazy\" src=\"https:\/\/w.soundcloud.com\/player\/?url=https%3A\/\/api.soundcloud.com\/tracks\/1913730365&amp;color=%23ff5500&amp;auto_play=false&amp;hide_related=false&amp;show_comments=true&amp;show_user=true&amp;show_reposts=false&amp;show_teaser=true\" width=\"100%\" height=\"166\" frameborder=\"no\" scrolling=\"no\"><\/iframe><\/p>\n<div style=\"font-size: 10px; color: #cccccc; line-break: anywhere; word-break: normal; overflow: hidden; white-space: nowrap; text-overflow: ellipsis; font-family: Interstate,Lucida Grande,Lucida Sans Unicode,Lucida Sans,Garuda,Verdana,Tahoma,sans-serif; font-weight: 100;\"><a style=\"color: #cccccc; text-decoration: none;\" title=\"fmreflejos 103.7\" href=\"https:\/\/soundcloud.com\/fmreflejos-103-7\" target=\"_blank\" rel=\"noopener\">fmreflejos 103.7<\/a> \u00b7 <a style=\"color: #cccccc; text-decoration: none;\" title=\"Nota - Sergio - Bordoni - 0909\" href=\"https:\/\/soundcloud.com\/fmreflejos-103-7\/nota-sergio-bordoni-0909\" target=\"_blank\" rel=\"noopener\">Nota &#8211; Sergio &#8211; Bordoni &#8211; 0909<\/a><\/div>\n<p>&nbsp;<\/p>\n","protected":false},"excerpt":{"rendered":"<p>As\u00ed lo asegur\u00f3 el jefe comunal Sergio Bordoni. Del mismo modo brind\u00f3 detalles de las distintas obras que se llevan adelante.<\/p>\n","protected":false},"author":3,"featured_media":102809,"comment_status":"closed","ping_status":"closed","sticky":false,"template":"","format":"standard","meta":{"footnotes":""},"categories":[28],"tags":[48],"class_list":["post-107212","post","type-post","status-publish","format-standard","has-post-thumbnail","hentry","category-municipales","tag-destacada"],"yoast_head":"<!-- This site is optimized with the Yoast SEO plugin v25.9 - https:\/\/yoast.com\/wordpress\/plugins\/seo\/ -->\n<title>Pileta en Sierra: \u201cEl 16 tiene que estar terminada\u201d - Noticias Radio Reflejos<\/title>\n<meta name=\"robots\" content=\"index, follow, max-snippet:-1, max-image-preview:large, max-video-preview:-1\" \/>\n<link rel=\"canonical\" href=\"https:\/\/www.noticiasradioreflejos.com.ar\/2021\/pileta-en-sierra-el-16-tiene-que-estar-terminada\/\" \/>\n<meta property=\"og:locale\" content=\"es_ES\" \/>\n<meta property=\"og:type\" content=\"article\" \/>\n<meta property=\"og:title\" content=\"Pileta en Sierra: \u201cEl 16 tiene que estar terminada\u201d - Noticias Radio Reflejos\" \/>\n<meta property=\"og:description\" content=\"As\u00ed lo asegur\u00f3 el jefe comunal Sergio Bordoni. Del mismo modo brind\u00f3 detalles de las distintas obras que se llevan adelante.\" \/>\n<meta property=\"og:url\" content=\"https:\/\/www.noticiasradioreflejos.com.ar\/2021\/pileta-en-sierra-el-16-tiene-que-estar-terminada\/\" \/>\n<meta property=\"og:site_name\" content=\"Noticias Radio Reflejos\" \/>\n<meta property=\"article:published_time\" content=\"2024-09-10T17:15:06+00:00\" \/>\n<meta property=\"article:modified_time\" content=\"2024-09-10T17:37:15+00:00\" \/>\n<meta property=\"og:image\" content=\"https:\/\/www.noticiasradioreflejos.com.ar\/2021\/wp-content\/uploads\/2024\/05\/piletasv3-scaled.jpeg\" \/>\n\t<meta property=\"og:image:width\" content=\"2560\" \/>\n\t<meta property=\"og:image:height\" content=\"1920\" \/>\n\t<meta property=\"og:image:type\" content=\"image\/jpeg\" \/>\n<meta name=\"author\" content=\"Arnaldo Botto\" \/>\n<meta name=\"twitter:card\" content=\"summary_large_image\" \/>\n<script type=\"application\/ld+json\" class=\"yoast-schema-graph\">{\"@context\":\"https:\/\/schema.org\",\"@graph\":[{\"@type\":\"WebPage\",\"@id\":\"https:\/\/www.noticiasradioreflejos.com.ar\/2021\/pileta-en-sierra-el-16-tiene-que-estar-terminada\/\",\"url\":\"https:\/\/www.noticiasradioreflejos.com.ar\/2021\/pileta-en-sierra-el-16-tiene-que-estar-terminada\/\",\"name\":\"Pileta en Sierra: \u201cEl 16 tiene que estar terminada\u201d - Noticias Radio Reflejos\",\"isPartOf\":{\"@id\":\"https:\/\/www.noticiasradioreflejos.com.ar\/2021\/#website\"},\"primaryImageOfPage\":{\"@id\":\"https:\/\/www.noticiasradioreflejos.com.ar\/2021\/pileta-en-sierra-el-16-tiene-que-estar-terminada\/#primaryimage\"},\"image\":{\"@id\":\"https:\/\/www.noticiasradioreflejos.com.ar\/2021\/pileta-en-sierra-el-16-tiene-que-estar-terminada\/#primaryimage\"},\"thumbnailUrl\":\"https:\/\/www.noticiasradioreflejos.com.ar\/2021\/wp-content\/uploads\/2024\/05\/piletasv3-scaled.jpeg\",\"datePublished\":\"2024-09-10T17:15:06+00:00\",\"dateModified\":\"2024-09-10T17:37:15+00:00\",\"author\":{\"@id\":\"https:\/\/www.noticiasradioreflejos.com.ar\/2021\/#\/schema\/person\/ad82545263dcc5ec0996818884fd5fb1\"},\"breadcrumb\":{\"@id\":\"https:\/\/www.noticiasradioreflejos.com.ar\/2021\/pileta-en-sierra-el-16-tiene-que-estar-terminada\/#breadcrumb\"},\"inLanguage\":\"es\",\"potentialAction\":[{\"@type\":\"ReadAction\",\"target\":[\"https:\/\/www.noticiasradioreflejos.com.ar\/2021\/pileta-en-sierra-el-16-tiene-que-estar-terminada\/\"]}]},{\"@type\":\"ImageObject\",\"inLanguage\":\"es\",\"@id\":\"https:\/\/www.noticiasradioreflejos.com.ar\/2021\/pileta-en-sierra-el-16-tiene-que-estar-terminada\/#primaryimage\",\"url\":\"https:\/\/www.noticiasradioreflejos.com.ar\/2021\/wp-content\/uploads\/2024\/05\/piletasv3-scaled.jpeg\",\"contentUrl\":\"https:\/\/www.noticiasradioreflejos.com.ar\/2021\/wp-content\/uploads\/2024\/05\/piletasv3-scaled.jpeg\",\"width\":2560,\"height\":1920},{\"@type\":\"BreadcrumbList\",\"@id\":\"https:\/\/www.noticiasradioreflejos.com.ar\/2021\/pileta-en-sierra-el-16-tiene-que-estar-terminada\/#breadcrumb\",\"itemListElement\":[{\"@type\":\"ListItem\",\"position\":1,\"name\":\"Portada\",\"item\":\"https:\/\/www.noticiasradioreflejos.com.ar\/2021\/\"},{\"@type\":\"ListItem\",\"position\":2,\"name\":\"Pileta en Sierra: \u201cEl 16 tiene que estar terminada\u201d\"}]},{\"@type\":\"WebSite\",\"@id\":\"https:\/\/www.noticiasradioreflejos.com.ar\/2021\/#website\",\"url\":\"https:\/\/www.noticiasradioreflejos.com.ar\/2021\/\",\"name\":\"Noticias Radio Reflejos\",\"description\":\"Las noticias de mi comarca\",\"potentialAction\":[{\"@type\":\"SearchAction\",\"target\":{\"@type\":\"EntryPoint\",\"urlTemplate\":\"https:\/\/www.noticiasradioreflejos.com.ar\/2021\/?s={search_term_string}\"},\"query-input\":{\"@type\":\"PropertyValueSpecification\",\"valueRequired\":true,\"valueName\":\"search_term_string\"}}],\"inLanguage\":\"es\"},{\"@type\":\"Person\",\"@id\":\"https:\/\/www.noticiasradioreflejos.com.ar\/2021\/#\/schema\/person\/ad82545263dcc5ec0996818884fd5fb1\",\"name\":\"Arnaldo Botto\",\"image\":{\"@type\":\"ImageObject\",\"inLanguage\":\"es\",\"@id\":\"https:\/\/www.noticiasradioreflejos.com.ar\/2021\/#\/schema\/person\/image\/\",\"url\":\"https:\/\/secure.gravatar.com\/avatar\/55cb5e37c1efa326397366e6974cb338056df65cb50e7d64d1cf314e87504837?s=96&d=mm&r=g\",\"contentUrl\":\"https:\/\/secure.gravatar.com\/avatar\/55cb5e37c1efa326397366e6974cb338056df65cb50e7d64d1cf314e87504837?s=96&d=mm&r=g\",\"caption\":\"Arnaldo Botto\"},\"url\":\"https:\/\/www.noticiasradioreflejos.com.ar\/2021\/author\/arnaldo\/\"}]}<\/script>\n<!-- \/ Yoast SEO plugin. -->","yoast_head_json":{"title":"Pileta en Sierra: \u201cEl 16 tiene que estar terminada\u201d - Noticias Radio Reflejos","robots":{"index":"index","follow":"follow","max-snippet":"max-snippet:-1","max-image-preview":"max-image-preview:large","max-video-preview":"max-video-preview:-1"},"canonical":"https:\/\/www.noticiasradioreflejos.com.ar\/2021\/pileta-en-sierra-el-16-tiene-que-estar-terminada\/","og_locale":"es_ES","og_type":"article","og_title":"Pileta en Sierra: \u201cEl 16 tiene que estar terminada\u201d - Noticias Radio Reflejos","og_description":"As\u00ed lo asegur\u00f3 el jefe comunal Sergio Bordoni. Del mismo modo brind\u00f3 detalles de las distintas obras que se llevan adelante.","og_url":"https:\/\/www.noticiasradioreflejos.com.ar\/2021\/pileta-en-sierra-el-16-tiene-que-estar-terminada\/","og_site_name":"Noticias Radio Reflejos","article_published_time":"2024-09-10T17:15:06+00:00","article_modified_time":"2024-09-10T17:37:15+00:00","og_image":[{"width":2560,"height":1920,"url":"https:\/\/www.noticiasradioreflejos.com.ar\/2021\/wp-content\/uploads\/2024\/05\/piletasv3-scaled.jpeg","type":"image\/jpeg"}],"author":"Arnaldo Botto","twitter_card":"summary_large_image","schema":{"@context":"https:\/\/schema.org","@graph":[{"@type":"WebPage","@id":"https:\/\/www.noticiasradioreflejos.com.ar\/2021\/pileta-en-sierra-el-16-tiene-que-estar-terminada\/","url":"https:\/\/www.noticiasradioreflejos.com.ar\/2021\/pileta-en-sierra-el-16-tiene-que-estar-terminada\/","name":"Pileta en Sierra: \u201cEl 16 tiene que estar terminada\u201d - Noticias Radio Reflejos","isPartOf":{"@id":"https:\/\/www.noticiasradioreflejos.com.ar\/2021\/#website"},"primaryImageOfPage":{"@id":"https:\/\/www.noticiasradioreflejos.com.ar\/2021\/pileta-en-sierra-el-16-tiene-que-estar-terminada\/#primaryimage"},"image":{"@id":"https:\/\/www.noticiasradioreflejos.com.ar\/2021\/pileta-en-sierra-el-16-tiene-que-estar-terminada\/#primaryimage"},"thumbnailUrl":"https:\/\/www.noticiasradioreflejos.com.ar\/2021\/wp-content\/uploads\/2024\/05\/piletasv3-scaled.jpeg","datePublished":"2024-09-10T17:15:06+00:00","dateModified":"2024-09-10T17:37:15+00:00","author":{"@id":"https:\/\/www.noticiasradioreflejos.com.ar\/2021\/#\/schema\/person\/ad82545263dcc5ec0996818884fd5fb1"},"breadcrumb":{"@id":"https:\/\/www.noticiasradioreflejos.com.ar\/2021\/pileta-en-sierra-el-16-tiene-que-estar-terminada\/#breadcrumb"},"inLanguage":"es","potentialAction":[{"@type":"ReadAction","target":["https:\/\/www.noticiasradioreflejos.com.ar\/2021\/pileta-en-sierra-el-16-tiene-que-estar-terminada\/"]}]},{"@type":"ImageObject","inLanguage":"es","@id":"https:\/\/www.noticiasradioreflejos.com.ar\/2021\/pileta-en-sierra-el-16-tiene-que-estar-terminada\/#primaryimage","url":"https:\/\/www.noticiasradioreflejos.com.ar\/2021\/wp-content\/uploads\/2024\/05\/piletasv3-scaled.jpeg","contentUrl":"https:\/\/www.noticiasradioreflejos.com.ar\/2021\/wp-content\/uploads\/2024\/05\/piletasv3-scaled.jpeg","width":2560,"height":1920},{"@type":"BreadcrumbList","@id":"https:\/\/www.noticiasradioreflejos.com.ar\/2021\/pileta-en-sierra-el-16-tiene-que-estar-terminada\/#breadcrumb","itemListElement":[{"@type":"ListItem","position":1,"name":"Portada","item":"https:\/\/www.noticiasradioreflejos.com.ar\/2021\/"},{"@type":"ListItem","position":2,"name":"Pileta en Sierra: \u201cEl 16 tiene que estar terminada\u201d"}]},{"@type":"WebSite","@id":"https:\/\/www.noticiasradioreflejos.com.ar\/2021\/#website","url":"https:\/\/www.noticiasradioreflejos.com.ar\/2021\/","name":"Noticias Radio Reflejos","description":"Las noticias de mi comarca","potentialAction":[{"@type":"SearchAction","target":{"@type":"EntryPoint","urlTemplate":"https:\/\/www.noticiasradioreflejos.com.ar\/2021\/?s={search_term_string}"},"query-input":{"@type":"PropertyValueSpecification","valueRequired":true,"valueName":"search_term_string"}}],"inLanguage":"es"},{"@type":"Person","@id":"https:\/\/www.noticiasradioreflejos.com.ar\/2021\/#\/schema\/person\/ad82545263dcc5ec0996818884fd5fb1","name":"Arnaldo Botto","image":{"@type":"ImageObject","inLanguage":"es","@id":"https:\/\/www.noticiasradioreflejos.com.ar\/2021\/#\/schema\/person\/image\/","url":"https:\/\/secure.gravatar.com\/avatar\/55cb5e37c1efa326397366e6974cb338056df65cb50e7d64d1cf314e87504837?s=96&d=mm&r=g","contentUrl":"https:\/\/secure.gravatar.com\/avatar\/55cb5e37c1efa326397366e6974cb338056df65cb50e7d64d1cf314e87504837?s=96&d=mm&r=g","caption":"Arnaldo Botto"},"url":"https:\/\/www.noticiasradioreflejos.com.ar\/2021\/author\/arnaldo\/"}]}},"_links":{"self":[{"href":"https:\/\/www.noticiasradioreflejos.com.ar\/2021\/wp-json\/wp\/v2\/posts\/107212","targetHints":{"allow":["GET"]}}],"collection":[{"href":"https:\/\/www.noticiasradioreflejos.com.ar\/2021\/wp-json\/wp\/v2\/posts"}],"about":[{"href":"https:\/\/www.noticiasradioreflejos.com.ar\/2021\/wp-json\/wp\/v2\/types\/post"}],"author":[{"embeddable":true,"href":"https:\/\/www.noticiasradioreflejos.com.ar\/2021\/wp-json\/wp\/v2\/users\/3"}],"replies":[{"embeddable":true,"href":"https:\/\/www.noticiasradioreflejos.com.ar\/2021\/wp-json\/wp\/v2\/comments?post=107212"}],"version-history":[{"count":3,"href":"https:\/\/www.noticiasradioreflejos.com.ar\/2021\/wp-json\/wp\/v2\/posts\/107212\/revisions"}],"predecessor-version":[{"id":107233,"href":"https:\/\/www.noticiasradioreflejos.com.ar\/2021\/wp-json\/wp\/v2\/posts\/107212\/revisions\/107233"}],"wp:featuredmedia":[{"embeddable":true,"href":"https:\/\/www.noticiasradioreflejos.com.ar\/2021\/wp-json\/wp\/v2\/media\/102809"}],"wp:attachment":[{"href":"https:\/\/www.noticiasradioreflejos.com.ar\/2021\/wp-json\/wp\/v2\/media?parent=107212"}],"wp:term":[{"taxonomy":"category","embeddable":true,"href":"https:\/\/www.noticiasradioreflejos.com.ar\/2021\/wp-json\/wp\/v2\/categories?post=107212"},{"taxonomy":"post_tag","embeddable":true,"href":"https:\/\/www.noticiasradioreflejos.com.ar\/2021\/wp-json\/wp\/v2\/tags?post=107212"}],"curies":[{"name":"wp","href":"https:\/\/api.w.org\/{rel}","templated":true}]}}