{"id":107203,"date":"2024-09-10T11:44:04","date_gmt":"2024-09-10T14:44:04","guid":{"rendered":"https:\/\/www.noticiasradioreflejos.com.ar\/2021\/?p=107203"},"modified":"2024-09-10T11:44:04","modified_gmt":"2024-09-10T14:44:04","slug":"los-beneficiarios-del-monotributo-social-comenzaran-a-pagar-el-50-de-su-obra-social","status":"publish","type":"post","link":"https:\/\/www.noticiasradioreflejos.com.ar\/2021\/los-beneficiarios-del-monotributo-social-comenzaran-a-pagar-el-50-de-su-obra-social\/","title":{"rendered":"Los beneficiarios del Monotributo Social comenzar\u00e1n a pagar el 50% de su obra social"},"content":{"rendered":"<p>El Ministerio de Capital Humano contin\u00faa con los cambios en el r\u00e9gimen social.<!--more-->El Gobierno anunci\u00f3 que<strong>\u00a0los beneficiarios del Monotributo Social empezar\u00e1n a pagar el 50% del costo de su obra social<\/strong>\u00a0por s\u00ed mismo y por cada incorporaci\u00f3n de adherentes, a partir de octubre.<\/p>\n<div class=\"columns\" data-tadevel-template=\"web\/article-columns\">\n<div class=\"column-main\">\n<div class=\"article-body\" data-tadevel-template=\"web\/article-body\">\n<div class=\"article-body-content\">\n<p>Tras lanzar un reempadronamiento durante septiembre para los beneficiarios del Monotributo Social que se encuentran incluidos en los programas Acompa\u00f1amiento Social, Volver al Trabajo y Microcr\u00e9dito, el Ministerio de Capital Humano contin\u00faa avanzando con los cambios en el r\u00e9gimen.<\/p>\n<p>En este caso, mediante la Resoluci\u00f3n 630\/2024 publicada este martes en el Bolet\u00edn Oficial, la cartera conducida por Sandra Pettovello, confirm\u00f3 que los monotributistas sociales deber\u00e1n absorber el costo del 50% de la cobertura de la obra social, por lo que<strong>\u00a0pasar\u00e1 a ser m\u00e1s caro tributar bajo dicho r\u00e9gimen.<\/strong><\/p>\n<p>Al respecto, el texto oficial determin\u00f3 que<i>\u00a0\u201cel titular que quiera seguir inscripto en la categor\u00eda tributaria optativa del Monotributo Social\u00a0<strong>deber\u00e1 abonar el 50% del componente de la obra social por s\u00ed mismo y por cada incorporaci\u00f3n de adherentes<\/strong>, quedando exento de abonar el importe integrado y comput\u00e1ndose los aportes regulares para la Prestaci\u00f3n B\u00e1sica Universal del Sistema Integrado Previsional Argentino\u201d.<\/i><\/p>\n<p>En este marco, derog\u00f3\u00a0<i>\u201clas Resoluciones Nros. 2757 de fecha 7 de septiembre de 2011 y 1215 de fecha 2 de junio de 2014, ambas del entonces Ministerio de Desarrollo Social, ya que no han cumplido con los objetivos previstos y generan una erogaci\u00f3n presupuestaria que podr\u00eda ser destinada a una pol\u00edtica p\u00fablica social m\u00e1s efectiva\u201d.<\/i><\/p>\n<p>Las normas que quedaron sin efecto regulaban la asistencia estatal al monotributista social para fortalecer el desarrollo de emprendimientos de la econom\u00eda social por parte de los titulares de microcr\u00e9ditos.<\/p>\n<p>Al explicar la decisi\u00f3n, en el documento oficial, el Gobierno relativiz\u00f3 la funcionalidad del Monotributo Social asegurando que\u00a0<i><strong>\u201cel n\u00famero de personas que se encuentran en la econom\u00eda informal no s\u00f3lo no ha disminuido, sino que ha aumentado\u00a0<\/strong>y tampoco hay evidencia emp\u00edrica que demuestre un nexo de causalidad entre contar con un monotributo social y la mejora en la sostenibilidad y durabilidad de los emprendimientos financiados\u201d.<\/i><\/p>\n<p>Adem\u00e1s, remarc\u00f3 que\u00a0<i>\u201cactualmente, el Estado est\u00e1 realizando ingentes esfuerzos para reordenar las pol\u00edticas sociales, con el objetivo de lograr un uso eficiente de los recursos disponibles, con un enfoque integral, maximizando el impacto y las externalidades positivas\u201d.<\/i><\/p>\n<\/div>\n<\/div>\n<\/div>\n<\/div>\n","protected":false},"excerpt":{"rendered":"<p>El Ministerio de Capital Humano contin\u00faa con los cambios en el r\u00e9gimen social.<\/p>\n","protected":false},"author":3,"featured_media":0,"comment_status":"closed","ping_status":"closed","sticky":false,"template":"","format":"standard","meta":{"footnotes":""},"categories":[36],"tags":[],"class_list":["post-107203","post","type-post","status-publish","format-standard","hentry","category-economia"],"yoast_head":"<!-- This site is optimized with the Yoast SEO plugin v25.9 - https:\/\/yoast.com\/wordpress\/plugins\/seo\/ -->\n<title>Los beneficiarios del Monotributo Social comenzar\u00e1n a pagar el 50% de su obra social - Noticias Radio Reflejos<\/title>\n<meta name=\"robots\" content=\"index, follow, max-snippet:-1, max-image-preview:large, max-video-preview:-1\" \/>\n<link rel=\"canonical\" href=\"https:\/\/www.noticiasradioreflejos.com.ar\/2021\/los-beneficiarios-del-monotributo-social-comenzaran-a-pagar-el-50-de-su-obra-social\/\" \/>\n<meta property=\"og:locale\" content=\"es_ES\" \/>\n<meta property=\"og:type\" content=\"article\" \/>\n<meta property=\"og:title\" content=\"Los beneficiarios del Monotributo Social comenzar\u00e1n a pagar el 50% de su obra social - Noticias Radio Reflejos\" \/>\n<meta property=\"og:description\" content=\"El Ministerio de Capital Humano contin\u00faa con los cambios en el r\u00e9gimen social.\" \/>\n<meta property=\"og:url\" content=\"https:\/\/www.noticiasradioreflejos.com.ar\/2021\/los-beneficiarios-del-monotributo-social-comenzaran-a-pagar-el-50-de-su-obra-social\/\" \/>\n<meta property=\"og:site_name\" content=\"Noticias Radio Reflejos\" \/>\n<meta property=\"article:published_time\" content=\"2024-09-10T14:44:04+00:00\" \/>\n<meta property=\"og:image\" content=\"https:\/\/www.noticiasradioreflejos.com.ar\/2021\/wp-content\/uploads\/2021\/07\/logosol300x200.png\" \/>\n\t<meta property=\"og:image:width\" content=\"300\" \/>\n\t<meta property=\"og:image:height\" content=\"200\" \/>\n\t<meta property=\"og:image:type\" content=\"image\/png\" \/>\n<meta name=\"author\" content=\"Arnaldo Botto\" \/>\n<meta name=\"twitter:card\" content=\"summary_large_image\" \/>\n<script type=\"application\/ld+json\" class=\"yoast-schema-graph\">{\"@context\":\"https:\/\/schema.org\",\"@graph\":[{\"@type\":\"WebPage\",\"@id\":\"https:\/\/www.noticiasradioreflejos.com.ar\/2021\/los-beneficiarios-del-monotributo-social-comenzaran-a-pagar-el-50-de-su-obra-social\/\",\"url\":\"https:\/\/www.noticiasradioreflejos.com.ar\/2021\/los-beneficiarios-del-monotributo-social-comenzaran-a-pagar-el-50-de-su-obra-social\/\",\"name\":\"Los beneficiarios del Monotributo Social comenzar\u00e1n a pagar el 50% de su obra social - Noticias Radio Reflejos\",\"isPartOf\":{\"@id\":\"https:\/\/www.noticiasradioreflejos.com.ar\/2021\/#website\"},\"datePublished\":\"2024-09-10T14:44:04+00:00\",\"author\":{\"@id\":\"https:\/\/www.noticiasradioreflejos.com.ar\/2021\/#\/schema\/person\/ad82545263dcc5ec0996818884fd5fb1\"},\"breadcrumb\":{\"@id\":\"https:\/\/www.noticiasradioreflejos.com.ar\/2021\/los-beneficiarios-del-monotributo-social-comenzaran-a-pagar-el-50-de-su-obra-social\/#breadcrumb\"},\"inLanguage\":\"es\",\"potentialAction\":[{\"@type\":\"ReadAction\",\"target\":[\"https:\/\/www.noticiasradioreflejos.com.ar\/2021\/los-beneficiarios-del-monotributo-social-comenzaran-a-pagar-el-50-de-su-obra-social\/\"]}]},{\"@type\":\"BreadcrumbList\",\"@id\":\"https:\/\/www.noticiasradioreflejos.com.ar\/2021\/los-beneficiarios-del-monotributo-social-comenzaran-a-pagar-el-50-de-su-obra-social\/#breadcrumb\",\"itemListElement\":[{\"@type\":\"ListItem\",\"position\":1,\"name\":\"Portada\",\"item\":\"https:\/\/www.noticiasradioreflejos.com.ar\/2021\/\"},{\"@type\":\"ListItem\",\"position\":2,\"name\":\"Los beneficiarios del Monotributo Social comenzar\u00e1n a pagar el 50% de su obra social\"}]},{\"@type\":\"WebSite\",\"@id\":\"https:\/\/www.noticiasradioreflejos.com.ar\/2021\/#website\",\"url\":\"https:\/\/www.noticiasradioreflejos.com.ar\/2021\/\",\"name\":\"Noticias Radio Reflejos\",\"description\":\"Las noticias de mi comarca\",\"potentialAction\":[{\"@type\":\"SearchAction\",\"target\":{\"@type\":\"EntryPoint\",\"urlTemplate\":\"https:\/\/www.noticiasradioreflejos.com.ar\/2021\/?s={search_term_string}\"},\"query-input\":{\"@type\":\"PropertyValueSpecification\",\"valueRequired\":true,\"valueName\":\"search_term_string\"}}],\"inLanguage\":\"es\"},{\"@type\":\"Person\",\"@id\":\"https:\/\/www.noticiasradioreflejos.com.ar\/2021\/#\/schema\/person\/ad82545263dcc5ec0996818884fd5fb1\",\"name\":\"Arnaldo Botto\",\"image\":{\"@type\":\"ImageObject\",\"inLanguage\":\"es\",\"@id\":\"https:\/\/www.noticiasradioreflejos.com.ar\/2021\/#\/schema\/person\/image\/\",\"url\":\"https:\/\/secure.gravatar.com\/avatar\/55cb5e37c1efa326397366e6974cb338056df65cb50e7d64d1cf314e87504837?s=96&d=mm&r=g\",\"contentUrl\":\"https:\/\/secure.gravatar.com\/avatar\/55cb5e37c1efa326397366e6974cb338056df65cb50e7d64d1cf314e87504837?s=96&d=mm&r=g\",\"caption\":\"Arnaldo Botto\"},\"url\":\"https:\/\/www.noticiasradioreflejos.com.ar\/2021\/author\/arnaldo\/\"}]}<\/script>\n<!-- \/ Yoast SEO plugin. -->","yoast_head_json":{"title":"Los beneficiarios del Monotributo Social comenzar\u00e1n a pagar el 50% de su obra social - Noticias Radio Reflejos","robots":{"index":"index","follow":"follow","max-snippet":"max-snippet:-1","max-image-preview":"max-image-preview:large","max-video-preview":"max-video-preview:-1"},"canonical":"https:\/\/www.noticiasradioreflejos.com.ar\/2021\/los-beneficiarios-del-monotributo-social-comenzaran-a-pagar-el-50-de-su-obra-social\/","og_locale":"es_ES","og_type":"article","og_title":"Los beneficiarios del Monotributo Social comenzar\u00e1n a pagar el 50% de su obra social - Noticias Radio Reflejos","og_description":"El Ministerio de Capital Humano contin\u00faa con los cambios en el r\u00e9gimen social.","og_url":"https:\/\/www.noticiasradioreflejos.com.ar\/2021\/los-beneficiarios-del-monotributo-social-comenzaran-a-pagar-el-50-de-su-obra-social\/","og_site_name":"Noticias Radio Reflejos","article_published_time":"2024-09-10T14:44:04+00:00","og_image":[{"width":300,"height":200,"url":"https:\/\/www.noticiasradioreflejos.com.ar\/2021\/wp-content\/uploads\/2021\/07\/logosol300x200.png","type":"image\/png"}],"author":"Arnaldo Botto","twitter_card":"summary_large_image","schema":{"@context":"https:\/\/schema.org","@graph":[{"@type":"WebPage","@id":"https:\/\/www.noticiasradioreflejos.com.ar\/2021\/los-beneficiarios-del-monotributo-social-comenzaran-a-pagar-el-50-de-su-obra-social\/","url":"https:\/\/www.noticiasradioreflejos.com.ar\/2021\/los-beneficiarios-del-monotributo-social-comenzaran-a-pagar-el-50-de-su-obra-social\/","name":"Los beneficiarios del Monotributo Social comenzar\u00e1n a pagar el 50% de su obra social - Noticias Radio Reflejos","isPartOf":{"@id":"https:\/\/www.noticiasradioreflejos.com.ar\/2021\/#website"},"datePublished":"2024-09-10T14:44:04+00:00","author":{"@id":"https:\/\/www.noticiasradioreflejos.com.ar\/2021\/#\/schema\/person\/ad82545263dcc5ec0996818884fd5fb1"},"breadcrumb":{"@id":"https:\/\/www.noticiasradioreflejos.com.ar\/2021\/los-beneficiarios-del-monotributo-social-comenzaran-a-pagar-el-50-de-su-obra-social\/#breadcrumb"},"inLanguage":"es","potentialAction":[{"@type":"ReadAction","target":["https:\/\/www.noticiasradioreflejos.com.ar\/2021\/los-beneficiarios-del-monotributo-social-comenzaran-a-pagar-el-50-de-su-obra-social\/"]}]},{"@type":"BreadcrumbList","@id":"https:\/\/www.noticiasradioreflejos.com.ar\/2021\/los-beneficiarios-del-monotributo-social-comenzaran-a-pagar-el-50-de-su-obra-social\/#breadcrumb","itemListElement":[{"@type":"ListItem","position":1,"name":"Portada","item":"https:\/\/www.noticiasradioreflejos.com.ar\/2021\/"},{"@type":"ListItem","position":2,"name":"Los beneficiarios del Monotributo Social comenzar\u00e1n a pagar el 50% de su obra social"}]},{"@type":"WebSite","@id":"https:\/\/www.noticiasradioreflejos.com.ar\/2021\/#website","url":"https:\/\/www.noticiasradioreflejos.com.ar\/2021\/","name":"Noticias Radio Reflejos","description":"Las noticias de mi comarca","potentialAction":[{"@type":"SearchAction","target":{"@type":"EntryPoint","urlTemplate":"https:\/\/www.noticiasradioreflejos.com.ar\/2021\/?s={search_term_string}"},"query-input":{"@type":"PropertyValueSpecification","valueRequired":true,"valueName":"search_term_string"}}],"inLanguage":"es"},{"@type":"Person","@id":"https:\/\/www.noticiasradioreflejos.com.ar\/2021\/#\/schema\/person\/ad82545263dcc5ec0996818884fd5fb1","name":"Arnaldo Botto","image":{"@type":"ImageObject","inLanguage":"es","@id":"https:\/\/www.noticiasradioreflejos.com.ar\/2021\/#\/schema\/person\/image\/","url":"https:\/\/secure.gravatar.com\/avatar\/55cb5e37c1efa326397366e6974cb338056df65cb50e7d64d1cf314e87504837?s=96&d=mm&r=g","contentUrl":"https:\/\/secure.gravatar.com\/avatar\/55cb5e37c1efa326397366e6974cb338056df65cb50e7d64d1cf314e87504837?s=96&d=mm&r=g","caption":"Arnaldo Botto"},"url":"https:\/\/www.noticiasradioreflejos.com.ar\/2021\/author\/arnaldo\/"}]}},"_links":{"self":[{"href":"https:\/\/www.noticiasradioreflejos.com.ar\/2021\/wp-json\/wp\/v2\/posts\/107203","targetHints":{"allow":["GET"]}}],"collection":[{"href":"https:\/\/www.noticiasradioreflejos.com.ar\/2021\/wp-json\/wp\/v2\/posts"}],"about":[{"href":"https:\/\/www.noticiasradioreflejos.com.ar\/2021\/wp-json\/wp\/v2\/types\/post"}],"author":[{"embeddable":true,"href":"https:\/\/www.noticiasradioreflejos.com.ar\/2021\/wp-json\/wp\/v2\/users\/3"}],"replies":[{"embeddable":true,"href":"https:\/\/www.noticiasradioreflejos.com.ar\/2021\/wp-json\/wp\/v2\/comments?post=107203"}],"version-history":[{"count":1,"href":"https:\/\/www.noticiasradioreflejos.com.ar\/2021\/wp-json\/wp\/v2\/posts\/107203\/revisions"}],"predecessor-version":[{"id":107204,"href":"https:\/\/www.noticiasradioreflejos.com.ar\/2021\/wp-json\/wp\/v2\/posts\/107203\/revisions\/107204"}],"wp:attachment":[{"href":"https:\/\/www.noticiasradioreflejos.com.ar\/2021\/wp-json\/wp\/v2\/media?parent=107203"}],"wp:term":[{"taxonomy":"category","embeddable":true,"href":"https:\/\/www.noticiasradioreflejos.com.ar\/2021\/wp-json\/wp\/v2\/categories?post=107203"},{"taxonomy":"post_tag","embeddable":true,"href":"https:\/\/www.noticiasradioreflejos.com.ar\/2021\/wp-json\/wp\/v2\/tags?post=107203"}],"curies":[{"name":"wp","href":"https:\/\/api.w.org\/{rel}","templated":true}]}}