{"id":107199,"date":"2024-09-10T09:50:04","date_gmt":"2024-09-10T12:50:04","guid":{"rendered":"https:\/\/www.noticiasradioreflejos.com.ar\/2021\/?p=107199"},"modified":"2024-09-10T09:50:04","modified_gmt":"2024-09-10T12:50:04","slug":"verano-2025-se-duplicaron-los-precios-en-dolares-de-las-carpas-en-mar-del-plata","status":"publish","type":"post","link":"https:\/\/www.noticiasradioreflejos.com.ar\/2021\/verano-2025-se-duplicaron-los-precios-en-dolares-de-las-carpas-en-mar-del-plata\/","title":{"rendered":"Verano 2025: se duplicaron los precios en d\u00f3lares de las carpas en Mar del Plata"},"content":{"rendered":"<div class=\"single-post__entry-header entry__header\">\n<div class=\"entry__meta-holder\">\n<p>Se trata de los primeros n\u00fameros que llegan de cara a la pr\u00f3xima temporada estival. \u00a0La \u00absombra\u00bb en La Feliz arranca en $ 1,3 mill\u00f3n y puede superar los $ 4 millones.<\/p>\n<\/div>\n<\/div>\n<p><!--more--><\/p>\n<div class=\"entry__img-holder zoom-gallery lightbox-gallery\"><\/div>\n<div class=\"entry__article-wrap\">\n<div class=\"entry__share\">\n<div class=\"sticky-col is_stuck\">\n<div class=\"socials socials--rounded socials--large\"><\/div>\n<\/div>\n<div>Faltan algunos meses para que comience un nuevo verano y de un a\u00f1o a otro los valores de las carpas en Mar del Plata se dispararon en porcentajes in\u00e9ditos. Un ejemplo: en la preventa del a\u00f1o pasado se ofreci\u00f3 la temporada completa a $ 900.000 y ahora el mismo balneario lanz\u00f3 el precio de promoci\u00f3n (porque ir\u00e1 subiendo a medida que la temporada se acerque) a $ 3.250.000 de contado. La calculadora indica que el incremento es del 260%.<\/div>\n<\/div>\n<div class=\"entry__article\">\nPero el aumento relevante en el alquiler de carpas, sombrillas y de los servicios que ofrecen los balnearios este a\u00f1o en Mar del Plata, despu\u00e9s de mucho tiempo, se da en la conversi\u00f3n a d\u00f3lares de la tarifa. Cuando por la temporada completa cotizaba hist\u00f3ricamente entre US$ 1.000 y US$ 1.200, ahora esos n\u00fameros son el punto de partida, el piso: el promedio en d\u00f3lares qued\u00f3 en el doble.<\/p>\n<div class=\"google-auto-placed ap_container\"><ins class=\"adsbygoogle adsbygoogle-noablate\" data-ad-format=\"auto\" data-ad-client=\"ca-pub-1543470017633334\" data-adsbygoogle-status=\"done\" data-ad-status=\"filled\"><\/p>\n<div id=\"aswift_2_host\"><\/div>\n<p><\/ins><\/div>\n<p>En 2023, en esta misma \u00e9poca, el d\u00f3lar blue cotizaba $ 740, por lo que con esos $ 900.000 se pod\u00edan comprar US$ 1.232. En 2022, esa misma carpa para la temporada 2023 estaba a $ 320.000, o bien al d\u00f3lar blue de entonces, US$ 1.185. Hoy, el valor ofrecido por el mismo balneario (3,25 millones), traducidos al d\u00f3lar paralelo que este viernes cerr\u00f3 a $ 1.260, da US$ 2.579.<\/p>\n<p>El valor del ejemplo corresponde a un balneario ubicado al sur del faro de Punta Mogotes, no es de los m\u00e1s caros, y es por la temporada completa, que va de diciembre a marzo. En general, son las familias locales las que contratan por todo el per\u00edodo, pero de ese valor se desprende el costo de enero, el que interesa al turista de temporada alta. Es aproximadamente un 60% a 65% del total.<\/p>\n<p>Tampoco es de los m\u00e1s baratos. Los precios para la temporada 24\/25 parten en $ 1.300.000 y alcanzan los $ 4.200.000, seg\u00fan la ubicaci\u00f3n y sus servicios que ofrecen. Pero atenci\u00f3n, porque esos valores tienen vencimiento: algunos se actualizan el 15 de septiembre, otros el 1\u00b0 de octubre. Luego, mes a mes.<\/p>\n<div class=\"google-auto-placed ap_container\"><ins class=\"adsbygoogle adsbygoogle-noablate\" data-ad-format=\"auto\" data-ad-client=\"ca-pub-1543470017633334\" data-adsbygoogle-status=\"done\" data-ad-status=\"unfilled\"><\/p>\n<div id=\"aswift_3_host\"><iframe loading=\"lazy\" id=\"aswift_3\" tabindex=\"0\" title=\"Advertisement\" src=\"https:\/\/googleads.g.doubleclick.net\/pagead\/ads?client=ca-pub-1543470017633334&amp;output=html&amp;h=280&amp;adk=3660250192&amp;adf=1530150433&amp;pi=t.aa~a.4158897093~i.14~rp.1&amp;w=638&amp;abgtt=3&amp;fwrn=4&amp;fwrnh=100&amp;lmt=1725972070&amp;num_ads=1&amp;rafmt=1&amp;armr=3&amp;sem=mc&amp;pwprc=2424611729&amp;ad_type=text_image&amp;format=638x280&amp;url=https%3A%2F%2Fwww.infoveloz.com%2Fpost%2Fverano-2025-se-duplicaron-los-precios-en-dolares-de-las-carpas-en-mar-del-plata_262020%3Ffbclid%3DIwY2xjawFNHbFleHRuA2FlbQIxMQABHcGO2xy8X7j9NqnoxL3xCc0XuoCWrlR96siQFg21yIoSTyCS83QuzjjYGw_aem_unCYQBUxF7hvfiMmewEsug&amp;fwr=0&amp;pra=3&amp;rh=160&amp;rw=638&amp;rpe=1&amp;resp_fmts=3&amp;wgl=1&amp;fa=27&amp;uach=WyJXaW5kb3dzIiwiMTAuMC4wIiwieDg2IiwiIiwiMTI4LjAuNjYxMy4xMjAiLG51bGwsMCxudWxsLCI2NCIsW1siQ2hyb21pdW0iLCIxMjguMC42NjEzLjEyMCJdLFsiTm90O0E9QnJhbmQiLCIyNC4wLjAuMCJdLFsiR29vZ2xlIENocm9tZSIsIjEyOC4wLjY2MTMuMTIwIl1dLDBd&amp;dt=1725972070606&amp;bpp=5&amp;bdt=4029&amp;idt=6&amp;shv=r20240905&amp;mjsv=m202409040101&amp;ptt=9&amp;saldr=aa&amp;abxe=1&amp;cookie=ID%3D9a6d8fe9faa45f21%3AT%3D1725972069%3ART%3D1725972069%3AS%3DALNI_MZLVPe4WMzrei_fuU27C6XygFg-Aw&amp;gpic=UID%3D00000a502b741e4a%3AT%3D1725972069%3ART%3D1725972069%3AS%3DALNI_MYqyW6uIg2L7Kk4gisWsRR83h2vbA&amp;eo_id_str=ID%3D82920821af9aedf2%3AT%3D1725972069%3ART%3D1725972069%3AS%3DAA-AfjbJTbr9tWH2Fgu2q7JGO04x&amp;prev_fmts=0x0%2C728x90%2C638x280&amp;nras=3&amp;correlator=7369496453675&amp;frm=20&amp;pv=1&amp;u_tz=-180&amp;u_his=1&amp;u_h=768&amp;u_w=1366&amp;u_ah=728&amp;u_aw=1366&amp;u_cd=24&amp;u_sd=1&amp;dmc=8&amp;adx=190&amp;ady=2232&amp;biw=1349&amp;bih=607&amp;scr_x=0&amp;scr_y=0&amp;eid=44759876%2C44759927%2C44759842%2C31086852%2C95338227%2C95341662%2C95341671%2C95340252%2C95340254&amp;oid=2&amp;pvsid=1713316113209092&amp;tmod=1091497207&amp;uas=0&amp;nvt=1&amp;ref=https%3A%2F%2Fl.facebook.com%2F&amp;fc=1408&amp;brdim=0%2C0%2C0%2C0%2C1366%2C0%2C1366%2C728%2C1366%2C607&amp;vis=1&amp;rsz=%7C%7Cs%7C&amp;abl=NS&amp;fu=128&amp;bc=31&amp;bz=1&amp;td=1&amp;tdf=2&amp;psd=W251bGwsbnVsbCxudWxsLDNd&amp;nt=1&amp;ifi=4&amp;uci=a!4&amp;btvi=2&amp;fsb=1&amp;dtd=60\" name=\"aswift_3\" width=\"638\" height=\"0\" frameborder=\"0\" marginwidth=\"0\" marginheight=\"0\" scrolling=\"no\" sandbox=\"allow-forms allow-popups allow-popups-to-escape-sandbox allow-same-origin allow-scripts allow-top-navigation-by-user-activation\" data-google-container-id=\"a!4\" aria-label=\"Advertisement\" data-load-complete=\"true\" data-google-query-id=\"CO2JroGzuIgDFQ9YuAQdTWYi7w\" data-mce-fragment=\"1\"><\/iframe><\/div>\n<p><\/ins><\/div>\n<p>\u00bfFormas de pago? M\u00faltiples: cuotas (fijas con inter\u00e9s), financiadas por el mismo balneario, dos de $ 1.700.000 o tres de $ 1.250.000 o, con promociones bancarias, 9 y hasta 12 cuotas. Luego, cheques y d\u00f3lar billete, incluidos los de cara chica.<\/p>\n<p>Es claro que son pocos los que pagan semejante monto sin negociar ya sea la forma de pago, alg\u00fan punto menos de indexaci\u00f3n, o alg\u00fan extra, por ejemplo una cochera, la sombrilla asegurada en la orilla. Tambi\u00e9n, flexibilidad: que el balneario permita que la carpa sea utilizada por m\u00e1s de 6 personas al mismo tiempo, aunque algunos no lo permiten.<\/p>\n<p>Aqu\u00ed los operadores hablan del alquiler de sombra, pero en verdad el servicio de balneario comprende desde el estacionamiento, pileta con guardavidas, deportes y actividades para los chiquitos, vestuarios y duchas, entre otros, son clubes de playa.<\/p>\n<p>Los m\u00e1s econ\u00f3micos est\u00e1n del otro lado del faro, los balnearios de las unidades de la bah\u00eda de Punta Mogotes, desde $ 1.200.000 la carpa del 15 de diciembre al 15 de marzo, m\u00e1s $ 150.000 si se elige con estacionamiento descubierto. En la misma franja de costa los valores llegan casi a los $ 2.000.000. El a\u00f1o pasado una carpa all\u00ed se pag\u00f3 de $ 500.000 a $ 700.000.<\/p>\n<p>En Playa Grande, pagando contado efectivo sale hoy $ 3.300.000 la temporada; enero, $ 2.150.000; febrero, $ 1.700.000. La sombrilla en el mismo balneario cuesta la temperada $ 2.800.000. En La Perla, m\u00e1s c\u00e9ntricos, sin estacionamiento, se anuncia en estos d\u00edas a $ 2.900.000 la carpa por temporada. Aqu\u00ed el incremento es fuerte: el a\u00f1o pasado costaba $ 600.000. Lo mismo ocurre con los balnearios ubicados m\u00e1s al norte.<\/p>\n<p>A diferencia de las inmobiliarias, que reciben la \u00absugerencia\u00bb del Colegio de Martilleros para fijar los precios de la temporada (todav\u00eda no se dieron a conocer los del pr\u00f3ximo verano), la c\u00e1mara que nuclea a los balnearios no regula los precios ni da valores sugeridos a sus asociados, libres de fijar sus propios tarifarios, sin pisos ni m\u00e1ximos, sea para la temporada completa, el mes o el alquiler diario.<\/p><\/div>\n<div class=\"entry__article\">\n<p><em><strong>Fuente: Clar\u00edn\u00a0<\/strong><\/em><\/div>\n<\/div>\n","protected":false},"excerpt":{"rendered":"<p>Se trata de los primeros n\u00fameros que llegan de cara a la pr\u00f3xima temporada estival. \u00a0La \u00absombra\u00bb en La Feliz arranca en $ 1,3 mill\u00f3n y puede superar los $ 4 millones.<\/p>\n","protected":false},"author":3,"featured_media":107200,"comment_status":"closed","ping_status":"closed","sticky":false,"template":"","format":"standard","meta":{"footnotes":""},"categories":[36,33],"tags":[],"class_list":["post-107199","post","type-post","status-publish","format-standard","has-post-thumbnail","hentry","category-economia","category-turismo"],"yoast_head":"<!-- This site is optimized with the Yoast SEO plugin v25.9 - https:\/\/yoast.com\/wordpress\/plugins\/seo\/ -->\n<title>Verano 2025: se duplicaron los precios en d\u00f3lares de las carpas en Mar del Plata - Noticias Radio Reflejos<\/title>\n<meta name=\"robots\" content=\"index, follow, max-snippet:-1, max-image-preview:large, max-video-preview:-1\" \/>\n<link rel=\"canonical\" href=\"https:\/\/www.noticiasradioreflejos.com.ar\/2021\/verano-2025-se-duplicaron-los-precios-en-dolares-de-las-carpas-en-mar-del-plata\/\" \/>\n<meta property=\"og:locale\" content=\"es_ES\" \/>\n<meta property=\"og:type\" content=\"article\" \/>\n<meta property=\"og:title\" content=\"Verano 2025: se duplicaron los precios en d\u00f3lares de las carpas en Mar del Plata - Noticias Radio Reflejos\" \/>\n<meta property=\"og:description\" content=\"Se trata de los primeros n\u00fameros que llegan de cara a la pr\u00f3xima temporada estival. \u00a0La \u00absombra\u00bb en La Feliz arranca en $ 1,3 mill\u00f3n y puede superar los $ 4 millones.\" \/>\n<meta property=\"og:url\" content=\"https:\/\/www.noticiasradioreflejos.com.ar\/2021\/verano-2025-se-duplicaron-los-precios-en-dolares-de-las-carpas-en-mar-del-plata\/\" \/>\n<meta property=\"og:site_name\" content=\"Noticias Radio Reflejos\" \/>\n<meta property=\"article:published_time\" content=\"2024-09-10T12:50:04+00:00\" \/>\n<meta property=\"og:image\" content=\"https:\/\/www.noticiasradioreflejos.com.ar\/2021\/wp-content\/uploads\/2024\/09\/balneario-mdq.jpg\" \/>\n\t<meta property=\"og:image:width\" content=\"742\" \/>\n\t<meta property=\"og:image:height\" content=\"480\" \/>\n\t<meta property=\"og:image:type\" content=\"image\/jpeg\" \/>\n<meta name=\"author\" content=\"Arnaldo Botto\" \/>\n<meta name=\"twitter:card\" content=\"summary_large_image\" \/>\n<script type=\"application\/ld+json\" class=\"yoast-schema-graph\">{\"@context\":\"https:\/\/schema.org\",\"@graph\":[{\"@type\":\"WebPage\",\"@id\":\"https:\/\/www.noticiasradioreflejos.com.ar\/2021\/verano-2025-se-duplicaron-los-precios-en-dolares-de-las-carpas-en-mar-del-plata\/\",\"url\":\"https:\/\/www.noticiasradioreflejos.com.ar\/2021\/verano-2025-se-duplicaron-los-precios-en-dolares-de-las-carpas-en-mar-del-plata\/\",\"name\":\"Verano 2025: se duplicaron los precios en d\u00f3lares de las carpas en Mar del Plata - Noticias Radio Reflejos\",\"isPartOf\":{\"@id\":\"https:\/\/www.noticiasradioreflejos.com.ar\/2021\/#website\"},\"primaryImageOfPage\":{\"@id\":\"https:\/\/www.noticiasradioreflejos.com.ar\/2021\/verano-2025-se-duplicaron-los-precios-en-dolares-de-las-carpas-en-mar-del-plata\/#primaryimage\"},\"image\":{\"@id\":\"https:\/\/www.noticiasradioreflejos.com.ar\/2021\/verano-2025-se-duplicaron-los-precios-en-dolares-de-las-carpas-en-mar-del-plata\/#primaryimage\"},\"thumbnailUrl\":\"https:\/\/www.noticiasradioreflejos.com.ar\/2021\/wp-content\/uploads\/2024\/09\/balneario-mdq.jpg\",\"datePublished\":\"2024-09-10T12:50:04+00:00\",\"author\":{\"@id\":\"https:\/\/www.noticiasradioreflejos.com.ar\/2021\/#\/schema\/person\/ad82545263dcc5ec0996818884fd5fb1\"},\"breadcrumb\":{\"@id\":\"https:\/\/www.noticiasradioreflejos.com.ar\/2021\/verano-2025-se-duplicaron-los-precios-en-dolares-de-las-carpas-en-mar-del-plata\/#breadcrumb\"},\"inLanguage\":\"es\",\"potentialAction\":[{\"@type\":\"ReadAction\",\"target\":[\"https:\/\/www.noticiasradioreflejos.com.ar\/2021\/verano-2025-se-duplicaron-los-precios-en-dolares-de-las-carpas-en-mar-del-plata\/\"]}]},{\"@type\":\"ImageObject\",\"inLanguage\":\"es\",\"@id\":\"https:\/\/www.noticiasradioreflejos.com.ar\/2021\/verano-2025-se-duplicaron-los-precios-en-dolares-de-las-carpas-en-mar-del-plata\/#primaryimage\",\"url\":\"https:\/\/www.noticiasradioreflejos.com.ar\/2021\/wp-content\/uploads\/2024\/09\/balneario-mdq.jpg\",\"contentUrl\":\"https:\/\/www.noticiasradioreflejos.com.ar\/2021\/wp-content\/uploads\/2024\/09\/balneario-mdq.jpg\",\"width\":742,\"height\":480},{\"@type\":\"BreadcrumbList\",\"@id\":\"https:\/\/www.noticiasradioreflejos.com.ar\/2021\/verano-2025-se-duplicaron-los-precios-en-dolares-de-las-carpas-en-mar-del-plata\/#breadcrumb\",\"itemListElement\":[{\"@type\":\"ListItem\",\"position\":1,\"name\":\"Portada\",\"item\":\"https:\/\/www.noticiasradioreflejos.com.ar\/2021\/\"},{\"@type\":\"ListItem\",\"position\":2,\"name\":\"Verano 2025: se duplicaron los precios en d\u00f3lares de las carpas en Mar del Plata\"}]},{\"@type\":\"WebSite\",\"@id\":\"https:\/\/www.noticiasradioreflejos.com.ar\/2021\/#website\",\"url\":\"https:\/\/www.noticiasradioreflejos.com.ar\/2021\/\",\"name\":\"Noticias Radio Reflejos\",\"description\":\"Las noticias de mi comarca\",\"potentialAction\":[{\"@type\":\"SearchAction\",\"target\":{\"@type\":\"EntryPoint\",\"urlTemplate\":\"https:\/\/www.noticiasradioreflejos.com.ar\/2021\/?s={search_term_string}\"},\"query-input\":{\"@type\":\"PropertyValueSpecification\",\"valueRequired\":true,\"valueName\":\"search_term_string\"}}],\"inLanguage\":\"es\"},{\"@type\":\"Person\",\"@id\":\"https:\/\/www.noticiasradioreflejos.com.ar\/2021\/#\/schema\/person\/ad82545263dcc5ec0996818884fd5fb1\",\"name\":\"Arnaldo Botto\",\"image\":{\"@type\":\"ImageObject\",\"inLanguage\":\"es\",\"@id\":\"https:\/\/www.noticiasradioreflejos.com.ar\/2021\/#\/schema\/person\/image\/\",\"url\":\"https:\/\/secure.gravatar.com\/avatar\/55cb5e37c1efa326397366e6974cb338056df65cb50e7d64d1cf314e87504837?s=96&d=mm&r=g\",\"contentUrl\":\"https:\/\/secure.gravatar.com\/avatar\/55cb5e37c1efa326397366e6974cb338056df65cb50e7d64d1cf314e87504837?s=96&d=mm&r=g\",\"caption\":\"Arnaldo Botto\"},\"url\":\"https:\/\/www.noticiasradioreflejos.com.ar\/2021\/author\/arnaldo\/\"}]}<\/script>\n<!-- \/ Yoast SEO plugin. -->","yoast_head_json":{"title":"Verano 2025: se duplicaron los precios en d\u00f3lares de las carpas en Mar del Plata - Noticias Radio Reflejos","robots":{"index":"index","follow":"follow","max-snippet":"max-snippet:-1","max-image-preview":"max-image-preview:large","max-video-preview":"max-video-preview:-1"},"canonical":"https:\/\/www.noticiasradioreflejos.com.ar\/2021\/verano-2025-se-duplicaron-los-precios-en-dolares-de-las-carpas-en-mar-del-plata\/","og_locale":"es_ES","og_type":"article","og_title":"Verano 2025: se duplicaron los precios en d\u00f3lares de las carpas en Mar del Plata - Noticias Radio Reflejos","og_description":"Se trata de los primeros n\u00fameros que llegan de cara a la pr\u00f3xima temporada estival. \u00a0La \u00absombra\u00bb en La Feliz arranca en $ 1,3 mill\u00f3n y puede superar los $ 4 millones.","og_url":"https:\/\/www.noticiasradioreflejos.com.ar\/2021\/verano-2025-se-duplicaron-los-precios-en-dolares-de-las-carpas-en-mar-del-plata\/","og_site_name":"Noticias Radio Reflejos","article_published_time":"2024-09-10T12:50:04+00:00","og_image":[{"width":742,"height":480,"url":"https:\/\/www.noticiasradioreflejos.com.ar\/2021\/wp-content\/uploads\/2024\/09\/balneario-mdq.jpg","type":"image\/jpeg"}],"author":"Arnaldo Botto","twitter_card":"summary_large_image","schema":{"@context":"https:\/\/schema.org","@graph":[{"@type":"WebPage","@id":"https:\/\/www.noticiasradioreflejos.com.ar\/2021\/verano-2025-se-duplicaron-los-precios-en-dolares-de-las-carpas-en-mar-del-plata\/","url":"https:\/\/www.noticiasradioreflejos.com.ar\/2021\/verano-2025-se-duplicaron-los-precios-en-dolares-de-las-carpas-en-mar-del-plata\/","name":"Verano 2025: se duplicaron los precios en d\u00f3lares de las carpas en Mar del Plata - Noticias Radio Reflejos","isPartOf":{"@id":"https:\/\/www.noticiasradioreflejos.com.ar\/2021\/#website"},"primaryImageOfPage":{"@id":"https:\/\/www.noticiasradioreflejos.com.ar\/2021\/verano-2025-se-duplicaron-los-precios-en-dolares-de-las-carpas-en-mar-del-plata\/#primaryimage"},"image":{"@id":"https:\/\/www.noticiasradioreflejos.com.ar\/2021\/verano-2025-se-duplicaron-los-precios-en-dolares-de-las-carpas-en-mar-del-plata\/#primaryimage"},"thumbnailUrl":"https:\/\/www.noticiasradioreflejos.com.ar\/2021\/wp-content\/uploads\/2024\/09\/balneario-mdq.jpg","datePublished":"2024-09-10T12:50:04+00:00","author":{"@id":"https:\/\/www.noticiasradioreflejos.com.ar\/2021\/#\/schema\/person\/ad82545263dcc5ec0996818884fd5fb1"},"breadcrumb":{"@id":"https:\/\/www.noticiasradioreflejos.com.ar\/2021\/verano-2025-se-duplicaron-los-precios-en-dolares-de-las-carpas-en-mar-del-plata\/#breadcrumb"},"inLanguage":"es","potentialAction":[{"@type":"ReadAction","target":["https:\/\/www.noticiasradioreflejos.com.ar\/2021\/verano-2025-se-duplicaron-los-precios-en-dolares-de-las-carpas-en-mar-del-plata\/"]}]},{"@type":"ImageObject","inLanguage":"es","@id":"https:\/\/www.noticiasradioreflejos.com.ar\/2021\/verano-2025-se-duplicaron-los-precios-en-dolares-de-las-carpas-en-mar-del-plata\/#primaryimage","url":"https:\/\/www.noticiasradioreflejos.com.ar\/2021\/wp-content\/uploads\/2024\/09\/balneario-mdq.jpg","contentUrl":"https:\/\/www.noticiasradioreflejos.com.ar\/2021\/wp-content\/uploads\/2024\/09\/balneario-mdq.jpg","width":742,"height":480},{"@type":"BreadcrumbList","@id":"https:\/\/www.noticiasradioreflejos.com.ar\/2021\/verano-2025-se-duplicaron-los-precios-en-dolares-de-las-carpas-en-mar-del-plata\/#breadcrumb","itemListElement":[{"@type":"ListItem","position":1,"name":"Portada","item":"https:\/\/www.noticiasradioreflejos.com.ar\/2021\/"},{"@type":"ListItem","position":2,"name":"Verano 2025: se duplicaron los precios en d\u00f3lares de las carpas en Mar del Plata"}]},{"@type":"WebSite","@id":"https:\/\/www.noticiasradioreflejos.com.ar\/2021\/#website","url":"https:\/\/www.noticiasradioreflejos.com.ar\/2021\/","name":"Noticias Radio Reflejos","description":"Las noticias de mi comarca","potentialAction":[{"@type":"SearchAction","target":{"@type":"EntryPoint","urlTemplate":"https:\/\/www.noticiasradioreflejos.com.ar\/2021\/?s={search_term_string}"},"query-input":{"@type":"PropertyValueSpecification","valueRequired":true,"valueName":"search_term_string"}}],"inLanguage":"es"},{"@type":"Person","@id":"https:\/\/www.noticiasradioreflejos.com.ar\/2021\/#\/schema\/person\/ad82545263dcc5ec0996818884fd5fb1","name":"Arnaldo Botto","image":{"@type":"ImageObject","inLanguage":"es","@id":"https:\/\/www.noticiasradioreflejos.com.ar\/2021\/#\/schema\/person\/image\/","url":"https:\/\/secure.gravatar.com\/avatar\/55cb5e37c1efa326397366e6974cb338056df65cb50e7d64d1cf314e87504837?s=96&d=mm&r=g","contentUrl":"https:\/\/secure.gravatar.com\/avatar\/55cb5e37c1efa326397366e6974cb338056df65cb50e7d64d1cf314e87504837?s=96&d=mm&r=g","caption":"Arnaldo Botto"},"url":"https:\/\/www.noticiasradioreflejos.com.ar\/2021\/author\/arnaldo\/"}]}},"_links":{"self":[{"href":"https:\/\/www.noticiasradioreflejos.com.ar\/2021\/wp-json\/wp\/v2\/posts\/107199","targetHints":{"allow":["GET"]}}],"collection":[{"href":"https:\/\/www.noticiasradioreflejos.com.ar\/2021\/wp-json\/wp\/v2\/posts"}],"about":[{"href":"https:\/\/www.noticiasradioreflejos.com.ar\/2021\/wp-json\/wp\/v2\/types\/post"}],"author":[{"embeddable":true,"href":"https:\/\/www.noticiasradioreflejos.com.ar\/2021\/wp-json\/wp\/v2\/users\/3"}],"replies":[{"embeddable":true,"href":"https:\/\/www.noticiasradioreflejos.com.ar\/2021\/wp-json\/wp\/v2\/comments?post=107199"}],"version-history":[{"count":1,"href":"https:\/\/www.noticiasradioreflejos.com.ar\/2021\/wp-json\/wp\/v2\/posts\/107199\/revisions"}],"predecessor-version":[{"id":107201,"href":"https:\/\/www.noticiasradioreflejos.com.ar\/2021\/wp-json\/wp\/v2\/posts\/107199\/revisions\/107201"}],"wp:featuredmedia":[{"embeddable":true,"href":"https:\/\/www.noticiasradioreflejos.com.ar\/2021\/wp-json\/wp\/v2\/media\/107200"}],"wp:attachment":[{"href":"https:\/\/www.noticiasradioreflejos.com.ar\/2021\/wp-json\/wp\/v2\/media?parent=107199"}],"wp:term":[{"taxonomy":"category","embeddable":true,"href":"https:\/\/www.noticiasradioreflejos.com.ar\/2021\/wp-json\/wp\/v2\/categories?post=107199"},{"taxonomy":"post_tag","embeddable":true,"href":"https:\/\/www.noticiasradioreflejos.com.ar\/2021\/wp-json\/wp\/v2\/tags?post=107199"}],"curies":[{"name":"wp","href":"https:\/\/api.w.org\/{rel}","templated":true}]}}