{"id":107145,"date":"2024-09-09T10:33:34","date_gmt":"2024-09-09T13:33:34","guid":{"rendered":"https:\/\/www.noticiasradioreflejos.com.ar\/2021\/?p=107145"},"modified":"2024-09-09T10:33:34","modified_gmt":"2024-09-09T13:33:34","slug":"como-le-fue-a-la-delegacion-argentina-en-los-juegos-paralimpicos-2024-todas-las-medallas","status":"publish","type":"post","link":"https:\/\/www.noticiasradioreflejos.com.ar\/2021\/como-le-fue-a-la-delegacion-argentina-en-los-juegos-paralimpicos-2024-todas-las-medallas\/","title":{"rendered":"C\u00f3mo le fue a la delegaci\u00f3n argentina en los Juegos Paral\u00edmpicos 2024: todas las medallas"},"content":{"rendered":"<p>Los deportistas argentinos tuvieron una notable actuaci\u00f3n en Par\u00eds 2024, siendo la mejor desde 1980.<!--more--><\/p>\n<div class=\"sizer\" data-sizer=\"aspect-ratio\" data-tadevel-template=\"web\/aspect-ratio\"><\/div>\n<div class=\"article-body\" data-tadevel-template=\"web\/article-body\">\n<div class=\"article-body-content\">\n<p>La\u00a0<strong>delegaci\u00f3n argentina<\/strong>\u00a0en los Juegos Paral\u00edmpicos de Par\u00eds 2024 tuvo una destacada actuaci\u00f3n, demostrando\u00a0un alto nivel competitivo y un gran esp\u00edritu deportivo.<\/p>\n<p>Los atletas argentinos lograron resultados hist\u00f3ricos y dejaron en alto el nombre del pa\u00eds.<\/p>\n<p>Fueron en total 13 medallas (dos oro, tres plata y ocho bronce). De esta manera, la delegaci\u00f3n compuesta de 70 deportistas finaliz\u00f3 en el puesto 37 de la clasificaci\u00f3n general y logro su quinta mejor performance y la m\u00e1s destacada desde Arnhem 1980.<\/p>\n<p><strong>Logros clave:<\/strong><\/p>\n<ul>\n<li>Medallero: Conquist\u00f3 un total de 13 medallas: 2 de oro, 3 de plata y 8 de bronce, ubic\u00e1ndose en el puesto 37 del medallero general.<\/li>\n<li>Mejor desempe\u00f1o desde 1980: Esta fue la quinta mejor actuaci\u00f3n hist\u00f3rica de la delegaci\u00f3n argentina y la mejor desde Arnhem 1980, donde sum\u00f3 15 medallas.<\/li>\n<li>Diversidad de disciplinas: Los deportistas argentinos compitieron en diversas disciplinas como atletismo, nataci\u00f3n, boccia, ciclismo, judo y tenis de mesa, obteniendo diplomas en todas ellas.<\/li>\n<\/ul>\n<p><strong>Aspectos destacados:<\/strong><\/p>\n<ul>\n<li>Oro para I\u00f1aki Basiloff y Brian Impellizzeri: Los nadadores I\u00f1aki Basiloff (200 metros estilos individual SM7) y Brian Impellizzeri (salto en largo T37) obtuvieron las medallas de oro para Argentina.<\/li>\n<li>Participaci\u00f3n femenina: La delegaci\u00f3n argentina cont\u00f3 con una importante participaci\u00f3n femenina, con 6 mujeres compitiendo en diferentes disciplinas.<\/li>\n<\/ul>\n<h3>Una por una, todas las medallas de la Argentina en los Juegos Paral\u00edmpicos 2024<\/h3>\n<ul>\n<li>Oro: I\u00f1aki Basiloff \u2013 200 metros estilos individual SM7 (nataci\u00f3n).<\/li>\n<li>Oro: Brian Impellizzeri &#8211; salto en largo T37.<\/li>\n<li>Plata: Hern\u00e1n Urra &#8211; Lanzamiento de bala T35.<\/li>\n<li>Plata: Los Murci\u00e9lagos &#8211; F\u00fatbol masculino para ciegos.<\/li>\n<li>Plata: Alexis Sebasti\u00e1n Ch\u00e1vez &#8211; 100 metros T36 (atletismo).<\/li>\n<li>Bronce: Antonella Ruiz D\u00edaz &#8211; Lanzamiento de peso F41.<\/li>\n<li>Bronce: Juan Samorano &#8211; Para Taekwondo K44 (-70 kg).<\/li>\n<li>Bronce: Fernando V\u00e1zquez &#8211; Salto de longitud T12.<\/li>\n<li>Bronce: I\u00f1aki Basiloff &#8211; 400 metros libre S7 (nataci\u00f3n).<\/li>\n<li>Bronce: Alexis Sebasti\u00e1n Ch\u00e1vez &#8211; 400 metros T36 (atletismo).<\/li>\n<li>Bronce: Stefan\u00eda Ferrando y Rodrigo Romero &#8211; Boccia (pareja mixta).<\/li>\n<li>Bronce: Paula G\u00f3mez &#8211; Para Judo (-57kg).<\/li>\n<li>Bronce: Gustavo Fern\u00e1ndez &#8211; Tenis individual masculino en silla de ruedas.<\/li>\n<\/ul>\n<\/div>\n<\/div>\n<div class=\"top style-scope view-comment-preview\">\n<div class=\"title style-scope view-comment-preview\">Comentarios (0)<\/div>\n<\/div>\n","protected":false},"excerpt":{"rendered":"<p>Los deportistas argentinos tuvieron una notable actuaci\u00f3n en Par\u00eds 2024, siendo la mejor desde 1980.<\/p>\n","protected":false},"author":3,"featured_media":0,"comment_status":"closed","ping_status":"closed","sticky":false,"template":"","format":"standard","meta":{"footnotes":""},"categories":[27],"tags":[],"class_list":["post-107145","post","type-post","status-publish","format-standard","hentry","category-deportes"],"yoast_head":"<!-- This site is optimized with the Yoast SEO plugin v25.9 - https:\/\/yoast.com\/wordpress\/plugins\/seo\/ -->\n<title>C\u00f3mo le fue a la delegaci\u00f3n argentina en los Juegos Paral\u00edmpicos 2024: todas las medallas - Noticias Radio Reflejos<\/title>\n<meta name=\"robots\" content=\"index, follow, max-snippet:-1, max-image-preview:large, max-video-preview:-1\" \/>\n<link rel=\"canonical\" href=\"https:\/\/www.noticiasradioreflejos.com.ar\/2021\/como-le-fue-a-la-delegacion-argentina-en-los-juegos-paralimpicos-2024-todas-las-medallas\/\" \/>\n<meta property=\"og:locale\" content=\"es_ES\" \/>\n<meta property=\"og:type\" content=\"article\" \/>\n<meta property=\"og:title\" content=\"C\u00f3mo le fue a la delegaci\u00f3n argentina en los Juegos Paral\u00edmpicos 2024: todas las medallas - Noticias Radio Reflejos\" \/>\n<meta property=\"og:description\" content=\"Los deportistas argentinos tuvieron una notable actuaci\u00f3n en Par\u00eds 2024, siendo la mejor desde 1980.\" \/>\n<meta property=\"og:url\" content=\"https:\/\/www.noticiasradioreflejos.com.ar\/2021\/como-le-fue-a-la-delegacion-argentina-en-los-juegos-paralimpicos-2024-todas-las-medallas\/\" \/>\n<meta property=\"og:site_name\" content=\"Noticias Radio Reflejos\" \/>\n<meta property=\"article:published_time\" content=\"2024-09-09T13:33:34+00:00\" \/>\n<meta property=\"og:image\" content=\"https:\/\/www.noticiasradioreflejos.com.ar\/2021\/wp-content\/uploads\/2021\/07\/logosol300x200.png\" \/>\n\t<meta property=\"og:image:width\" content=\"300\" \/>\n\t<meta property=\"og:image:height\" content=\"200\" \/>\n\t<meta property=\"og:image:type\" content=\"image\/png\" \/>\n<meta name=\"author\" content=\"Arnaldo Botto\" \/>\n<meta name=\"twitter:card\" content=\"summary_large_image\" \/>\n<script type=\"application\/ld+json\" class=\"yoast-schema-graph\">{\"@context\":\"https:\/\/schema.org\",\"@graph\":[{\"@type\":\"WebPage\",\"@id\":\"https:\/\/www.noticiasradioreflejos.com.ar\/2021\/como-le-fue-a-la-delegacion-argentina-en-los-juegos-paralimpicos-2024-todas-las-medallas\/\",\"url\":\"https:\/\/www.noticiasradioreflejos.com.ar\/2021\/como-le-fue-a-la-delegacion-argentina-en-los-juegos-paralimpicos-2024-todas-las-medallas\/\",\"name\":\"C\u00f3mo le fue a la delegaci\u00f3n argentina en los Juegos Paral\u00edmpicos 2024: todas las medallas - Noticias Radio Reflejos\",\"isPartOf\":{\"@id\":\"https:\/\/www.noticiasradioreflejos.com.ar\/2021\/#website\"},\"datePublished\":\"2024-09-09T13:33:34+00:00\",\"author\":{\"@id\":\"https:\/\/www.noticiasradioreflejos.com.ar\/2021\/#\/schema\/person\/ad82545263dcc5ec0996818884fd5fb1\"},\"breadcrumb\":{\"@id\":\"https:\/\/www.noticiasradioreflejos.com.ar\/2021\/como-le-fue-a-la-delegacion-argentina-en-los-juegos-paralimpicos-2024-todas-las-medallas\/#breadcrumb\"},\"inLanguage\":\"es\",\"potentialAction\":[{\"@type\":\"ReadAction\",\"target\":[\"https:\/\/www.noticiasradioreflejos.com.ar\/2021\/como-le-fue-a-la-delegacion-argentina-en-los-juegos-paralimpicos-2024-todas-las-medallas\/\"]}]},{\"@type\":\"BreadcrumbList\",\"@id\":\"https:\/\/www.noticiasradioreflejos.com.ar\/2021\/como-le-fue-a-la-delegacion-argentina-en-los-juegos-paralimpicos-2024-todas-las-medallas\/#breadcrumb\",\"itemListElement\":[{\"@type\":\"ListItem\",\"position\":1,\"name\":\"Portada\",\"item\":\"https:\/\/www.noticiasradioreflejos.com.ar\/2021\/\"},{\"@type\":\"ListItem\",\"position\":2,\"name\":\"C\u00f3mo le fue a la delegaci\u00f3n argentina en los Juegos Paral\u00edmpicos 2024: todas las medallas\"}]},{\"@type\":\"WebSite\",\"@id\":\"https:\/\/www.noticiasradioreflejos.com.ar\/2021\/#website\",\"url\":\"https:\/\/www.noticiasradioreflejos.com.ar\/2021\/\",\"name\":\"Noticias Radio Reflejos\",\"description\":\"Las noticias de mi comarca\",\"potentialAction\":[{\"@type\":\"SearchAction\",\"target\":{\"@type\":\"EntryPoint\",\"urlTemplate\":\"https:\/\/www.noticiasradioreflejos.com.ar\/2021\/?s={search_term_string}\"},\"query-input\":{\"@type\":\"PropertyValueSpecification\",\"valueRequired\":true,\"valueName\":\"search_term_string\"}}],\"inLanguage\":\"es\"},{\"@type\":\"Person\",\"@id\":\"https:\/\/www.noticiasradioreflejos.com.ar\/2021\/#\/schema\/person\/ad82545263dcc5ec0996818884fd5fb1\",\"name\":\"Arnaldo Botto\",\"image\":{\"@type\":\"ImageObject\",\"inLanguage\":\"es\",\"@id\":\"https:\/\/www.noticiasradioreflejos.com.ar\/2021\/#\/schema\/person\/image\/\",\"url\":\"https:\/\/secure.gravatar.com\/avatar\/55cb5e37c1efa326397366e6974cb338056df65cb50e7d64d1cf314e87504837?s=96&d=mm&r=g\",\"contentUrl\":\"https:\/\/secure.gravatar.com\/avatar\/55cb5e37c1efa326397366e6974cb338056df65cb50e7d64d1cf314e87504837?s=96&d=mm&r=g\",\"caption\":\"Arnaldo Botto\"},\"url\":\"https:\/\/www.noticiasradioreflejos.com.ar\/2021\/author\/arnaldo\/\"}]}<\/script>\n<!-- \/ Yoast SEO plugin. -->","yoast_head_json":{"title":"C\u00f3mo le fue a la delegaci\u00f3n argentina en los Juegos Paral\u00edmpicos 2024: todas las medallas - Noticias Radio Reflejos","robots":{"index":"index","follow":"follow","max-snippet":"max-snippet:-1","max-image-preview":"max-image-preview:large","max-video-preview":"max-video-preview:-1"},"canonical":"https:\/\/www.noticiasradioreflejos.com.ar\/2021\/como-le-fue-a-la-delegacion-argentina-en-los-juegos-paralimpicos-2024-todas-las-medallas\/","og_locale":"es_ES","og_type":"article","og_title":"C\u00f3mo le fue a la delegaci\u00f3n argentina en los Juegos Paral\u00edmpicos 2024: todas las medallas - Noticias Radio Reflejos","og_description":"Los deportistas argentinos tuvieron una notable actuaci\u00f3n en Par\u00eds 2024, siendo la mejor desde 1980.","og_url":"https:\/\/www.noticiasradioreflejos.com.ar\/2021\/como-le-fue-a-la-delegacion-argentina-en-los-juegos-paralimpicos-2024-todas-las-medallas\/","og_site_name":"Noticias Radio Reflejos","article_published_time":"2024-09-09T13:33:34+00:00","og_image":[{"width":300,"height":200,"url":"https:\/\/www.noticiasradioreflejos.com.ar\/2021\/wp-content\/uploads\/2021\/07\/logosol300x200.png","type":"image\/png"}],"author":"Arnaldo Botto","twitter_card":"summary_large_image","schema":{"@context":"https:\/\/schema.org","@graph":[{"@type":"WebPage","@id":"https:\/\/www.noticiasradioreflejos.com.ar\/2021\/como-le-fue-a-la-delegacion-argentina-en-los-juegos-paralimpicos-2024-todas-las-medallas\/","url":"https:\/\/www.noticiasradioreflejos.com.ar\/2021\/como-le-fue-a-la-delegacion-argentina-en-los-juegos-paralimpicos-2024-todas-las-medallas\/","name":"C\u00f3mo le fue a la delegaci\u00f3n argentina en los Juegos Paral\u00edmpicos 2024: todas las medallas - Noticias Radio Reflejos","isPartOf":{"@id":"https:\/\/www.noticiasradioreflejos.com.ar\/2021\/#website"},"datePublished":"2024-09-09T13:33:34+00:00","author":{"@id":"https:\/\/www.noticiasradioreflejos.com.ar\/2021\/#\/schema\/person\/ad82545263dcc5ec0996818884fd5fb1"},"breadcrumb":{"@id":"https:\/\/www.noticiasradioreflejos.com.ar\/2021\/como-le-fue-a-la-delegacion-argentina-en-los-juegos-paralimpicos-2024-todas-las-medallas\/#breadcrumb"},"inLanguage":"es","potentialAction":[{"@type":"ReadAction","target":["https:\/\/www.noticiasradioreflejos.com.ar\/2021\/como-le-fue-a-la-delegacion-argentina-en-los-juegos-paralimpicos-2024-todas-las-medallas\/"]}]},{"@type":"BreadcrumbList","@id":"https:\/\/www.noticiasradioreflejos.com.ar\/2021\/como-le-fue-a-la-delegacion-argentina-en-los-juegos-paralimpicos-2024-todas-las-medallas\/#breadcrumb","itemListElement":[{"@type":"ListItem","position":1,"name":"Portada","item":"https:\/\/www.noticiasradioreflejos.com.ar\/2021\/"},{"@type":"ListItem","position":2,"name":"C\u00f3mo le fue a la delegaci\u00f3n argentina en los Juegos Paral\u00edmpicos 2024: todas las medallas"}]},{"@type":"WebSite","@id":"https:\/\/www.noticiasradioreflejos.com.ar\/2021\/#website","url":"https:\/\/www.noticiasradioreflejos.com.ar\/2021\/","name":"Noticias Radio Reflejos","description":"Las noticias de mi comarca","potentialAction":[{"@type":"SearchAction","target":{"@type":"EntryPoint","urlTemplate":"https:\/\/www.noticiasradioreflejos.com.ar\/2021\/?s={search_term_string}"},"query-input":{"@type":"PropertyValueSpecification","valueRequired":true,"valueName":"search_term_string"}}],"inLanguage":"es"},{"@type":"Person","@id":"https:\/\/www.noticiasradioreflejos.com.ar\/2021\/#\/schema\/person\/ad82545263dcc5ec0996818884fd5fb1","name":"Arnaldo Botto","image":{"@type":"ImageObject","inLanguage":"es","@id":"https:\/\/www.noticiasradioreflejos.com.ar\/2021\/#\/schema\/person\/image\/","url":"https:\/\/secure.gravatar.com\/avatar\/55cb5e37c1efa326397366e6974cb338056df65cb50e7d64d1cf314e87504837?s=96&d=mm&r=g","contentUrl":"https:\/\/secure.gravatar.com\/avatar\/55cb5e37c1efa326397366e6974cb338056df65cb50e7d64d1cf314e87504837?s=96&d=mm&r=g","caption":"Arnaldo Botto"},"url":"https:\/\/www.noticiasradioreflejos.com.ar\/2021\/author\/arnaldo\/"}]}},"_links":{"self":[{"href":"https:\/\/www.noticiasradioreflejos.com.ar\/2021\/wp-json\/wp\/v2\/posts\/107145","targetHints":{"allow":["GET"]}}],"collection":[{"href":"https:\/\/www.noticiasradioreflejos.com.ar\/2021\/wp-json\/wp\/v2\/posts"}],"about":[{"href":"https:\/\/www.noticiasradioreflejos.com.ar\/2021\/wp-json\/wp\/v2\/types\/post"}],"author":[{"embeddable":true,"href":"https:\/\/www.noticiasradioreflejos.com.ar\/2021\/wp-json\/wp\/v2\/users\/3"}],"replies":[{"embeddable":true,"href":"https:\/\/www.noticiasradioreflejos.com.ar\/2021\/wp-json\/wp\/v2\/comments?post=107145"}],"version-history":[{"count":1,"href":"https:\/\/www.noticiasradioreflejos.com.ar\/2021\/wp-json\/wp\/v2\/posts\/107145\/revisions"}],"predecessor-version":[{"id":107147,"href":"https:\/\/www.noticiasradioreflejos.com.ar\/2021\/wp-json\/wp\/v2\/posts\/107145\/revisions\/107147"}],"wp:attachment":[{"href":"https:\/\/www.noticiasradioreflejos.com.ar\/2021\/wp-json\/wp\/v2\/media?parent=107145"}],"wp:term":[{"taxonomy":"category","embeddable":true,"href":"https:\/\/www.noticiasradioreflejos.com.ar\/2021\/wp-json\/wp\/v2\/categories?post=107145"},{"taxonomy":"post_tag","embeddable":true,"href":"https:\/\/www.noticiasradioreflejos.com.ar\/2021\/wp-json\/wp\/v2\/tags?post=107145"}],"curies":[{"name":"wp","href":"https:\/\/api.w.org\/{rel}","templated":true}]}}