{"id":107104,"date":"2024-09-06T12:27:43","date_gmt":"2024-09-06T15:27:43","guid":{"rendered":"https:\/\/www.noticiasradioreflejos.com.ar\/2021\/?p=107104"},"modified":"2024-09-06T12:27:43","modified_gmt":"2024-09-06T15:27:43","slug":"foco-jon-alpert-una-mirada-documental-unica","status":"publish","type":"post","link":"https:\/\/www.noticiasradioreflejos.com.ar\/2021\/foco-jon-alpert-una-mirada-documental-unica\/","title":{"rendered":"Foco Jon Alpert: una mirada documental \u00fanica"},"content":{"rendered":"<p>El director se encuentra en la ciudad de La Plata con motivo del Festival Internacional de Cine de la Provincia de Buenos Aires. Estar\u00e1 presente en las proyecciones que se har\u00e1n viernes, s\u00e1bado y domingo. Alpert brindar\u00e1 una clase magistral el s\u00e1bado. Todo suceder\u00e1 en la Sala Piazzolla del Teatro Argentino. La entrada es libre y gratuita.<!--more--><\/p>\n<p>***<\/p>\n<p>El documentalista oriundo de Estados Unidos se encuentra en la ciudad de La Plata participando de la segunda edici\u00f3n del Festival Internacional de Cine de la Provincia de Buenos Aires. Este fin de semana estar\u00e1 presente en las proyecciones que se realizar\u00e1n el viernes, s\u00e1bado y domingo; y brindar\u00e1 una clase magistral. Todo suceder\u00e1 en la Sala Piazzolla del Centro Provincial de las Artes Teatro Argentino (Av. 51 e\/ 9 y 10).<\/p>\n<p>Este viernes 6, a las 21:00, se proyectar\u00e1 \u201cMariela Castro marcha. La Revoluci\u00f3n cubana LGBT\u201d y, posteriormente, una muestra de trabajo en proceso de \u201cEl \u00faltimo juego\u201d. La primera propuesta con una mirada poco com\u00fan al interior de la comunidad LGBT de Cuba, esta fascinante pel\u00edcula sigue los esfuerzos de Mariela Castro, hija del presidente Ra\u00fal Castro, mientras defiende las reformas sociales LGBT y la aceptaci\u00f3n de la diversidad.<\/p>\n<p>Posteriormente, se proyectar\u00e1 una muestra de trabajo en proceso de \u201cEl \u00faltimo juego\u201d. Todo jugador de hockey de cierta edad sabe que el clima est\u00e1 cambiando. \u201cCrecimos patinando en estanques, cuatro meses al a\u00f1o; ahora tenemos suerte si patinamos cuatro d\u00edas. Los gu\u00edas de la pel\u00edcula van desde superestrellas del Sal\u00f3n de la Fama hasta jefes de estado, n\u00f3madas que luchan por salvar sus glaciares, chamanes que protegen sus selvas, mam\u00e1s de hockey, guerreros masai, pastores de renos, uni\u00e9ndose para salvar el juego y el planeta que aman. Esperamos poder hacer algo&#8230; y que no hayamos jugado el \u00faltimo juego\u201d, detalla la sinopsis del film.<\/p>\n<p>Este s\u00e1bado 7, a partir de las 14:00 se proyectar\u00e1 el film \u201cCuba y el camar\u00f3grafo\u201d. La vida en Cuba a lo largo de 45 a\u00f1os, desde el optimismo cauteloso de principios de la d\u00e9cada de 1970 hasta la desgarradora d\u00e9cada de 1990, despu\u00e9s de la ca\u00edda de la Uni\u00f3n Sovi\u00e9tica y la muerte de Fidel Castro en 2016. La atenci\u00f3n se centra en tres familias y su crecimiento y lucha.<\/p>\n<p>Ese mismo d\u00eda, desde las 16:00, brindar\u00e1 una clase magistral, en la que contar\u00e1 parte de su trabajo y su recorrido como realizador. Jon Alpert ha ganado 17 premios Emmy nacionales, incluyendo categor\u00edas de oficio como c\u00e1mara, edici\u00f3n y audio. Fue el primer introducido en el Golden Circle de la Academia de Televisi\u00f3n. Ha sido nominado a 2 premios Oscar. Es cofundador de Downtown Community TV Center en el Barrio Chino de Nueva York. La organizaci\u00f3n ha formado a m\u00e1s de 75.000 aspirantes a realizadores con sus talleres gratuitos. El 100 % de los estudiantes de secundario del Centro van a la universidad, muchos de los cuales se convierten en realizadores galardonados.<\/p>\n<p>El pr\u00f3ximo domingo 8, a las 18:00, se proyectar\u00e1 Con una c\u00e1mara en la mano y una pistola apuntando a mi cabeza: 50 a\u00f1os de realizaci\u00f3n de cine comunitario. Jon Alpert es un pionero del v\u00eddeo que comenz\u00f3 con una primitiva c\u00e1mara en blanco y negro de Sony n\u00famero de serie 2. \u00c9l y su esposa, Keiko Tsuno, comenzaron a utilizar esta nueva tecnolog\u00eda para intentar mejorar la vida en su comunidad, Chinatown en la ciudad de Nueva York. Inesperadamente, milagrosamente, funcion\u00f3.<\/p>\n<p>Este material abarca medio siglo de uso continuo de los medios para mejorar el mundo. A veces realmente funciona, a veces trataron de matar a Jon, pero \u00e9l lo sigue intentando. Este es un viaje divertido, salvaje y, con suerte, inspirador. Bienvenidos a bordo.<\/p>\n<p>Esta nueva edici\u00f3n de FICPBA cuenta con la proyecci\u00f3n de 228 obras en 197 funciones. Se trata de 115 largometrajes, 101 cortos, 8 mediometrajes y 4 series, entre las que habr\u00e1 45 premieres internacionales, latinoamericanas y nacionales. El Festival tiene cinco competencias: Internacional Largometraje de Ficci\u00f3n, Internacional Largometraje Documental, Cortometraje Internacional, Largometraje Bonaerense y Cortometraje Bonaerense, adem\u00e1s de proyecciones de exhibici\u00f3n. La propuesta impulsada por el Instituto Cultural cuenta con un amplio recorrido para ver y reflexionar. Las proyecciones se realizan de forma gratuita en la ciudad de La Plata y m\u00e1s de 40 municipios con 60 salas en simult\u00e1neo.<\/p>\n<p>Toda la informaci\u00f3n del Festival est\u00e1 disponible en la p\u00e1gina web oficial: <a href=\"https:\/\/institutocultural.gba.gob.ar\/ficpba\" rel=\"noopener\" target=\"_blank\">https:\/\/institutocultural.gba.gob.ar\/ficpba<\/a>.<\/p>\n","protected":false},"excerpt":{"rendered":"<p>El director se encuentra en la ciudad de La Plata con motivo del Festival Internacional de Cine de la Provincia de Buenos Aires. Estar\u00e1 presente en las proyecciones que se har\u00e1n viernes, s\u00e1bado y domingo. Alpert brindar\u00e1 una clase magistral el s\u00e1bado. Todo suceder\u00e1 en la Sala Piazzolla del Teatro Argentino. La entrada es libre [&hellip;]<\/p>\n","protected":false},"author":3,"featured_media":0,"comment_status":"closed","ping_status":"closed","sticky":false,"template":"","format":"standard","meta":{"footnotes":""},"categories":[1],"tags":[],"class_list":["post-107104","post","type-post","status-publish","format-standard","hentry","category-sin-categoria"],"yoast_head":"<!-- This site is optimized with the Yoast SEO plugin v25.9 - https:\/\/yoast.com\/wordpress\/plugins\/seo\/ -->\n<title>Foco Jon Alpert: una mirada documental \u00fanica - Noticias Radio Reflejos<\/title>\n<meta name=\"robots\" content=\"index, follow, max-snippet:-1, max-image-preview:large, max-video-preview:-1\" \/>\n<link rel=\"canonical\" href=\"https:\/\/www.noticiasradioreflejos.com.ar\/2021\/foco-jon-alpert-una-mirada-documental-unica\/\" \/>\n<meta property=\"og:locale\" content=\"es_ES\" \/>\n<meta property=\"og:type\" content=\"article\" \/>\n<meta property=\"og:title\" content=\"Foco Jon Alpert: una mirada documental \u00fanica - Noticias Radio Reflejos\" \/>\n<meta property=\"og:description\" content=\"El director se encuentra en la ciudad de La Plata con motivo del Festival Internacional de Cine de la Provincia de Buenos Aires. Estar\u00e1 presente en las proyecciones que se har\u00e1n viernes, s\u00e1bado y domingo. Alpert brindar\u00e1 una clase magistral el s\u00e1bado. Todo suceder\u00e1 en la Sala Piazzolla del Teatro Argentino. La entrada es libre [&hellip;]\" \/>\n<meta property=\"og:url\" content=\"https:\/\/www.noticiasradioreflejos.com.ar\/2021\/foco-jon-alpert-una-mirada-documental-unica\/\" \/>\n<meta property=\"og:site_name\" content=\"Noticias Radio Reflejos\" \/>\n<meta property=\"article:published_time\" content=\"2024-09-06T15:27:43+00:00\" \/>\n<meta property=\"og:image\" content=\"https:\/\/www.noticiasradioreflejos.com.ar\/2021\/wp-content\/uploads\/2021\/07\/logosol300x200.png\" \/>\n\t<meta property=\"og:image:width\" content=\"300\" \/>\n\t<meta property=\"og:image:height\" content=\"200\" \/>\n\t<meta property=\"og:image:type\" content=\"image\/png\" \/>\n<meta name=\"author\" content=\"Arnaldo Botto\" \/>\n<meta name=\"twitter:card\" content=\"summary_large_image\" \/>\n<script type=\"application\/ld+json\" class=\"yoast-schema-graph\">{\"@context\":\"https:\/\/schema.org\",\"@graph\":[{\"@type\":\"WebPage\",\"@id\":\"https:\/\/www.noticiasradioreflejos.com.ar\/2021\/foco-jon-alpert-una-mirada-documental-unica\/\",\"url\":\"https:\/\/www.noticiasradioreflejos.com.ar\/2021\/foco-jon-alpert-una-mirada-documental-unica\/\",\"name\":\"Foco Jon Alpert: una mirada documental \u00fanica - Noticias Radio Reflejos\",\"isPartOf\":{\"@id\":\"https:\/\/www.noticiasradioreflejos.com.ar\/2021\/#website\"},\"datePublished\":\"2024-09-06T15:27:43+00:00\",\"author\":{\"@id\":\"https:\/\/www.noticiasradioreflejos.com.ar\/2021\/#\/schema\/person\/ad82545263dcc5ec0996818884fd5fb1\"},\"breadcrumb\":{\"@id\":\"https:\/\/www.noticiasradioreflejos.com.ar\/2021\/foco-jon-alpert-una-mirada-documental-unica\/#breadcrumb\"},\"inLanguage\":\"es\",\"potentialAction\":[{\"@type\":\"ReadAction\",\"target\":[\"https:\/\/www.noticiasradioreflejos.com.ar\/2021\/foco-jon-alpert-una-mirada-documental-unica\/\"]}]},{\"@type\":\"BreadcrumbList\",\"@id\":\"https:\/\/www.noticiasradioreflejos.com.ar\/2021\/foco-jon-alpert-una-mirada-documental-unica\/#breadcrumb\",\"itemListElement\":[{\"@type\":\"ListItem\",\"position\":1,\"name\":\"Portada\",\"item\":\"https:\/\/www.noticiasradioreflejos.com.ar\/2021\/\"},{\"@type\":\"ListItem\",\"position\":2,\"name\":\"Foco Jon Alpert: una mirada documental \u00fanica\"}]},{\"@type\":\"WebSite\",\"@id\":\"https:\/\/www.noticiasradioreflejos.com.ar\/2021\/#website\",\"url\":\"https:\/\/www.noticiasradioreflejos.com.ar\/2021\/\",\"name\":\"Noticias Radio Reflejos\",\"description\":\"Las noticias de mi comarca\",\"potentialAction\":[{\"@type\":\"SearchAction\",\"target\":{\"@type\":\"EntryPoint\",\"urlTemplate\":\"https:\/\/www.noticiasradioreflejos.com.ar\/2021\/?s={search_term_string}\"},\"query-input\":{\"@type\":\"PropertyValueSpecification\",\"valueRequired\":true,\"valueName\":\"search_term_string\"}}],\"inLanguage\":\"es\"},{\"@type\":\"Person\",\"@id\":\"https:\/\/www.noticiasradioreflejos.com.ar\/2021\/#\/schema\/person\/ad82545263dcc5ec0996818884fd5fb1\",\"name\":\"Arnaldo Botto\",\"image\":{\"@type\":\"ImageObject\",\"inLanguage\":\"es\",\"@id\":\"https:\/\/www.noticiasradioreflejos.com.ar\/2021\/#\/schema\/person\/image\/\",\"url\":\"https:\/\/secure.gravatar.com\/avatar\/55cb5e37c1efa326397366e6974cb338056df65cb50e7d64d1cf314e87504837?s=96&d=mm&r=g\",\"contentUrl\":\"https:\/\/secure.gravatar.com\/avatar\/55cb5e37c1efa326397366e6974cb338056df65cb50e7d64d1cf314e87504837?s=96&d=mm&r=g\",\"caption\":\"Arnaldo Botto\"},\"url\":\"https:\/\/www.noticiasradioreflejos.com.ar\/2021\/author\/arnaldo\/\"}]}<\/script>\n<!-- \/ Yoast SEO plugin. -->","yoast_head_json":{"title":"Foco Jon Alpert: una mirada documental \u00fanica - Noticias Radio Reflejos","robots":{"index":"index","follow":"follow","max-snippet":"max-snippet:-1","max-image-preview":"max-image-preview:large","max-video-preview":"max-video-preview:-1"},"canonical":"https:\/\/www.noticiasradioreflejos.com.ar\/2021\/foco-jon-alpert-una-mirada-documental-unica\/","og_locale":"es_ES","og_type":"article","og_title":"Foco Jon Alpert: una mirada documental \u00fanica - Noticias Radio Reflejos","og_description":"El director se encuentra en la ciudad de La Plata con motivo del Festival Internacional de Cine de la Provincia de Buenos Aires. Estar\u00e1 presente en las proyecciones que se har\u00e1n viernes, s\u00e1bado y domingo. Alpert brindar\u00e1 una clase magistral el s\u00e1bado. Todo suceder\u00e1 en la Sala Piazzolla del Teatro Argentino. La entrada es libre [&hellip;]","og_url":"https:\/\/www.noticiasradioreflejos.com.ar\/2021\/foco-jon-alpert-una-mirada-documental-unica\/","og_site_name":"Noticias Radio Reflejos","article_published_time":"2024-09-06T15:27:43+00:00","og_image":[{"width":300,"height":200,"url":"https:\/\/www.noticiasradioreflejos.com.ar\/2021\/wp-content\/uploads\/2021\/07\/logosol300x200.png","type":"image\/png"}],"author":"Arnaldo Botto","twitter_card":"summary_large_image","schema":{"@context":"https:\/\/schema.org","@graph":[{"@type":"WebPage","@id":"https:\/\/www.noticiasradioreflejos.com.ar\/2021\/foco-jon-alpert-una-mirada-documental-unica\/","url":"https:\/\/www.noticiasradioreflejos.com.ar\/2021\/foco-jon-alpert-una-mirada-documental-unica\/","name":"Foco Jon Alpert: una mirada documental \u00fanica - Noticias Radio Reflejos","isPartOf":{"@id":"https:\/\/www.noticiasradioreflejos.com.ar\/2021\/#website"},"datePublished":"2024-09-06T15:27:43+00:00","author":{"@id":"https:\/\/www.noticiasradioreflejos.com.ar\/2021\/#\/schema\/person\/ad82545263dcc5ec0996818884fd5fb1"},"breadcrumb":{"@id":"https:\/\/www.noticiasradioreflejos.com.ar\/2021\/foco-jon-alpert-una-mirada-documental-unica\/#breadcrumb"},"inLanguage":"es","potentialAction":[{"@type":"ReadAction","target":["https:\/\/www.noticiasradioreflejos.com.ar\/2021\/foco-jon-alpert-una-mirada-documental-unica\/"]}]},{"@type":"BreadcrumbList","@id":"https:\/\/www.noticiasradioreflejos.com.ar\/2021\/foco-jon-alpert-una-mirada-documental-unica\/#breadcrumb","itemListElement":[{"@type":"ListItem","position":1,"name":"Portada","item":"https:\/\/www.noticiasradioreflejos.com.ar\/2021\/"},{"@type":"ListItem","position":2,"name":"Foco Jon Alpert: una mirada documental \u00fanica"}]},{"@type":"WebSite","@id":"https:\/\/www.noticiasradioreflejos.com.ar\/2021\/#website","url":"https:\/\/www.noticiasradioreflejos.com.ar\/2021\/","name":"Noticias Radio Reflejos","description":"Las noticias de mi comarca","potentialAction":[{"@type":"SearchAction","target":{"@type":"EntryPoint","urlTemplate":"https:\/\/www.noticiasradioreflejos.com.ar\/2021\/?s={search_term_string}"},"query-input":{"@type":"PropertyValueSpecification","valueRequired":true,"valueName":"search_term_string"}}],"inLanguage":"es"},{"@type":"Person","@id":"https:\/\/www.noticiasradioreflejos.com.ar\/2021\/#\/schema\/person\/ad82545263dcc5ec0996818884fd5fb1","name":"Arnaldo Botto","image":{"@type":"ImageObject","inLanguage":"es","@id":"https:\/\/www.noticiasradioreflejos.com.ar\/2021\/#\/schema\/person\/image\/","url":"https:\/\/secure.gravatar.com\/avatar\/55cb5e37c1efa326397366e6974cb338056df65cb50e7d64d1cf314e87504837?s=96&d=mm&r=g","contentUrl":"https:\/\/secure.gravatar.com\/avatar\/55cb5e37c1efa326397366e6974cb338056df65cb50e7d64d1cf314e87504837?s=96&d=mm&r=g","caption":"Arnaldo Botto"},"url":"https:\/\/www.noticiasradioreflejos.com.ar\/2021\/author\/arnaldo\/"}]}},"_links":{"self":[{"href":"https:\/\/www.noticiasradioreflejos.com.ar\/2021\/wp-json\/wp\/v2\/posts\/107104","targetHints":{"allow":["GET"]}}],"collection":[{"href":"https:\/\/www.noticiasradioreflejos.com.ar\/2021\/wp-json\/wp\/v2\/posts"}],"about":[{"href":"https:\/\/www.noticiasradioreflejos.com.ar\/2021\/wp-json\/wp\/v2\/types\/post"}],"author":[{"embeddable":true,"href":"https:\/\/www.noticiasradioreflejos.com.ar\/2021\/wp-json\/wp\/v2\/users\/3"}],"replies":[{"embeddable":true,"href":"https:\/\/www.noticiasradioreflejos.com.ar\/2021\/wp-json\/wp\/v2\/comments?post=107104"}],"version-history":[{"count":1,"href":"https:\/\/www.noticiasradioreflejos.com.ar\/2021\/wp-json\/wp\/v2\/posts\/107104\/revisions"}],"predecessor-version":[{"id":107106,"href":"https:\/\/www.noticiasradioreflejos.com.ar\/2021\/wp-json\/wp\/v2\/posts\/107104\/revisions\/107106"}],"wp:attachment":[{"href":"https:\/\/www.noticiasradioreflejos.com.ar\/2021\/wp-json\/wp\/v2\/media?parent=107104"}],"wp:term":[{"taxonomy":"category","embeddable":true,"href":"https:\/\/www.noticiasradioreflejos.com.ar\/2021\/wp-json\/wp\/v2\/categories?post=107104"},{"taxonomy":"post_tag","embeddable":true,"href":"https:\/\/www.noticiasradioreflejos.com.ar\/2021\/wp-json\/wp\/v2\/tags?post=107104"}],"curies":[{"name":"wp","href":"https:\/\/api.w.org\/{rel}","templated":true}]}}