{"id":10706,"date":"2017-05-31T15:49:12","date_gmt":"2017-05-31T18:49:12","guid":{"rendered":"http:\/\/noticiasradioreflejos.com.ar\/noticias\/?p=10706"},"modified":"2017-05-31T15:49:12","modified_gmt":"2017-05-31T18:49:12","slug":"continua-la-campana-en-el-marco-del-fudb-comedores-de-hambre","status":"publish","type":"post","link":"https:\/\/www.noticiasradioreflejos.com.ar\/2021\/continua-la-campana-en-el-marco-del-fudb-comedores-de-hambre\/","title":{"rendered":"Contin\u00faa la campa\u00f1a en el marco del FUDB: Comedores de hambre"},"content":{"rendered":"<p>Los y las Docentes de la Provincia de Buenos Aires comenzamos una campa\u00f1a el d\u00eda lunes, impulsada en conjunto por todos los gremios que formamos el Frente de Unidad Docente Bonaerense. El objetivo es visibilizar la grave crisis que atraviesa la Educaci\u00f3n y el conflicto educativo, que desoyen la Gobernadora Vidal y el Ministro Finocchiaro y que crece d\u00eda a d\u00eda.<!--more--><br \/>\nHoy denunciamos la terrible deficiencia del SAE (Servicio Alimentario Escolar) e instamos a las autoridades a que resuelvan r\u00e1pidamente este conflicto.<br \/>\nEl Comedor Escolar s\u00f3lo destina $16 por chico\/a (en CABA el presupuesto es de $45), lo que hace que los men\u00faes carezcan totalmente de los nutrientes necesarios y se alejen much\u00edsimo de ser una comida saludable. Adem\u00e1s, la grave crisis econ\u00f3mica que atraviesa nuestra sociedad hace que crezca la demanda. Sin embargo, la DGCyE no aumenta los cupos , lo que hace que todos reciban, muchas veces, menos de media raci\u00f3n. M\u00e1s a\u00fan, damos alerta que se ha producido una reducci\u00f3n del 30% promedio en la provincia.<br \/>\nComo Sindicato venimos denunciado esta terrible situaci\u00f3n: alimentos en mal estado, podridos, que no llegan a tiempo. Es intolerable que coman una semana entera arroz y\/o fideos o que haya que repartir 5 pollos entre 250 alumnos.<br \/>\nLa DGCyE y el Gobierno Provincial son responsables directos del abandono de la Escuela P\u00fablica.<br \/>\nPor eso, d esde SUTEBA, bajo el marco del FUDB, le exigimos al Gobierno de Mar \u00eda Eugenia Vidal y a Finocchiaro que deje n de mirar para otro lado , que se haga n cargo de sus funciones, que nos escuchen y que den respuestas urgentes a nuestras justas demandas.<br \/>\n\u00a1Con la Salud y la comida de los chicos no se juega!<br \/>\n#AlertaEDUCACI\u00d3N<br \/>\nSecretar\u00eda de Comunicaciones<br \/>\nS.U.T.E.B.A.<\/p>\n","protected":false},"excerpt":{"rendered":"<p>Los y las Docentes de la Provincia de Buenos Aires comenzamos una campa\u00f1a el d\u00eda lunes, impulsada en conjunto por todos los gremios que formamos el Frente de Unidad Docente Bonaerense. El objetivo es visibilizar la grave crisis que atraviesa la Educaci\u00f3n y el conflicto educativo, que desoyen la Gobernadora Vidal y el Ministro Finocchiaro [&hellip;]<\/p>\n","protected":false},"author":3,"featured_media":0,"comment_status":"closed","ping_status":"open","sticky":false,"template":"","format":"standard","meta":{"footnotes":""},"categories":[34],"tags":[],"class_list":["post-10706","post","type-post","status-publish","format-standard","hentry","category-educacion"],"yoast_head":"<!-- This site is optimized with the Yoast SEO plugin v25.9 - https:\/\/yoast.com\/wordpress\/plugins\/seo\/ -->\n<title>Contin\u00faa la campa\u00f1a en el marco del FUDB: Comedores de hambre - Noticias Radio Reflejos<\/title>\n<meta name=\"robots\" content=\"index, follow, max-snippet:-1, max-image-preview:large, max-video-preview:-1\" \/>\n<link rel=\"canonical\" href=\"https:\/\/www.noticiasradioreflejos.com.ar\/2021\/continua-la-campana-en-el-marco-del-fudb-comedores-de-hambre\/\" \/>\n<meta property=\"og:locale\" content=\"es_ES\" \/>\n<meta property=\"og:type\" content=\"article\" \/>\n<meta property=\"og:title\" content=\"Contin\u00faa la campa\u00f1a en el marco del FUDB: Comedores de hambre - Noticias Radio Reflejos\" \/>\n<meta property=\"og:description\" content=\"Los y las Docentes de la Provincia de Buenos Aires comenzamos una campa\u00f1a el d\u00eda lunes, impulsada en conjunto por todos los gremios que formamos el Frente de Unidad Docente Bonaerense. El objetivo es visibilizar la grave crisis que atraviesa la Educaci\u00f3n y el conflicto educativo, que desoyen la Gobernadora Vidal y el Ministro Finocchiaro [&hellip;]\" \/>\n<meta property=\"og:url\" content=\"https:\/\/www.noticiasradioreflejos.com.ar\/2021\/continua-la-campana-en-el-marco-del-fudb-comedores-de-hambre\/\" \/>\n<meta property=\"og:site_name\" content=\"Noticias Radio Reflejos\" \/>\n<meta property=\"article:published_time\" content=\"2017-05-31T18:49:12+00:00\" \/>\n<meta property=\"og:image\" content=\"https:\/\/www.noticiasradioreflejos.com.ar\/2021\/wp-content\/uploads\/2021\/07\/logosol300x200.png\" \/>\n\t<meta property=\"og:image:width\" content=\"300\" \/>\n\t<meta property=\"og:image:height\" content=\"200\" \/>\n\t<meta property=\"og:image:type\" content=\"image\/png\" \/>\n<meta name=\"author\" content=\"Arnaldo Botto\" \/>\n<meta name=\"twitter:card\" content=\"summary_large_image\" \/>\n<script type=\"application\/ld+json\" class=\"yoast-schema-graph\">{\"@context\":\"https:\/\/schema.org\",\"@graph\":[{\"@type\":\"WebPage\",\"@id\":\"https:\/\/www.noticiasradioreflejos.com.ar\/2021\/continua-la-campana-en-el-marco-del-fudb-comedores-de-hambre\/\",\"url\":\"https:\/\/www.noticiasradioreflejos.com.ar\/2021\/continua-la-campana-en-el-marco-del-fudb-comedores-de-hambre\/\",\"name\":\"Contin\u00faa la campa\u00f1a en el marco del FUDB: Comedores de hambre - Noticias Radio Reflejos\",\"isPartOf\":{\"@id\":\"https:\/\/www.noticiasradioreflejos.com.ar\/2021\/#website\"},\"datePublished\":\"2017-05-31T18:49:12+00:00\",\"author\":{\"@id\":\"https:\/\/www.noticiasradioreflejos.com.ar\/2021\/#\/schema\/person\/ad82545263dcc5ec0996818884fd5fb1\"},\"breadcrumb\":{\"@id\":\"https:\/\/www.noticiasradioreflejos.com.ar\/2021\/continua-la-campana-en-el-marco-del-fudb-comedores-de-hambre\/#breadcrumb\"},\"inLanguage\":\"es\",\"potentialAction\":[{\"@type\":\"ReadAction\",\"target\":[\"https:\/\/www.noticiasradioreflejos.com.ar\/2021\/continua-la-campana-en-el-marco-del-fudb-comedores-de-hambre\/\"]}]},{\"@type\":\"BreadcrumbList\",\"@id\":\"https:\/\/www.noticiasradioreflejos.com.ar\/2021\/continua-la-campana-en-el-marco-del-fudb-comedores-de-hambre\/#breadcrumb\",\"itemListElement\":[{\"@type\":\"ListItem\",\"position\":1,\"name\":\"Portada\",\"item\":\"https:\/\/www.noticiasradioreflejos.com.ar\/2021\/\"},{\"@type\":\"ListItem\",\"position\":2,\"name\":\"Contin\u00faa la campa\u00f1a en el marco del FUDB: Comedores de hambre\"}]},{\"@type\":\"WebSite\",\"@id\":\"https:\/\/www.noticiasradioreflejos.com.ar\/2021\/#website\",\"url\":\"https:\/\/www.noticiasradioreflejos.com.ar\/2021\/\",\"name\":\"Noticias Radio Reflejos\",\"description\":\"Las noticias de mi comarca\",\"potentialAction\":[{\"@type\":\"SearchAction\",\"target\":{\"@type\":\"EntryPoint\",\"urlTemplate\":\"https:\/\/www.noticiasradioreflejos.com.ar\/2021\/?s={search_term_string}\"},\"query-input\":{\"@type\":\"PropertyValueSpecification\",\"valueRequired\":true,\"valueName\":\"search_term_string\"}}],\"inLanguage\":\"es\"},{\"@type\":\"Person\",\"@id\":\"https:\/\/www.noticiasradioreflejos.com.ar\/2021\/#\/schema\/person\/ad82545263dcc5ec0996818884fd5fb1\",\"name\":\"Arnaldo Botto\",\"image\":{\"@type\":\"ImageObject\",\"inLanguage\":\"es\",\"@id\":\"https:\/\/www.noticiasradioreflejos.com.ar\/2021\/#\/schema\/person\/image\/\",\"url\":\"https:\/\/secure.gravatar.com\/avatar\/55cb5e37c1efa326397366e6974cb338056df65cb50e7d64d1cf314e87504837?s=96&d=mm&r=g\",\"contentUrl\":\"https:\/\/secure.gravatar.com\/avatar\/55cb5e37c1efa326397366e6974cb338056df65cb50e7d64d1cf314e87504837?s=96&d=mm&r=g\",\"caption\":\"Arnaldo Botto\"},\"url\":\"https:\/\/www.noticiasradioreflejos.com.ar\/2021\/author\/arnaldo\/\"}]}<\/script>\n<!-- \/ Yoast SEO plugin. -->","yoast_head_json":{"title":"Contin\u00faa la campa\u00f1a en el marco del FUDB: Comedores de hambre - Noticias Radio Reflejos","robots":{"index":"index","follow":"follow","max-snippet":"max-snippet:-1","max-image-preview":"max-image-preview:large","max-video-preview":"max-video-preview:-1"},"canonical":"https:\/\/www.noticiasradioreflejos.com.ar\/2021\/continua-la-campana-en-el-marco-del-fudb-comedores-de-hambre\/","og_locale":"es_ES","og_type":"article","og_title":"Contin\u00faa la campa\u00f1a en el marco del FUDB: Comedores de hambre - Noticias Radio Reflejos","og_description":"Los y las Docentes de la Provincia de Buenos Aires comenzamos una campa\u00f1a el d\u00eda lunes, impulsada en conjunto por todos los gremios que formamos el Frente de Unidad Docente Bonaerense. El objetivo es visibilizar la grave crisis que atraviesa la Educaci\u00f3n y el conflicto educativo, que desoyen la Gobernadora Vidal y el Ministro Finocchiaro [&hellip;]","og_url":"https:\/\/www.noticiasradioreflejos.com.ar\/2021\/continua-la-campana-en-el-marco-del-fudb-comedores-de-hambre\/","og_site_name":"Noticias Radio Reflejos","article_published_time":"2017-05-31T18:49:12+00:00","og_image":[{"width":300,"height":200,"url":"https:\/\/www.noticiasradioreflejos.com.ar\/2021\/wp-content\/uploads\/2021\/07\/logosol300x200.png","type":"image\/png"}],"author":"Arnaldo Botto","twitter_card":"summary_large_image","schema":{"@context":"https:\/\/schema.org","@graph":[{"@type":"WebPage","@id":"https:\/\/www.noticiasradioreflejos.com.ar\/2021\/continua-la-campana-en-el-marco-del-fudb-comedores-de-hambre\/","url":"https:\/\/www.noticiasradioreflejos.com.ar\/2021\/continua-la-campana-en-el-marco-del-fudb-comedores-de-hambre\/","name":"Contin\u00faa la campa\u00f1a en el marco del FUDB: Comedores de hambre - Noticias Radio Reflejos","isPartOf":{"@id":"https:\/\/www.noticiasradioreflejos.com.ar\/2021\/#website"},"datePublished":"2017-05-31T18:49:12+00:00","author":{"@id":"https:\/\/www.noticiasradioreflejos.com.ar\/2021\/#\/schema\/person\/ad82545263dcc5ec0996818884fd5fb1"},"breadcrumb":{"@id":"https:\/\/www.noticiasradioreflejos.com.ar\/2021\/continua-la-campana-en-el-marco-del-fudb-comedores-de-hambre\/#breadcrumb"},"inLanguage":"es","potentialAction":[{"@type":"ReadAction","target":["https:\/\/www.noticiasradioreflejos.com.ar\/2021\/continua-la-campana-en-el-marco-del-fudb-comedores-de-hambre\/"]}]},{"@type":"BreadcrumbList","@id":"https:\/\/www.noticiasradioreflejos.com.ar\/2021\/continua-la-campana-en-el-marco-del-fudb-comedores-de-hambre\/#breadcrumb","itemListElement":[{"@type":"ListItem","position":1,"name":"Portada","item":"https:\/\/www.noticiasradioreflejos.com.ar\/2021\/"},{"@type":"ListItem","position":2,"name":"Contin\u00faa la campa\u00f1a en el marco del FUDB: Comedores de hambre"}]},{"@type":"WebSite","@id":"https:\/\/www.noticiasradioreflejos.com.ar\/2021\/#website","url":"https:\/\/www.noticiasradioreflejos.com.ar\/2021\/","name":"Noticias Radio Reflejos","description":"Las noticias de mi comarca","potentialAction":[{"@type":"SearchAction","target":{"@type":"EntryPoint","urlTemplate":"https:\/\/www.noticiasradioreflejos.com.ar\/2021\/?s={search_term_string}"},"query-input":{"@type":"PropertyValueSpecification","valueRequired":true,"valueName":"search_term_string"}}],"inLanguage":"es"},{"@type":"Person","@id":"https:\/\/www.noticiasradioreflejos.com.ar\/2021\/#\/schema\/person\/ad82545263dcc5ec0996818884fd5fb1","name":"Arnaldo Botto","image":{"@type":"ImageObject","inLanguage":"es","@id":"https:\/\/www.noticiasradioreflejos.com.ar\/2021\/#\/schema\/person\/image\/","url":"https:\/\/secure.gravatar.com\/avatar\/55cb5e37c1efa326397366e6974cb338056df65cb50e7d64d1cf314e87504837?s=96&d=mm&r=g","contentUrl":"https:\/\/secure.gravatar.com\/avatar\/55cb5e37c1efa326397366e6974cb338056df65cb50e7d64d1cf314e87504837?s=96&d=mm&r=g","caption":"Arnaldo Botto"},"url":"https:\/\/www.noticiasradioreflejos.com.ar\/2021\/author\/arnaldo\/"}]}},"_links":{"self":[{"href":"https:\/\/www.noticiasradioreflejos.com.ar\/2021\/wp-json\/wp\/v2\/posts\/10706","targetHints":{"allow":["GET"]}}],"collection":[{"href":"https:\/\/www.noticiasradioreflejos.com.ar\/2021\/wp-json\/wp\/v2\/posts"}],"about":[{"href":"https:\/\/www.noticiasradioreflejos.com.ar\/2021\/wp-json\/wp\/v2\/types\/post"}],"author":[{"embeddable":true,"href":"https:\/\/www.noticiasradioreflejos.com.ar\/2021\/wp-json\/wp\/v2\/users\/3"}],"replies":[{"embeddable":true,"href":"https:\/\/www.noticiasradioreflejos.com.ar\/2021\/wp-json\/wp\/v2\/comments?post=10706"}],"version-history":[{"count":0,"href":"https:\/\/www.noticiasradioreflejos.com.ar\/2021\/wp-json\/wp\/v2\/posts\/10706\/revisions"}],"wp:attachment":[{"href":"https:\/\/www.noticiasradioreflejos.com.ar\/2021\/wp-json\/wp\/v2\/media?parent=10706"}],"wp:term":[{"taxonomy":"category","embeddable":true,"href":"https:\/\/www.noticiasradioreflejos.com.ar\/2021\/wp-json\/wp\/v2\/categories?post=10706"},{"taxonomy":"post_tag","embeddable":true,"href":"https:\/\/www.noticiasradioreflejos.com.ar\/2021\/wp-json\/wp\/v2\/tags?post=10706"}],"curies":[{"name":"wp","href":"https:\/\/api.w.org\/{rel}","templated":true}]}}