{"id":107047,"date":"2024-09-05T07:14:08","date_gmt":"2024-09-05T10:14:08","guid":{"rendered":"https:\/\/www.noticiasradioreflejos.com.ar\/2021\/?p=107047"},"modified":"2024-09-05T07:14:08","modified_gmt":"2024-09-05T10:14:08","slug":"avalancha-en-el-cerro-lopez-de-bariloche-dejo-un-muerto-y-un-desaparecido","status":"publish","type":"post","link":"https:\/\/www.noticiasradioreflejos.com.ar\/2021\/avalancha-en-el-cerro-lopez-de-bariloche-dejo-un-muerto-y-un-desaparecido\/","title":{"rendered":"Avalancha en el Cerro L\u00f3pez de Bariloche dej\u00f3 un muerto y un desaparecido"},"content":{"rendered":"<p>Tres turistas quedaron sepultados bajo la nieve, en la zona del Refugio L\u00f3pez. Una persona falleci\u00f3 y otra fue hallada con heridas leves, mientras que la b\u00fasqueda del tercero se reanudar\u00e1 este jueves por la ma\u00f1ana.<!--more-->Una persona muri\u00f3 ayer luego de una avalancha ocurrida en una ladera del Cerro L\u00f3pez ayer, cerca de San Carlos de Bariloche, provincia de R\u00edo Negro. Un segundo excursionista qued\u00f3 atrapado bajo la nieve. Tras tomar conocimiento del accidente se mont\u00f3 un operativo que logr\u00f3 el hallazgo de una persona con heridas en estado de hipotermia.<\/p>\n<div class=\"section-2-col article-main-content\">\n<div class=\"col 2-col\">\n<div class=\"article-main-content article-text \">\n<p>El megaoperativo de rescate en curso incluye a 28 brigadistas acompa\u00f1ados de perros de b\u00fasqueda que trabajan intensamente en la zona para rescatar al afectado.<\/p>\n<p>El hecho ocurri\u00f3 debajo del Refugio L\u00f3pez, donde se acercaron para el rescate miembros de la Comisi\u00f3n de Auxilio del Club Andino junto al personal del Parque Nacional Nahuel Huapi.<\/p>\n<p>Seg\u00fan pudo confirmar, las tres personas alcanzadas por el deslizamiento eran monta\u00f1istas que participaban de una expedici\u00f3n de ski de traves\u00eda.<\/p>\n<p>Este tipo de esqu\u00ed consta de dos partes claramente separadas. La primera consiste en subir a la monta\u00f1a caminando, denominada \u00abtraves\u00eda\u00ab. Mientras que la segunda parte consiste en la bajada esquiando por zonas de nieve virgen.<\/p>\n<p>El secretario de Protecci\u00f3n Civil, Carlos Madjinca, indic\u00f3 que la avalancha se produjo pasadas las 18 horas. \u00abEst\u00e1n trabajando dos unidades de Bomberos de Campanario y Ruca Cura, tambi\u00e9n personal de Parques Nacionales, Polic\u00eda de R\u00edo Negro, Protecci\u00f3n Civil y Club Andino. Est\u00e1 por llegar al lugar gente del Ej\u00e9rcito y se desplaz\u00f3 a Gendarmer\u00eda\u00bb, agreg\u00f3 Madjinca.<\/p>\n<p>El operativo de b\u00fasqueda fue detenido durante la noche para continuar al d\u00eda siguiente por la ma\u00f1ana. La decisi\u00f3n fue tomada dada la peligrosidad de la zona para los rescatistas.<\/p>\n<p>&nbsp;<\/p>\n<\/div>\n<\/div>\n<p><em><strong>Fuente P\u00e1gina 12<\/strong><\/em><\/p>\n<\/div>\n","protected":false},"excerpt":{"rendered":"<p>Tres turistas quedaron sepultados bajo la nieve, en la zona del Refugio L\u00f3pez. Una persona falleci\u00f3 y otra fue hallada con heridas leves, mientras que la b\u00fasqueda del tercero se reanudar\u00e1 este jueves por la ma\u00f1ana.<\/p>\n","protected":false},"author":3,"featured_media":107048,"comment_status":"closed","ping_status":"closed","sticky":false,"template":"","format":"standard","meta":{"footnotes":""},"categories":[29],"tags":[],"class_list":["post-107047","post","type-post","status-publish","format-standard","has-post-thumbnail","hentry","category-policiales"],"yoast_head":"<!-- This site is optimized with the Yoast SEO plugin v25.9 - https:\/\/yoast.com\/wordpress\/plugins\/seo\/ -->\n<title>Avalancha en el Cerro L\u00f3pez de Bariloche dej\u00f3 un muerto y un desaparecido - Noticias Radio Reflejos<\/title>\n<meta name=\"robots\" content=\"index, follow, max-snippet:-1, max-image-preview:large, max-video-preview:-1\" \/>\n<link rel=\"canonical\" href=\"https:\/\/www.noticiasradioreflejos.com.ar\/2021\/avalancha-en-el-cerro-lopez-de-bariloche-dejo-un-muerto-y-un-desaparecido\/\" \/>\n<meta property=\"og:locale\" content=\"es_ES\" \/>\n<meta property=\"og:type\" content=\"article\" \/>\n<meta property=\"og:title\" content=\"Avalancha en el Cerro L\u00f3pez de Bariloche dej\u00f3 un muerto y un desaparecido - Noticias Radio Reflejos\" \/>\n<meta property=\"og:description\" content=\"Tres turistas quedaron sepultados bajo la nieve, en la zona del Refugio L\u00f3pez. Una persona falleci\u00f3 y otra fue hallada con heridas leves, mientras que la b\u00fasqueda del tercero se reanudar\u00e1 este jueves por la ma\u00f1ana.\" \/>\n<meta property=\"og:url\" content=\"https:\/\/www.noticiasradioreflejos.com.ar\/2021\/avalancha-en-el-cerro-lopez-de-bariloche-dejo-un-muerto-y-un-desaparecido\/\" \/>\n<meta property=\"og:site_name\" content=\"Noticias Radio Reflejos\" \/>\n<meta property=\"article:published_time\" content=\"2024-09-05T10:14:08+00:00\" \/>\n<meta property=\"og:image\" content=\"https:\/\/www.noticiasradioreflejos.com.ar\/2021\/wp-content\/uploads\/2024\/09\/870270-bariloche-0.jpg\" \/>\n\t<meta property=\"og:image:width\" content=\"960\" \/>\n\t<meta property=\"og:image:height\" content=\"640\" \/>\n\t<meta property=\"og:image:type\" content=\"image\/jpeg\" \/>\n<meta name=\"author\" content=\"Arnaldo Botto\" \/>\n<meta name=\"twitter:card\" content=\"summary_large_image\" \/>\n<script type=\"application\/ld+json\" class=\"yoast-schema-graph\">{\"@context\":\"https:\/\/schema.org\",\"@graph\":[{\"@type\":\"WebPage\",\"@id\":\"https:\/\/www.noticiasradioreflejos.com.ar\/2021\/avalancha-en-el-cerro-lopez-de-bariloche-dejo-un-muerto-y-un-desaparecido\/\",\"url\":\"https:\/\/www.noticiasradioreflejos.com.ar\/2021\/avalancha-en-el-cerro-lopez-de-bariloche-dejo-un-muerto-y-un-desaparecido\/\",\"name\":\"Avalancha en el Cerro L\u00f3pez de Bariloche dej\u00f3 un muerto y un desaparecido - Noticias Radio Reflejos\",\"isPartOf\":{\"@id\":\"https:\/\/www.noticiasradioreflejos.com.ar\/2021\/#website\"},\"primaryImageOfPage\":{\"@id\":\"https:\/\/www.noticiasradioreflejos.com.ar\/2021\/avalancha-en-el-cerro-lopez-de-bariloche-dejo-un-muerto-y-un-desaparecido\/#primaryimage\"},\"image\":{\"@id\":\"https:\/\/www.noticiasradioreflejos.com.ar\/2021\/avalancha-en-el-cerro-lopez-de-bariloche-dejo-un-muerto-y-un-desaparecido\/#primaryimage\"},\"thumbnailUrl\":\"https:\/\/www.noticiasradioreflejos.com.ar\/2021\/wp-content\/uploads\/2024\/09\/870270-bariloche-0.jpg\",\"datePublished\":\"2024-09-05T10:14:08+00:00\",\"author\":{\"@id\":\"https:\/\/www.noticiasradioreflejos.com.ar\/2021\/#\/schema\/person\/ad82545263dcc5ec0996818884fd5fb1\"},\"breadcrumb\":{\"@id\":\"https:\/\/www.noticiasradioreflejos.com.ar\/2021\/avalancha-en-el-cerro-lopez-de-bariloche-dejo-un-muerto-y-un-desaparecido\/#breadcrumb\"},\"inLanguage\":\"es\",\"potentialAction\":[{\"@type\":\"ReadAction\",\"target\":[\"https:\/\/www.noticiasradioreflejos.com.ar\/2021\/avalancha-en-el-cerro-lopez-de-bariloche-dejo-un-muerto-y-un-desaparecido\/\"]}]},{\"@type\":\"ImageObject\",\"inLanguage\":\"es\",\"@id\":\"https:\/\/www.noticiasradioreflejos.com.ar\/2021\/avalancha-en-el-cerro-lopez-de-bariloche-dejo-un-muerto-y-un-desaparecido\/#primaryimage\",\"url\":\"https:\/\/www.noticiasradioreflejos.com.ar\/2021\/wp-content\/uploads\/2024\/09\/870270-bariloche-0.jpg\",\"contentUrl\":\"https:\/\/www.noticiasradioreflejos.com.ar\/2021\/wp-content\/uploads\/2024\/09\/870270-bariloche-0.jpg\",\"width\":960,\"height\":640},{\"@type\":\"BreadcrumbList\",\"@id\":\"https:\/\/www.noticiasradioreflejos.com.ar\/2021\/avalancha-en-el-cerro-lopez-de-bariloche-dejo-un-muerto-y-un-desaparecido\/#breadcrumb\",\"itemListElement\":[{\"@type\":\"ListItem\",\"position\":1,\"name\":\"Portada\",\"item\":\"https:\/\/www.noticiasradioreflejos.com.ar\/2021\/\"},{\"@type\":\"ListItem\",\"position\":2,\"name\":\"Avalancha en el Cerro L\u00f3pez de Bariloche dej\u00f3 un muerto y un desaparecido\"}]},{\"@type\":\"WebSite\",\"@id\":\"https:\/\/www.noticiasradioreflejos.com.ar\/2021\/#website\",\"url\":\"https:\/\/www.noticiasradioreflejos.com.ar\/2021\/\",\"name\":\"Noticias Radio Reflejos\",\"description\":\"Las noticias de mi comarca\",\"potentialAction\":[{\"@type\":\"SearchAction\",\"target\":{\"@type\":\"EntryPoint\",\"urlTemplate\":\"https:\/\/www.noticiasradioreflejos.com.ar\/2021\/?s={search_term_string}\"},\"query-input\":{\"@type\":\"PropertyValueSpecification\",\"valueRequired\":true,\"valueName\":\"search_term_string\"}}],\"inLanguage\":\"es\"},{\"@type\":\"Person\",\"@id\":\"https:\/\/www.noticiasradioreflejos.com.ar\/2021\/#\/schema\/person\/ad82545263dcc5ec0996818884fd5fb1\",\"name\":\"Arnaldo Botto\",\"image\":{\"@type\":\"ImageObject\",\"inLanguage\":\"es\",\"@id\":\"https:\/\/www.noticiasradioreflejos.com.ar\/2021\/#\/schema\/person\/image\/\",\"url\":\"https:\/\/secure.gravatar.com\/avatar\/55cb5e37c1efa326397366e6974cb338056df65cb50e7d64d1cf314e87504837?s=96&d=mm&r=g\",\"contentUrl\":\"https:\/\/secure.gravatar.com\/avatar\/55cb5e37c1efa326397366e6974cb338056df65cb50e7d64d1cf314e87504837?s=96&d=mm&r=g\",\"caption\":\"Arnaldo Botto\"},\"url\":\"https:\/\/www.noticiasradioreflejos.com.ar\/2021\/author\/arnaldo\/\"}]}<\/script>\n<!-- \/ Yoast SEO plugin. -->","yoast_head_json":{"title":"Avalancha en el Cerro L\u00f3pez de Bariloche dej\u00f3 un muerto y un desaparecido - Noticias Radio Reflejos","robots":{"index":"index","follow":"follow","max-snippet":"max-snippet:-1","max-image-preview":"max-image-preview:large","max-video-preview":"max-video-preview:-1"},"canonical":"https:\/\/www.noticiasradioreflejos.com.ar\/2021\/avalancha-en-el-cerro-lopez-de-bariloche-dejo-un-muerto-y-un-desaparecido\/","og_locale":"es_ES","og_type":"article","og_title":"Avalancha en el Cerro L\u00f3pez de Bariloche dej\u00f3 un muerto y un desaparecido - Noticias Radio Reflejos","og_description":"Tres turistas quedaron sepultados bajo la nieve, en la zona del Refugio L\u00f3pez. Una persona falleci\u00f3 y otra fue hallada con heridas leves, mientras que la b\u00fasqueda del tercero se reanudar\u00e1 este jueves por la ma\u00f1ana.","og_url":"https:\/\/www.noticiasradioreflejos.com.ar\/2021\/avalancha-en-el-cerro-lopez-de-bariloche-dejo-un-muerto-y-un-desaparecido\/","og_site_name":"Noticias Radio Reflejos","article_published_time":"2024-09-05T10:14:08+00:00","og_image":[{"width":960,"height":640,"url":"https:\/\/www.noticiasradioreflejos.com.ar\/2021\/wp-content\/uploads\/2024\/09\/870270-bariloche-0.jpg","type":"image\/jpeg"}],"author":"Arnaldo Botto","twitter_card":"summary_large_image","schema":{"@context":"https:\/\/schema.org","@graph":[{"@type":"WebPage","@id":"https:\/\/www.noticiasradioreflejos.com.ar\/2021\/avalancha-en-el-cerro-lopez-de-bariloche-dejo-un-muerto-y-un-desaparecido\/","url":"https:\/\/www.noticiasradioreflejos.com.ar\/2021\/avalancha-en-el-cerro-lopez-de-bariloche-dejo-un-muerto-y-un-desaparecido\/","name":"Avalancha en el Cerro L\u00f3pez de Bariloche dej\u00f3 un muerto y un desaparecido - Noticias Radio Reflejos","isPartOf":{"@id":"https:\/\/www.noticiasradioreflejos.com.ar\/2021\/#website"},"primaryImageOfPage":{"@id":"https:\/\/www.noticiasradioreflejos.com.ar\/2021\/avalancha-en-el-cerro-lopez-de-bariloche-dejo-un-muerto-y-un-desaparecido\/#primaryimage"},"image":{"@id":"https:\/\/www.noticiasradioreflejos.com.ar\/2021\/avalancha-en-el-cerro-lopez-de-bariloche-dejo-un-muerto-y-un-desaparecido\/#primaryimage"},"thumbnailUrl":"https:\/\/www.noticiasradioreflejos.com.ar\/2021\/wp-content\/uploads\/2024\/09\/870270-bariloche-0.jpg","datePublished":"2024-09-05T10:14:08+00:00","author":{"@id":"https:\/\/www.noticiasradioreflejos.com.ar\/2021\/#\/schema\/person\/ad82545263dcc5ec0996818884fd5fb1"},"breadcrumb":{"@id":"https:\/\/www.noticiasradioreflejos.com.ar\/2021\/avalancha-en-el-cerro-lopez-de-bariloche-dejo-un-muerto-y-un-desaparecido\/#breadcrumb"},"inLanguage":"es","potentialAction":[{"@type":"ReadAction","target":["https:\/\/www.noticiasradioreflejos.com.ar\/2021\/avalancha-en-el-cerro-lopez-de-bariloche-dejo-un-muerto-y-un-desaparecido\/"]}]},{"@type":"ImageObject","inLanguage":"es","@id":"https:\/\/www.noticiasradioreflejos.com.ar\/2021\/avalancha-en-el-cerro-lopez-de-bariloche-dejo-un-muerto-y-un-desaparecido\/#primaryimage","url":"https:\/\/www.noticiasradioreflejos.com.ar\/2021\/wp-content\/uploads\/2024\/09\/870270-bariloche-0.jpg","contentUrl":"https:\/\/www.noticiasradioreflejos.com.ar\/2021\/wp-content\/uploads\/2024\/09\/870270-bariloche-0.jpg","width":960,"height":640},{"@type":"BreadcrumbList","@id":"https:\/\/www.noticiasradioreflejos.com.ar\/2021\/avalancha-en-el-cerro-lopez-de-bariloche-dejo-un-muerto-y-un-desaparecido\/#breadcrumb","itemListElement":[{"@type":"ListItem","position":1,"name":"Portada","item":"https:\/\/www.noticiasradioreflejos.com.ar\/2021\/"},{"@type":"ListItem","position":2,"name":"Avalancha en el Cerro L\u00f3pez de Bariloche dej\u00f3 un muerto y un desaparecido"}]},{"@type":"WebSite","@id":"https:\/\/www.noticiasradioreflejos.com.ar\/2021\/#website","url":"https:\/\/www.noticiasradioreflejos.com.ar\/2021\/","name":"Noticias Radio Reflejos","description":"Las noticias de mi comarca","potentialAction":[{"@type":"SearchAction","target":{"@type":"EntryPoint","urlTemplate":"https:\/\/www.noticiasradioreflejos.com.ar\/2021\/?s={search_term_string}"},"query-input":{"@type":"PropertyValueSpecification","valueRequired":true,"valueName":"search_term_string"}}],"inLanguage":"es"},{"@type":"Person","@id":"https:\/\/www.noticiasradioreflejos.com.ar\/2021\/#\/schema\/person\/ad82545263dcc5ec0996818884fd5fb1","name":"Arnaldo Botto","image":{"@type":"ImageObject","inLanguage":"es","@id":"https:\/\/www.noticiasradioreflejos.com.ar\/2021\/#\/schema\/person\/image\/","url":"https:\/\/secure.gravatar.com\/avatar\/55cb5e37c1efa326397366e6974cb338056df65cb50e7d64d1cf314e87504837?s=96&d=mm&r=g","contentUrl":"https:\/\/secure.gravatar.com\/avatar\/55cb5e37c1efa326397366e6974cb338056df65cb50e7d64d1cf314e87504837?s=96&d=mm&r=g","caption":"Arnaldo Botto"},"url":"https:\/\/www.noticiasradioreflejos.com.ar\/2021\/author\/arnaldo\/"}]}},"_links":{"self":[{"href":"https:\/\/www.noticiasradioreflejos.com.ar\/2021\/wp-json\/wp\/v2\/posts\/107047","targetHints":{"allow":["GET"]}}],"collection":[{"href":"https:\/\/www.noticiasradioreflejos.com.ar\/2021\/wp-json\/wp\/v2\/posts"}],"about":[{"href":"https:\/\/www.noticiasradioreflejos.com.ar\/2021\/wp-json\/wp\/v2\/types\/post"}],"author":[{"embeddable":true,"href":"https:\/\/www.noticiasradioreflejos.com.ar\/2021\/wp-json\/wp\/v2\/users\/3"}],"replies":[{"embeddable":true,"href":"https:\/\/www.noticiasradioreflejos.com.ar\/2021\/wp-json\/wp\/v2\/comments?post=107047"}],"version-history":[{"count":1,"href":"https:\/\/www.noticiasradioreflejos.com.ar\/2021\/wp-json\/wp\/v2\/posts\/107047\/revisions"}],"predecessor-version":[{"id":107049,"href":"https:\/\/www.noticiasradioreflejos.com.ar\/2021\/wp-json\/wp\/v2\/posts\/107047\/revisions\/107049"}],"wp:featuredmedia":[{"embeddable":true,"href":"https:\/\/www.noticiasradioreflejos.com.ar\/2021\/wp-json\/wp\/v2\/media\/107048"}],"wp:attachment":[{"href":"https:\/\/www.noticiasradioreflejos.com.ar\/2021\/wp-json\/wp\/v2\/media?parent=107047"}],"wp:term":[{"taxonomy":"category","embeddable":true,"href":"https:\/\/www.noticiasradioreflejos.com.ar\/2021\/wp-json\/wp\/v2\/categories?post=107047"},{"taxonomy":"post_tag","embeddable":true,"href":"https:\/\/www.noticiasradioreflejos.com.ar\/2021\/wp-json\/wp\/v2\/tags?post=107047"}],"curies":[{"name":"wp","href":"https:\/\/api.w.org\/{rel}","templated":true}]}}