{"id":107034,"date":"2024-09-04T13:49:45","date_gmt":"2024-09-04T16:49:45","guid":{"rendered":"https:\/\/www.noticiasradioreflejos.com.ar\/2021\/?p=107034"},"modified":"2024-09-04T13:49:45","modified_gmt":"2024-09-04T16:49:45","slug":"hcd-orden-del-dia-4-9-24","status":"publish","type":"post","link":"https:\/\/www.noticiasradioreflejos.com.ar\/2021\/hcd-orden-del-dia-4-9-24\/","title":{"rendered":"HCD: Orden del d\u00eda 4-9-24"},"content":{"rendered":"<p>El Honorable Concejo Deliberante comparte la orden del d\u00eda 4 de septiembre del corriente, siendo la sesi\u00f3n a las 20 horas.<!--more--><\/p>\n<p>&nbsp;<\/p>\n<p>&nbsp;<\/p>\n<p style=\"text-align: right;\"><b>Tornquist, 3 de septiembre de 2024.-<\/b><\/p>\n<p style=\"text-align: center;\"><b>Orden del D\u00eda<\/b><\/p>\n<p>&nbsp;<\/p>\n<p><b>1.- Aprobaci\u00f3n de las Actas N\u00ba 1323\/24 y 1324\/24.<\/b><span style=\"font-weight: 400;\">&#8212;&#8212;&#8212;&#8212;&#8212;&#8212;&#8212;&#8212;&#8212;&#8212;&#8212;&#8212;&#8212;-<\/span><\/p>\n<p>&nbsp;<\/p>\n<p><b>2.- Comunicaciones Oficiales: <\/b><span style=\"font-weight: 400;\">&#8212;&#8212;&#8212;&#8212;&#8212;&#8212;&#8212;&#8212;&#8212;&#8212;&#8212;&#8212;&#8212;&#8212;&#8212;&#8212;&#8212;&#8212;&#8212;&#8212;&#8212;&#8212;-<\/span><\/p>\n<p><span style=\"font-weight: 400;\">#<\/span><b>Expte. N\u00ba 61\/24:<\/b><span style=\"font-weight: 400;\"> D.E. \u2013 Baja de Bienes F\u00edsicos en estado de deterioro Ejercicio 2024.&#8212;&#8212;&#8212;&#8212;&#8212;&#8212;&#8212;&#8212;&#8212;&#8212;&#8212;&#8212;&#8212;&#8212;&#8212;&#8212;&#8212;&#8212;&#8212;&#8212;&#8212;&#8212;&#8212;&#8212;&#8212;&#8212;&#8212;&#8212;&#8212;&#8212;&#8212;&#8212;&#8212;&#8212;-<\/span><\/p>\n<p><span style=\"font-weight: 400;\">#<\/span><b>Expte. N\u00ba 309\/24:<\/b><span style=\"font-weight: 400;\"> &#8211; D.E. \u2013 Reincorporaci\u00f3n de Bienes F\u00edsicos 2024.&#8212;&#8212;&#8212;&#8212;&#8212;&#8212;#<\/span><b>Expte. N\u00ba 382\/24:<\/b><span style=\"font-weight: 400;\"> &#8211; D.E. \u2013 Convalida la firma del Contrato de Locaci\u00f3n celebrado e\/el Sr. Jos\u00e9 Segundo Gonz\u00e1lez y la Municipalidad de Tornquist \u2013Departamento 1.<\/span><\/p>\n<p><span style=\"font-weight: 400;\">#<\/span><b>Expte. N\u00ba 384\/24:<\/b><span style=\"font-weight: 400;\"> &#8211; D.E. \u2013 Autoriza la firma del Convenio de Colaboraci\u00f3n entre Fundaci\u00f3n Banco de Provincia de Buenos Aires y la Municipalidad de Tornquist.&#8212;<\/span><\/p>\n<p><span style=\"font-weight: 400;\">#<\/span><b>Expte. N\u00ba 394\/24:<\/b><span style=\"font-weight: 400;\"> &#8211; D.E.- Solicita autorizaci\u00f3n para Afianzar.&#8212;&#8212;&#8212;&#8212;&#8212;&#8212;&#8212;&#8212;&#8212;-<\/span><\/p>\n<p><span style=\"font-weight: 400;\">#<\/span><b>Expte. N\u00ba 404\/24:<\/b><span style=\"font-weight: 400;\"> D.E. Plan de facilidades de Pago- Ejercicio 2024.&#8212;&#8212;&#8212;&#8212;&#8212;&#8212;<\/span><\/p>\n<p><span style=\"font-weight: 400;\">#<\/span><b>Expte. N\u00ba 7797\/24:<\/b><span style=\"font-weight: 400;\"> &#8211; Bloques Acci\u00f3n por Tornquist y Uni\u00f3n por la Patria \u2013 Proyecto de Ordenanza: Dispone la creaci\u00f3n de la Bandera Oficial de la localidad de Sierra de la Ventana.&#8212;&#8212;&#8212;&#8212;&#8212;&#8212;&#8212;&#8212;&#8212;&#8212;&#8212;&#8212;&#8212;&#8212;&#8212;&#8212;&#8212;&#8212;&#8212;&#8212;&#8212;&#8212;&#8212;&#8212;&#8212;&#8212;<\/span><\/p>\n<p>&nbsp;<\/p>\n<p><b>3.- Dict\u00e1menes de las Comisiones<\/b><span style=\"font-weight: 400;\">: &#8212;&#8212;&#8212;&#8212;&#8212;&#8212;&#8212;&#8212;&#8212;&#8212;&#8212;&#8212;&#8212;&#8212;&#8212;&#8212;&#8212;&#8212;&#8212;&#8212;<\/span><\/p>\n<p><span style=\"font-weight: 400;\">#<\/span><b>Expte. N\u00ba 4114-313\/24:<\/b><span style=\"font-weight: 400;\"> &#8211; \u00c1rea Regularizaci\u00f3n Dominial Municipal \u2013 Regularizaci\u00f3n y adjudicaci\u00f3n de lotes en la Manzana 105 \u2013 Parcelas 5 y 7.&#8212;&#8212;&#8212;<\/span><\/p>\n<p><span style=\"font-weight: 400;\">#<\/span><b>Expte. N\u00ba 4114-374\/24:<\/b><span style=\"font-weight: 400;\"> &#8211; \u00c1rea Regularizaci\u00f3n Dominial Municipal \u2013 Incorporaci\u00f3n y Registro del inmueble: Circ. II \u2013 Secc. A &#8211; Chac. 57 \u2013 Parcela 2b a favor de la Municipalidad de Tornquist.&#8212;&#8212;&#8212;&#8212;&#8212;&#8212;&#8212;&#8212;&#8212;&#8212;&#8212;&#8212;&#8212;&#8212;&#8212;&#8212;&#8212;&#8212;&#8212;&#8211;<\/span><\/p>\n<p><span style=\"font-weight: 400;\">#<\/span><b>Expte. N\u00ba 239\/24:<\/b><span style=\"font-weight: 400;\"> &#8211; N.P. \u2013 Juana Arias \u2013 Concesionaria Unidad Fiscal Balneario Parque Norte \u2013 Presenta cuadro tarifario temporada 2024.&#8212;&#8212;&#8212;&#8212;&#8212;&#8212;&#8212;&#8212;&#8212;&#8212;&#8211;<\/span><\/p>\n<p><span style=\"font-weight: 400;\">#<\/span><b>Expte. N\u00ba 314\/24:<\/b><span style=\"font-weight: 400;\"> &#8211; N.P.\u2013 Comisi\u00f3n directiva del Sindicato de Trabajadores Municipales s\/cesi\u00f3n de derecho de tierras en la Localidad de Sierra de la Ventana.&#8212;&#8212;&#8212;&#8212;&#8212;&#8212;&#8212;&#8212;&#8212;&#8212;&#8212;&#8212;&#8212;&#8212;&#8212;&#8212;&#8212;&#8212;&#8212;&#8212;&#8212;&#8212;&#8212;&#8212;&#8212;&#8212;&#8212;&#8212;&#8212;&#8212;&#8212;&#8212;&#8211;<\/span><\/p>\n<p><span style=\"font-weight: 400;\">#<\/span><b>Expte. N\u00ba 316\/24:<\/b><span style=\"font-weight: 400;\"> &#8211; N.P. \u2013 Garc\u00eda Santiago solicita Permiso de Uso en tierras propiedad de la Municipalidad.&#8212;&#8212;&#8212;&#8212;&#8212;&#8212;&#8212;&#8212;&#8212;&#8212;&#8212;&#8212;&#8212;&#8212;&#8212;&#8212;&#8212;&#8212;&#8212;&#8212;&#8212;&#8212;&#8212;<\/span><\/p>\n<p><span style=\"font-weight: 400;\">#<\/span><b>Expte. N\u00ba 341\/24:<\/b><span style=\"font-weight: 400;\"> &#8211; N.P. \u2013 Salerno Fabi\u00e1n solicita pr\u00e9stamo de inmueble rural perteneciente a la Municipalidad.&#8212;&#8212;&#8212;&#8212;&#8212;&#8212;&#8212;&#8212;&#8212;&#8212;&#8212;&#8212;&#8212;&#8212;&#8212;&#8212;&#8212;&#8212;&#8212;&#8212;&#8212;&#8212;<\/span><\/p>\n<p><span style=\"font-weight: 400;\">#<\/span><b>Expte. N\u00ba 367\/24:<\/b><span style=\"font-weight: 400;\"> &#8211; D.E. \u2013 Autoriza la firma del Convenio de Uso y Colaboraci\u00f3n e\/la Municipalidad de Tornquist, el Consejo Escolar y la Universidad Provincial del Sudoeste.&#8212;&#8212;&#8212;&#8212;&#8212;&#8212;&#8212;&#8212;&#8212;&#8212;&#8212;&#8212;&#8212;&#8212;&#8212;&#8212;&#8212;&#8212;&#8212;&#8212;&#8212;&#8212;&#8212;&#8212;&#8212;&#8212;&#8212;&#8212;&#8212;&#8212;&#8212;&#8212;-<\/span><\/p>\n<p><span style=\"font-weight: 400;\">#<\/span><b>Expte. N\u00ba 7767\/24:<\/b><span style=\"font-weight: 400;\"> &#8211; Bloques Juntos y Juntos por el Cambio \u2013 Proyecto de Ordenanza: Crea en el Pdo. de Tornquist el \u201cPrograma Municipal de Prevenci\u00f3n de Ludopat\u00eda Online\u201d.&#8212;&#8212;&#8212;&#8212;&#8212;&#8212;&#8212;&#8212;&#8212;&#8212;&#8212;&#8212;&#8212;&#8212;&#8212;&#8212;&#8212;&#8212;&#8212;&#8212;&#8212;&#8212;&#8212;&#8212;&#8212;&#8212;&#8212;<\/span><\/p>\n<p><span style=\"font-weight: 400;\">#<\/span><b>Expte. N\u00ba 7793\/24:<\/b><span style=\"font-weight: 400;\"> &#8211; Bloques Juntos y Juntos por el Cambio \u2013 Minuta de Comunicaci\u00f3n: Ref. suspensi\u00f3n aumento tasas municipales y solicita inmediata suspensi\u00f3n de la aplicaci\u00f3n del Art. 141\u00ba del C\u00f3digo Tributario Municipal vigente.&#8212;<\/span><\/p>\n<p><span style=\"font-weight: 400;\">#<\/span><b>Expte. N\u00ba 7800\/24:<\/b><span style=\"font-weight: 400;\"> &#8211; Bloques Juntos y Juntos por el Cambio \u2013 Proyecto de Ordenanza: Reglamenta la entrega de restos \u00f3seos del Osario General del Cementerio Municipal de Tornquist, para fines cient\u00edficos o de estudio.&#8212;&#8212;&#8212;&#8212;&#8212;-#<\/span><b>Expte. N\u00ba 7802\/24:<\/b><span style=\"font-weight: 400;\"> &#8211; Bloques, Uni\u00f3n por la Patria, Acci\u00f3n por Tornquist y Frente de Todos \u2013 Proyecto de Ordenanza: Adhiere a la Municipalidad de Tornquist a la Ley Provincial N\u00ba 15.491, ref. Endometriosis.&#8212;&#8212;&#8212;&#8212;&#8212;&#8212;&#8212;&#8212;&#8212;&#8212;&#8212;&#8212;&#8212;&#8212;&#8212;&#8212;&#8212;<\/span><\/p>\n<p>&nbsp;<\/p>\n<p><b>4.- Proyectos Presentados.<\/b><span style=\"font-weight: 400;\">&#8212;&#8212;&#8212;&#8212;&#8212;&#8212;&#8212;&#8212;&#8212;&#8212;&#8212;&#8212;&#8212;&#8212;&#8212;&#8212;&#8212;&#8212;&#8212;&#8212;&#8212;&#8212;&#8212;&#8212;<\/span><\/p>\n<p>&nbsp;<\/p>\n<p><b>5.- Asuntos Particulares.<\/b><span style=\"font-weight: 400;\">&#8212;&#8212;&#8212;&#8212;&#8212;&#8212;&#8212;&#8212;&#8212;&#8212;&#8212;&#8212;&#8212;&#8212;&#8212;&#8212;&#8212;&#8212;&#8212;&#8212;&#8212;&#8212;&#8212;&#8212;&#8212;<\/span><\/p>\n<p>&nbsp;<\/p>\n<p><b>D\u00eda de la Sesi\u00f3n:<\/b><span style=\"font-weight: 400;\"> 4 de septiembre de 2024.-<\/span><\/p>\n<p><b>Hora de Comienzo:<\/b><span style=\"font-weight: 400;\"> 20:00 Hs.-<\/span><\/p>\n<p><b>\u00a0\u00a0\u00a0\u00a0<\/b><\/p>\n<p style=\"text-align: center;\">\n<p style=\"text-align: center;\"><b>\u00a0\u00a0\u00a0\u00a0\u00a0\u00a0\u00a0\u00a0Juliana C. Sgammini\u00a0 \u00a0 \u00a0 \u00a0 \u00a0 \u00a0 \u00a0 \u00a0 \u00a0 \u00a0 \u00a0 \u00a0 \u00a0 \u00a0 \u00a0 \u00a0 \u00a0 \u00a0 \u00a0 \u00a0 \u00a0 Carmen B. Soverchia\u00a0<\/b><\/p>\n<p style=\"text-align: center;\"><b>\u00a0\u00a0\u00a0\u00a0\u00a0\u00a0\u00a0\u00a0\u00a0\u00a0\u00a0\u00a0\u00a0\u00a0\u00a0\u00a0\u00a0Secretaria\u00a0 \u00a0 \u00a0 \u00a0 \u00a0 \u00a0 \u00a0 \u00a0 \u00a0 \u00a0 \u00a0 \u00a0 \u00a0 \u00a0 \u00a0 \u00a0 \u00a0 \u00a0 \u00a0 \u00a0 \u00a0 \u00a0 \u00a0 \u00a0 \u00a0 \u00a0 \u00a0 \u00a0 \u00a0 \u00a0 Presidente\u00a0<\/b><\/p>\n<p style=\"text-align: center;\"><b>\u00a0\u00a0\u00a0\u00a0\u00a0\u00a0\u00a0\u00a0\u00a0\u00a0\u00a0\u00a0\u00a0\u00a0\u00a0\u00a0\u00a0\u00a0\u00a0\u00a0\u00a0H.C.D. \u00a0 \u00a0 \u00a0 \u00a0 \u00a0 \u00a0 \u00a0 \u00a0 \u00a0 \u00a0 \u00a0 \u00a0 \u00a0 \u00a0 \u00a0 \u00a0 \u00a0 \u00a0 \u00a0 \u00a0 \u00a0 \u00a0 \u00a0 \u00a0 \u00a0 \u00a0 \u00a0 \u00a0 \u00a0 \u00a0 \u00a0 \u00a0 \u00a0 H.C.D.<\/b><\/p>\n","protected":false},"excerpt":{"rendered":"<p>El Honorable Concejo Deliberante comparte la orden del d\u00eda 4 de septiembre del corriente, siendo la sesi\u00f3n a las 20 horas.<\/p>\n","protected":false},"author":3,"featured_media":101288,"comment_status":"closed","ping_status":"closed","sticky":false,"template":"","format":"standard","meta":{"footnotes":""},"categories":[59],"tags":[],"class_list":["post-107034","post","type-post","status-publish","format-standard","has-post-thumbnail","hentry","category-concejo-deliberante"],"yoast_head":"<!-- This site is optimized with the Yoast SEO plugin v25.9 - https:\/\/yoast.com\/wordpress\/plugins\/seo\/ -->\n<title>HCD: Orden del d\u00eda 4-9-24 - Noticias Radio Reflejos<\/title>\n<meta name=\"robots\" content=\"index, follow, max-snippet:-1, max-image-preview:large, max-video-preview:-1\" \/>\n<link rel=\"canonical\" href=\"https:\/\/www.noticiasradioreflejos.com.ar\/2021\/hcd-orden-del-dia-4-9-24\/\" \/>\n<meta property=\"og:locale\" content=\"es_ES\" \/>\n<meta property=\"og:type\" content=\"article\" \/>\n<meta property=\"og:title\" content=\"HCD: Orden del d\u00eda 4-9-24 - Noticias Radio Reflejos\" \/>\n<meta property=\"og:description\" content=\"El Honorable Concejo Deliberante comparte la orden del d\u00eda 4 de septiembre del corriente, siendo la sesi\u00f3n a las 20 horas.\" \/>\n<meta property=\"og:url\" content=\"https:\/\/www.noticiasradioreflejos.com.ar\/2021\/hcd-orden-del-dia-4-9-24\/\" \/>\n<meta property=\"og:site_name\" content=\"Noticias Radio Reflejos\" \/>\n<meta property=\"article:published_time\" content=\"2024-09-04T16:49:45+00:00\" \/>\n<meta property=\"og:image\" content=\"https:\/\/www.noticiasradioreflejos.com.ar\/2021\/wp-content\/uploads\/2024\/04\/hcdconcejodeliberantetqt.png\" \/>\n\t<meta property=\"og:image:width\" content=\"1640\" \/>\n\t<meta property=\"og:image:height\" content=\"924\" \/>\n\t<meta property=\"og:image:type\" content=\"image\/png\" \/>\n<meta name=\"author\" content=\"Arnaldo Botto\" \/>\n<meta name=\"twitter:card\" content=\"summary_large_image\" \/>\n<script type=\"application\/ld+json\" class=\"yoast-schema-graph\">{\"@context\":\"https:\/\/schema.org\",\"@graph\":[{\"@type\":\"WebPage\",\"@id\":\"https:\/\/www.noticiasradioreflejos.com.ar\/2021\/hcd-orden-del-dia-4-9-24\/\",\"url\":\"https:\/\/www.noticiasradioreflejos.com.ar\/2021\/hcd-orden-del-dia-4-9-24\/\",\"name\":\"HCD: Orden del d\u00eda 4-9-24 - Noticias Radio Reflejos\",\"isPartOf\":{\"@id\":\"https:\/\/www.noticiasradioreflejos.com.ar\/2021\/#website\"},\"primaryImageOfPage\":{\"@id\":\"https:\/\/www.noticiasradioreflejos.com.ar\/2021\/hcd-orden-del-dia-4-9-24\/#primaryimage\"},\"image\":{\"@id\":\"https:\/\/www.noticiasradioreflejos.com.ar\/2021\/hcd-orden-del-dia-4-9-24\/#primaryimage\"},\"thumbnailUrl\":\"https:\/\/www.noticiasradioreflejos.com.ar\/2021\/wp-content\/uploads\/2024\/04\/hcdconcejodeliberantetqt.png\",\"datePublished\":\"2024-09-04T16:49:45+00:00\",\"author\":{\"@id\":\"https:\/\/www.noticiasradioreflejos.com.ar\/2021\/#\/schema\/person\/ad82545263dcc5ec0996818884fd5fb1\"},\"breadcrumb\":{\"@id\":\"https:\/\/www.noticiasradioreflejos.com.ar\/2021\/hcd-orden-del-dia-4-9-24\/#breadcrumb\"},\"inLanguage\":\"es\",\"potentialAction\":[{\"@type\":\"ReadAction\",\"target\":[\"https:\/\/www.noticiasradioreflejos.com.ar\/2021\/hcd-orden-del-dia-4-9-24\/\"]}]},{\"@type\":\"ImageObject\",\"inLanguage\":\"es\",\"@id\":\"https:\/\/www.noticiasradioreflejos.com.ar\/2021\/hcd-orden-del-dia-4-9-24\/#primaryimage\",\"url\":\"https:\/\/www.noticiasradioreflejos.com.ar\/2021\/wp-content\/uploads\/2024\/04\/hcdconcejodeliberantetqt.png\",\"contentUrl\":\"https:\/\/www.noticiasradioreflejos.com.ar\/2021\/wp-content\/uploads\/2024\/04\/hcdconcejodeliberantetqt.png\",\"width\":1640,\"height\":924},{\"@type\":\"BreadcrumbList\",\"@id\":\"https:\/\/www.noticiasradioreflejos.com.ar\/2021\/hcd-orden-del-dia-4-9-24\/#breadcrumb\",\"itemListElement\":[{\"@type\":\"ListItem\",\"position\":1,\"name\":\"Portada\",\"item\":\"https:\/\/www.noticiasradioreflejos.com.ar\/2021\/\"},{\"@type\":\"ListItem\",\"position\":2,\"name\":\"HCD: Orden del d\u00eda 4-9-24\"}]},{\"@type\":\"WebSite\",\"@id\":\"https:\/\/www.noticiasradioreflejos.com.ar\/2021\/#website\",\"url\":\"https:\/\/www.noticiasradioreflejos.com.ar\/2021\/\",\"name\":\"Noticias Radio Reflejos\",\"description\":\"Las noticias de mi comarca\",\"potentialAction\":[{\"@type\":\"SearchAction\",\"target\":{\"@type\":\"EntryPoint\",\"urlTemplate\":\"https:\/\/www.noticiasradioreflejos.com.ar\/2021\/?s={search_term_string}\"},\"query-input\":{\"@type\":\"PropertyValueSpecification\",\"valueRequired\":true,\"valueName\":\"search_term_string\"}}],\"inLanguage\":\"es\"},{\"@type\":\"Person\",\"@id\":\"https:\/\/www.noticiasradioreflejos.com.ar\/2021\/#\/schema\/person\/ad82545263dcc5ec0996818884fd5fb1\",\"name\":\"Arnaldo Botto\",\"image\":{\"@type\":\"ImageObject\",\"inLanguage\":\"es\",\"@id\":\"https:\/\/www.noticiasradioreflejos.com.ar\/2021\/#\/schema\/person\/image\/\",\"url\":\"https:\/\/secure.gravatar.com\/avatar\/55cb5e37c1efa326397366e6974cb338056df65cb50e7d64d1cf314e87504837?s=96&d=mm&r=g\",\"contentUrl\":\"https:\/\/secure.gravatar.com\/avatar\/55cb5e37c1efa326397366e6974cb338056df65cb50e7d64d1cf314e87504837?s=96&d=mm&r=g\",\"caption\":\"Arnaldo Botto\"},\"url\":\"https:\/\/www.noticiasradioreflejos.com.ar\/2021\/author\/arnaldo\/\"}]}<\/script>\n<!-- \/ Yoast SEO plugin. -->","yoast_head_json":{"title":"HCD: Orden del d\u00eda 4-9-24 - Noticias Radio Reflejos","robots":{"index":"index","follow":"follow","max-snippet":"max-snippet:-1","max-image-preview":"max-image-preview:large","max-video-preview":"max-video-preview:-1"},"canonical":"https:\/\/www.noticiasradioreflejos.com.ar\/2021\/hcd-orden-del-dia-4-9-24\/","og_locale":"es_ES","og_type":"article","og_title":"HCD: Orden del d\u00eda 4-9-24 - Noticias Radio Reflejos","og_description":"El Honorable Concejo Deliberante comparte la orden del d\u00eda 4 de septiembre del corriente, siendo la sesi\u00f3n a las 20 horas.","og_url":"https:\/\/www.noticiasradioreflejos.com.ar\/2021\/hcd-orden-del-dia-4-9-24\/","og_site_name":"Noticias Radio Reflejos","article_published_time":"2024-09-04T16:49:45+00:00","og_image":[{"width":1640,"height":924,"url":"https:\/\/www.noticiasradioreflejos.com.ar\/2021\/wp-content\/uploads\/2024\/04\/hcdconcejodeliberantetqt.png","type":"image\/png"}],"author":"Arnaldo Botto","twitter_card":"summary_large_image","schema":{"@context":"https:\/\/schema.org","@graph":[{"@type":"WebPage","@id":"https:\/\/www.noticiasradioreflejos.com.ar\/2021\/hcd-orden-del-dia-4-9-24\/","url":"https:\/\/www.noticiasradioreflejos.com.ar\/2021\/hcd-orden-del-dia-4-9-24\/","name":"HCD: Orden del d\u00eda 4-9-24 - Noticias Radio Reflejos","isPartOf":{"@id":"https:\/\/www.noticiasradioreflejos.com.ar\/2021\/#website"},"primaryImageOfPage":{"@id":"https:\/\/www.noticiasradioreflejos.com.ar\/2021\/hcd-orden-del-dia-4-9-24\/#primaryimage"},"image":{"@id":"https:\/\/www.noticiasradioreflejos.com.ar\/2021\/hcd-orden-del-dia-4-9-24\/#primaryimage"},"thumbnailUrl":"https:\/\/www.noticiasradioreflejos.com.ar\/2021\/wp-content\/uploads\/2024\/04\/hcdconcejodeliberantetqt.png","datePublished":"2024-09-04T16:49:45+00:00","author":{"@id":"https:\/\/www.noticiasradioreflejos.com.ar\/2021\/#\/schema\/person\/ad82545263dcc5ec0996818884fd5fb1"},"breadcrumb":{"@id":"https:\/\/www.noticiasradioreflejos.com.ar\/2021\/hcd-orden-del-dia-4-9-24\/#breadcrumb"},"inLanguage":"es","potentialAction":[{"@type":"ReadAction","target":["https:\/\/www.noticiasradioreflejos.com.ar\/2021\/hcd-orden-del-dia-4-9-24\/"]}]},{"@type":"ImageObject","inLanguage":"es","@id":"https:\/\/www.noticiasradioreflejos.com.ar\/2021\/hcd-orden-del-dia-4-9-24\/#primaryimage","url":"https:\/\/www.noticiasradioreflejos.com.ar\/2021\/wp-content\/uploads\/2024\/04\/hcdconcejodeliberantetqt.png","contentUrl":"https:\/\/www.noticiasradioreflejos.com.ar\/2021\/wp-content\/uploads\/2024\/04\/hcdconcejodeliberantetqt.png","width":1640,"height":924},{"@type":"BreadcrumbList","@id":"https:\/\/www.noticiasradioreflejos.com.ar\/2021\/hcd-orden-del-dia-4-9-24\/#breadcrumb","itemListElement":[{"@type":"ListItem","position":1,"name":"Portada","item":"https:\/\/www.noticiasradioreflejos.com.ar\/2021\/"},{"@type":"ListItem","position":2,"name":"HCD: Orden del d\u00eda 4-9-24"}]},{"@type":"WebSite","@id":"https:\/\/www.noticiasradioreflejos.com.ar\/2021\/#website","url":"https:\/\/www.noticiasradioreflejos.com.ar\/2021\/","name":"Noticias Radio Reflejos","description":"Las noticias de mi comarca","potentialAction":[{"@type":"SearchAction","target":{"@type":"EntryPoint","urlTemplate":"https:\/\/www.noticiasradioreflejos.com.ar\/2021\/?s={search_term_string}"},"query-input":{"@type":"PropertyValueSpecification","valueRequired":true,"valueName":"search_term_string"}}],"inLanguage":"es"},{"@type":"Person","@id":"https:\/\/www.noticiasradioreflejos.com.ar\/2021\/#\/schema\/person\/ad82545263dcc5ec0996818884fd5fb1","name":"Arnaldo Botto","image":{"@type":"ImageObject","inLanguage":"es","@id":"https:\/\/www.noticiasradioreflejos.com.ar\/2021\/#\/schema\/person\/image\/","url":"https:\/\/secure.gravatar.com\/avatar\/55cb5e37c1efa326397366e6974cb338056df65cb50e7d64d1cf314e87504837?s=96&d=mm&r=g","contentUrl":"https:\/\/secure.gravatar.com\/avatar\/55cb5e37c1efa326397366e6974cb338056df65cb50e7d64d1cf314e87504837?s=96&d=mm&r=g","caption":"Arnaldo Botto"},"url":"https:\/\/www.noticiasradioreflejos.com.ar\/2021\/author\/arnaldo\/"}]}},"_links":{"self":[{"href":"https:\/\/www.noticiasradioreflejos.com.ar\/2021\/wp-json\/wp\/v2\/posts\/107034","targetHints":{"allow":["GET"]}}],"collection":[{"href":"https:\/\/www.noticiasradioreflejos.com.ar\/2021\/wp-json\/wp\/v2\/posts"}],"about":[{"href":"https:\/\/www.noticiasradioreflejos.com.ar\/2021\/wp-json\/wp\/v2\/types\/post"}],"author":[{"embeddable":true,"href":"https:\/\/www.noticiasradioreflejos.com.ar\/2021\/wp-json\/wp\/v2\/users\/3"}],"replies":[{"embeddable":true,"href":"https:\/\/www.noticiasradioreflejos.com.ar\/2021\/wp-json\/wp\/v2\/comments?post=107034"}],"version-history":[{"count":1,"href":"https:\/\/www.noticiasradioreflejos.com.ar\/2021\/wp-json\/wp\/v2\/posts\/107034\/revisions"}],"predecessor-version":[{"id":107035,"href":"https:\/\/www.noticiasradioreflejos.com.ar\/2021\/wp-json\/wp\/v2\/posts\/107034\/revisions\/107035"}],"wp:featuredmedia":[{"embeddable":true,"href":"https:\/\/www.noticiasradioreflejos.com.ar\/2021\/wp-json\/wp\/v2\/media\/101288"}],"wp:attachment":[{"href":"https:\/\/www.noticiasradioreflejos.com.ar\/2021\/wp-json\/wp\/v2\/media?parent=107034"}],"wp:term":[{"taxonomy":"category","embeddable":true,"href":"https:\/\/www.noticiasradioreflejos.com.ar\/2021\/wp-json\/wp\/v2\/categories?post=107034"},{"taxonomy":"post_tag","embeddable":true,"href":"https:\/\/www.noticiasradioreflejos.com.ar\/2021\/wp-json\/wp\/v2\/tags?post=107034"}],"curies":[{"name":"wp","href":"https:\/\/api.w.org\/{rel}","templated":true}]}}