{"id":10703,"date":"2017-05-31T15:47:23","date_gmt":"2017-05-31T18:47:23","guid":{"rendered":"http:\/\/noticiasradioreflejos.com.ar\/noticias\/?p=10703"},"modified":"2017-05-31T15:47:23","modified_gmt":"2017-05-31T18:47:23","slug":"proyecto-prevencion-en-venereas-para-ganado-bovino","status":"publish","type":"post","link":"https:\/\/www.noticiasradioreflejos.com.ar\/2021\/proyecto-prevencion-en-venereas-para-ganado-bovino\/","title":{"rendered":"Proyecto prevenci\u00f3n en ven\u00e9reas para ganado bovino"},"content":{"rendered":"<p>El Servicio Nacional de Sanidad y Calidad Agroalimentaria (Senasa) forma parte del proyecto que fue presentado el pasado 23 de mayo en la sede de la Sociedad Rural de Rauch, donde se llev\u00f3 a cabo una jornada de capacitaci\u00f3n y debate sobre la potencialidad de desarrollar un Plan de Prevenci\u00f3n de enfermedades ven\u00e9reas en el municipio.<!--more--><br \/>\nLa iniciativa surgi\u00f3 en el seno de la mesa interinstitucional local, gracias al aporte que realizaron profesionales de los distintos organismos que la integran, incluido el Senasa, con el prop\u00f3sito de mejorar la productividad ganadera a trav\u00e9s del manejo preventivo de afecciones ven\u00e9reas, como la <em>trichormoniasis<\/em> y la <em>campylobacteriosis<\/em> en rodeos de cr\u00eda.<br \/>\nDurante la jornada se comparti\u00f3 la experiencia del plan de control desarrollado por la provincia de La Pampa y se realiz\u00f3 la presentaci\u00f3n del plan ideado para el partido de Rauch, el cual se plasm\u00f3 en un proyecto de ordenanza, a los efectos de viabilizar los beneficios que su cumplimiento aportar\u00eda a los productores.<br \/>\nEn tal sentido el proyecto contempla una bonificaci\u00f3n del orden del 10 por ciento en la tasa de marcas y se\u00f1ales (gu\u00edas) a los ganaderos que presenten los certificados sanitarios expedidos por veterinario responsable a cargo de los trabajos sanitarios, en tanto que dichas tareas quedar\u00edan informadas en las novedades de los sistemas de registros del Senasa<strong>.<\/strong><br \/>\nEntre los organismos que brindaron sus aportes al proyecto se encuentran, adem\u00e1s del Senasa, el INTA Cuenca del Salado, la Cooperativa Agropecuaria e Industrial de Rauch, la Fundaci\u00f3n Agraria Argentina, la Fundaci\u00f3n Rauch para la Erradicaci\u00f3n de la Fiebre Aftosa (FREFA), el C\u00edrculo de Veterinarios de Rauch, Grupos CREA Rauch-Udaquiola y Languey\u00fa, el Laboratorio Regional Rauch, la Sociedad Rural de Rauch, y la Direcci\u00f3n de Desarrollo Rural del municipio, entre otros.<br \/>\nAsimismo, de la jornada realizada, adem\u00e1s de los mencionados referentes locales tambi\u00e9n participaron representantes del partido de Chascom\u00fas y de Las Flores y funcionarios del Ministerio de Agroindustria de la provincia de Buenos Aires, interesados en llevar la iniciativa hacia otras localidades con el fin de contrarrestar altos \u00edndices de abortos e infertilidad, bajos porcentajes de pre\u00f1ez y p\u00e9rdidas en la eficiencia productiva.<br \/>\n<strong>Senasa<\/strong><\/p>\n","protected":false},"excerpt":{"rendered":"<p>El Servicio Nacional de Sanidad y Calidad Agroalimentaria (Senasa) forma parte del proyecto que fue presentado el pasado 23 de mayo en la sede de la Sociedad Rural de Rauch, donde se llev\u00f3 a cabo una jornada de capacitaci\u00f3n y debate sobre la potencialidad de desarrollar un Plan de Prevenci\u00f3n de enfermedades ven\u00e9reas en el [&hellip;]<\/p>\n","protected":false},"author":3,"featured_media":0,"comment_status":"closed","ping_status":"open","sticky":false,"template":"","format":"standard","meta":{"footnotes":""},"categories":[26],"tags":[],"class_list":["post-10703","post","type-post","status-publish","format-standard","hentry","category-sociedad"],"yoast_head":"<!-- This site is optimized with the Yoast SEO plugin v25.9 - https:\/\/yoast.com\/wordpress\/plugins\/seo\/ -->\n<title>Proyecto prevenci\u00f3n en ven\u00e9reas para ganado bovino - Noticias Radio Reflejos<\/title>\n<meta name=\"robots\" content=\"index, follow, max-snippet:-1, max-image-preview:large, max-video-preview:-1\" \/>\n<link rel=\"canonical\" href=\"https:\/\/www.noticiasradioreflejos.com.ar\/2021\/proyecto-prevencion-en-venereas-para-ganado-bovino\/\" \/>\n<meta property=\"og:locale\" content=\"es_ES\" \/>\n<meta property=\"og:type\" content=\"article\" \/>\n<meta property=\"og:title\" content=\"Proyecto prevenci\u00f3n en ven\u00e9reas para ganado bovino - Noticias Radio Reflejos\" \/>\n<meta property=\"og:description\" content=\"El Servicio Nacional de Sanidad y Calidad Agroalimentaria (Senasa) forma parte del proyecto que fue presentado el pasado 23 de mayo en la sede de la Sociedad Rural de Rauch, donde se llev\u00f3 a cabo una jornada de capacitaci\u00f3n y debate sobre la potencialidad de desarrollar un Plan de Prevenci\u00f3n de enfermedades ven\u00e9reas en el [&hellip;]\" \/>\n<meta property=\"og:url\" content=\"https:\/\/www.noticiasradioreflejos.com.ar\/2021\/proyecto-prevencion-en-venereas-para-ganado-bovino\/\" \/>\n<meta property=\"og:site_name\" content=\"Noticias Radio Reflejos\" \/>\n<meta property=\"article:published_time\" content=\"2017-05-31T18:47:23+00:00\" \/>\n<meta property=\"og:image\" content=\"https:\/\/www.noticiasradioreflejos.com.ar\/2021\/wp-content\/uploads\/2021\/07\/logosol300x200.png\" \/>\n\t<meta property=\"og:image:width\" content=\"300\" \/>\n\t<meta property=\"og:image:height\" content=\"200\" \/>\n\t<meta property=\"og:image:type\" content=\"image\/png\" \/>\n<meta name=\"author\" content=\"Arnaldo Botto\" \/>\n<meta name=\"twitter:card\" content=\"summary_large_image\" \/>\n<script type=\"application\/ld+json\" class=\"yoast-schema-graph\">{\"@context\":\"https:\/\/schema.org\",\"@graph\":[{\"@type\":\"WebPage\",\"@id\":\"https:\/\/www.noticiasradioreflejos.com.ar\/2021\/proyecto-prevencion-en-venereas-para-ganado-bovino\/\",\"url\":\"https:\/\/www.noticiasradioreflejos.com.ar\/2021\/proyecto-prevencion-en-venereas-para-ganado-bovino\/\",\"name\":\"Proyecto prevenci\u00f3n en ven\u00e9reas para ganado bovino - Noticias Radio Reflejos\",\"isPartOf\":{\"@id\":\"https:\/\/www.noticiasradioreflejos.com.ar\/2021\/#website\"},\"datePublished\":\"2017-05-31T18:47:23+00:00\",\"author\":{\"@id\":\"https:\/\/www.noticiasradioreflejos.com.ar\/2021\/#\/schema\/person\/ad82545263dcc5ec0996818884fd5fb1\"},\"breadcrumb\":{\"@id\":\"https:\/\/www.noticiasradioreflejos.com.ar\/2021\/proyecto-prevencion-en-venereas-para-ganado-bovino\/#breadcrumb\"},\"inLanguage\":\"es\",\"potentialAction\":[{\"@type\":\"ReadAction\",\"target\":[\"https:\/\/www.noticiasradioreflejos.com.ar\/2021\/proyecto-prevencion-en-venereas-para-ganado-bovino\/\"]}]},{\"@type\":\"BreadcrumbList\",\"@id\":\"https:\/\/www.noticiasradioreflejos.com.ar\/2021\/proyecto-prevencion-en-venereas-para-ganado-bovino\/#breadcrumb\",\"itemListElement\":[{\"@type\":\"ListItem\",\"position\":1,\"name\":\"Portada\",\"item\":\"https:\/\/www.noticiasradioreflejos.com.ar\/2021\/\"},{\"@type\":\"ListItem\",\"position\":2,\"name\":\"Proyecto prevenci\u00f3n en ven\u00e9reas para ganado bovino\"}]},{\"@type\":\"WebSite\",\"@id\":\"https:\/\/www.noticiasradioreflejos.com.ar\/2021\/#website\",\"url\":\"https:\/\/www.noticiasradioreflejos.com.ar\/2021\/\",\"name\":\"Noticias Radio Reflejos\",\"description\":\"Las noticias de mi comarca\",\"potentialAction\":[{\"@type\":\"SearchAction\",\"target\":{\"@type\":\"EntryPoint\",\"urlTemplate\":\"https:\/\/www.noticiasradioreflejos.com.ar\/2021\/?s={search_term_string}\"},\"query-input\":{\"@type\":\"PropertyValueSpecification\",\"valueRequired\":true,\"valueName\":\"search_term_string\"}}],\"inLanguage\":\"es\"},{\"@type\":\"Person\",\"@id\":\"https:\/\/www.noticiasradioreflejos.com.ar\/2021\/#\/schema\/person\/ad82545263dcc5ec0996818884fd5fb1\",\"name\":\"Arnaldo Botto\",\"image\":{\"@type\":\"ImageObject\",\"inLanguage\":\"es\",\"@id\":\"https:\/\/www.noticiasradioreflejos.com.ar\/2021\/#\/schema\/person\/image\/\",\"url\":\"https:\/\/secure.gravatar.com\/avatar\/55cb5e37c1efa326397366e6974cb338056df65cb50e7d64d1cf314e87504837?s=96&d=mm&r=g\",\"contentUrl\":\"https:\/\/secure.gravatar.com\/avatar\/55cb5e37c1efa326397366e6974cb338056df65cb50e7d64d1cf314e87504837?s=96&d=mm&r=g\",\"caption\":\"Arnaldo Botto\"},\"url\":\"https:\/\/www.noticiasradioreflejos.com.ar\/2021\/author\/arnaldo\/\"}]}<\/script>\n<!-- \/ Yoast SEO plugin. -->","yoast_head_json":{"title":"Proyecto prevenci\u00f3n en ven\u00e9reas para ganado bovino - Noticias Radio Reflejos","robots":{"index":"index","follow":"follow","max-snippet":"max-snippet:-1","max-image-preview":"max-image-preview:large","max-video-preview":"max-video-preview:-1"},"canonical":"https:\/\/www.noticiasradioreflejos.com.ar\/2021\/proyecto-prevencion-en-venereas-para-ganado-bovino\/","og_locale":"es_ES","og_type":"article","og_title":"Proyecto prevenci\u00f3n en ven\u00e9reas para ganado bovino - Noticias Radio Reflejos","og_description":"El Servicio Nacional de Sanidad y Calidad Agroalimentaria (Senasa) forma parte del proyecto que fue presentado el pasado 23 de mayo en la sede de la Sociedad Rural de Rauch, donde se llev\u00f3 a cabo una jornada de capacitaci\u00f3n y debate sobre la potencialidad de desarrollar un Plan de Prevenci\u00f3n de enfermedades ven\u00e9reas en el [&hellip;]","og_url":"https:\/\/www.noticiasradioreflejos.com.ar\/2021\/proyecto-prevencion-en-venereas-para-ganado-bovino\/","og_site_name":"Noticias Radio Reflejos","article_published_time":"2017-05-31T18:47:23+00:00","og_image":[{"width":300,"height":200,"url":"https:\/\/www.noticiasradioreflejos.com.ar\/2021\/wp-content\/uploads\/2021\/07\/logosol300x200.png","type":"image\/png"}],"author":"Arnaldo Botto","twitter_card":"summary_large_image","schema":{"@context":"https:\/\/schema.org","@graph":[{"@type":"WebPage","@id":"https:\/\/www.noticiasradioreflejos.com.ar\/2021\/proyecto-prevencion-en-venereas-para-ganado-bovino\/","url":"https:\/\/www.noticiasradioreflejos.com.ar\/2021\/proyecto-prevencion-en-venereas-para-ganado-bovino\/","name":"Proyecto prevenci\u00f3n en ven\u00e9reas para ganado bovino - Noticias Radio Reflejos","isPartOf":{"@id":"https:\/\/www.noticiasradioreflejos.com.ar\/2021\/#website"},"datePublished":"2017-05-31T18:47:23+00:00","author":{"@id":"https:\/\/www.noticiasradioreflejos.com.ar\/2021\/#\/schema\/person\/ad82545263dcc5ec0996818884fd5fb1"},"breadcrumb":{"@id":"https:\/\/www.noticiasradioreflejos.com.ar\/2021\/proyecto-prevencion-en-venereas-para-ganado-bovino\/#breadcrumb"},"inLanguage":"es","potentialAction":[{"@type":"ReadAction","target":["https:\/\/www.noticiasradioreflejos.com.ar\/2021\/proyecto-prevencion-en-venereas-para-ganado-bovino\/"]}]},{"@type":"BreadcrumbList","@id":"https:\/\/www.noticiasradioreflejos.com.ar\/2021\/proyecto-prevencion-en-venereas-para-ganado-bovino\/#breadcrumb","itemListElement":[{"@type":"ListItem","position":1,"name":"Portada","item":"https:\/\/www.noticiasradioreflejos.com.ar\/2021\/"},{"@type":"ListItem","position":2,"name":"Proyecto prevenci\u00f3n en ven\u00e9reas para ganado bovino"}]},{"@type":"WebSite","@id":"https:\/\/www.noticiasradioreflejos.com.ar\/2021\/#website","url":"https:\/\/www.noticiasradioreflejos.com.ar\/2021\/","name":"Noticias Radio Reflejos","description":"Las noticias de mi comarca","potentialAction":[{"@type":"SearchAction","target":{"@type":"EntryPoint","urlTemplate":"https:\/\/www.noticiasradioreflejos.com.ar\/2021\/?s={search_term_string}"},"query-input":{"@type":"PropertyValueSpecification","valueRequired":true,"valueName":"search_term_string"}}],"inLanguage":"es"},{"@type":"Person","@id":"https:\/\/www.noticiasradioreflejos.com.ar\/2021\/#\/schema\/person\/ad82545263dcc5ec0996818884fd5fb1","name":"Arnaldo Botto","image":{"@type":"ImageObject","inLanguage":"es","@id":"https:\/\/www.noticiasradioreflejos.com.ar\/2021\/#\/schema\/person\/image\/","url":"https:\/\/secure.gravatar.com\/avatar\/55cb5e37c1efa326397366e6974cb338056df65cb50e7d64d1cf314e87504837?s=96&d=mm&r=g","contentUrl":"https:\/\/secure.gravatar.com\/avatar\/55cb5e37c1efa326397366e6974cb338056df65cb50e7d64d1cf314e87504837?s=96&d=mm&r=g","caption":"Arnaldo Botto"},"url":"https:\/\/www.noticiasradioreflejos.com.ar\/2021\/author\/arnaldo\/"}]}},"_links":{"self":[{"href":"https:\/\/www.noticiasradioreflejos.com.ar\/2021\/wp-json\/wp\/v2\/posts\/10703","targetHints":{"allow":["GET"]}}],"collection":[{"href":"https:\/\/www.noticiasradioreflejos.com.ar\/2021\/wp-json\/wp\/v2\/posts"}],"about":[{"href":"https:\/\/www.noticiasradioreflejos.com.ar\/2021\/wp-json\/wp\/v2\/types\/post"}],"author":[{"embeddable":true,"href":"https:\/\/www.noticiasradioreflejos.com.ar\/2021\/wp-json\/wp\/v2\/users\/3"}],"replies":[{"embeddable":true,"href":"https:\/\/www.noticiasradioreflejos.com.ar\/2021\/wp-json\/wp\/v2\/comments?post=10703"}],"version-history":[{"count":0,"href":"https:\/\/www.noticiasradioreflejos.com.ar\/2021\/wp-json\/wp\/v2\/posts\/10703\/revisions"}],"wp:attachment":[{"href":"https:\/\/www.noticiasradioreflejos.com.ar\/2021\/wp-json\/wp\/v2\/media?parent=10703"}],"wp:term":[{"taxonomy":"category","embeddable":true,"href":"https:\/\/www.noticiasradioreflejos.com.ar\/2021\/wp-json\/wp\/v2\/categories?post=10703"},{"taxonomy":"post_tag","embeddable":true,"href":"https:\/\/www.noticiasradioreflejos.com.ar\/2021\/wp-json\/wp\/v2\/tags?post=10703"}],"curies":[{"name":"wp","href":"https:\/\/api.w.org\/{rel}","templated":true}]}}