{"id":106932,"date":"2024-09-02T16:40:57","date_gmt":"2024-09-02T19:40:57","guid":{"rendered":"https:\/\/www.noticiasradioreflejos.com.ar\/2021\/?p=106932"},"modified":"2024-09-02T16:40:57","modified_gmt":"2024-09-02T19:40:57","slug":"el-club-de-observadores-de-aves-tendra-dos-charlas-esta-semana","status":"publish","type":"post","link":"https:\/\/www.noticiasradioreflejos.com.ar\/2021\/el-club-de-observadores-de-aves-tendra-dos-charlas-esta-semana\/","title":{"rendered":"El Club de Observadores de Aves tendr\u00e1 dos charlas esta semana"},"content":{"rendered":"<p>As\u00ed lo dio a conocer <strong>Pedro Daniel Cabrera<\/strong>, uno de sus integrantes.<!--more--><\/p>\n<p>Esta tarde el Club de Observadores de Aves le brind\u00f3 a los miembros de CAMCOTISAS una charla informativa sobre los grandes recursos que tiene la comarca al respecto.<\/p>\n<p>En ese sentido Pedro Daniel Cabrera, uno de sus integrantes, explic\u00f3 que \u201ctuvimos el agrado de que nos hayan invitado a que contemos de qu\u00e9 se trata esto del avistaje. Buscan que nos relacionemos un poco con el turismo y del potencial que puede tener\u201d.<\/p>\n<p><a href=\"https:\/\/www.noticiasradioreflejos.com.ar\/2021\/construyen-un-domo-para-avistar-aves-en-el-club-de-pesca-de-tornquist\/coa-gaucho-serrano-1\/\" rel=\"attachment wp-att-83405\"><img loading=\"lazy\" decoding=\"async\" class=\"aligncenter size-full wp-image-83405\" src=\"https:\/\/www.noticiasradioreflejos.com.ar\/2021\/wp-content\/uploads\/2023\/01\/COA-gaucho-serrano-1.jpeg\" alt=\"\" width=\"757\" height=\"978\" srcset=\"https:\/\/www.noticiasradioreflejos.com.ar\/2021\/wp-content\/uploads\/2023\/01\/COA-gaucho-serrano-1.jpeg 757w, https:\/\/www.noticiasradioreflejos.com.ar\/2021\/wp-content\/uploads\/2023\/01\/COA-gaucho-serrano-1-232x300.jpeg 232w, https:\/\/www.noticiasradioreflejos.com.ar\/2021\/wp-content\/uploads\/2023\/01\/COA-gaucho-serrano-1-750x969.jpeg 750w\" sizes=\"auto, (max-width: 757px) 100vw, 757px\" \/><\/a><\/p>\n<p>Seg\u00fan explic\u00f3 la idea era \u201ccontar de d\u00f3nde venimos, qu\u00e9 hacemos, las posibilidades en los distintos ambientes de observar aves y dar a conocer la importancia de nuestro medio y el ave emblema que tenemos como lo es la loica pampeana\u201d.<\/p>\n<p>En esa l\u00ednea mencion\u00f3 que \u201cllevamos cosas concretas porque los que fueron no son observadores, pero presentamos un power point para que relacionen cada zona con las aves, marcar puntos de observaci\u00f3n y dem\u00e1s\u201d.<\/p>\n<p>Aprovechando la nota, sostuvo que \u201clas sierras son una perla en la provincia que generan una especie de santuarios para algunas aves, pero faltan \u00e1reas de conservaci\u00f3n, senderos para colocar carteler\u00eda. En la mayor\u00eda de los municipios hay reservas urbanas o municipales con \u00e1reas de educaci\u00f3n. Los espacios que quedan son ambientes privados\u201d.<\/p>\n<p>Tomando eso como punto de partida coment\u00f3 que \u201caves podemos observar en todos lados, por supuesto, desde el patio de la casa. Es una actividad inclusiva, f\u00e1cil de hacer. El s\u00e1bado la charla en Saldungaray ser\u00e1 de aves de pastizal. Estaremos una hora, hora y media, donde pasaremos im\u00e1genes y explicaremos cada caso\u201d.<\/p>\n<p>Cerrando esto con el dato de que \u201cluego haremos una caminata por las barrancas para hacer avistaje. Esto se har\u00e1 en la biblioteca General San Martin a partir de las 15\u201d.<\/p>\n<p>&nbsp;<\/p>\n<p><iframe loading=\"lazy\" src=\"https:\/\/w.soundcloud.com\/player\/?url=https%3A\/\/api.soundcloud.com\/tracks\/1908907322&amp;color=%23ff5500&amp;auto_play=false&amp;hide_related=false&amp;show_comments=true&amp;show_user=true&amp;show_reposts=false&amp;show_teaser=true\" width=\"100%\" height=\"166\" frameborder=\"no\" scrolling=\"no\"><\/iframe><\/p>\n<div style=\"font-size: 10px; color: #cccccc; line-break: anywhere; word-break: normal; overflow: hidden; white-space: nowrap; text-overflow: ellipsis; font-family: Interstate,Lucida Grande,Lucida Sans Unicode,Lucida Sans,Garuda,Verdana,Tahoma,sans-serif; font-weight: 100;\"><a style=\"color: #cccccc; text-decoration: none;\" title=\"fmreflejos 103.7\" href=\"https:\/\/soundcloud.com\/fmreflejos-103-7\" target=\"_blank\" rel=\"noopener\">fmreflejos 103.7<\/a> \u00b7 <a style=\"color: #cccccc; text-decoration: none;\" title=\"Pedro Daniel Cabrera 2 - 9\" href=\"https:\/\/soundcloud.com\/fmreflejos-103-7\/pedro-daniel-cabrera-2-9\" target=\"_blank\" rel=\"noopener\">Pedro Daniel Cabrera 2 &#8211; 9<\/a><\/div>\n","protected":false},"excerpt":{"rendered":"<p>As\u00ed lo dio a conocer Pedro Daniel Cabrera, uno de sus integrantes.<\/p>\n","protected":false},"author":3,"featured_media":0,"comment_status":"closed","ping_status":"closed","sticky":false,"template":"","format":"standard","meta":{"footnotes":""},"categories":[46,35],"tags":[48],"class_list":["post-106932","post","type-post","status-publish","format-standard","hentry","category-ciencia-y-tecnologia","category-cultura","tag-destacada"],"yoast_head":"<!-- This site is optimized with the Yoast SEO plugin v25.9 - https:\/\/yoast.com\/wordpress\/plugins\/seo\/ -->\n<title>El Club de Observadores de Aves tendr\u00e1 dos charlas esta semana - Noticias Radio Reflejos<\/title>\n<meta name=\"robots\" content=\"index, follow, max-snippet:-1, max-image-preview:large, max-video-preview:-1\" \/>\n<link rel=\"canonical\" href=\"https:\/\/www.noticiasradioreflejos.com.ar\/2021\/el-club-de-observadores-de-aves-tendra-dos-charlas-esta-semana\/\" \/>\n<meta property=\"og:locale\" content=\"es_ES\" \/>\n<meta property=\"og:type\" content=\"article\" \/>\n<meta property=\"og:title\" content=\"El Club de Observadores de Aves tendr\u00e1 dos charlas esta semana - Noticias Radio Reflejos\" \/>\n<meta property=\"og:description\" content=\"As\u00ed lo dio a conocer Pedro Daniel Cabrera, uno de sus integrantes.\" \/>\n<meta property=\"og:url\" content=\"https:\/\/www.noticiasradioreflejos.com.ar\/2021\/el-club-de-observadores-de-aves-tendra-dos-charlas-esta-semana\/\" \/>\n<meta property=\"og:site_name\" content=\"Noticias Radio Reflejos\" \/>\n<meta property=\"article:published_time\" content=\"2024-09-02T19:40:57+00:00\" \/>\n<meta property=\"og:image\" content=\"https:\/\/www.noticiasradioreflejos.com.ar\/2021\/wp-content\/uploads\/2023\/01\/COA-gaucho-serrano-1.jpeg\" \/>\n<meta name=\"author\" content=\"Arnaldo Botto\" \/>\n<meta name=\"twitter:card\" content=\"summary_large_image\" \/>\n<script type=\"application\/ld+json\" class=\"yoast-schema-graph\">{\"@context\":\"https:\/\/schema.org\",\"@graph\":[{\"@type\":\"WebPage\",\"@id\":\"https:\/\/www.noticiasradioreflejos.com.ar\/2021\/el-club-de-observadores-de-aves-tendra-dos-charlas-esta-semana\/\",\"url\":\"https:\/\/www.noticiasradioreflejos.com.ar\/2021\/el-club-de-observadores-de-aves-tendra-dos-charlas-esta-semana\/\",\"name\":\"El Club de Observadores de Aves tendr\u00e1 dos charlas esta semana - Noticias Radio Reflejos\",\"isPartOf\":{\"@id\":\"https:\/\/www.noticiasradioreflejos.com.ar\/2021\/#website\"},\"primaryImageOfPage\":{\"@id\":\"https:\/\/www.noticiasradioreflejos.com.ar\/2021\/el-club-de-observadores-de-aves-tendra-dos-charlas-esta-semana\/#primaryimage\"},\"image\":{\"@id\":\"https:\/\/www.noticiasradioreflejos.com.ar\/2021\/el-club-de-observadores-de-aves-tendra-dos-charlas-esta-semana\/#primaryimage\"},\"thumbnailUrl\":\"https:\/\/www.noticiasradioreflejos.com.ar\/2021\/wp-content\/uploads\/2023\/01\/COA-gaucho-serrano-1.jpeg\",\"datePublished\":\"2024-09-02T19:40:57+00:00\",\"author\":{\"@id\":\"https:\/\/www.noticiasradioreflejos.com.ar\/2021\/#\/schema\/person\/ad82545263dcc5ec0996818884fd5fb1\"},\"breadcrumb\":{\"@id\":\"https:\/\/www.noticiasradioreflejos.com.ar\/2021\/el-club-de-observadores-de-aves-tendra-dos-charlas-esta-semana\/#breadcrumb\"},\"inLanguage\":\"es\",\"potentialAction\":[{\"@type\":\"ReadAction\",\"target\":[\"https:\/\/www.noticiasradioreflejos.com.ar\/2021\/el-club-de-observadores-de-aves-tendra-dos-charlas-esta-semana\/\"]}]},{\"@type\":\"ImageObject\",\"inLanguage\":\"es\",\"@id\":\"https:\/\/www.noticiasradioreflejos.com.ar\/2021\/el-club-de-observadores-de-aves-tendra-dos-charlas-esta-semana\/#primaryimage\",\"url\":\"https:\/\/www.noticiasradioreflejos.com.ar\/2021\/wp-content\/uploads\/2023\/01\/COA-gaucho-serrano-1.jpeg\",\"contentUrl\":\"https:\/\/www.noticiasradioreflejos.com.ar\/2021\/wp-content\/uploads\/2023\/01\/COA-gaucho-serrano-1.jpeg\",\"width\":757,\"height\":978},{\"@type\":\"BreadcrumbList\",\"@id\":\"https:\/\/www.noticiasradioreflejos.com.ar\/2021\/el-club-de-observadores-de-aves-tendra-dos-charlas-esta-semana\/#breadcrumb\",\"itemListElement\":[{\"@type\":\"ListItem\",\"position\":1,\"name\":\"Portada\",\"item\":\"https:\/\/www.noticiasradioreflejos.com.ar\/2021\/\"},{\"@type\":\"ListItem\",\"position\":2,\"name\":\"El Club de Observadores de Aves tendr\u00e1 dos charlas esta semana\"}]},{\"@type\":\"WebSite\",\"@id\":\"https:\/\/www.noticiasradioreflejos.com.ar\/2021\/#website\",\"url\":\"https:\/\/www.noticiasradioreflejos.com.ar\/2021\/\",\"name\":\"Noticias Radio Reflejos\",\"description\":\"Las noticias de mi comarca\",\"potentialAction\":[{\"@type\":\"SearchAction\",\"target\":{\"@type\":\"EntryPoint\",\"urlTemplate\":\"https:\/\/www.noticiasradioreflejos.com.ar\/2021\/?s={search_term_string}\"},\"query-input\":{\"@type\":\"PropertyValueSpecification\",\"valueRequired\":true,\"valueName\":\"search_term_string\"}}],\"inLanguage\":\"es\"},{\"@type\":\"Person\",\"@id\":\"https:\/\/www.noticiasradioreflejos.com.ar\/2021\/#\/schema\/person\/ad82545263dcc5ec0996818884fd5fb1\",\"name\":\"Arnaldo Botto\",\"image\":{\"@type\":\"ImageObject\",\"inLanguage\":\"es\",\"@id\":\"https:\/\/www.noticiasradioreflejos.com.ar\/2021\/#\/schema\/person\/image\/\",\"url\":\"https:\/\/secure.gravatar.com\/avatar\/55cb5e37c1efa326397366e6974cb338056df65cb50e7d64d1cf314e87504837?s=96&d=mm&r=g\",\"contentUrl\":\"https:\/\/secure.gravatar.com\/avatar\/55cb5e37c1efa326397366e6974cb338056df65cb50e7d64d1cf314e87504837?s=96&d=mm&r=g\",\"caption\":\"Arnaldo Botto\"},\"url\":\"https:\/\/www.noticiasradioreflejos.com.ar\/2021\/author\/arnaldo\/\"}]}<\/script>\n<!-- \/ Yoast SEO plugin. -->","yoast_head_json":{"title":"El Club de Observadores de Aves tendr\u00e1 dos charlas esta semana - Noticias Radio Reflejos","robots":{"index":"index","follow":"follow","max-snippet":"max-snippet:-1","max-image-preview":"max-image-preview:large","max-video-preview":"max-video-preview:-1"},"canonical":"https:\/\/www.noticiasradioreflejos.com.ar\/2021\/el-club-de-observadores-de-aves-tendra-dos-charlas-esta-semana\/","og_locale":"es_ES","og_type":"article","og_title":"El Club de Observadores de Aves tendr\u00e1 dos charlas esta semana - Noticias Radio Reflejos","og_description":"As\u00ed lo dio a conocer Pedro Daniel Cabrera, uno de sus integrantes.","og_url":"https:\/\/www.noticiasradioreflejos.com.ar\/2021\/el-club-de-observadores-de-aves-tendra-dos-charlas-esta-semana\/","og_site_name":"Noticias Radio Reflejos","article_published_time":"2024-09-02T19:40:57+00:00","og_image":[{"url":"https:\/\/www.noticiasradioreflejos.com.ar\/2021\/wp-content\/uploads\/2023\/01\/COA-gaucho-serrano-1.jpeg","type":"","width":"","height":""}],"author":"Arnaldo Botto","twitter_card":"summary_large_image","schema":{"@context":"https:\/\/schema.org","@graph":[{"@type":"WebPage","@id":"https:\/\/www.noticiasradioreflejos.com.ar\/2021\/el-club-de-observadores-de-aves-tendra-dos-charlas-esta-semana\/","url":"https:\/\/www.noticiasradioreflejos.com.ar\/2021\/el-club-de-observadores-de-aves-tendra-dos-charlas-esta-semana\/","name":"El Club de Observadores de Aves tendr\u00e1 dos charlas esta semana - Noticias Radio Reflejos","isPartOf":{"@id":"https:\/\/www.noticiasradioreflejos.com.ar\/2021\/#website"},"primaryImageOfPage":{"@id":"https:\/\/www.noticiasradioreflejos.com.ar\/2021\/el-club-de-observadores-de-aves-tendra-dos-charlas-esta-semana\/#primaryimage"},"image":{"@id":"https:\/\/www.noticiasradioreflejos.com.ar\/2021\/el-club-de-observadores-de-aves-tendra-dos-charlas-esta-semana\/#primaryimage"},"thumbnailUrl":"https:\/\/www.noticiasradioreflejos.com.ar\/2021\/wp-content\/uploads\/2023\/01\/COA-gaucho-serrano-1.jpeg","datePublished":"2024-09-02T19:40:57+00:00","author":{"@id":"https:\/\/www.noticiasradioreflejos.com.ar\/2021\/#\/schema\/person\/ad82545263dcc5ec0996818884fd5fb1"},"breadcrumb":{"@id":"https:\/\/www.noticiasradioreflejos.com.ar\/2021\/el-club-de-observadores-de-aves-tendra-dos-charlas-esta-semana\/#breadcrumb"},"inLanguage":"es","potentialAction":[{"@type":"ReadAction","target":["https:\/\/www.noticiasradioreflejos.com.ar\/2021\/el-club-de-observadores-de-aves-tendra-dos-charlas-esta-semana\/"]}]},{"@type":"ImageObject","inLanguage":"es","@id":"https:\/\/www.noticiasradioreflejos.com.ar\/2021\/el-club-de-observadores-de-aves-tendra-dos-charlas-esta-semana\/#primaryimage","url":"https:\/\/www.noticiasradioreflejos.com.ar\/2021\/wp-content\/uploads\/2023\/01\/COA-gaucho-serrano-1.jpeg","contentUrl":"https:\/\/www.noticiasradioreflejos.com.ar\/2021\/wp-content\/uploads\/2023\/01\/COA-gaucho-serrano-1.jpeg","width":757,"height":978},{"@type":"BreadcrumbList","@id":"https:\/\/www.noticiasradioreflejos.com.ar\/2021\/el-club-de-observadores-de-aves-tendra-dos-charlas-esta-semana\/#breadcrumb","itemListElement":[{"@type":"ListItem","position":1,"name":"Portada","item":"https:\/\/www.noticiasradioreflejos.com.ar\/2021\/"},{"@type":"ListItem","position":2,"name":"El Club de Observadores de Aves tendr\u00e1 dos charlas esta semana"}]},{"@type":"WebSite","@id":"https:\/\/www.noticiasradioreflejos.com.ar\/2021\/#website","url":"https:\/\/www.noticiasradioreflejos.com.ar\/2021\/","name":"Noticias Radio Reflejos","description":"Las noticias de mi comarca","potentialAction":[{"@type":"SearchAction","target":{"@type":"EntryPoint","urlTemplate":"https:\/\/www.noticiasradioreflejos.com.ar\/2021\/?s={search_term_string}"},"query-input":{"@type":"PropertyValueSpecification","valueRequired":true,"valueName":"search_term_string"}}],"inLanguage":"es"},{"@type":"Person","@id":"https:\/\/www.noticiasradioreflejos.com.ar\/2021\/#\/schema\/person\/ad82545263dcc5ec0996818884fd5fb1","name":"Arnaldo Botto","image":{"@type":"ImageObject","inLanguage":"es","@id":"https:\/\/www.noticiasradioreflejos.com.ar\/2021\/#\/schema\/person\/image\/","url":"https:\/\/secure.gravatar.com\/avatar\/55cb5e37c1efa326397366e6974cb338056df65cb50e7d64d1cf314e87504837?s=96&d=mm&r=g","contentUrl":"https:\/\/secure.gravatar.com\/avatar\/55cb5e37c1efa326397366e6974cb338056df65cb50e7d64d1cf314e87504837?s=96&d=mm&r=g","caption":"Arnaldo Botto"},"url":"https:\/\/www.noticiasradioreflejos.com.ar\/2021\/author\/arnaldo\/"}]}},"_links":{"self":[{"href":"https:\/\/www.noticiasradioreflejos.com.ar\/2021\/wp-json\/wp\/v2\/posts\/106932","targetHints":{"allow":["GET"]}}],"collection":[{"href":"https:\/\/www.noticiasradioreflejos.com.ar\/2021\/wp-json\/wp\/v2\/posts"}],"about":[{"href":"https:\/\/www.noticiasradioreflejos.com.ar\/2021\/wp-json\/wp\/v2\/types\/post"}],"author":[{"embeddable":true,"href":"https:\/\/www.noticiasradioreflejos.com.ar\/2021\/wp-json\/wp\/v2\/users\/3"}],"replies":[{"embeddable":true,"href":"https:\/\/www.noticiasradioreflejos.com.ar\/2021\/wp-json\/wp\/v2\/comments?post=106932"}],"version-history":[{"count":2,"href":"https:\/\/www.noticiasradioreflejos.com.ar\/2021\/wp-json\/wp\/v2\/posts\/106932\/revisions"}],"predecessor-version":[{"id":106937,"href":"https:\/\/www.noticiasradioreflejos.com.ar\/2021\/wp-json\/wp\/v2\/posts\/106932\/revisions\/106937"}],"wp:attachment":[{"href":"https:\/\/www.noticiasradioreflejos.com.ar\/2021\/wp-json\/wp\/v2\/media?parent=106932"}],"wp:term":[{"taxonomy":"category","embeddable":true,"href":"https:\/\/www.noticiasradioreflejos.com.ar\/2021\/wp-json\/wp\/v2\/categories?post=106932"},{"taxonomy":"post_tag","embeddable":true,"href":"https:\/\/www.noticiasradioreflejos.com.ar\/2021\/wp-json\/wp\/v2\/tags?post=106932"}],"curies":[{"name":"wp","href":"https:\/\/api.w.org\/{rel}","templated":true}]}}