{"id":106923,"date":"2024-09-02T14:57:09","date_gmt":"2024-09-02T17:57:09","guid":{"rendered":"https:\/\/www.noticiasradioreflejos.com.ar\/2021\/?p=106923"},"modified":"2024-09-02T14:57:19","modified_gmt":"2024-09-02T17:57:19","slug":"ariel-menna-sera-el-proximo-presidenta-de-la-ucr-tornquist","status":"publish","type":"post","link":"https:\/\/www.noticiasradioreflejos.com.ar\/2021\/ariel-menna-sera-el-proximo-presidenta-de-la-ucr-tornquist\/","title":{"rendered":"\u201cAriel Menna ser\u00e1 el pr\u00f3ximo presidente de la UCR Tornquist\u201d"},"content":{"rendered":"<p>As\u00ed lo confirm\u00f3 Manuel Castro, quien asegur\u00f3 que \u201cdesde el 2000 para ac\u00e1 siempre en nuestro partido hemos conseguido listas de unidad\u201d.<!--more--><\/p>\n<p>En las \u00faltimas horas la Uni\u00f3n C\u00edvica Radical del partido de Tornquist vivi\u00f3 un cambio de autoridades, y al respecto fue su actual presidente, Manuel Castro, quien brind\u00f3 detalles.<\/p>\n<p>\u201cEl 16 de agosto comenzamos con los plenarios, el 23 lo hicimos en Saldungaray y el viernes pasado llegamos a un acuerdo, donde decidimos una lista de unidad con una renovaci\u00f3n total de la mesa\u201d comenz\u00f3 diciendo.<\/p>\n<p>Para luego anunciar que \u201cquien encabezar\u00e1 esa nueva conducci\u00f3n ser\u00e1 <strong>Ariel Menna de Chasic\u00f3<\/strong>, un hist\u00f3rico militante del partido. Tuvo un mandato de concejal, luego fue delegado por cuatro a\u00f1os y de hecho siempre hablamos con \u00e9l, muchas veces a modo de broma, que en el \u00faltimo tiempo siempre se han obtenido buenos resultados all\u00ed gracias a su trabajo\u201d.<\/p>\n<p>&nbsp;<\/p>\n<p><a href=\"https:\/\/www.noticiasradioreflejos.com.ar\/2021\/ariel-menna-sera-el-proximo-presidenta-de-la-ucr-tornquist\/menna\/\" rel=\"attachment wp-att-106927\"><img loading=\"lazy\" decoding=\"async\" class=\"aligncenter  wp-image-106927\" src=\"https:\/\/www.noticiasradioreflejos.com.ar\/2021\/wp-content\/uploads\/2024\/09\/Menna.jpg\" alt=\"\" width=\"605\" height=\"582\" srcset=\"https:\/\/www.noticiasradioreflejos.com.ar\/2021\/wp-content\/uploads\/2024\/09\/Menna.jpg 827w, https:\/\/www.noticiasradioreflejos.com.ar\/2021\/wp-content\/uploads\/2024\/09\/Menna-300x288.jpg 300w, https:\/\/www.noticiasradioreflejos.com.ar\/2021\/wp-content\/uploads\/2024\/09\/Menna-768x738.jpg 768w, https:\/\/www.noticiasradioreflejos.com.ar\/2021\/wp-content\/uploads\/2024\/09\/Menna-750x721.jpg 750w\" sizes=\"auto, (max-width: 605px) 100vw, 605px\" \/><\/a><\/p>\n<p>&nbsp;<\/p>\n<p>Seg\u00fan expres\u00f3 \u201ces un militante todo terreno, que le gusta estar en la calle, le gusta hablar con la gente, tiene experiencia en gesti\u00f3n y es la persona adecuada para el momento que atraviesa el partido\u201d.<\/p>\n<p>Del mismo modo reconoci\u00f3 que \u201ccuando me toc\u00f3 asumir hace dos a\u00f1os plante\u00e9 desde el primer momento que lo m\u00edo era un solo mandato y apuntaba a una renovaci\u00f3n total. Otra de las cosas que plante\u00e9 y ojal\u00e1 se copie en todos los niveles es que se busque la lista de unidad. Del 2000 para ac\u00e1, en nuestro partido siempre se busc\u00f3 y se consigui\u00f3 fue una \u00fanica lista\u201d.<\/p>\n<p>A su vez subray\u00f3 que \u201cqueremos que los que fueron candidatos a la \u00faltima elecci\u00f3n ejecutiva por la UCR sean parte de la mesa ejecutiva, as\u00ed que esperamos confirmarlo en los pr\u00f3ximos d\u00edas, pero como siempre, adem\u00e1s, habr\u00e1 gente de las distintas localidades\u201d.<\/p>\n<p>Por \u00faltimo explic\u00f3 que \u201cen 2 a\u00f1os se puede construir y avanzar en la renovaci\u00f3n, buscando consensos, m\u00e1s all\u00e1 de los resultados en las elecciones. Es poco tiempo, la mitad se te va en discusiones electorales, pero est\u00e1 bien ese periodo\u201d.<\/p>\n<p><iframe loading=\"lazy\" width=\"100%\" height=\"166\" scrolling=\"no\" frameborder=\"no\" allow=\"autoplay\" src=\"https:\/\/w.soundcloud.com\/player\/?url=https%3A\/\/api.soundcloud.com\/tracks\/1908643226&#038;color=%23ff5500&#038;auto_play=false&#038;hide_related=false&#038;show_comments=true&#038;show_user=true&#038;show_reposts=false&#038;show_teaser=true\"><\/iframe><\/p>\n<div style=\"font-size: 10px; color: #cccccc;line-break: anywhere;word-break: normal;overflow: hidden;white-space: nowrap;text-overflow: ellipsis; font-family: Interstate,Lucida Grande,Lucida Sans Unicode,Lucida Sans,Garuda,Verdana,Tahoma,sans-serif;font-weight: 100;\"><a href=\"https:\/\/soundcloud.com\/fmreflejos-103-7\" title=\"fmreflejos 103.7\" target=\"_blank\" style=\"color: #cccccc; text-decoration: none;\" rel=\"noopener\">fmreflejos 103.7<\/a> \u00b7 <a href=\"https:\/\/soundcloud.com\/fmreflejos-103-7\/manuel-castro-2-9\" title=\"Manuel Castro 2 - 9\" target=\"_blank\" style=\"color: #cccccc; text-decoration: none;\" rel=\"noopener\">Manuel Castro 2 &#8211; 9<\/a><\/div>\n","protected":false},"excerpt":{"rendered":"<p>As\u00ed lo confirm\u00f3 Manuel Castro, quien asegur\u00f3 que \u201cdesde el 2000 para ac\u00e1 siempre en nuestro partido hemos conseguido listas de unidad\u201d.<\/p>\n","protected":false},"author":3,"featured_media":0,"comment_status":"closed","ping_status":"closed","sticky":false,"template":"","format":"standard","meta":{"footnotes":""},"categories":[24],"tags":[48],"class_list":["post-106923","post","type-post","status-publish","format-standard","hentry","category-politica","tag-destacada"],"yoast_head":"<!-- This site is optimized with the Yoast SEO plugin v25.9 - https:\/\/yoast.com\/wordpress\/plugins\/seo\/ -->\n<title>\u201cAriel Menna ser\u00e1 el pr\u00f3ximo presidente de la UCR Tornquist\u201d - Noticias Radio Reflejos<\/title>\n<meta name=\"robots\" content=\"index, follow, max-snippet:-1, max-image-preview:large, max-video-preview:-1\" \/>\n<link rel=\"canonical\" href=\"https:\/\/www.noticiasradioreflejos.com.ar\/2021\/ariel-menna-sera-el-proximo-presidenta-de-la-ucr-tornquist\/\" \/>\n<meta property=\"og:locale\" content=\"es_ES\" \/>\n<meta property=\"og:type\" content=\"article\" \/>\n<meta property=\"og:title\" content=\"\u201cAriel Menna ser\u00e1 el pr\u00f3ximo presidente de la UCR Tornquist\u201d - Noticias Radio Reflejos\" \/>\n<meta property=\"og:description\" content=\"As\u00ed lo confirm\u00f3 Manuel Castro, quien asegur\u00f3 que \u201cdesde el 2000 para ac\u00e1 siempre en nuestro partido hemos conseguido listas de unidad\u201d.\" \/>\n<meta property=\"og:url\" content=\"https:\/\/www.noticiasradioreflejos.com.ar\/2021\/ariel-menna-sera-el-proximo-presidenta-de-la-ucr-tornquist\/\" \/>\n<meta property=\"og:site_name\" content=\"Noticias Radio Reflejos\" \/>\n<meta property=\"article:published_time\" content=\"2024-09-02T17:57:09+00:00\" \/>\n<meta property=\"article:modified_time\" content=\"2024-09-02T17:57:19+00:00\" \/>\n<meta property=\"og:image\" content=\"https:\/\/www.noticiasradioreflejos.com.ar\/2021\/wp-content\/uploads\/2024\/09\/Menna-UCR.jpeg\" \/>\n\t<meta property=\"og:image:width\" content=\"698\" \/>\n\t<meta property=\"og:image:height\" content=\"327\" \/>\n\t<meta property=\"og:image:type\" content=\"image\/jpeg\" \/>\n<meta name=\"author\" content=\"Arnaldo Botto\" \/>\n<meta name=\"twitter:card\" content=\"summary_large_image\" \/>\n<script type=\"application\/ld+json\" class=\"yoast-schema-graph\">{\"@context\":\"https:\/\/schema.org\",\"@graph\":[{\"@type\":\"WebPage\",\"@id\":\"https:\/\/www.noticiasradioreflejos.com.ar\/2021\/ariel-menna-sera-el-proximo-presidenta-de-la-ucr-tornquist\/\",\"url\":\"https:\/\/www.noticiasradioreflejos.com.ar\/2021\/ariel-menna-sera-el-proximo-presidenta-de-la-ucr-tornquist\/\",\"name\":\"\u201cAriel Menna ser\u00e1 el pr\u00f3ximo presidente de la UCR Tornquist\u201d - Noticias Radio Reflejos\",\"isPartOf\":{\"@id\":\"https:\/\/www.noticiasradioreflejos.com.ar\/2021\/#website\"},\"primaryImageOfPage\":{\"@id\":\"https:\/\/www.noticiasradioreflejos.com.ar\/2021\/ariel-menna-sera-el-proximo-presidenta-de-la-ucr-tornquist\/#primaryimage\"},\"image\":{\"@id\":\"https:\/\/www.noticiasradioreflejos.com.ar\/2021\/ariel-menna-sera-el-proximo-presidenta-de-la-ucr-tornquist\/#primaryimage\"},\"thumbnailUrl\":\"https:\/\/www.noticiasradioreflejos.com.ar\/2021\/wp-content\/uploads\/2024\/09\/Menna.jpg\",\"datePublished\":\"2024-09-02T17:57:09+00:00\",\"dateModified\":\"2024-09-02T17:57:19+00:00\",\"author\":{\"@id\":\"https:\/\/www.noticiasradioreflejos.com.ar\/2021\/#\/schema\/person\/ad82545263dcc5ec0996818884fd5fb1\"},\"breadcrumb\":{\"@id\":\"https:\/\/www.noticiasradioreflejos.com.ar\/2021\/ariel-menna-sera-el-proximo-presidenta-de-la-ucr-tornquist\/#breadcrumb\"},\"inLanguage\":\"es\",\"potentialAction\":[{\"@type\":\"ReadAction\",\"target\":[\"https:\/\/www.noticiasradioreflejos.com.ar\/2021\/ariel-menna-sera-el-proximo-presidenta-de-la-ucr-tornquist\/\"]}]},{\"@type\":\"ImageObject\",\"inLanguage\":\"es\",\"@id\":\"https:\/\/www.noticiasradioreflejos.com.ar\/2021\/ariel-menna-sera-el-proximo-presidenta-de-la-ucr-tornquist\/#primaryimage\",\"url\":\"https:\/\/www.noticiasradioreflejos.com.ar\/2021\/wp-content\/uploads\/2024\/09\/Menna.jpg\",\"contentUrl\":\"https:\/\/www.noticiasradioreflejos.com.ar\/2021\/wp-content\/uploads\/2024\/09\/Menna.jpg\",\"width\":827,\"height\":795},{\"@type\":\"BreadcrumbList\",\"@id\":\"https:\/\/www.noticiasradioreflejos.com.ar\/2021\/ariel-menna-sera-el-proximo-presidenta-de-la-ucr-tornquist\/#breadcrumb\",\"itemListElement\":[{\"@type\":\"ListItem\",\"position\":1,\"name\":\"Portada\",\"item\":\"https:\/\/www.noticiasradioreflejos.com.ar\/2021\/\"},{\"@type\":\"ListItem\",\"position\":2,\"name\":\"\u201cAriel Menna ser\u00e1 el pr\u00f3ximo presidente de la UCR Tornquist\u201d\"}]},{\"@type\":\"WebSite\",\"@id\":\"https:\/\/www.noticiasradioreflejos.com.ar\/2021\/#website\",\"url\":\"https:\/\/www.noticiasradioreflejos.com.ar\/2021\/\",\"name\":\"Noticias Radio Reflejos\",\"description\":\"Las noticias de mi comarca\",\"potentialAction\":[{\"@type\":\"SearchAction\",\"target\":{\"@type\":\"EntryPoint\",\"urlTemplate\":\"https:\/\/www.noticiasradioreflejos.com.ar\/2021\/?s={search_term_string}\"},\"query-input\":{\"@type\":\"PropertyValueSpecification\",\"valueRequired\":true,\"valueName\":\"search_term_string\"}}],\"inLanguage\":\"es\"},{\"@type\":\"Person\",\"@id\":\"https:\/\/www.noticiasradioreflejos.com.ar\/2021\/#\/schema\/person\/ad82545263dcc5ec0996818884fd5fb1\",\"name\":\"Arnaldo Botto\",\"image\":{\"@type\":\"ImageObject\",\"inLanguage\":\"es\",\"@id\":\"https:\/\/www.noticiasradioreflejos.com.ar\/2021\/#\/schema\/person\/image\/\",\"url\":\"https:\/\/secure.gravatar.com\/avatar\/55cb5e37c1efa326397366e6974cb338056df65cb50e7d64d1cf314e87504837?s=96&d=mm&r=g\",\"contentUrl\":\"https:\/\/secure.gravatar.com\/avatar\/55cb5e37c1efa326397366e6974cb338056df65cb50e7d64d1cf314e87504837?s=96&d=mm&r=g\",\"caption\":\"Arnaldo Botto\"},\"url\":\"https:\/\/www.noticiasradioreflejos.com.ar\/2021\/author\/arnaldo\/\"}]}<\/script>\n<!-- \/ Yoast SEO plugin. -->","yoast_head_json":{"title":"\u201cAriel Menna ser\u00e1 el pr\u00f3ximo presidente de la UCR Tornquist\u201d - Noticias Radio Reflejos","robots":{"index":"index","follow":"follow","max-snippet":"max-snippet:-1","max-image-preview":"max-image-preview:large","max-video-preview":"max-video-preview:-1"},"canonical":"https:\/\/www.noticiasradioreflejos.com.ar\/2021\/ariel-menna-sera-el-proximo-presidenta-de-la-ucr-tornquist\/","og_locale":"es_ES","og_type":"article","og_title":"\u201cAriel Menna ser\u00e1 el pr\u00f3ximo presidente de la UCR Tornquist\u201d - Noticias Radio Reflejos","og_description":"As\u00ed lo confirm\u00f3 Manuel Castro, quien asegur\u00f3 que \u201cdesde el 2000 para ac\u00e1 siempre en nuestro partido hemos conseguido listas de unidad\u201d.","og_url":"https:\/\/www.noticiasradioreflejos.com.ar\/2021\/ariel-menna-sera-el-proximo-presidenta-de-la-ucr-tornquist\/","og_site_name":"Noticias Radio Reflejos","article_published_time":"2024-09-02T17:57:09+00:00","article_modified_time":"2024-09-02T17:57:19+00:00","og_image":[{"width":698,"height":327,"url":"https:\/\/www.noticiasradioreflejos.com.ar\/2021\/wp-content\/uploads\/2024\/09\/Menna-UCR.jpeg","type":"image\/jpeg"}],"author":"Arnaldo Botto","twitter_card":"summary_large_image","schema":{"@context":"https:\/\/schema.org","@graph":[{"@type":"WebPage","@id":"https:\/\/www.noticiasradioreflejos.com.ar\/2021\/ariel-menna-sera-el-proximo-presidenta-de-la-ucr-tornquist\/","url":"https:\/\/www.noticiasradioreflejos.com.ar\/2021\/ariel-menna-sera-el-proximo-presidenta-de-la-ucr-tornquist\/","name":"\u201cAriel Menna ser\u00e1 el pr\u00f3ximo presidente de la UCR Tornquist\u201d - Noticias Radio Reflejos","isPartOf":{"@id":"https:\/\/www.noticiasradioreflejos.com.ar\/2021\/#website"},"primaryImageOfPage":{"@id":"https:\/\/www.noticiasradioreflejos.com.ar\/2021\/ariel-menna-sera-el-proximo-presidenta-de-la-ucr-tornquist\/#primaryimage"},"image":{"@id":"https:\/\/www.noticiasradioreflejos.com.ar\/2021\/ariel-menna-sera-el-proximo-presidenta-de-la-ucr-tornquist\/#primaryimage"},"thumbnailUrl":"https:\/\/www.noticiasradioreflejos.com.ar\/2021\/wp-content\/uploads\/2024\/09\/Menna.jpg","datePublished":"2024-09-02T17:57:09+00:00","dateModified":"2024-09-02T17:57:19+00:00","author":{"@id":"https:\/\/www.noticiasradioreflejos.com.ar\/2021\/#\/schema\/person\/ad82545263dcc5ec0996818884fd5fb1"},"breadcrumb":{"@id":"https:\/\/www.noticiasradioreflejos.com.ar\/2021\/ariel-menna-sera-el-proximo-presidenta-de-la-ucr-tornquist\/#breadcrumb"},"inLanguage":"es","potentialAction":[{"@type":"ReadAction","target":["https:\/\/www.noticiasradioreflejos.com.ar\/2021\/ariel-menna-sera-el-proximo-presidenta-de-la-ucr-tornquist\/"]}]},{"@type":"ImageObject","inLanguage":"es","@id":"https:\/\/www.noticiasradioreflejos.com.ar\/2021\/ariel-menna-sera-el-proximo-presidenta-de-la-ucr-tornquist\/#primaryimage","url":"https:\/\/www.noticiasradioreflejos.com.ar\/2021\/wp-content\/uploads\/2024\/09\/Menna.jpg","contentUrl":"https:\/\/www.noticiasradioreflejos.com.ar\/2021\/wp-content\/uploads\/2024\/09\/Menna.jpg","width":827,"height":795},{"@type":"BreadcrumbList","@id":"https:\/\/www.noticiasradioreflejos.com.ar\/2021\/ariel-menna-sera-el-proximo-presidenta-de-la-ucr-tornquist\/#breadcrumb","itemListElement":[{"@type":"ListItem","position":1,"name":"Portada","item":"https:\/\/www.noticiasradioreflejos.com.ar\/2021\/"},{"@type":"ListItem","position":2,"name":"\u201cAriel Menna ser\u00e1 el pr\u00f3ximo presidente de la UCR Tornquist\u201d"}]},{"@type":"WebSite","@id":"https:\/\/www.noticiasradioreflejos.com.ar\/2021\/#website","url":"https:\/\/www.noticiasradioreflejos.com.ar\/2021\/","name":"Noticias Radio Reflejos","description":"Las noticias de mi comarca","potentialAction":[{"@type":"SearchAction","target":{"@type":"EntryPoint","urlTemplate":"https:\/\/www.noticiasradioreflejos.com.ar\/2021\/?s={search_term_string}"},"query-input":{"@type":"PropertyValueSpecification","valueRequired":true,"valueName":"search_term_string"}}],"inLanguage":"es"},{"@type":"Person","@id":"https:\/\/www.noticiasradioreflejos.com.ar\/2021\/#\/schema\/person\/ad82545263dcc5ec0996818884fd5fb1","name":"Arnaldo Botto","image":{"@type":"ImageObject","inLanguage":"es","@id":"https:\/\/www.noticiasradioreflejos.com.ar\/2021\/#\/schema\/person\/image\/","url":"https:\/\/secure.gravatar.com\/avatar\/55cb5e37c1efa326397366e6974cb338056df65cb50e7d64d1cf314e87504837?s=96&d=mm&r=g","contentUrl":"https:\/\/secure.gravatar.com\/avatar\/55cb5e37c1efa326397366e6974cb338056df65cb50e7d64d1cf314e87504837?s=96&d=mm&r=g","caption":"Arnaldo Botto"},"url":"https:\/\/www.noticiasradioreflejos.com.ar\/2021\/author\/arnaldo\/"}]}},"_links":{"self":[{"href":"https:\/\/www.noticiasradioreflejos.com.ar\/2021\/wp-json\/wp\/v2\/posts\/106923","targetHints":{"allow":["GET"]}}],"collection":[{"href":"https:\/\/www.noticiasradioreflejos.com.ar\/2021\/wp-json\/wp\/v2\/posts"}],"about":[{"href":"https:\/\/www.noticiasradioreflejos.com.ar\/2021\/wp-json\/wp\/v2\/types\/post"}],"author":[{"embeddable":true,"href":"https:\/\/www.noticiasradioreflejos.com.ar\/2021\/wp-json\/wp\/v2\/users\/3"}],"replies":[{"embeddable":true,"href":"https:\/\/www.noticiasradioreflejos.com.ar\/2021\/wp-json\/wp\/v2\/comments?post=106923"}],"version-history":[{"count":4,"href":"https:\/\/www.noticiasradioreflejos.com.ar\/2021\/wp-json\/wp\/v2\/posts\/106923\/revisions"}],"predecessor-version":[{"id":106931,"href":"https:\/\/www.noticiasradioreflejos.com.ar\/2021\/wp-json\/wp\/v2\/posts\/106923\/revisions\/106931"}],"wp:attachment":[{"href":"https:\/\/www.noticiasradioreflejos.com.ar\/2021\/wp-json\/wp\/v2\/media?parent=106923"}],"wp:term":[{"taxonomy":"category","embeddable":true,"href":"https:\/\/www.noticiasradioreflejos.com.ar\/2021\/wp-json\/wp\/v2\/categories?post=106923"},{"taxonomy":"post_tag","embeddable":true,"href":"https:\/\/www.noticiasradioreflejos.com.ar\/2021\/wp-json\/wp\/v2\/tags?post=106923"}],"curies":[{"name":"wp","href":"https:\/\/api.w.org\/{rel}","templated":true}]}}