{"id":106875,"date":"2024-08-31T08:51:27","date_gmt":"2024-08-31T11:51:27","guid":{"rendered":"https:\/\/www.noticiasradioreflejos.com.ar\/2021\/?p=106875"},"modified":"2024-08-31T08:51:27","modified_gmt":"2024-08-31T11:51:27","slug":"milei-firmo-el-veto-total-a-la-ley-de-reforma-jubilatoria","status":"publish","type":"post","link":"https:\/\/www.noticiasradioreflejos.com.ar\/2021\/milei-firmo-el-veto-total-a-la-ley-de-reforma-jubilatoria\/","title":{"rendered":"Milei firm\u00f3 el vet\u00f3 total a la ley de reforma jubilatoria"},"content":{"rendered":"<p>El pr\u00f3ximo lunes se publicar\u00e1 en el Bolet\u00edn Oficial.<!--more--><\/p>\n<div class=\"columns\" data-tadevel-template=\"web\/article-columns\">\n<div class=\"column-main\">\n<div class=\"article-body\" data-tadevel-template=\"web\/article-body\">\n<div class=\"article-body-content\">\n<p><strong>El presidente Javier Milei vet\u00f3 hoy la ley de reforma jubilatoria que se hab\u00eda aprobado la semana anterior en el Congreso.<\/strong><\/p>\n<p>El mandatario ya estamp\u00f3 su r\u00fabrica en la noche de este viernes, aunque reci\u00e9n\u00a0<strong>el lunes se publicar\u00e1 su resoluci\u00f3n en el Bolet\u00edn Oficial.<\/strong><\/p>\n<p>Como se preve\u00eda,<strong>\u00a0Milei\u00a0<\/strong>firm\u00f3 el decreto luego de haberse reunido hoy en la Casa Rosada con los bloques de<strong>\u00a0diputados dialoguistas,<\/strong>\u00a0quienes le dieron su respaldo para el veto.<\/p>\n<p>Del encuentro con legisladores del PRO, el MID y La Libertad Avanza (LLA) participaron la secretaria general de la Presidencia,<strong>\u00a0Karina Milei<\/strong>, y el jefe de Gabinete,\u00a0<strong>Guillermo Francos,<\/strong>\u00a0por pedido del propio mandatario.<\/p>\n<p>Durante la reuni\u00f3n, el Presidente se entrevist\u00f3 primero con los jefes de bloque<strong>\u00a0Cristian Ritondo\u00a0<\/strong>(PRO),\u00a0<strong>Oscar Zago<\/strong>\u00a0(MID) y\u00a0<strong>Gabriel Bornoroni<\/strong>\u00a0(LLA), para despu\u00e9s pasar a una cita \u00abampliada\u00bb con el resto de los legisladores que integran esas bancas.<\/p>\n<p>Fuentes oficiales indicaron a esta agencia que Milei detall\u00f3 ante los legisladores los motivos del veto y busc\u00f3 garantizarse los dos tercios necesarios para evitar que la oposici\u00f3n parlamentaria pueda restablecer la ley.<\/p>\n<p>De esta manera, el mandatario logr\u00f3 sumar los respaldos necesarios de la oposici\u00f3n dialoguista para contrarrestar las intenciones de algunos bloques parlamentarios de mantener firme la\u00a0actualizaci\u00f3n jubilatoria despu\u00e9s del anuncio de la impugnaci\u00f3n.<\/p>\n<\/div>\n<\/div>\n<\/div>\n<\/div>\n","protected":false},"excerpt":{"rendered":"<p>El pr\u00f3ximo lunes se publicar\u00e1 en el Bolet\u00edn Oficial.<\/p>\n","protected":false},"author":3,"featured_media":0,"comment_status":"closed","ping_status":"closed","sticky":false,"template":"","format":"standard","meta":{"footnotes":""},"categories":[58],"tags":[],"class_list":["post-106875","post","type-post","status-publish","format-standard","hentry","category-gobierno"],"yoast_head":"<!-- This site is optimized with the Yoast SEO plugin v25.9 - https:\/\/yoast.com\/wordpress\/plugins\/seo\/ -->\n<title>Milei firm\u00f3 el vet\u00f3 total a la ley de reforma jubilatoria - Noticias Radio Reflejos<\/title>\n<meta name=\"robots\" content=\"index, follow, max-snippet:-1, max-image-preview:large, max-video-preview:-1\" \/>\n<link rel=\"canonical\" href=\"https:\/\/www.noticiasradioreflejos.com.ar\/2021\/milei-firmo-el-veto-total-a-la-ley-de-reforma-jubilatoria\/\" \/>\n<meta property=\"og:locale\" content=\"es_ES\" \/>\n<meta property=\"og:type\" content=\"article\" \/>\n<meta property=\"og:title\" content=\"Milei firm\u00f3 el vet\u00f3 total a la ley de reforma jubilatoria - Noticias Radio Reflejos\" \/>\n<meta property=\"og:description\" content=\"El pr\u00f3ximo lunes se publicar\u00e1 en el Bolet\u00edn Oficial.\" \/>\n<meta property=\"og:url\" content=\"https:\/\/www.noticiasradioreflejos.com.ar\/2021\/milei-firmo-el-veto-total-a-la-ley-de-reforma-jubilatoria\/\" \/>\n<meta property=\"og:site_name\" content=\"Noticias Radio Reflejos\" \/>\n<meta property=\"article:published_time\" content=\"2024-08-31T11:51:27+00:00\" \/>\n<meta property=\"og:image\" content=\"https:\/\/www.noticiasradioreflejos.com.ar\/2021\/wp-content\/uploads\/2021\/07\/logosol300x200.png\" \/>\n\t<meta property=\"og:image:width\" content=\"300\" \/>\n\t<meta property=\"og:image:height\" content=\"200\" \/>\n\t<meta property=\"og:image:type\" content=\"image\/png\" \/>\n<meta name=\"author\" content=\"Arnaldo Botto\" \/>\n<meta name=\"twitter:card\" content=\"summary_large_image\" \/>\n<script type=\"application\/ld+json\" class=\"yoast-schema-graph\">{\"@context\":\"https:\/\/schema.org\",\"@graph\":[{\"@type\":\"WebPage\",\"@id\":\"https:\/\/www.noticiasradioreflejos.com.ar\/2021\/milei-firmo-el-veto-total-a-la-ley-de-reforma-jubilatoria\/\",\"url\":\"https:\/\/www.noticiasradioreflejos.com.ar\/2021\/milei-firmo-el-veto-total-a-la-ley-de-reforma-jubilatoria\/\",\"name\":\"Milei firm\u00f3 el vet\u00f3 total a la ley de reforma jubilatoria - Noticias Radio Reflejos\",\"isPartOf\":{\"@id\":\"https:\/\/www.noticiasradioreflejos.com.ar\/2021\/#website\"},\"datePublished\":\"2024-08-31T11:51:27+00:00\",\"author\":{\"@id\":\"https:\/\/www.noticiasradioreflejos.com.ar\/2021\/#\/schema\/person\/ad82545263dcc5ec0996818884fd5fb1\"},\"breadcrumb\":{\"@id\":\"https:\/\/www.noticiasradioreflejos.com.ar\/2021\/milei-firmo-el-veto-total-a-la-ley-de-reforma-jubilatoria\/#breadcrumb\"},\"inLanguage\":\"es\",\"potentialAction\":[{\"@type\":\"ReadAction\",\"target\":[\"https:\/\/www.noticiasradioreflejos.com.ar\/2021\/milei-firmo-el-veto-total-a-la-ley-de-reforma-jubilatoria\/\"]}]},{\"@type\":\"BreadcrumbList\",\"@id\":\"https:\/\/www.noticiasradioreflejos.com.ar\/2021\/milei-firmo-el-veto-total-a-la-ley-de-reforma-jubilatoria\/#breadcrumb\",\"itemListElement\":[{\"@type\":\"ListItem\",\"position\":1,\"name\":\"Portada\",\"item\":\"https:\/\/www.noticiasradioreflejos.com.ar\/2021\/\"},{\"@type\":\"ListItem\",\"position\":2,\"name\":\"Milei firm\u00f3 el vet\u00f3 total a la ley de reforma jubilatoria\"}]},{\"@type\":\"WebSite\",\"@id\":\"https:\/\/www.noticiasradioreflejos.com.ar\/2021\/#website\",\"url\":\"https:\/\/www.noticiasradioreflejos.com.ar\/2021\/\",\"name\":\"Noticias Radio Reflejos\",\"description\":\"Las noticias de mi comarca\",\"potentialAction\":[{\"@type\":\"SearchAction\",\"target\":{\"@type\":\"EntryPoint\",\"urlTemplate\":\"https:\/\/www.noticiasradioreflejos.com.ar\/2021\/?s={search_term_string}\"},\"query-input\":{\"@type\":\"PropertyValueSpecification\",\"valueRequired\":true,\"valueName\":\"search_term_string\"}}],\"inLanguage\":\"es\"},{\"@type\":\"Person\",\"@id\":\"https:\/\/www.noticiasradioreflejos.com.ar\/2021\/#\/schema\/person\/ad82545263dcc5ec0996818884fd5fb1\",\"name\":\"Arnaldo Botto\",\"image\":{\"@type\":\"ImageObject\",\"inLanguage\":\"es\",\"@id\":\"https:\/\/www.noticiasradioreflejos.com.ar\/2021\/#\/schema\/person\/image\/\",\"url\":\"https:\/\/secure.gravatar.com\/avatar\/55cb5e37c1efa326397366e6974cb338056df65cb50e7d64d1cf314e87504837?s=96&d=mm&r=g\",\"contentUrl\":\"https:\/\/secure.gravatar.com\/avatar\/55cb5e37c1efa326397366e6974cb338056df65cb50e7d64d1cf314e87504837?s=96&d=mm&r=g\",\"caption\":\"Arnaldo Botto\"},\"url\":\"https:\/\/www.noticiasradioreflejos.com.ar\/2021\/author\/arnaldo\/\"}]}<\/script>\n<!-- \/ Yoast SEO plugin. -->","yoast_head_json":{"title":"Milei firm\u00f3 el vet\u00f3 total a la ley de reforma jubilatoria - Noticias Radio Reflejos","robots":{"index":"index","follow":"follow","max-snippet":"max-snippet:-1","max-image-preview":"max-image-preview:large","max-video-preview":"max-video-preview:-1"},"canonical":"https:\/\/www.noticiasradioreflejos.com.ar\/2021\/milei-firmo-el-veto-total-a-la-ley-de-reforma-jubilatoria\/","og_locale":"es_ES","og_type":"article","og_title":"Milei firm\u00f3 el vet\u00f3 total a la ley de reforma jubilatoria - Noticias Radio Reflejos","og_description":"El pr\u00f3ximo lunes se publicar\u00e1 en el Bolet\u00edn Oficial.","og_url":"https:\/\/www.noticiasradioreflejos.com.ar\/2021\/milei-firmo-el-veto-total-a-la-ley-de-reforma-jubilatoria\/","og_site_name":"Noticias Radio Reflejos","article_published_time":"2024-08-31T11:51:27+00:00","og_image":[{"width":300,"height":200,"url":"https:\/\/www.noticiasradioreflejos.com.ar\/2021\/wp-content\/uploads\/2021\/07\/logosol300x200.png","type":"image\/png"}],"author":"Arnaldo Botto","twitter_card":"summary_large_image","schema":{"@context":"https:\/\/schema.org","@graph":[{"@type":"WebPage","@id":"https:\/\/www.noticiasradioreflejos.com.ar\/2021\/milei-firmo-el-veto-total-a-la-ley-de-reforma-jubilatoria\/","url":"https:\/\/www.noticiasradioreflejos.com.ar\/2021\/milei-firmo-el-veto-total-a-la-ley-de-reforma-jubilatoria\/","name":"Milei firm\u00f3 el vet\u00f3 total a la ley de reforma jubilatoria - Noticias Radio Reflejos","isPartOf":{"@id":"https:\/\/www.noticiasradioreflejos.com.ar\/2021\/#website"},"datePublished":"2024-08-31T11:51:27+00:00","author":{"@id":"https:\/\/www.noticiasradioreflejos.com.ar\/2021\/#\/schema\/person\/ad82545263dcc5ec0996818884fd5fb1"},"breadcrumb":{"@id":"https:\/\/www.noticiasradioreflejos.com.ar\/2021\/milei-firmo-el-veto-total-a-la-ley-de-reforma-jubilatoria\/#breadcrumb"},"inLanguage":"es","potentialAction":[{"@type":"ReadAction","target":["https:\/\/www.noticiasradioreflejos.com.ar\/2021\/milei-firmo-el-veto-total-a-la-ley-de-reforma-jubilatoria\/"]}]},{"@type":"BreadcrumbList","@id":"https:\/\/www.noticiasradioreflejos.com.ar\/2021\/milei-firmo-el-veto-total-a-la-ley-de-reforma-jubilatoria\/#breadcrumb","itemListElement":[{"@type":"ListItem","position":1,"name":"Portada","item":"https:\/\/www.noticiasradioreflejos.com.ar\/2021\/"},{"@type":"ListItem","position":2,"name":"Milei firm\u00f3 el vet\u00f3 total a la ley de reforma jubilatoria"}]},{"@type":"WebSite","@id":"https:\/\/www.noticiasradioreflejos.com.ar\/2021\/#website","url":"https:\/\/www.noticiasradioreflejos.com.ar\/2021\/","name":"Noticias Radio Reflejos","description":"Las noticias de mi comarca","potentialAction":[{"@type":"SearchAction","target":{"@type":"EntryPoint","urlTemplate":"https:\/\/www.noticiasradioreflejos.com.ar\/2021\/?s={search_term_string}"},"query-input":{"@type":"PropertyValueSpecification","valueRequired":true,"valueName":"search_term_string"}}],"inLanguage":"es"},{"@type":"Person","@id":"https:\/\/www.noticiasradioreflejos.com.ar\/2021\/#\/schema\/person\/ad82545263dcc5ec0996818884fd5fb1","name":"Arnaldo Botto","image":{"@type":"ImageObject","inLanguage":"es","@id":"https:\/\/www.noticiasradioreflejos.com.ar\/2021\/#\/schema\/person\/image\/","url":"https:\/\/secure.gravatar.com\/avatar\/55cb5e37c1efa326397366e6974cb338056df65cb50e7d64d1cf314e87504837?s=96&d=mm&r=g","contentUrl":"https:\/\/secure.gravatar.com\/avatar\/55cb5e37c1efa326397366e6974cb338056df65cb50e7d64d1cf314e87504837?s=96&d=mm&r=g","caption":"Arnaldo Botto"},"url":"https:\/\/www.noticiasradioreflejos.com.ar\/2021\/author\/arnaldo\/"}]}},"_links":{"self":[{"href":"https:\/\/www.noticiasradioreflejos.com.ar\/2021\/wp-json\/wp\/v2\/posts\/106875","targetHints":{"allow":["GET"]}}],"collection":[{"href":"https:\/\/www.noticiasradioreflejos.com.ar\/2021\/wp-json\/wp\/v2\/posts"}],"about":[{"href":"https:\/\/www.noticiasradioreflejos.com.ar\/2021\/wp-json\/wp\/v2\/types\/post"}],"author":[{"embeddable":true,"href":"https:\/\/www.noticiasradioreflejos.com.ar\/2021\/wp-json\/wp\/v2\/users\/3"}],"replies":[{"embeddable":true,"href":"https:\/\/www.noticiasradioreflejos.com.ar\/2021\/wp-json\/wp\/v2\/comments?post=106875"}],"version-history":[{"count":1,"href":"https:\/\/www.noticiasradioreflejos.com.ar\/2021\/wp-json\/wp\/v2\/posts\/106875\/revisions"}],"predecessor-version":[{"id":106876,"href":"https:\/\/www.noticiasradioreflejos.com.ar\/2021\/wp-json\/wp\/v2\/posts\/106875\/revisions\/106876"}],"wp:attachment":[{"href":"https:\/\/www.noticiasradioreflejos.com.ar\/2021\/wp-json\/wp\/v2\/media?parent=106875"}],"wp:term":[{"taxonomy":"category","embeddable":true,"href":"https:\/\/www.noticiasradioreflejos.com.ar\/2021\/wp-json\/wp\/v2\/categories?post=106875"},{"taxonomy":"post_tag","embeddable":true,"href":"https:\/\/www.noticiasradioreflejos.com.ar\/2021\/wp-json\/wp\/v2\/tags?post=106875"}],"curies":[{"name":"wp","href":"https:\/\/api.w.org\/{rel}","templated":true}]}}